{"id":52163,"date":"2019-11-24T10:15:27","date_gmt":"2019-11-24T08:15:27","guid":{"rendered":"https:\/\/ppdegalicia.com\/tellado-vivimos-nunha-situacion-de-inestabilidade-absoluta-patrocinada-por-pedro-sanchez\/"},"modified":"2019-11-24T10:15:27","modified_gmt":"2019-11-24T08:15:27","slug":"tellado-vivimos-nunha-situacion-de-inestabilidade-absoluta-patrocinada-por-pedro-sanchez","status":"publish","type":"post","link":"https:\/\/ppdegalicia.com\/es\/tellado-vivimos-nunha-situacion-de-inestabilidade-absoluta-patrocinada-por-pedro-sanchez\/","title":{"rendered":"Tellado: \u201cVivimos nunha situaci\u00f3n de inestabilidade absoluta patrocinada por Pedro S\u00e1nchez\u201d"},"content":{"rendered":"<p><span style=\"text-decoration: underline;\">24, novembro, 2019.<\/span> O secretario xeral do PPdeG, Miguel Tellado, lamentou este domingo nunha entrevista en Radio Galega que \u201cvivimos nunha situaci\u00f3n de inestabilidade absoluta patrocinada por Pedro S\u00e1nchez\u201d. Cuestionado acerca do pacto de investidura entre PSOE e Podemos, que cualificou de \u201cerro hist\u00f3rico\u201d salientou que \u201c\u00e9 moi dif\u00edcil que funcione un Goberno que se basee no populismo e que te\u00f1a que apoiarse nos que queren que a Espa\u00f1a lle vaia mal\u201d.<\/p>\n<p><!--more--><\/p>\n<p>&nbsp;<\/p>\n<p>Do mesmo xeito, expresou que \u201cPedro S\u00e1nchez est\u00e1 disposto a todo por ser presidente do Goberno\u201d. \u201cHai apenas unhas semanas dic\u00eda que non poder\u00eda durmir con ministros de Podemos e agora asinou un pacto de coalici\u00f3n\u201d lembrou, para incidir en que \u201cpactar\u00e1 cos radicais e cos independentistas, porque xa o fixo sempre que puido\u201d.<\/p>\n<p>&nbsp;<\/p>\n<p>Con todo, Tellado volveu expresar que \u201cse S\u00e1nchez racha o seu acordo con Podemos, o PP sentar\u00edase a falar\u201d, dado que Espa\u00f1a afronta uns grandes desaf\u00edos de futuro aos que non poder\u00eda facer fronte un \u201cGoberno feble\u201d apoiado por aqueles que non cren na Constituci\u00f3n nin no noso pa\u00eds.<\/p>\n<p>&nbsp;<\/p>\n<p><strong><span style=\"text-decoration: underline;\">\u201cSEGURO A TODO RISCO FRONTE \u00c1 INESTABILIDADE\u201d<\/span><\/strong><\/p>\n<p>O n\u00famero dous dos populares galegos advertiu que a vontade da Xunta \u00e9 actuar como \u201ccontrapeso\u201d ao posible Goberno de PSOE e Podemos e dixo que o seu partido velar\u00e1 por manter Galicia \u201ca salvo da inestabilidade pol\u00edtica do pa\u00eds\u201d, colocando a Alberto N\u00fa\u00f1ez Feij\u00f3o como un \u201cseguro a todo risco\u201d para acadar este obxectivo.<\/p>\n<p>&nbsp;<\/p>\n<p>\u201cA mellor mostra da estabilidade de Galicia \u00e9 que estamos aprobando un Orzamento que crece e que \u00e9 o m\u00e1is social da historia, con m\u00e1is de 7.400 mill\u00f3ns de euros dedicados a Sanidade, Educaci\u00f3n e Pol\u00edtica Social\u201d, subli\u00f1ou, para expresar que a folla de ruta da Xunta para os vindeiros meses \u00e9 \u201cque a Comunidade siga funcionando mentres Espa\u00f1a se enfronta a unha situaci\u00f3n de bloqueo continuado\u201d.<\/p>\n<p>&nbsp;<\/p>\n<p>Do mesmo xeito, garantiu que os populares seguir\u00e1n \u201ctraballando por ser o partido que m\u00e1is se parece a Galicia\u201d e defendendo o interese xeral da nosa Autonom\u00eda \u201cgoberne quen goberne, como xa fixemos diante dos Gobernos Rajoy e S\u00e1nchez\u201d.<\/p>\n<p>&nbsp;<\/p>\n<p><strong><span style=\"text-decoration: underline;\">DESAF\u00cdOS DE FUTURO PARA O GOBERNO CENTRAL<\/span><\/strong><\/p>\n<p>Ademais, Tellado recordou que os populares galegos estar\u00e1n vixiantes ante a actuaci\u00f3n do Goberno central en temas cruciais para a nosa Comunidade, como poden ser: a situaci\u00f3n das electrointensivas, das centrais t\u00e9rmicas e da d\u00e9beda de 700 mill\u00f3ns que o Executivo mant\u00e9n con Galicia. Sobre esta \u00faltima cuesti\u00f3n, incidiu en que, a d\u00eda de hoxe, non se transferiu nin o 10% duns fondos que son clave para o normal funcionamento dos servizos p\u00fablicos b\u00e1sicos e advertiu da posibilidade de que S\u00e1nchez \u201cvolva empregalos para chantaxear \u00e1s Comunidades Aut\u00f3nomas, como xa fixo na s\u00faa anterior investidura\u201d.<\/p>\n<p>&nbsp;<\/p>\n<p>No que ten que ver coa industria, o secretario xeral criticou que S\u00e1nchez demostrou non ter soluci\u00f3ns nin vontade de resolver os problemas que el mesmo xerou e reivindicou que a sa\u00edda pasa por fomentar a competitividade das empresas implicadas. As\u00ed, demandou que o futuro Goberno sexa quen de ofrecer un prezo competitivo da electricidade para garantir a viabilidade de plantas como a de Alcoa na provincia de Lugo.<\/p>\n<p>&nbsp;<\/p>\n<p>En canto \u00e1 central das Pontes, precisou que esta fixo os deberes para adaptarse \u00e1s normativas europeas de emisi\u00f3ns e que foi o Goberno S\u00e1nchez o que precipitou o seu peche mediante decisi\u00f3ns pol\u00edticas. As\u00ed, incidiu en que debe garantirse que a planta te\u00f1a unha transici\u00f3n enerx\u00e9tica xusta, como a que se est\u00e1 a acometer nos demais pa\u00edses da Uni\u00f3n, \u201cdado que o que prop\u00f3n S\u00e1nchez non \u00e9 transici\u00f3n, porque sup\u00f3n o peche inmediato da central; nin \u00e9 xusto, porque implicar\u00eda o despido de centos de traballadores\u201d, sentenciou.&nbsp;<\/p>\n","protected":false},"excerpt":{"rendered":"<p>24, novembro, 2019. O secretario xeral do PPdeG, Miguel Tellado, lamentou este domingo nunha entrevista en Radio Galega que \u201cvivimos nunha situaci\u00f3n de inestabilidade absoluta patrocinada por Pedro S\u00e1nchez\u201d. Cuestionado acerca do pacto de investidura entre PSOE e Podemos, que cualificou de \u201cerro hist\u00f3rico\u201d salientou que \u201c\u00e9 moi dif\u00edcil que funcione un Goberno que se [&hellip;]<\/p>\n","protected":false},"author":37,"featured_media":0,"comment_status":"open","ping_status":"open","sticky":false,"template":"","format":"standard","meta":{"_acf_changed":false,"footnotes":""},"categories":[1],"tags":[],"class_list":["post-52163","post","type-post","status-publish","format-standard","hentry","category-pp-de-galicia"],"acf":[],"yoast_head":"<!-- This site is optimized with the Yoast SEO plugin v27.3 - https:\/\/yoast.com\/product\/yoast-seo-wordpress\/ -->\n<title>Tellado: \u201cVivimos nunha situaci\u00f3n de inestabilidade absoluta patrocinada por Pedro S\u00e1nchez\u201d - PP de Galicia<\/title>\n<meta name=\"robots\" content=\"index, follow, max-snippet:-1, max-image-preview:large, max-video-preview:-1\" \/>\n<link rel=\"canonical\" href=\"https:\/\/ppdegalicia.com\/es\/tellado-vivimos-nunha-situacion-de-inestabilidade-absoluta-patrocinada-por-pedro-sanchez\/\" \/>\n<meta property=\"og:locale\" content=\"es_ES\" \/>\n<meta property=\"og:type\" content=\"article\" \/>\n<meta property=\"og:title\" content=\"Tellado: \u201cVivimos nunha situaci\u00f3n de inestabilidade absoluta patrocinada por Pedro S\u00e1nchez\u201d - PP de Galicia\" \/>\n<meta property=\"og:description\" content=\"24, novembro, 2019. O secretario xeral do PPdeG, Miguel Tellado, lamentou este domingo nunha entrevista en Radio Galega que \u201cvivimos nunha situaci\u00f3n de inestabilidade absoluta patrocinada por Pedro S\u00e1nchez\u201d. Cuestionado acerca do pacto de investidura entre PSOE e Podemos, que cualificou de \u201cerro hist\u00f3rico\u201d salientou que \u201c\u00e9 moi dif\u00edcil que funcione un Goberno que se [&hellip;]\" \/>\n<meta property=\"og:url\" content=\"https:\/\/ppdegalicia.com\/es\/tellado-vivimos-nunha-situacion-de-inestabilidade-absoluta-patrocinada-por-pedro-sanchez\/\" \/>\n<meta property=\"og:site_name\" content=\"PP de Galicia\" \/>\n<meta property=\"article:publisher\" content=\"https:\/\/www.instagram.com\/ppdegalicia\/\" \/>\n<meta property=\"article:published_time\" content=\"2019-11-24T08:15:27+00:00\" \/>\n<meta name=\"author\" content=\"Super User\" \/>\n<meta name=\"twitter:card\" content=\"summary_large_image\" \/>\n<meta name=\"twitter:creator\" content=\"@ppdegalicia\" \/>\n<meta name=\"twitter:site\" content=\"@ppdegalicia\" \/>\n<meta name=\"twitter:label1\" content=\"Escrito por\" \/>\n\t<meta name=\"twitter:data1\" content=\"Super User\" \/>\n\t<meta name=\"twitter:label2\" content=\"Tiempo de lectura\" \/>\n\t<meta name=\"twitter:data2\" content=\"3 minutos\" \/>\n<script type=\"application\/ld+json\" class=\"yoast-schema-graph\">{\"@context\":\"https:\\\/\\\/schema.org\",\"@graph\":[{\"@type\":\"Article\",\"@id\":\"https:\\\/\\\/ppdegalicia.com\\\/es\\\/tellado-vivimos-nunha-situacion-de-inestabilidade-absoluta-patrocinada-por-pedro-sanchez\\\/#article\",\"isPartOf\":{\"@id\":\"https:\\\/\\\/ppdegalicia.com\\\/es\\\/tellado-vivimos-nunha-situacion-de-inestabilidade-absoluta-patrocinada-por-pedro-sanchez\\\/\"},\"author\":{\"name\":\"Super User\",\"@id\":\"https:\\\/\\\/ppdegalicia.com\\\/es\\\/#\\\/schema\\\/person\\\/d0f013b8388c980665d44009ab762960\"},\"headline\":\"Tellado: \u201cVivimos nunha situaci\u00f3n de inestabilidade absoluta patrocinada por Pedro S\u00e1nchez\u201d\",\"datePublished\":\"2019-11-24T08:15:27+00:00\",\"mainEntityOfPage\":{\"@id\":\"https:\\\/\\\/ppdegalicia.com\\\/es\\\/tellado-vivimos-nunha-situacion-de-inestabilidade-absoluta-patrocinada-por-pedro-sanchez\\\/\"},\"wordCount\":676,\"commentCount\":0,\"publisher\":{\"@id\":\"https:\\\/\\\/ppdegalicia.com\\\/es\\\/#organization\"},\"articleSection\":[\"PP de Galicia\"],\"inLanguage\":\"es\",\"potentialAction\":[{\"@type\":\"CommentAction\",\"name\":\"Comment\",\"target\":[\"https:\\\/\\\/ppdegalicia.com\\\/es\\\/tellado-vivimos-nunha-situacion-de-inestabilidade-absoluta-patrocinada-por-pedro-sanchez\\\/#respond\"]}]},{\"@type\":\"WebPage\",\"@id\":\"https:\\\/\\\/ppdegalicia.com\\\/es\\\/tellado-vivimos-nunha-situacion-de-inestabilidade-absoluta-patrocinada-por-pedro-sanchez\\\/\",\"url\":\"https:\\\/\\\/ppdegalicia.com\\\/es\\\/tellado-vivimos-nunha-situacion-de-inestabilidade-absoluta-patrocinada-por-pedro-sanchez\\\/\",\"name\":\"Tellado: \u201cVivimos nunha situaci\u00f3n de inestabilidade absoluta patrocinada por Pedro S\u00e1nchez\u201d - PP de Galicia\",\"isPartOf\":{\"@id\":\"https:\\\/\\\/ppdegalicia.com\\\/es\\\/#website\"},\"datePublished\":\"2019-11-24T08:15:27+00:00\",\"breadcrumb\":{\"@id\":\"https:\\\/\\\/ppdegalicia.com\\\/es\\\/tellado-vivimos-nunha-situacion-de-inestabilidade-absoluta-patrocinada-por-pedro-sanchez\\\/#breadcrumb\"},\"inLanguage\":\"es\",\"potentialAction\":[{\"@type\":\"ReadAction\",\"target\":[\"https:\\\/\\\/ppdegalicia.com\\\/es\\\/tellado-vivimos-nunha-situacion-de-inestabilidade-absoluta-patrocinada-por-pedro-sanchez\\\/\"]}]},{\"@type\":\"BreadcrumbList\",\"@id\":\"https:\\\/\\\/ppdegalicia.com\\\/es\\\/tellado-vivimos-nunha-situacion-de-inestabilidade-absoluta-patrocinada-por-pedro-sanchez\\\/#breadcrumb\",\"itemListElement\":[{\"@type\":\"ListItem\",\"position\":1,\"name\":\"Portada\",\"item\":\"https:\\\/\\\/ppdegalicia.com\\\/es\\\/\"},{\"@type\":\"ListItem\",\"position\":2,\"name\":\"Tellado: \u201cVivimos nunha situaci\u00f3n de inestabilidade absoluta patrocinada por Pedro S\u00e1nchez\u201d\"}]},{\"@type\":\"WebSite\",\"@id\":\"https:\\\/\\\/ppdegalicia.com\\\/es\\\/#website\",\"url\":\"https:\\\/\\\/ppdegalicia.com\\\/es\\\/\",\"name\":\"Partido Popular de Galicia\",\"description\":\"Partido Popular de Galicia\",\"publisher\":{\"@id\":\"https:\\\/\\\/ppdegalicia.com\\\/es\\\/#organization\"},\"alternateName\":\"PP de Galicia\",\"potentialAction\":[{\"@type\":\"SearchAction\",\"target\":{\"@type\":\"EntryPoint\",\"urlTemplate\":\"https:\\\/\\\/ppdegalicia.com\\\/es\\\/?s={search_term_string}\"},\"query-input\":{\"@type\":\"PropertyValueSpecification\",\"valueRequired\":true,\"valueName\":\"search_term_string\"}}],\"inLanguage\":\"es\"},{\"@type\":\"Organization\",\"@id\":\"https:\\\/\\\/ppdegalicia.com\\\/es\\\/#organization\",\"name\":\"Partido Popular de Galicia\",\"alternateName\":\"PP de Galicia\",\"url\":\"https:\\\/\\\/ppdegalicia.com\\\/es\\\/\",\"logo\":{\"@type\":\"ImageObject\",\"inLanguage\":\"es\",\"@id\":\"https:\\\/\\\/ppdegalicia.com\\\/es\\\/#\\\/schema\\\/logo\\\/image\\\/\",\"url\":\"https:\\\/\\\/ppdegalicia.com\\\/wp-content\\\/uploads\\\/2023\\\/04\\\/logoPP512.png\",\"contentUrl\":\"https:\\\/\\\/ppdegalicia.com\\\/wp-content\\\/uploads\\\/2023\\\/04\\\/logoPP512.png\",\"width\":512,\"height\":512,\"caption\":\"Partido Popular de Galicia\"},\"image\":{\"@id\":\"https:\\\/\\\/ppdegalicia.com\\\/es\\\/#\\\/schema\\\/logo\\\/image\\\/\"},\"sameAs\":[\"https:\\\/\\\/www.instagram.com\\\/ppdegalicia\\\/\",\"https:\\\/\\\/x.com\\\/ppdegalicia\",\"https:\\\/\\\/www.tiktok.com\\\/@ppdegalicia\",\"https:\\\/\\\/www.youtube.com\\\/user\\\/ppdegalicia\"]},{\"@type\":\"Person\",\"@id\":\"https:\\\/\\\/ppdegalicia.com\\\/es\\\/#\\\/schema\\\/person\\\/d0f013b8388c980665d44009ab762960\",\"name\":\"Super User\",\"image\":{\"@type\":\"ImageObject\",\"inLanguage\":\"es\",\"@id\":\"https:\\\/\\\/secure.gravatar.com\\\/avatar\\\/1db852625ef4948f58d2739bfbc51e4b9bd5c93b8fa340b59fdb594ca0845645?s=96&d=mm&r=g\",\"url\":\"https:\\\/\\\/secure.gravatar.com\\\/avatar\\\/1db852625ef4948f58d2739bfbc51e4b9bd5c93b8fa340b59fdb594ca0845645?s=96&d=mm&r=g\",\"contentUrl\":\"https:\\\/\\\/secure.gravatar.com\\\/avatar\\\/1db852625ef4948f58d2739bfbc51e4b9bd5c93b8fa340b59fdb594ca0845645?s=96&d=mm&r=g\",\"caption\":\"Super User\"},\"url\":\"https:\\\/\\\/ppdegalicia.com\\\/es\\\/author\\\/ppdegaliciagestion\\\/\"}]}<\/script>\n<!-- \/ Yoast SEO plugin. -->","yoast_head_json":{"title":"Tellado: \u201cVivimos nunha situaci\u00f3n de inestabilidade absoluta patrocinada por Pedro S\u00e1nchez\u201d - PP de Galicia","robots":{"index":"index","follow":"follow","max-snippet":"max-snippet:-1","max-image-preview":"max-image-preview:large","max-video-preview":"max-video-preview:-1"},"canonical":"https:\/\/ppdegalicia.com\/es\/tellado-vivimos-nunha-situacion-de-inestabilidade-absoluta-patrocinada-por-pedro-sanchez\/","og_locale":"es_ES","og_type":"article","og_title":"Tellado: \u201cVivimos nunha situaci\u00f3n de inestabilidade absoluta patrocinada por Pedro S\u00e1nchez\u201d - PP de Galicia","og_description":"24, novembro, 2019. O secretario xeral do PPdeG, Miguel Tellado, lamentou este domingo nunha entrevista en Radio Galega que \u201cvivimos nunha situaci\u00f3n de inestabilidade absoluta patrocinada por Pedro S\u00e1nchez\u201d. Cuestionado acerca do pacto de investidura entre PSOE e Podemos, que cualificou de \u201cerro hist\u00f3rico\u201d salientou que \u201c\u00e9 moi dif\u00edcil que funcione un Goberno que se [&hellip;]","og_url":"https:\/\/ppdegalicia.com\/es\/tellado-vivimos-nunha-situacion-de-inestabilidade-absoluta-patrocinada-por-pedro-sanchez\/","og_site_name":"PP de Galicia","article_publisher":"https:\/\/www.instagram.com\/ppdegalicia\/","article_published_time":"2019-11-24T08:15:27+00:00","author":"Super User","twitter_card":"summary_large_image","twitter_creator":"@ppdegalicia","twitter_site":"@ppdegalicia","twitter_misc":{"Escrito por":"Super User","Tiempo de lectura":"3 minutos"},"schema":{"@context":"https:\/\/schema.org","@graph":[{"@type":"Article","@id":"https:\/\/ppdegalicia.com\/es\/tellado-vivimos-nunha-situacion-de-inestabilidade-absoluta-patrocinada-por-pedro-sanchez\/#article","isPartOf":{"@id":"https:\/\/ppdegalicia.com\/es\/tellado-vivimos-nunha-situacion-de-inestabilidade-absoluta-patrocinada-por-pedro-sanchez\/"},"author":{"name":"Super User","@id":"https:\/\/ppdegalicia.com\/es\/#\/schema\/person\/d0f013b8388c980665d44009ab762960"},"headline":"Tellado: \u201cVivimos nunha situaci\u00f3n de inestabilidade absoluta patrocinada por Pedro S\u00e1nchez\u201d","datePublished":"2019-11-24T08:15:27+00:00","mainEntityOfPage":{"@id":"https:\/\/ppdegalicia.com\/es\/tellado-vivimos-nunha-situacion-de-inestabilidade-absoluta-patrocinada-por-pedro-sanchez\/"},"wordCount":676,"commentCount":0,"publisher":{"@id":"https:\/\/ppdegalicia.com\/es\/#organization"},"articleSection":["PP de Galicia"],"inLanguage":"es","potentialAction":[{"@type":"CommentAction","name":"Comment","target":["https:\/\/ppdegalicia.com\/es\/tellado-vivimos-nunha-situacion-de-inestabilidade-absoluta-patrocinada-por-pedro-sanchez\/#respond"]}]},{"@type":"WebPage","@id":"https:\/\/ppdegalicia.com\/es\/tellado-vivimos-nunha-situacion-de-inestabilidade-absoluta-patrocinada-por-pedro-sanchez\/","url":"https:\/\/ppdegalicia.com\/es\/tellado-vivimos-nunha-situacion-de-inestabilidade-absoluta-patrocinada-por-pedro-sanchez\/","name":"Tellado: \u201cVivimos nunha situaci\u00f3n de inestabilidade absoluta patrocinada por Pedro S\u00e1nchez\u201d - PP de Galicia","isPartOf":{"@id":"https:\/\/ppdegalicia.com\/es\/#website"},"datePublished":"2019-11-24T08:15:27+00:00","breadcrumb":{"@id":"https:\/\/ppdegalicia.com\/es\/tellado-vivimos-nunha-situacion-de-inestabilidade-absoluta-patrocinada-por-pedro-sanchez\/#breadcrumb"},"inLanguage":"es","potentialAction":[{"@type":"ReadAction","target":["https:\/\/ppdegalicia.com\/es\/tellado-vivimos-nunha-situacion-de-inestabilidade-absoluta-patrocinada-por-pedro-sanchez\/"]}]},{"@type":"BreadcrumbList","@id":"https:\/\/ppdegalicia.com\/es\/tellado-vivimos-nunha-situacion-de-inestabilidade-absoluta-patrocinada-por-pedro-sanchez\/#breadcrumb","itemListElement":[{"@type":"ListItem","position":1,"name":"Portada","item":"https:\/\/ppdegalicia.com\/es\/"},{"@type":"ListItem","position":2,"name":"Tellado: \u201cVivimos nunha situaci\u00f3n de inestabilidade absoluta patrocinada por Pedro S\u00e1nchez\u201d"}]},{"@type":"WebSite","@id":"https:\/\/ppdegalicia.com\/es\/#website","url":"https:\/\/ppdegalicia.com\/es\/","name":"Partido Popular de Galicia","description":"Partido Popular de Galicia","publisher":{"@id":"https:\/\/ppdegalicia.com\/es\/#organization"},"alternateName":"PP de Galicia","potentialAction":[{"@type":"SearchAction","target":{"@type":"EntryPoint","urlTemplate":"https:\/\/ppdegalicia.com\/es\/?s={search_term_string}"},"query-input":{"@type":"PropertyValueSpecification","valueRequired":true,"valueName":"search_term_string"}}],"inLanguage":"es"},{"@type":"Organization","@id":"https:\/\/ppdegalicia.com\/es\/#organization","name":"Partido Popular de Galicia","alternateName":"PP de Galicia","url":"https:\/\/ppdegalicia.com\/es\/","logo":{"@type":"ImageObject","inLanguage":"es","@id":"https:\/\/ppdegalicia.com\/es\/#\/schema\/logo\/image\/","url":"https:\/\/ppdegalicia.com\/wp-content\/uploads\/2023\/04\/logoPP512.png","contentUrl":"https:\/\/ppdegalicia.com\/wp-content\/uploads\/2023\/04\/logoPP512.png","width":512,"height":512,"caption":"Partido Popular de Galicia"},"image":{"@id":"https:\/\/ppdegalicia.com\/es\/#\/schema\/logo\/image\/"},"sameAs":["https:\/\/www.instagram.com\/ppdegalicia\/","https:\/\/x.com\/ppdegalicia","https:\/\/www.tiktok.com\/@ppdegalicia","https:\/\/www.youtube.com\/user\/ppdegalicia"]},{"@type":"Person","@id":"https:\/\/ppdegalicia.com\/es\/#\/schema\/person\/d0f013b8388c980665d44009ab762960","name":"Super User","image":{"@type":"ImageObject","inLanguage":"es","@id":"https:\/\/secure.gravatar.com\/avatar\/1db852625ef4948f58d2739bfbc51e4b9bd5c93b8fa340b59fdb594ca0845645?s=96&d=mm&r=g","url":"https:\/\/secure.gravatar.com\/avatar\/1db852625ef4948f58d2739bfbc51e4b9bd5c93b8fa340b59fdb594ca0845645?s=96&d=mm&r=g","contentUrl":"https:\/\/secure.gravatar.com\/avatar\/1db852625ef4948f58d2739bfbc51e4b9bd5c93b8fa340b59fdb594ca0845645?s=96&d=mm&r=g","caption":"Super User"},"url":"https:\/\/ppdegalicia.com\/es\/author\/ppdegaliciagestion\/"}]}},"_links":{"self":[{"href":"https:\/\/ppdegalicia.com\/es\/wp-json\/wp\/v2\/posts\/52163","targetHints":{"allow":["GET"]}}],"collection":[{"href":"https:\/\/ppdegalicia.com\/es\/wp-json\/wp\/v2\/posts"}],"about":[{"href":"https:\/\/ppdegalicia.com\/es\/wp-json\/wp\/v2\/types\/post"}],"author":[{"embeddable":true,"href":"https:\/\/ppdegalicia.com\/es\/wp-json\/wp\/v2\/users\/37"}],"replies":[{"embeddable":true,"href":"https:\/\/ppdegalicia.com\/es\/wp-json\/wp\/v2\/comments?post=52163"}],"version-history":[{"count":0,"href":"https:\/\/ppdegalicia.com\/es\/wp-json\/wp\/v2\/posts\/52163\/revisions"}],"wp:attachment":[{"href":"https:\/\/ppdegalicia.com\/es\/wp-json\/wp\/v2\/media?parent=52163"}],"wp:term":[{"taxonomy":"category","embeddable":true,"href":"https:\/\/ppdegalicia.com\/es\/wp-json\/wp\/v2\/categories?post=52163"},{"taxonomy":"post_tag","embeddable":true,"href":"https:\/\/ppdegalicia.com\/es\/wp-json\/wp\/v2\/tags?post=52163"}],"curies":[{"name":"wp","href":"https:\/\/api.w.org\/{rel}","templated":true}]}}