{"id":52170,"date":"2019-11-28T08:15:32","date_gmt":"2019-11-28T06:15:32","guid":{"rendered":"https:\/\/ppdegalicia.com\/o-ppdeg-salienta-que-o-arquivo-do-caso-da-hepatite-c-reconece-que-a-actuacion-do-sergas-respondeu-unicamente-a-criterios-dos-especialistas-e-totalmente-allea-a-intereses-economicos\/"},"modified":"2019-11-28T08:15:32","modified_gmt":"2019-11-28T06:15:32","slug":"o-ppdeg-salienta-que-o-arquivo-do-caso-da-hepatite-c-reconece-que-a-actuacion-do-sergas-respondeu-unicamente-a-criterios-dos-especialistas-e-totalmente-allea-a-intereses-economicos","status":"publish","type":"post","link":"https:\/\/ppdegalicia.com\/es\/o-ppdeg-salienta-que-o-arquivo-do-caso-da-hepatite-c-reconece-que-a-actuacion-do-sergas-respondeu-unicamente-a-criterios-dos-especialistas-e-totalmente-allea-a-intereses-economicos\/","title":{"rendered":"O PPdeG salienta que o arquivo do caso da hepatite C reco\u00f1ece que a actuaci\u00f3n do Sergas respondeu unicamente a criterios dos especialistas e totalmente allea a intereses econ\u00f3micos"},"content":{"rendered":"<p>Santiago, 27 de novembro de 2019.- O portavoz de Sanidade do Grupo Popular, Aurelio N\u00fa\u00f1ez Centeno, salientou esta tarde que o auto do Xulgado de Instruci\u00f3n n\u00famero 3 de Santiago que arquiva o caso da hepatite C \u201creco\u00f1ece a correcta actuaci\u00f3n desenvolvida polos cargos do Sergas, que respondeu unicamente a criterios dos especialistas m\u00e9dicos e totalmente allea a intereses econ\u00f3micos, como denunciaron ata a saciedade os grupos da oposici\u00f3n e organizaci\u00f3ns interesadas\u201d.<\/p>\n<p><!--more--><\/p>\n<p>&nbsp;<\/p>\n<p>Aurelio N\u00fa\u00f1ez sinalou que \u201ca insistencia coa que a oposici\u00f3n utilizou este procedemento para intentar desgastar \u00e1 sanidade p\u00fablica galega e aos seus responsables non est\u00e1 a ser a mesma para pedir agora desculpas p\u00fablicas e reco\u00f1ecer que se equivocaron ao longo deste tempo\u201d.<\/p>\n<p>&nbsp;<\/p>\n<p><strong>A OPOSICI\u00d3N DEBE ASUMIR O SEU ERRO<\/strong><\/p>\n<p>&nbsp;<\/p>\n<p>\u201cO primeiro que se merecen as d\u00faas persoas que foron profusamente investigadas e que se viron inmersas nunha exhaustiva investigaci\u00f3n xudicial, para a que tanto o Sergas como a Xunta sempre amosaron a s\u00faa plena colaboraci\u00f3n, \u00e9 que a oposici\u00f3n asuma o seu erro e isto lle sirva para reconducir a s\u00faa pol\u00edtica e as s\u00faas cr\u00edticas constantes ao sistema sanitario galego\u201d, manifestou.<\/p>\n<p>&nbsp;<\/p>\n<p>O portavoz popular salientou que este auto \u201cconfirma que tanto F\u00e9lix Rubial como Carolina Gonz\u00e1lez-Criado son uns magn\u00edficos profesionais, que actuaron coa debida celeridade e dilixencia na tramitaci\u00f3n dos tratamentos m\u00e9dicos, buscando fundamentalmente o benestar dos pacientes afectados pola hepatite C respectando o criterio dos especialistas\u201d.<\/p>\n<p>&nbsp;<\/p>\n<p><strong>INCORPORAR AO PLAN DE TRABALLO DA COMISI\u00d3N DE INVESTIGACI\u00d3N<\/strong><\/p>\n<p>&nbsp;<\/p>\n<p>\u201cAdemais, este auto coincide coas opini\u00f3ns expresadas polos voceiros do Grupo Popular nas nosas intervenci\u00f3ns no Parlamento galego, as\u00ed como coas valoraci\u00f3ns feitas polos expertos independentes que participaron na Comisi\u00f3n de Investigaci\u00f3n sobre a sanidade galega que se celebrou hai uns meses neste Parlamento\u201d, indicou.<\/p>\n<p>&nbsp;<\/p>\n<p>Neste sentido, Aurelio N\u00fa\u00f1ez avanzou que o Grupo Popular xa solicitou a incorporaci\u00f3n deste auto do Xulgado n\u00famero 3 de Santiago ao Plan de Traballo desta Comisi\u00f3n de Investigaci\u00f3n.<\/p>\n","protected":false},"excerpt":{"rendered":"<p>Santiago, 27 de novembro de 2019.- O portavoz de Sanidade do Grupo Popular, Aurelio N\u00fa\u00f1ez Centeno, salientou esta tarde que o auto do Xulgado de Instruci\u00f3n n\u00famero 3 de Santiago que arquiva o caso da hepatite C \u201creco\u00f1ece a correcta actuaci\u00f3n desenvolvida polos cargos do Sergas, que respondeu unicamente a criterios dos especialistas m\u00e9dicos e [&hellip;]<\/p>\n","protected":false},"author":37,"featured_media":0,"comment_status":"open","ping_status":"open","sticky":false,"template":"","format":"standard","meta":{"_acf_changed":false,"footnotes":""},"categories":[1],"tags":[],"class_list":["post-52170","post","type-post","status-publish","format-standard","hentry","category-pp-de-galicia"],"acf":[],"yoast_head":"<!-- This site is optimized with the Yoast SEO plugin v27.3 - https:\/\/yoast.com\/product\/yoast-seo-wordpress\/ -->\n<title>O PPdeG salienta que o arquivo do caso da hepatite C reco\u00f1ece que a actuaci\u00f3n do Sergas respondeu unicamente a criterios dos especialistas e totalmente allea a intereses econ\u00f3micos - PP de Galicia<\/title>\n<meta name=\"robots\" content=\"index, follow, max-snippet:-1, max-image-preview:large, max-video-preview:-1\" \/>\n<link rel=\"canonical\" href=\"https:\/\/ppdegalicia.com\/es\/o-ppdeg-salienta-que-o-arquivo-do-caso-da-hepatite-c-reconece-que-a-actuacion-do-sergas-respondeu-unicamente-a-criterios-dos-especialistas-e-totalmente-allea-a-intereses-economicos\/\" \/>\n<meta property=\"og:locale\" content=\"es_ES\" \/>\n<meta property=\"og:type\" content=\"article\" \/>\n<meta property=\"og:title\" content=\"O PPdeG salienta que o arquivo do caso da hepatite C reco\u00f1ece que a actuaci\u00f3n do Sergas respondeu unicamente a criterios dos especialistas e totalmente allea a intereses econ\u00f3micos - PP de Galicia\" \/>\n<meta property=\"og:description\" content=\"Santiago, 27 de novembro de 2019.- O portavoz de Sanidade do Grupo Popular, Aurelio N\u00fa\u00f1ez Centeno, salientou esta tarde que o auto do Xulgado de Instruci\u00f3n n\u00famero 3 de Santiago que arquiva o caso da hepatite C \u201creco\u00f1ece a correcta actuaci\u00f3n desenvolvida polos cargos do Sergas, que respondeu unicamente a criterios dos especialistas m\u00e9dicos e [&hellip;]\" \/>\n<meta property=\"og:url\" content=\"https:\/\/ppdegalicia.com\/es\/o-ppdeg-salienta-que-o-arquivo-do-caso-da-hepatite-c-reconece-que-a-actuacion-do-sergas-respondeu-unicamente-a-criterios-dos-especialistas-e-totalmente-allea-a-intereses-economicos\/\" \/>\n<meta property=\"og:site_name\" content=\"PP de Galicia\" \/>\n<meta property=\"article:publisher\" content=\"https:\/\/www.instagram.com\/ppdegalicia\/\" \/>\n<meta property=\"article:published_time\" content=\"2019-11-28T06:15:32+00:00\" \/>\n<meta name=\"author\" content=\"Super User\" \/>\n<meta name=\"twitter:card\" content=\"summary_large_image\" \/>\n<meta name=\"twitter:creator\" content=\"@ppdegalicia\" \/>\n<meta name=\"twitter:site\" content=\"@ppdegalicia\" \/>\n<meta name=\"twitter:label1\" content=\"Escrito por\" \/>\n\t<meta name=\"twitter:data1\" content=\"Super User\" \/>\n\t<meta name=\"twitter:label2\" content=\"Tiempo de lectura\" \/>\n\t<meta name=\"twitter:data2\" content=\"2 minutos\" \/>\n<script type=\"application\/ld+json\" class=\"yoast-schema-graph\">{\"@context\":\"https:\\\/\\\/schema.org\",\"@graph\":[{\"@type\":\"Article\",\"@id\":\"https:\\\/\\\/ppdegalicia.com\\\/es\\\/o-ppdeg-salienta-que-o-arquivo-do-caso-da-hepatite-c-reconece-que-a-actuacion-do-sergas-respondeu-unicamente-a-criterios-dos-especialistas-e-totalmente-allea-a-intereses-economicos\\\/#article\",\"isPartOf\":{\"@id\":\"https:\\\/\\\/ppdegalicia.com\\\/es\\\/o-ppdeg-salienta-que-o-arquivo-do-caso-da-hepatite-c-reconece-que-a-actuacion-do-sergas-respondeu-unicamente-a-criterios-dos-especialistas-e-totalmente-allea-a-intereses-economicos\\\/\"},\"author\":{\"name\":\"Super User\",\"@id\":\"https:\\\/\\\/ppdegalicia.com\\\/es\\\/#\\\/schema\\\/person\\\/d0f013b8388c980665d44009ab762960\"},\"headline\":\"O PPdeG salienta que o arquivo do caso da hepatite C reco\u00f1ece que a actuaci\u00f3n do Sergas respondeu unicamente a criterios dos especialistas e totalmente allea a intereses econ\u00f3micos\",\"datePublished\":\"2019-11-28T06:15:32+00:00\",\"mainEntityOfPage\":{\"@id\":\"https:\\\/\\\/ppdegalicia.com\\\/es\\\/o-ppdeg-salienta-que-o-arquivo-do-caso-da-hepatite-c-reconece-que-a-actuacion-do-sergas-respondeu-unicamente-a-criterios-dos-especialistas-e-totalmente-allea-a-intereses-economicos\\\/\"},\"wordCount\":390,\"commentCount\":0,\"publisher\":{\"@id\":\"https:\\\/\\\/ppdegalicia.com\\\/es\\\/#organization\"},\"articleSection\":[\"PP de Galicia\"],\"inLanguage\":\"es\",\"potentialAction\":[{\"@type\":\"CommentAction\",\"name\":\"Comment\",\"target\":[\"https:\\\/\\\/ppdegalicia.com\\\/es\\\/o-ppdeg-salienta-que-o-arquivo-do-caso-da-hepatite-c-reconece-que-a-actuacion-do-sergas-respondeu-unicamente-a-criterios-dos-especialistas-e-totalmente-allea-a-intereses-economicos\\\/#respond\"]}]},{\"@type\":\"WebPage\",\"@id\":\"https:\\\/\\\/ppdegalicia.com\\\/es\\\/o-ppdeg-salienta-que-o-arquivo-do-caso-da-hepatite-c-reconece-que-a-actuacion-do-sergas-respondeu-unicamente-a-criterios-dos-especialistas-e-totalmente-allea-a-intereses-economicos\\\/\",\"url\":\"https:\\\/\\\/ppdegalicia.com\\\/es\\\/o-ppdeg-salienta-que-o-arquivo-do-caso-da-hepatite-c-reconece-que-a-actuacion-do-sergas-respondeu-unicamente-a-criterios-dos-especialistas-e-totalmente-allea-a-intereses-economicos\\\/\",\"name\":\"O PPdeG salienta que o arquivo do caso da hepatite C reco\u00f1ece que a actuaci\u00f3n do Sergas respondeu unicamente a criterios dos especialistas e totalmente allea a intereses econ\u00f3micos - PP de Galicia\",\"isPartOf\":{\"@id\":\"https:\\\/\\\/ppdegalicia.com\\\/es\\\/#website\"},\"datePublished\":\"2019-11-28T06:15:32+00:00\",\"breadcrumb\":{\"@id\":\"https:\\\/\\\/ppdegalicia.com\\\/es\\\/o-ppdeg-salienta-que-o-arquivo-do-caso-da-hepatite-c-reconece-que-a-actuacion-do-sergas-respondeu-unicamente-a-criterios-dos-especialistas-e-totalmente-allea-a-intereses-economicos\\\/#breadcrumb\"},\"inLanguage\":\"es\",\"potentialAction\":[{\"@type\":\"ReadAction\",\"target\":[\"https:\\\/\\\/ppdegalicia.com\\\/es\\\/o-ppdeg-salienta-que-o-arquivo-do-caso-da-hepatite-c-reconece-que-a-actuacion-do-sergas-respondeu-unicamente-a-criterios-dos-especialistas-e-totalmente-allea-a-intereses-economicos\\\/\"]}]},{\"@type\":\"BreadcrumbList\",\"@id\":\"https:\\\/\\\/ppdegalicia.com\\\/es\\\/o-ppdeg-salienta-que-o-arquivo-do-caso-da-hepatite-c-reconece-que-a-actuacion-do-sergas-respondeu-unicamente-a-criterios-dos-especialistas-e-totalmente-allea-a-intereses-economicos\\\/#breadcrumb\",\"itemListElement\":[{\"@type\":\"ListItem\",\"position\":1,\"name\":\"Portada\",\"item\":\"https:\\\/\\\/ppdegalicia.com\\\/es\\\/\"},{\"@type\":\"ListItem\",\"position\":2,\"name\":\"O PPdeG salienta que o arquivo do caso da hepatite C reco\u00f1ece que a actuaci\u00f3n do Sergas respondeu unicamente a criterios dos especialistas e totalmente allea a intereses econ\u00f3micos\"}]},{\"@type\":\"WebSite\",\"@id\":\"https:\\\/\\\/ppdegalicia.com\\\/es\\\/#website\",\"url\":\"https:\\\/\\\/ppdegalicia.com\\\/es\\\/\",\"name\":\"Partido Popular de Galicia\",\"description\":\"Partido Popular de Galicia\",\"publisher\":{\"@id\":\"https:\\\/\\\/ppdegalicia.com\\\/es\\\/#organization\"},\"alternateName\":\"PP de Galicia\",\"potentialAction\":[{\"@type\":\"SearchAction\",\"target\":{\"@type\":\"EntryPoint\",\"urlTemplate\":\"https:\\\/\\\/ppdegalicia.com\\\/es\\\/?s={search_term_string}\"},\"query-input\":{\"@type\":\"PropertyValueSpecification\",\"valueRequired\":true,\"valueName\":\"search_term_string\"}}],\"inLanguage\":\"es\"},{\"@type\":\"Organization\",\"@id\":\"https:\\\/\\\/ppdegalicia.com\\\/es\\\/#organization\",\"name\":\"Partido Popular de Galicia\",\"alternateName\":\"PP de Galicia\",\"url\":\"https:\\\/\\\/ppdegalicia.com\\\/es\\\/\",\"logo\":{\"@type\":\"ImageObject\",\"inLanguage\":\"es\",\"@id\":\"https:\\\/\\\/ppdegalicia.com\\\/es\\\/#\\\/schema\\\/logo\\\/image\\\/\",\"url\":\"https:\\\/\\\/ppdegalicia.com\\\/wp-content\\\/uploads\\\/2023\\\/04\\\/logoPP512.png\",\"contentUrl\":\"https:\\\/\\\/ppdegalicia.com\\\/wp-content\\\/uploads\\\/2023\\\/04\\\/logoPP512.png\",\"width\":512,\"height\":512,\"caption\":\"Partido Popular de Galicia\"},\"image\":{\"@id\":\"https:\\\/\\\/ppdegalicia.com\\\/es\\\/#\\\/schema\\\/logo\\\/image\\\/\"},\"sameAs\":[\"https:\\\/\\\/www.instagram.com\\\/ppdegalicia\\\/\",\"https:\\\/\\\/x.com\\\/ppdegalicia\",\"https:\\\/\\\/www.tiktok.com\\\/@ppdegalicia\",\"https:\\\/\\\/www.youtube.com\\\/user\\\/ppdegalicia\"]},{\"@type\":\"Person\",\"@id\":\"https:\\\/\\\/ppdegalicia.com\\\/es\\\/#\\\/schema\\\/person\\\/d0f013b8388c980665d44009ab762960\",\"name\":\"Super User\",\"image\":{\"@type\":\"ImageObject\",\"inLanguage\":\"es\",\"@id\":\"https:\\\/\\\/secure.gravatar.com\\\/avatar\\\/1db852625ef4948f58d2739bfbc51e4b9bd5c93b8fa340b59fdb594ca0845645?s=96&d=mm&r=g\",\"url\":\"https:\\\/\\\/secure.gravatar.com\\\/avatar\\\/1db852625ef4948f58d2739bfbc51e4b9bd5c93b8fa340b59fdb594ca0845645?s=96&d=mm&r=g\",\"contentUrl\":\"https:\\\/\\\/secure.gravatar.com\\\/avatar\\\/1db852625ef4948f58d2739bfbc51e4b9bd5c93b8fa340b59fdb594ca0845645?s=96&d=mm&r=g\",\"caption\":\"Super User\"},\"url\":\"https:\\\/\\\/ppdegalicia.com\\\/es\\\/author\\\/ppdegaliciagestion\\\/\"}]}<\/script>\n<!-- \/ Yoast SEO plugin. -->","yoast_head_json":{"title":"O PPdeG salienta que o arquivo do caso da hepatite C reco\u00f1ece que a actuaci\u00f3n do Sergas respondeu unicamente a criterios dos especialistas e totalmente allea a intereses econ\u00f3micos - PP de Galicia","robots":{"index":"index","follow":"follow","max-snippet":"max-snippet:-1","max-image-preview":"max-image-preview:large","max-video-preview":"max-video-preview:-1"},"canonical":"https:\/\/ppdegalicia.com\/es\/o-ppdeg-salienta-que-o-arquivo-do-caso-da-hepatite-c-reconece-que-a-actuacion-do-sergas-respondeu-unicamente-a-criterios-dos-especialistas-e-totalmente-allea-a-intereses-economicos\/","og_locale":"es_ES","og_type":"article","og_title":"O PPdeG salienta que o arquivo do caso da hepatite C reco\u00f1ece que a actuaci\u00f3n do Sergas respondeu unicamente a criterios dos especialistas e totalmente allea a intereses econ\u00f3micos - PP de Galicia","og_description":"Santiago, 27 de novembro de 2019.- O portavoz de Sanidade do Grupo Popular, Aurelio N\u00fa\u00f1ez Centeno, salientou esta tarde que o auto do Xulgado de Instruci\u00f3n n\u00famero 3 de Santiago que arquiva o caso da hepatite C \u201creco\u00f1ece a correcta actuaci\u00f3n desenvolvida polos cargos do Sergas, que respondeu unicamente a criterios dos especialistas m\u00e9dicos e [&hellip;]","og_url":"https:\/\/ppdegalicia.com\/es\/o-ppdeg-salienta-que-o-arquivo-do-caso-da-hepatite-c-reconece-que-a-actuacion-do-sergas-respondeu-unicamente-a-criterios-dos-especialistas-e-totalmente-allea-a-intereses-economicos\/","og_site_name":"PP de Galicia","article_publisher":"https:\/\/www.instagram.com\/ppdegalicia\/","article_published_time":"2019-11-28T06:15:32+00:00","author":"Super User","twitter_card":"summary_large_image","twitter_creator":"@ppdegalicia","twitter_site":"@ppdegalicia","twitter_misc":{"Escrito por":"Super User","Tiempo de lectura":"2 minutos"},"schema":{"@context":"https:\/\/schema.org","@graph":[{"@type":"Article","@id":"https:\/\/ppdegalicia.com\/es\/o-ppdeg-salienta-que-o-arquivo-do-caso-da-hepatite-c-reconece-que-a-actuacion-do-sergas-respondeu-unicamente-a-criterios-dos-especialistas-e-totalmente-allea-a-intereses-economicos\/#article","isPartOf":{"@id":"https:\/\/ppdegalicia.com\/es\/o-ppdeg-salienta-que-o-arquivo-do-caso-da-hepatite-c-reconece-que-a-actuacion-do-sergas-respondeu-unicamente-a-criterios-dos-especialistas-e-totalmente-allea-a-intereses-economicos\/"},"author":{"name":"Super User","@id":"https:\/\/ppdegalicia.com\/es\/#\/schema\/person\/d0f013b8388c980665d44009ab762960"},"headline":"O PPdeG salienta que o arquivo do caso da hepatite C reco\u00f1ece que a actuaci\u00f3n do Sergas respondeu unicamente a criterios dos especialistas e totalmente allea a intereses econ\u00f3micos","datePublished":"2019-11-28T06:15:32+00:00","mainEntityOfPage":{"@id":"https:\/\/ppdegalicia.com\/es\/o-ppdeg-salienta-que-o-arquivo-do-caso-da-hepatite-c-reconece-que-a-actuacion-do-sergas-respondeu-unicamente-a-criterios-dos-especialistas-e-totalmente-allea-a-intereses-economicos\/"},"wordCount":390,"commentCount":0,"publisher":{"@id":"https:\/\/ppdegalicia.com\/es\/#organization"},"articleSection":["PP de Galicia"],"inLanguage":"es","potentialAction":[{"@type":"CommentAction","name":"Comment","target":["https:\/\/ppdegalicia.com\/es\/o-ppdeg-salienta-que-o-arquivo-do-caso-da-hepatite-c-reconece-que-a-actuacion-do-sergas-respondeu-unicamente-a-criterios-dos-especialistas-e-totalmente-allea-a-intereses-economicos\/#respond"]}]},{"@type":"WebPage","@id":"https:\/\/ppdegalicia.com\/es\/o-ppdeg-salienta-que-o-arquivo-do-caso-da-hepatite-c-reconece-que-a-actuacion-do-sergas-respondeu-unicamente-a-criterios-dos-especialistas-e-totalmente-allea-a-intereses-economicos\/","url":"https:\/\/ppdegalicia.com\/es\/o-ppdeg-salienta-que-o-arquivo-do-caso-da-hepatite-c-reconece-que-a-actuacion-do-sergas-respondeu-unicamente-a-criterios-dos-especialistas-e-totalmente-allea-a-intereses-economicos\/","name":"O PPdeG salienta que o arquivo do caso da hepatite C reco\u00f1ece que a actuaci\u00f3n do Sergas respondeu unicamente a criterios dos especialistas e totalmente allea a intereses econ\u00f3micos - PP de Galicia","isPartOf":{"@id":"https:\/\/ppdegalicia.com\/es\/#website"},"datePublished":"2019-11-28T06:15:32+00:00","breadcrumb":{"@id":"https:\/\/ppdegalicia.com\/es\/o-ppdeg-salienta-que-o-arquivo-do-caso-da-hepatite-c-reconece-que-a-actuacion-do-sergas-respondeu-unicamente-a-criterios-dos-especialistas-e-totalmente-allea-a-intereses-economicos\/#breadcrumb"},"inLanguage":"es","potentialAction":[{"@type":"ReadAction","target":["https:\/\/ppdegalicia.com\/es\/o-ppdeg-salienta-que-o-arquivo-do-caso-da-hepatite-c-reconece-que-a-actuacion-do-sergas-respondeu-unicamente-a-criterios-dos-especialistas-e-totalmente-allea-a-intereses-economicos\/"]}]},{"@type":"BreadcrumbList","@id":"https:\/\/ppdegalicia.com\/es\/o-ppdeg-salienta-que-o-arquivo-do-caso-da-hepatite-c-reconece-que-a-actuacion-do-sergas-respondeu-unicamente-a-criterios-dos-especialistas-e-totalmente-allea-a-intereses-economicos\/#breadcrumb","itemListElement":[{"@type":"ListItem","position":1,"name":"Portada","item":"https:\/\/ppdegalicia.com\/es\/"},{"@type":"ListItem","position":2,"name":"O PPdeG salienta que o arquivo do caso da hepatite C reco\u00f1ece que a actuaci\u00f3n do Sergas respondeu unicamente a criterios dos especialistas e totalmente allea a intereses econ\u00f3micos"}]},{"@type":"WebSite","@id":"https:\/\/ppdegalicia.com\/es\/#website","url":"https:\/\/ppdegalicia.com\/es\/","name":"Partido Popular de Galicia","description":"Partido Popular de Galicia","publisher":{"@id":"https:\/\/ppdegalicia.com\/es\/#organization"},"alternateName":"PP de Galicia","potentialAction":[{"@type":"SearchAction","target":{"@type":"EntryPoint","urlTemplate":"https:\/\/ppdegalicia.com\/es\/?s={search_term_string}"},"query-input":{"@type":"PropertyValueSpecification","valueRequired":true,"valueName":"search_term_string"}}],"inLanguage":"es"},{"@type":"Organization","@id":"https:\/\/ppdegalicia.com\/es\/#organization","name":"Partido Popular de Galicia","alternateName":"PP de Galicia","url":"https:\/\/ppdegalicia.com\/es\/","logo":{"@type":"ImageObject","inLanguage":"es","@id":"https:\/\/ppdegalicia.com\/es\/#\/schema\/logo\/image\/","url":"https:\/\/ppdegalicia.com\/wp-content\/uploads\/2023\/04\/logoPP512.png","contentUrl":"https:\/\/ppdegalicia.com\/wp-content\/uploads\/2023\/04\/logoPP512.png","width":512,"height":512,"caption":"Partido Popular de Galicia"},"image":{"@id":"https:\/\/ppdegalicia.com\/es\/#\/schema\/logo\/image\/"},"sameAs":["https:\/\/www.instagram.com\/ppdegalicia\/","https:\/\/x.com\/ppdegalicia","https:\/\/www.tiktok.com\/@ppdegalicia","https:\/\/www.youtube.com\/user\/ppdegalicia"]},{"@type":"Person","@id":"https:\/\/ppdegalicia.com\/es\/#\/schema\/person\/d0f013b8388c980665d44009ab762960","name":"Super User","image":{"@type":"ImageObject","inLanguage":"es","@id":"https:\/\/secure.gravatar.com\/avatar\/1db852625ef4948f58d2739bfbc51e4b9bd5c93b8fa340b59fdb594ca0845645?s=96&d=mm&r=g","url":"https:\/\/secure.gravatar.com\/avatar\/1db852625ef4948f58d2739bfbc51e4b9bd5c93b8fa340b59fdb594ca0845645?s=96&d=mm&r=g","contentUrl":"https:\/\/secure.gravatar.com\/avatar\/1db852625ef4948f58d2739bfbc51e4b9bd5c93b8fa340b59fdb594ca0845645?s=96&d=mm&r=g","caption":"Super User"},"url":"https:\/\/ppdegalicia.com\/es\/author\/ppdegaliciagestion\/"}]}},"_links":{"self":[{"href":"https:\/\/ppdegalicia.com\/es\/wp-json\/wp\/v2\/posts\/52170","targetHints":{"allow":["GET"]}}],"collection":[{"href":"https:\/\/ppdegalicia.com\/es\/wp-json\/wp\/v2\/posts"}],"about":[{"href":"https:\/\/ppdegalicia.com\/es\/wp-json\/wp\/v2\/types\/post"}],"author":[{"embeddable":true,"href":"https:\/\/ppdegalicia.com\/es\/wp-json\/wp\/v2\/users\/37"}],"replies":[{"embeddable":true,"href":"https:\/\/ppdegalicia.com\/es\/wp-json\/wp\/v2\/comments?post=52170"}],"version-history":[{"count":0,"href":"https:\/\/ppdegalicia.com\/es\/wp-json\/wp\/v2\/posts\/52170\/revisions"}],"wp:attachment":[{"href":"https:\/\/ppdegalicia.com\/es\/wp-json\/wp\/v2\/media?parent=52170"}],"wp:term":[{"taxonomy":"category","embeddable":true,"href":"https:\/\/ppdegalicia.com\/es\/wp-json\/wp\/v2\/categories?post=52170"},{"taxonomy":"post_tag","embeddable":true,"href":"https:\/\/ppdegalicia.com\/es\/wp-json\/wp\/v2\/tags?post=52170"}],"curies":[{"name":"wp","href":"https:\/\/api.w.org\/{rel}","templated":true}]}}