{"id":52177,"date":"2019-10-02T11:01:04","date_gmt":"2019-10-02T09:01:04","guid":{"rendered":"https:\/\/ppdegalicia.com\/tellado-sanchez-e-unha-ameaza-constante-para-o-emprego-e-para-a-nosa-industria\/"},"modified":"2019-10-02T11:01:04","modified_gmt":"2019-10-02T09:01:04","slug":"tellado-sanchez-e-unha-ameaza-constante-para-o-emprego-e-para-a-nosa-industria","status":"publish","type":"post","link":"https:\/\/ppdegalicia.com\/es\/tellado-sanchez-e-unha-ameaza-constante-para-o-emprego-e-para-a-nosa-industria\/","title":{"rendered":"Tellado: \u201cS\u00e1nchez \u00e9 unha ameaza constante para o emprego e para a nosa industria\u201d"},"content":{"rendered":"<p><span style=\"text-decoration: underline;\">2, outubro, 2019.<\/span> O secretario xeral do PPdeG, Miguel Tellado, afirmou que Pedro S\u00e1nchez \u00e9 unha ameaza constante para o emprego tanto para a nosa Comunidade como para o conxunto do Estado. As\u00ed se expresaba tras publicarse os datos do paro de setembro, que tam\u00e9n reflicten que, malia que as decisi\u00f3ns do Executivo nacional non fan m\u00e1is que prexudicar \u00e1 nosa industria, \u201cGalicia segue resistindo o efecto S\u00e1nchez no emprego\u201d.&nbsp;&nbsp;&nbsp;<\/p>\n<p><!--more--><\/p>\n<p>&nbsp;<\/p>\n<p>Como destacou, na evoluci\u00f3n anual, o paro contin\u00faa caendo na Autonom\u00eda, que est\u00e1 mellor que hai unha d\u00e9cada, co desemprego descendendo un 5,61%. Ademais, en Galicia baixa o paro a maior ritmo que en Espa\u00f1a, mellorando o comportamento en case dous puntos e sendo a quinta Comunidade na que m\u00e1is dimin\u00fae.<\/p>\n<p>&nbsp;<\/p>\n<p>De igual xeito, indicou que seguimos superando o mill\u00f3n de afiliados \u00e1 Seguridade Social cun aumento do 1,54%, cumpr\u00edndose xa m\u00e1is de cinco anos de subidas consecutivas; e que a contrataci\u00f3n sobe nun 10,24%, cun ritmo superior en case tres puntos ao de Espa\u00f1a.<\/p>\n<p>&nbsp;<\/p>\n<p>\u201cSeguimos marcando as distancias co conxunto do Estado pese a que o Goberno central paralizou a carga de traballo do naval ferrol\u00e1n, aprobou un dieselazo prexudicial para o sector da automoci\u00f3n, segue sen dar unha soluci\u00f3n \u00e1s empresas electrointensivas, aposta polo peche ENCE e agora pon en risco 750 postos de traballo que se perder\u00edan co peche de Endesa nas Pontes\u201d, aseverou o n\u00famero dous do PPdeG, que lamentou que os socialistas non parasen de atacar \u00e1 industria galega nos \u00faltimos meses, \u201ccreando problemas onde non os hab\u00eda\u201d.<\/p>\n<p>&nbsp;<\/p>\n<p>No mesmo senso, afeou a actitude do PSdeG, que non \u00e9 capaz de alzar a voz a favor dos intereses dos galegos: \u201cDeixan claro que para eles o primeiro \u00e9 a s\u00faa obediencia a S\u00e1nchez e non lles importa que detr\u00e1s de cada decisi\u00f3n irresponsable haxa familias que se ven afectadas, desgraciadamente, sempre de maneira negativa\u201d. \u201cEspa\u00f1a xa sofre as consecuencias provocadas pola xesti\u00f3n do PSOE, co paro subindo e rexistr\u00e1ndose a menor subida do emprego desde 2013, e non podemos permitir que a Galicia lle ocorra o mesmo\u201d, manifestou.<\/p>\n<p>&nbsp;<\/p>\n<p><strong><span style=\"text-decoration: underline;\">COMPROMETIDOS CO EMPREGO INCLUSIVO<\/span><\/strong><\/p>\n<p>Pola contra, o secretario xeral puxo en valor que o Goberno auton\u00f3mico si cumpre co seu labor, salientando que, a trav\u00e9s da Axenda 20, trab\u00e1llase pola recuperaci\u00f3n do mercado laboral e para impulsar en Galicia o emprego de calidade, un obxectivo que s\u00f3 se ver\u00e1 cumprido se se acompa\u00f1a de medidas enfocadas a lograr un emprego inclusivo.<\/p>\n<p>&nbsp;<\/p>\n<p>Nese sentido, recordou que a Xunta destina, cada ano, ao redor de 40 mill\u00f3ns de euros en acci\u00f3ns de orientaci\u00f3n, formaci\u00f3n, contrataci\u00f3n e autoemprego dirixidas ao fomento do emprego inclusivo e, especialmente, para acadar a plena inclusi\u00f3n das persoas con capacidades diferentes.<\/p>\n<p>&nbsp;<\/p>\n<p>De feito, apuntou que este venres publ\u00edcase a convocatoria pola que se abre o prazo do novo programa de formaci\u00f3n dual destinado a persoas con discapacidade intelectual en colaboraci\u00f3n cos centros especiais de emprego que ofrecen un contrato para a formaci\u00f3n e aprendizaxe de tres anos de duraci\u00f3n con acceso a un certificado de profesionalidade; unha medida que se v\u00e9n sumar a outras como o Emprega Discapacidade ou as axudas aos centros especiais de emprego.<\/p>\n<p>&nbsp;<\/p>\n<p>\u201cFronte a un Executivo central que se basea na improvisaci\u00f3n, nos personalismos e no electoralismo, Galicia ten un Goberno que goberna e que xestiona dende hai unha d\u00e9cada\u201d, precisou Tellado admitindo que os galegos te\u00f1en o 10 de novembro a posibilidade de impedir sufrir con S\u00e1nchez o mesmo que vivimos con Zapatero e co bipartito: \u201cparo, crise e recesi\u00f3n econ\u00f3mica\u201d.<\/p>\n","protected":false},"excerpt":{"rendered":"<p>2, outubro, 2019. O secretario xeral do PPdeG, Miguel Tellado, afirmou que Pedro S\u00e1nchez \u00e9 unha ameaza constante para o emprego tanto para a nosa Comunidade como para o conxunto do Estado. As\u00ed se expresaba tras publicarse os datos do paro de setembro, que tam\u00e9n reflicten que, malia que as decisi\u00f3ns do Executivo nacional non [&hellip;]<\/p>\n","protected":false},"author":37,"featured_media":0,"comment_status":"open","ping_status":"open","sticky":false,"template":"","format":"standard","meta":{"_acf_changed":false,"footnotes":""},"categories":[1],"tags":[],"class_list":["post-52177","post","type-post","status-publish","format-standard","hentry","category-pp-de-galicia"],"acf":[],"yoast_head":"<!-- This site is optimized with the Yoast SEO plugin v27.3 - https:\/\/yoast.com\/product\/yoast-seo-wordpress\/ -->\n<title>Tellado: \u201cS\u00e1nchez \u00e9 unha ameaza constante para o emprego e para a nosa industria\u201d - PP de Galicia<\/title>\n<meta name=\"robots\" content=\"index, follow, max-snippet:-1, max-image-preview:large, max-video-preview:-1\" \/>\n<link rel=\"canonical\" href=\"https:\/\/ppdegalicia.com\/es\/tellado-sanchez-e-unha-ameaza-constante-para-o-emprego-e-para-a-nosa-industria\/\" \/>\n<meta property=\"og:locale\" content=\"es_ES\" \/>\n<meta property=\"og:type\" content=\"article\" \/>\n<meta property=\"og:title\" content=\"Tellado: \u201cS\u00e1nchez \u00e9 unha ameaza constante para o emprego e para a nosa industria\u201d - PP de Galicia\" \/>\n<meta property=\"og:description\" content=\"2, outubro, 2019. O secretario xeral do PPdeG, Miguel Tellado, afirmou que Pedro S\u00e1nchez \u00e9 unha ameaza constante para o emprego tanto para a nosa Comunidade como para o conxunto do Estado. As\u00ed se expresaba tras publicarse os datos do paro de setembro, que tam\u00e9n reflicten que, malia que as decisi\u00f3ns do Executivo nacional non [&hellip;]\" \/>\n<meta property=\"og:url\" content=\"https:\/\/ppdegalicia.com\/es\/tellado-sanchez-e-unha-ameaza-constante-para-o-emprego-e-para-a-nosa-industria\/\" \/>\n<meta property=\"og:site_name\" content=\"PP de Galicia\" \/>\n<meta property=\"article:publisher\" content=\"https:\/\/www.instagram.com\/ppdegalicia\/\" \/>\n<meta property=\"article:published_time\" content=\"2019-10-02T09:01:04+00:00\" \/>\n<meta name=\"author\" content=\"Super User\" \/>\n<meta name=\"twitter:card\" content=\"summary_large_image\" \/>\n<meta name=\"twitter:creator\" content=\"@ppdegalicia\" \/>\n<meta name=\"twitter:site\" content=\"@ppdegalicia\" \/>\n<meta name=\"twitter:label1\" content=\"Escrito por\" \/>\n\t<meta name=\"twitter:data1\" content=\"Super User\" \/>\n\t<meta name=\"twitter:label2\" content=\"Tiempo de lectura\" \/>\n\t<meta name=\"twitter:data2\" content=\"3 minutos\" \/>\n<script type=\"application\/ld+json\" class=\"yoast-schema-graph\">{\"@context\":\"https:\\\/\\\/schema.org\",\"@graph\":[{\"@type\":\"Article\",\"@id\":\"https:\\\/\\\/ppdegalicia.com\\\/es\\\/tellado-sanchez-e-unha-ameaza-constante-para-o-emprego-e-para-a-nosa-industria\\\/#article\",\"isPartOf\":{\"@id\":\"https:\\\/\\\/ppdegalicia.com\\\/es\\\/tellado-sanchez-e-unha-ameaza-constante-para-o-emprego-e-para-a-nosa-industria\\\/\"},\"author\":{\"name\":\"Super User\",\"@id\":\"https:\\\/\\\/ppdegalicia.com\\\/es\\\/#\\\/schema\\\/person\\\/d0f013b8388c980665d44009ab762960\"},\"headline\":\"Tellado: \u201cS\u00e1nchez \u00e9 unha ameaza constante para o emprego e para a nosa industria\u201d\",\"datePublished\":\"2019-10-02T09:01:04+00:00\",\"mainEntityOfPage\":{\"@id\":\"https:\\\/\\\/ppdegalicia.com\\\/es\\\/tellado-sanchez-e-unha-ameaza-constante-para-o-emprego-e-para-a-nosa-industria\\\/\"},\"wordCount\":643,\"commentCount\":0,\"publisher\":{\"@id\":\"https:\\\/\\\/ppdegalicia.com\\\/es\\\/#organization\"},\"articleSection\":[\"PP de Galicia\"],\"inLanguage\":\"es\",\"potentialAction\":[{\"@type\":\"CommentAction\",\"name\":\"Comment\",\"target\":[\"https:\\\/\\\/ppdegalicia.com\\\/es\\\/tellado-sanchez-e-unha-ameaza-constante-para-o-emprego-e-para-a-nosa-industria\\\/#respond\"]}]},{\"@type\":\"WebPage\",\"@id\":\"https:\\\/\\\/ppdegalicia.com\\\/es\\\/tellado-sanchez-e-unha-ameaza-constante-para-o-emprego-e-para-a-nosa-industria\\\/\",\"url\":\"https:\\\/\\\/ppdegalicia.com\\\/es\\\/tellado-sanchez-e-unha-ameaza-constante-para-o-emprego-e-para-a-nosa-industria\\\/\",\"name\":\"Tellado: \u201cS\u00e1nchez \u00e9 unha ameaza constante para o emprego e para a nosa industria\u201d - PP de Galicia\",\"isPartOf\":{\"@id\":\"https:\\\/\\\/ppdegalicia.com\\\/es\\\/#website\"},\"datePublished\":\"2019-10-02T09:01:04+00:00\",\"breadcrumb\":{\"@id\":\"https:\\\/\\\/ppdegalicia.com\\\/es\\\/tellado-sanchez-e-unha-ameaza-constante-para-o-emprego-e-para-a-nosa-industria\\\/#breadcrumb\"},\"inLanguage\":\"es\",\"potentialAction\":[{\"@type\":\"ReadAction\",\"target\":[\"https:\\\/\\\/ppdegalicia.com\\\/es\\\/tellado-sanchez-e-unha-ameaza-constante-para-o-emprego-e-para-a-nosa-industria\\\/\"]}]},{\"@type\":\"BreadcrumbList\",\"@id\":\"https:\\\/\\\/ppdegalicia.com\\\/es\\\/tellado-sanchez-e-unha-ameaza-constante-para-o-emprego-e-para-a-nosa-industria\\\/#breadcrumb\",\"itemListElement\":[{\"@type\":\"ListItem\",\"position\":1,\"name\":\"Portada\",\"item\":\"https:\\\/\\\/ppdegalicia.com\\\/es\\\/\"},{\"@type\":\"ListItem\",\"position\":2,\"name\":\"Tellado: \u201cS\u00e1nchez \u00e9 unha ameaza constante para o emprego e para a nosa industria\u201d\"}]},{\"@type\":\"WebSite\",\"@id\":\"https:\\\/\\\/ppdegalicia.com\\\/es\\\/#website\",\"url\":\"https:\\\/\\\/ppdegalicia.com\\\/es\\\/\",\"name\":\"Partido Popular de Galicia\",\"description\":\"Partido Popular de Galicia\",\"publisher\":{\"@id\":\"https:\\\/\\\/ppdegalicia.com\\\/es\\\/#organization\"},\"alternateName\":\"PP de Galicia\",\"potentialAction\":[{\"@type\":\"SearchAction\",\"target\":{\"@type\":\"EntryPoint\",\"urlTemplate\":\"https:\\\/\\\/ppdegalicia.com\\\/es\\\/?s={search_term_string}\"},\"query-input\":{\"@type\":\"PropertyValueSpecification\",\"valueRequired\":true,\"valueName\":\"search_term_string\"}}],\"inLanguage\":\"es\"},{\"@type\":\"Organization\",\"@id\":\"https:\\\/\\\/ppdegalicia.com\\\/es\\\/#organization\",\"name\":\"Partido Popular de Galicia\",\"alternateName\":\"PP de Galicia\",\"url\":\"https:\\\/\\\/ppdegalicia.com\\\/es\\\/\",\"logo\":{\"@type\":\"ImageObject\",\"inLanguage\":\"es\",\"@id\":\"https:\\\/\\\/ppdegalicia.com\\\/es\\\/#\\\/schema\\\/logo\\\/image\\\/\",\"url\":\"https:\\\/\\\/ppdegalicia.com\\\/wp-content\\\/uploads\\\/2023\\\/04\\\/logoPP512.png\",\"contentUrl\":\"https:\\\/\\\/ppdegalicia.com\\\/wp-content\\\/uploads\\\/2023\\\/04\\\/logoPP512.png\",\"width\":512,\"height\":512,\"caption\":\"Partido Popular de Galicia\"},\"image\":{\"@id\":\"https:\\\/\\\/ppdegalicia.com\\\/es\\\/#\\\/schema\\\/logo\\\/image\\\/\"},\"sameAs\":[\"https:\\\/\\\/www.instagram.com\\\/ppdegalicia\\\/\",\"https:\\\/\\\/x.com\\\/ppdegalicia\",\"https:\\\/\\\/www.tiktok.com\\\/@ppdegalicia\",\"https:\\\/\\\/www.youtube.com\\\/user\\\/ppdegalicia\"]},{\"@type\":\"Person\",\"@id\":\"https:\\\/\\\/ppdegalicia.com\\\/es\\\/#\\\/schema\\\/person\\\/d0f013b8388c980665d44009ab762960\",\"name\":\"Super User\",\"image\":{\"@type\":\"ImageObject\",\"inLanguage\":\"es\",\"@id\":\"https:\\\/\\\/secure.gravatar.com\\\/avatar\\\/1db852625ef4948f58d2739bfbc51e4b9bd5c93b8fa340b59fdb594ca0845645?s=96&d=mm&r=g\",\"url\":\"https:\\\/\\\/secure.gravatar.com\\\/avatar\\\/1db852625ef4948f58d2739bfbc51e4b9bd5c93b8fa340b59fdb594ca0845645?s=96&d=mm&r=g\",\"contentUrl\":\"https:\\\/\\\/secure.gravatar.com\\\/avatar\\\/1db852625ef4948f58d2739bfbc51e4b9bd5c93b8fa340b59fdb594ca0845645?s=96&d=mm&r=g\",\"caption\":\"Super User\"},\"url\":\"https:\\\/\\\/ppdegalicia.com\\\/es\\\/author\\\/ppdegaliciagestion\\\/\"}]}<\/script>\n<!-- \/ Yoast SEO plugin. -->","yoast_head_json":{"title":"Tellado: \u201cS\u00e1nchez \u00e9 unha ameaza constante para o emprego e para a nosa industria\u201d - PP de Galicia","robots":{"index":"index","follow":"follow","max-snippet":"max-snippet:-1","max-image-preview":"max-image-preview:large","max-video-preview":"max-video-preview:-1"},"canonical":"https:\/\/ppdegalicia.com\/es\/tellado-sanchez-e-unha-ameaza-constante-para-o-emprego-e-para-a-nosa-industria\/","og_locale":"es_ES","og_type":"article","og_title":"Tellado: \u201cS\u00e1nchez \u00e9 unha ameaza constante para o emprego e para a nosa industria\u201d - PP de Galicia","og_description":"2, outubro, 2019. O secretario xeral do PPdeG, Miguel Tellado, afirmou que Pedro S\u00e1nchez \u00e9 unha ameaza constante para o emprego tanto para a nosa Comunidade como para o conxunto do Estado. As\u00ed se expresaba tras publicarse os datos do paro de setembro, que tam\u00e9n reflicten que, malia que as decisi\u00f3ns do Executivo nacional non [&hellip;]","og_url":"https:\/\/ppdegalicia.com\/es\/tellado-sanchez-e-unha-ameaza-constante-para-o-emprego-e-para-a-nosa-industria\/","og_site_name":"PP de Galicia","article_publisher":"https:\/\/www.instagram.com\/ppdegalicia\/","article_published_time":"2019-10-02T09:01:04+00:00","author":"Super User","twitter_card":"summary_large_image","twitter_creator":"@ppdegalicia","twitter_site":"@ppdegalicia","twitter_misc":{"Escrito por":"Super User","Tiempo de lectura":"3 minutos"},"schema":{"@context":"https:\/\/schema.org","@graph":[{"@type":"Article","@id":"https:\/\/ppdegalicia.com\/es\/tellado-sanchez-e-unha-ameaza-constante-para-o-emprego-e-para-a-nosa-industria\/#article","isPartOf":{"@id":"https:\/\/ppdegalicia.com\/es\/tellado-sanchez-e-unha-ameaza-constante-para-o-emprego-e-para-a-nosa-industria\/"},"author":{"name":"Super User","@id":"https:\/\/ppdegalicia.com\/es\/#\/schema\/person\/d0f013b8388c980665d44009ab762960"},"headline":"Tellado: \u201cS\u00e1nchez \u00e9 unha ameaza constante para o emprego e para a nosa industria\u201d","datePublished":"2019-10-02T09:01:04+00:00","mainEntityOfPage":{"@id":"https:\/\/ppdegalicia.com\/es\/tellado-sanchez-e-unha-ameaza-constante-para-o-emprego-e-para-a-nosa-industria\/"},"wordCount":643,"commentCount":0,"publisher":{"@id":"https:\/\/ppdegalicia.com\/es\/#organization"},"articleSection":["PP de Galicia"],"inLanguage":"es","potentialAction":[{"@type":"CommentAction","name":"Comment","target":["https:\/\/ppdegalicia.com\/es\/tellado-sanchez-e-unha-ameaza-constante-para-o-emprego-e-para-a-nosa-industria\/#respond"]}]},{"@type":"WebPage","@id":"https:\/\/ppdegalicia.com\/es\/tellado-sanchez-e-unha-ameaza-constante-para-o-emprego-e-para-a-nosa-industria\/","url":"https:\/\/ppdegalicia.com\/es\/tellado-sanchez-e-unha-ameaza-constante-para-o-emprego-e-para-a-nosa-industria\/","name":"Tellado: \u201cS\u00e1nchez \u00e9 unha ameaza constante para o emprego e para a nosa industria\u201d - PP de Galicia","isPartOf":{"@id":"https:\/\/ppdegalicia.com\/es\/#website"},"datePublished":"2019-10-02T09:01:04+00:00","breadcrumb":{"@id":"https:\/\/ppdegalicia.com\/es\/tellado-sanchez-e-unha-ameaza-constante-para-o-emprego-e-para-a-nosa-industria\/#breadcrumb"},"inLanguage":"es","potentialAction":[{"@type":"ReadAction","target":["https:\/\/ppdegalicia.com\/es\/tellado-sanchez-e-unha-ameaza-constante-para-o-emprego-e-para-a-nosa-industria\/"]}]},{"@type":"BreadcrumbList","@id":"https:\/\/ppdegalicia.com\/es\/tellado-sanchez-e-unha-ameaza-constante-para-o-emprego-e-para-a-nosa-industria\/#breadcrumb","itemListElement":[{"@type":"ListItem","position":1,"name":"Portada","item":"https:\/\/ppdegalicia.com\/es\/"},{"@type":"ListItem","position":2,"name":"Tellado: \u201cS\u00e1nchez \u00e9 unha ameaza constante para o emprego e para a nosa industria\u201d"}]},{"@type":"WebSite","@id":"https:\/\/ppdegalicia.com\/es\/#website","url":"https:\/\/ppdegalicia.com\/es\/","name":"Partido Popular de Galicia","description":"Partido Popular de Galicia","publisher":{"@id":"https:\/\/ppdegalicia.com\/es\/#organization"},"alternateName":"PP de Galicia","potentialAction":[{"@type":"SearchAction","target":{"@type":"EntryPoint","urlTemplate":"https:\/\/ppdegalicia.com\/es\/?s={search_term_string}"},"query-input":{"@type":"PropertyValueSpecification","valueRequired":true,"valueName":"search_term_string"}}],"inLanguage":"es"},{"@type":"Organization","@id":"https:\/\/ppdegalicia.com\/es\/#organization","name":"Partido Popular de Galicia","alternateName":"PP de Galicia","url":"https:\/\/ppdegalicia.com\/es\/","logo":{"@type":"ImageObject","inLanguage":"es","@id":"https:\/\/ppdegalicia.com\/es\/#\/schema\/logo\/image\/","url":"https:\/\/ppdegalicia.com\/wp-content\/uploads\/2023\/04\/logoPP512.png","contentUrl":"https:\/\/ppdegalicia.com\/wp-content\/uploads\/2023\/04\/logoPP512.png","width":512,"height":512,"caption":"Partido Popular de Galicia"},"image":{"@id":"https:\/\/ppdegalicia.com\/es\/#\/schema\/logo\/image\/"},"sameAs":["https:\/\/www.instagram.com\/ppdegalicia\/","https:\/\/x.com\/ppdegalicia","https:\/\/www.tiktok.com\/@ppdegalicia","https:\/\/www.youtube.com\/user\/ppdegalicia"]},{"@type":"Person","@id":"https:\/\/ppdegalicia.com\/es\/#\/schema\/person\/d0f013b8388c980665d44009ab762960","name":"Super User","image":{"@type":"ImageObject","inLanguage":"es","@id":"https:\/\/secure.gravatar.com\/avatar\/1db852625ef4948f58d2739bfbc51e4b9bd5c93b8fa340b59fdb594ca0845645?s=96&d=mm&r=g","url":"https:\/\/secure.gravatar.com\/avatar\/1db852625ef4948f58d2739bfbc51e4b9bd5c93b8fa340b59fdb594ca0845645?s=96&d=mm&r=g","contentUrl":"https:\/\/secure.gravatar.com\/avatar\/1db852625ef4948f58d2739bfbc51e4b9bd5c93b8fa340b59fdb594ca0845645?s=96&d=mm&r=g","caption":"Super User"},"url":"https:\/\/ppdegalicia.com\/es\/author\/ppdegaliciagestion\/"}]}},"_links":{"self":[{"href":"https:\/\/ppdegalicia.com\/es\/wp-json\/wp\/v2\/posts\/52177","targetHints":{"allow":["GET"]}}],"collection":[{"href":"https:\/\/ppdegalicia.com\/es\/wp-json\/wp\/v2\/posts"}],"about":[{"href":"https:\/\/ppdegalicia.com\/es\/wp-json\/wp\/v2\/types\/post"}],"author":[{"embeddable":true,"href":"https:\/\/ppdegalicia.com\/es\/wp-json\/wp\/v2\/users\/37"}],"replies":[{"embeddable":true,"href":"https:\/\/ppdegalicia.com\/es\/wp-json\/wp\/v2\/comments?post=52177"}],"version-history":[{"count":0,"href":"https:\/\/ppdegalicia.com\/es\/wp-json\/wp\/v2\/posts\/52177\/revisions"}],"wp:attachment":[{"href":"https:\/\/ppdegalicia.com\/es\/wp-json\/wp\/v2\/media?parent=52177"}],"wp:term":[{"taxonomy":"category","embeddable":true,"href":"https:\/\/ppdegalicia.com\/es\/wp-json\/wp\/v2\/categories?post=52177"},{"taxonomy":"post_tag","embeddable":true,"href":"https:\/\/ppdegalicia.com\/es\/wp-json\/wp\/v2\/tags?post=52177"}],"curies":[{"name":"wp","href":"https:\/\/api.w.org\/{rel}","templated":true}]}}