{"id":52191,"date":"2019-10-08T14:40:29","date_gmt":"2019-10-08T12:40:29","guid":{"rendered":"https:\/\/ppdegalicia.com\/o-grupo-popular-defende-que-galicia-conta-con-mais-medidas-ca-nunca-para-o-impulso-demografico-e-o-asentamento-de-poboacion-no-rural\/"},"modified":"2019-10-08T14:40:29","modified_gmt":"2019-10-08T12:40:29","slug":"o-grupo-popular-defende-que-galicia-conta-con-mais-medidas-ca-nunca-para-o-impulso-demografico-e-o-asentamento-de-poboacion-no-rural","status":"publish","type":"post","link":"https:\/\/ppdegalicia.com\/es\/o-grupo-popular-defende-que-galicia-conta-con-mais-medidas-ca-nunca-para-o-impulso-demografico-e-o-asentamento-de-poboacion-no-rural\/","title":{"rendered":"O Grupo Popular defende que Galicia conta con m\u00e1is medidas ca nunca para o impulso demogr\u00e1fico e o asentamento de poboaci\u00f3n no rural"},"content":{"rendered":"<p>Santiago, 8 de outubro de 2019. A deputada popular Raquel Arias asegurou hoxe no pleno do Parlamento que \u201co Goberno de Feij\u00f3o \u00e9 o que puxo en marcha m\u00e1is medidas para o impulso demogr\u00e1fico en Galicia, especialmente no rural\u201d, ata tal punto que \u201cxa ten aprobado un anteproxecto de lei que se debater\u00e1 antes de que remate o ano na C\u00e1mara galega\u201d.<\/p>\n<p><!--more--><\/p>\n<p>\u201cO primeiro texto lexislativo destas caracter\u00edsticas de Espa\u00f1a\u201d, engadiu no debate dunha iniciativa do Grupo Socialista.<\/p>\n<p>&nbsp;<\/p>\n<p>Un compromiso co reto demogr\u00e1fico e o asentamento de poboaci\u00f3n no rural que se v\u00e9n traducindo nos \u00faltimos anos en medidas como as 61 casas ni\u00f1o que xa est\u00e1n funcionando ou as 30 casas do maior concedidas pola Xunta. \u201cIniciativas que permiten achegar servizos b\u00e1sicos de garder\u00eda e centro de d\u00eda de balde a concellos de menos de 5.000 habitantes\u201d, dixo Raquel Arias, quen sinalou que \u201co mesmo ocorre coa Red May, que leva servizos sanitarios e de atenci\u00f3n aos maiores ao rural\u201d.<\/p>\n<p>&nbsp;<\/p>\n<p><strong>UN PLUS PARA O RURAL<\/strong><\/p>\n<p>&nbsp;<\/p>\n<p>\u201cO rural necesita un plus de atenci\u00f3n e orzamentos\u201d, reco\u00f1eceu a deputada, ao tempo que lembrou o anuncio realizado polo Presidente da Xunta no Debate do Estado da Autonom\u00eda sobre o incremento dun 25 por cento na Tarxeta Benvida para aquelas familias que te\u00f1an fillos no rural. \u201cUnha medida que ning\u00fan grupo da oposici\u00f3n apoiou, ao igual que ocorreu coa gratuidade das escolas infant\u00eds a partir do segundo fillo\u201d, engadiu.<\/p>\n<p>&nbsp;<\/p>\n<p>Do mesmo xeito, Arias destacou medidas como o programa Impostos cero no rural, \u00fanico en Espa\u00f1a, do que xa se beneficiaron m\u00e1is de 59.000 galegos que non pagaron impostos na adquisici\u00f3n ou permuta de parcelas no marco da \u201cmaior bonificaci\u00f3n da historia para investir no rural\u201d. <br \/>Sen esquecer que nesta lexislatura a Xunta apoiou a incorporaci\u00f3n de 3.500 mozos \u00e1 actividade agraria cun investimento de m\u00e1is de 96 mill\u00f3ns de euros para favorecer o seu asentamento nos concellos menos habitados. Arias tam\u00e9n destacou a aposta polos servizos de conectividade como a banda ancha, que a d\u00eda de hoxe chega a case o 100% do territorio galego. \u201cCando Feij\u00f3o chegou ao goberno ao redor da metade da poboaci\u00f3n das provincias de Lugo e Ourense non ti\u00f1a cobertura\u201d.<\/p>\n<p>&nbsp;<\/p>\n<p><strong>LEI DE IMPULSO DEMOGR\u00c1FICO<\/strong><\/p>\n<p>&nbsp;<\/p>\n<p>A deputada popular lamentou que o Grupo Socialista \u201clle dea tan pouca importancia \u00e1 demograf\u00eda, presentando unha iniciativa de m\u00ednimos cando a Xunta xa ten aprobado o anteproxecto da Lei de Impulso Demogr\u00e1fico\u201d. \u201cA soluci\u00f3n ao reto demogr\u00e1fico non se pode liquidar pola v\u00eda r\u00e1pida como pretenderon facer hoxe os socialistas\u201d, engadiu.<\/p>\n","protected":false},"excerpt":{"rendered":"<p>Santiago, 8 de outubro de 2019. A deputada popular Raquel Arias asegurou hoxe no pleno do Parlamento que \u201co Goberno de Feij\u00f3o \u00e9 o que puxo en marcha m\u00e1is medidas para o impulso demogr\u00e1fico en Galicia, especialmente no rural\u201d, ata tal punto que \u201cxa ten aprobado un anteproxecto de lei que se debater\u00e1 antes de [&hellip;]<\/p>\n","protected":false},"author":37,"featured_media":0,"comment_status":"open","ping_status":"open","sticky":false,"template":"","format":"standard","meta":{"_acf_changed":false,"footnotes":""},"categories":[1],"tags":[],"class_list":["post-52191","post","type-post","status-publish","format-standard","hentry","category-pp-de-galicia"],"acf":[],"yoast_head":"<!-- This site is optimized with the Yoast SEO plugin v27.3 - https:\/\/yoast.com\/product\/yoast-seo-wordpress\/ -->\n<title>O Grupo Popular defende que Galicia conta con m\u00e1is medidas ca nunca para o impulso demogr\u00e1fico e o asentamento de poboaci\u00f3n no rural - PP de Galicia<\/title>\n<meta name=\"robots\" content=\"index, follow, max-snippet:-1, max-image-preview:large, max-video-preview:-1\" \/>\n<link rel=\"canonical\" href=\"https:\/\/ppdegalicia.com\/es\/o-grupo-popular-defende-que-galicia-conta-con-mais-medidas-ca-nunca-para-o-impulso-demografico-e-o-asentamento-de-poboacion-no-rural\/\" \/>\n<meta property=\"og:locale\" content=\"es_ES\" \/>\n<meta property=\"og:type\" content=\"article\" \/>\n<meta property=\"og:title\" content=\"O Grupo Popular defende que Galicia conta con m\u00e1is medidas ca nunca para o impulso demogr\u00e1fico e o asentamento de poboaci\u00f3n no rural - PP de Galicia\" \/>\n<meta property=\"og:description\" content=\"Santiago, 8 de outubro de 2019. A deputada popular Raquel Arias asegurou hoxe no pleno do Parlamento que \u201co Goberno de Feij\u00f3o \u00e9 o que puxo en marcha m\u00e1is medidas para o impulso demogr\u00e1fico en Galicia, especialmente no rural\u201d, ata tal punto que \u201cxa ten aprobado un anteproxecto de lei que se debater\u00e1 antes de [&hellip;]\" \/>\n<meta property=\"og:url\" content=\"https:\/\/ppdegalicia.com\/es\/o-grupo-popular-defende-que-galicia-conta-con-mais-medidas-ca-nunca-para-o-impulso-demografico-e-o-asentamento-de-poboacion-no-rural\/\" \/>\n<meta property=\"og:site_name\" content=\"PP de Galicia\" \/>\n<meta property=\"article:publisher\" content=\"https:\/\/www.instagram.com\/ppdegalicia\/\" \/>\n<meta property=\"article:published_time\" content=\"2019-10-08T12:40:29+00:00\" \/>\n<meta name=\"author\" content=\"Super User\" \/>\n<meta name=\"twitter:card\" content=\"summary_large_image\" \/>\n<meta name=\"twitter:creator\" content=\"@ppdegalicia\" \/>\n<meta name=\"twitter:site\" content=\"@ppdegalicia\" \/>\n<meta name=\"twitter:label1\" content=\"Escrito por\" \/>\n\t<meta name=\"twitter:data1\" content=\"Super User\" \/>\n\t<meta name=\"twitter:label2\" content=\"Tiempo de lectura\" \/>\n\t<meta name=\"twitter:data2\" content=\"2 minutos\" \/>\n<script type=\"application\/ld+json\" class=\"yoast-schema-graph\">{\"@context\":\"https:\\\/\\\/schema.org\",\"@graph\":[{\"@type\":\"Article\",\"@id\":\"https:\\\/\\\/ppdegalicia.com\\\/es\\\/o-grupo-popular-defende-que-galicia-conta-con-mais-medidas-ca-nunca-para-o-impulso-demografico-e-o-asentamento-de-poboacion-no-rural\\\/#article\",\"isPartOf\":{\"@id\":\"https:\\\/\\\/ppdegalicia.com\\\/es\\\/o-grupo-popular-defende-que-galicia-conta-con-mais-medidas-ca-nunca-para-o-impulso-demografico-e-o-asentamento-de-poboacion-no-rural\\\/\"},\"author\":{\"name\":\"Super User\",\"@id\":\"https:\\\/\\\/ppdegalicia.com\\\/es\\\/#\\\/schema\\\/person\\\/d0f013b8388c980665d44009ab762960\"},\"headline\":\"O Grupo Popular defende que Galicia conta con m\u00e1is medidas ca nunca para o impulso demogr\u00e1fico e o asentamento de poboaci\u00f3n no rural\",\"datePublished\":\"2019-10-08T12:40:29+00:00\",\"mainEntityOfPage\":{\"@id\":\"https:\\\/\\\/ppdegalicia.com\\\/es\\\/o-grupo-popular-defende-que-galicia-conta-con-mais-medidas-ca-nunca-para-o-impulso-demografico-e-o-asentamento-de-poboacion-no-rural\\\/\"},\"wordCount\":479,\"commentCount\":0,\"publisher\":{\"@id\":\"https:\\\/\\\/ppdegalicia.com\\\/es\\\/#organization\"},\"articleSection\":[\"PP de Galicia\"],\"inLanguage\":\"es\",\"potentialAction\":[{\"@type\":\"CommentAction\",\"name\":\"Comment\",\"target\":[\"https:\\\/\\\/ppdegalicia.com\\\/es\\\/o-grupo-popular-defende-que-galicia-conta-con-mais-medidas-ca-nunca-para-o-impulso-demografico-e-o-asentamento-de-poboacion-no-rural\\\/#respond\"]}]},{\"@type\":\"WebPage\",\"@id\":\"https:\\\/\\\/ppdegalicia.com\\\/es\\\/o-grupo-popular-defende-que-galicia-conta-con-mais-medidas-ca-nunca-para-o-impulso-demografico-e-o-asentamento-de-poboacion-no-rural\\\/\",\"url\":\"https:\\\/\\\/ppdegalicia.com\\\/es\\\/o-grupo-popular-defende-que-galicia-conta-con-mais-medidas-ca-nunca-para-o-impulso-demografico-e-o-asentamento-de-poboacion-no-rural\\\/\",\"name\":\"O Grupo Popular defende que Galicia conta con m\u00e1is medidas ca nunca para o impulso demogr\u00e1fico e o asentamento de poboaci\u00f3n no rural - PP de Galicia\",\"isPartOf\":{\"@id\":\"https:\\\/\\\/ppdegalicia.com\\\/es\\\/#website\"},\"datePublished\":\"2019-10-08T12:40:29+00:00\",\"breadcrumb\":{\"@id\":\"https:\\\/\\\/ppdegalicia.com\\\/es\\\/o-grupo-popular-defende-que-galicia-conta-con-mais-medidas-ca-nunca-para-o-impulso-demografico-e-o-asentamento-de-poboacion-no-rural\\\/#breadcrumb\"},\"inLanguage\":\"es\",\"potentialAction\":[{\"@type\":\"ReadAction\",\"target\":[\"https:\\\/\\\/ppdegalicia.com\\\/es\\\/o-grupo-popular-defende-que-galicia-conta-con-mais-medidas-ca-nunca-para-o-impulso-demografico-e-o-asentamento-de-poboacion-no-rural\\\/\"]}]},{\"@type\":\"BreadcrumbList\",\"@id\":\"https:\\\/\\\/ppdegalicia.com\\\/es\\\/o-grupo-popular-defende-que-galicia-conta-con-mais-medidas-ca-nunca-para-o-impulso-demografico-e-o-asentamento-de-poboacion-no-rural\\\/#breadcrumb\",\"itemListElement\":[{\"@type\":\"ListItem\",\"position\":1,\"name\":\"Portada\",\"item\":\"https:\\\/\\\/ppdegalicia.com\\\/es\\\/\"},{\"@type\":\"ListItem\",\"position\":2,\"name\":\"O Grupo Popular defende que Galicia conta con m\u00e1is medidas ca nunca para o impulso demogr\u00e1fico e o asentamento de poboaci\u00f3n no rural\"}]},{\"@type\":\"WebSite\",\"@id\":\"https:\\\/\\\/ppdegalicia.com\\\/es\\\/#website\",\"url\":\"https:\\\/\\\/ppdegalicia.com\\\/es\\\/\",\"name\":\"Partido Popular de Galicia\",\"description\":\"Partido Popular de Galicia\",\"publisher\":{\"@id\":\"https:\\\/\\\/ppdegalicia.com\\\/es\\\/#organization\"},\"alternateName\":\"PP de Galicia\",\"potentialAction\":[{\"@type\":\"SearchAction\",\"target\":{\"@type\":\"EntryPoint\",\"urlTemplate\":\"https:\\\/\\\/ppdegalicia.com\\\/es\\\/?s={search_term_string}\"},\"query-input\":{\"@type\":\"PropertyValueSpecification\",\"valueRequired\":true,\"valueName\":\"search_term_string\"}}],\"inLanguage\":\"es\"},{\"@type\":\"Organization\",\"@id\":\"https:\\\/\\\/ppdegalicia.com\\\/es\\\/#organization\",\"name\":\"Partido Popular de Galicia\",\"alternateName\":\"PP de Galicia\",\"url\":\"https:\\\/\\\/ppdegalicia.com\\\/es\\\/\",\"logo\":{\"@type\":\"ImageObject\",\"inLanguage\":\"es\",\"@id\":\"https:\\\/\\\/ppdegalicia.com\\\/es\\\/#\\\/schema\\\/logo\\\/image\\\/\",\"url\":\"https:\\\/\\\/ppdegalicia.com\\\/wp-content\\\/uploads\\\/2023\\\/04\\\/logoPP512.png\",\"contentUrl\":\"https:\\\/\\\/ppdegalicia.com\\\/wp-content\\\/uploads\\\/2023\\\/04\\\/logoPP512.png\",\"width\":512,\"height\":512,\"caption\":\"Partido Popular de Galicia\"},\"image\":{\"@id\":\"https:\\\/\\\/ppdegalicia.com\\\/es\\\/#\\\/schema\\\/logo\\\/image\\\/\"},\"sameAs\":[\"https:\\\/\\\/www.instagram.com\\\/ppdegalicia\\\/\",\"https:\\\/\\\/x.com\\\/ppdegalicia\",\"https:\\\/\\\/www.tiktok.com\\\/@ppdegalicia\",\"https:\\\/\\\/www.youtube.com\\\/user\\\/ppdegalicia\"]},{\"@type\":\"Person\",\"@id\":\"https:\\\/\\\/ppdegalicia.com\\\/es\\\/#\\\/schema\\\/person\\\/d0f013b8388c980665d44009ab762960\",\"name\":\"Super User\",\"image\":{\"@type\":\"ImageObject\",\"inLanguage\":\"es\",\"@id\":\"https:\\\/\\\/secure.gravatar.com\\\/avatar\\\/1db852625ef4948f58d2739bfbc51e4b9bd5c93b8fa340b59fdb594ca0845645?s=96&d=mm&r=g\",\"url\":\"https:\\\/\\\/secure.gravatar.com\\\/avatar\\\/1db852625ef4948f58d2739bfbc51e4b9bd5c93b8fa340b59fdb594ca0845645?s=96&d=mm&r=g\",\"contentUrl\":\"https:\\\/\\\/secure.gravatar.com\\\/avatar\\\/1db852625ef4948f58d2739bfbc51e4b9bd5c93b8fa340b59fdb594ca0845645?s=96&d=mm&r=g\",\"caption\":\"Super User\"},\"url\":\"https:\\\/\\\/ppdegalicia.com\\\/es\\\/author\\\/ppdegaliciagestion\\\/\"}]}<\/script>\n<!-- \/ Yoast SEO plugin. -->","yoast_head_json":{"title":"O Grupo Popular defende que Galicia conta con m\u00e1is medidas ca nunca para o impulso demogr\u00e1fico e o asentamento de poboaci\u00f3n no rural - PP de Galicia","robots":{"index":"index","follow":"follow","max-snippet":"max-snippet:-1","max-image-preview":"max-image-preview:large","max-video-preview":"max-video-preview:-1"},"canonical":"https:\/\/ppdegalicia.com\/es\/o-grupo-popular-defende-que-galicia-conta-con-mais-medidas-ca-nunca-para-o-impulso-demografico-e-o-asentamento-de-poboacion-no-rural\/","og_locale":"es_ES","og_type":"article","og_title":"O Grupo Popular defende que Galicia conta con m\u00e1is medidas ca nunca para o impulso demogr\u00e1fico e o asentamento de poboaci\u00f3n no rural - PP de Galicia","og_description":"Santiago, 8 de outubro de 2019. A deputada popular Raquel Arias asegurou hoxe no pleno do Parlamento que \u201co Goberno de Feij\u00f3o \u00e9 o que puxo en marcha m\u00e1is medidas para o impulso demogr\u00e1fico en Galicia, especialmente no rural\u201d, ata tal punto que \u201cxa ten aprobado un anteproxecto de lei que se debater\u00e1 antes de [&hellip;]","og_url":"https:\/\/ppdegalicia.com\/es\/o-grupo-popular-defende-que-galicia-conta-con-mais-medidas-ca-nunca-para-o-impulso-demografico-e-o-asentamento-de-poboacion-no-rural\/","og_site_name":"PP de Galicia","article_publisher":"https:\/\/www.instagram.com\/ppdegalicia\/","article_published_time":"2019-10-08T12:40:29+00:00","author":"Super User","twitter_card":"summary_large_image","twitter_creator":"@ppdegalicia","twitter_site":"@ppdegalicia","twitter_misc":{"Escrito por":"Super User","Tiempo de lectura":"2 minutos"},"schema":{"@context":"https:\/\/schema.org","@graph":[{"@type":"Article","@id":"https:\/\/ppdegalicia.com\/es\/o-grupo-popular-defende-que-galicia-conta-con-mais-medidas-ca-nunca-para-o-impulso-demografico-e-o-asentamento-de-poboacion-no-rural\/#article","isPartOf":{"@id":"https:\/\/ppdegalicia.com\/es\/o-grupo-popular-defende-que-galicia-conta-con-mais-medidas-ca-nunca-para-o-impulso-demografico-e-o-asentamento-de-poboacion-no-rural\/"},"author":{"name":"Super User","@id":"https:\/\/ppdegalicia.com\/es\/#\/schema\/person\/d0f013b8388c980665d44009ab762960"},"headline":"O Grupo Popular defende que Galicia conta con m\u00e1is medidas ca nunca para o impulso demogr\u00e1fico e o asentamento de poboaci\u00f3n no rural","datePublished":"2019-10-08T12:40:29+00:00","mainEntityOfPage":{"@id":"https:\/\/ppdegalicia.com\/es\/o-grupo-popular-defende-que-galicia-conta-con-mais-medidas-ca-nunca-para-o-impulso-demografico-e-o-asentamento-de-poboacion-no-rural\/"},"wordCount":479,"commentCount":0,"publisher":{"@id":"https:\/\/ppdegalicia.com\/es\/#organization"},"articleSection":["PP de Galicia"],"inLanguage":"es","potentialAction":[{"@type":"CommentAction","name":"Comment","target":["https:\/\/ppdegalicia.com\/es\/o-grupo-popular-defende-que-galicia-conta-con-mais-medidas-ca-nunca-para-o-impulso-demografico-e-o-asentamento-de-poboacion-no-rural\/#respond"]}]},{"@type":"WebPage","@id":"https:\/\/ppdegalicia.com\/es\/o-grupo-popular-defende-que-galicia-conta-con-mais-medidas-ca-nunca-para-o-impulso-demografico-e-o-asentamento-de-poboacion-no-rural\/","url":"https:\/\/ppdegalicia.com\/es\/o-grupo-popular-defende-que-galicia-conta-con-mais-medidas-ca-nunca-para-o-impulso-demografico-e-o-asentamento-de-poboacion-no-rural\/","name":"O Grupo Popular defende que Galicia conta con m\u00e1is medidas ca nunca para o impulso demogr\u00e1fico e o asentamento de poboaci\u00f3n no rural - PP de Galicia","isPartOf":{"@id":"https:\/\/ppdegalicia.com\/es\/#website"},"datePublished":"2019-10-08T12:40:29+00:00","breadcrumb":{"@id":"https:\/\/ppdegalicia.com\/es\/o-grupo-popular-defende-que-galicia-conta-con-mais-medidas-ca-nunca-para-o-impulso-demografico-e-o-asentamento-de-poboacion-no-rural\/#breadcrumb"},"inLanguage":"es","potentialAction":[{"@type":"ReadAction","target":["https:\/\/ppdegalicia.com\/es\/o-grupo-popular-defende-que-galicia-conta-con-mais-medidas-ca-nunca-para-o-impulso-demografico-e-o-asentamento-de-poboacion-no-rural\/"]}]},{"@type":"BreadcrumbList","@id":"https:\/\/ppdegalicia.com\/es\/o-grupo-popular-defende-que-galicia-conta-con-mais-medidas-ca-nunca-para-o-impulso-demografico-e-o-asentamento-de-poboacion-no-rural\/#breadcrumb","itemListElement":[{"@type":"ListItem","position":1,"name":"Portada","item":"https:\/\/ppdegalicia.com\/es\/"},{"@type":"ListItem","position":2,"name":"O Grupo Popular defende que Galicia conta con m\u00e1is medidas ca nunca para o impulso demogr\u00e1fico e o asentamento de poboaci\u00f3n no rural"}]},{"@type":"WebSite","@id":"https:\/\/ppdegalicia.com\/es\/#website","url":"https:\/\/ppdegalicia.com\/es\/","name":"Partido Popular de Galicia","description":"Partido Popular de Galicia","publisher":{"@id":"https:\/\/ppdegalicia.com\/es\/#organization"},"alternateName":"PP de Galicia","potentialAction":[{"@type":"SearchAction","target":{"@type":"EntryPoint","urlTemplate":"https:\/\/ppdegalicia.com\/es\/?s={search_term_string}"},"query-input":{"@type":"PropertyValueSpecification","valueRequired":true,"valueName":"search_term_string"}}],"inLanguage":"es"},{"@type":"Organization","@id":"https:\/\/ppdegalicia.com\/es\/#organization","name":"Partido Popular de Galicia","alternateName":"PP de Galicia","url":"https:\/\/ppdegalicia.com\/es\/","logo":{"@type":"ImageObject","inLanguage":"es","@id":"https:\/\/ppdegalicia.com\/es\/#\/schema\/logo\/image\/","url":"https:\/\/ppdegalicia.com\/wp-content\/uploads\/2023\/04\/logoPP512.png","contentUrl":"https:\/\/ppdegalicia.com\/wp-content\/uploads\/2023\/04\/logoPP512.png","width":512,"height":512,"caption":"Partido Popular de Galicia"},"image":{"@id":"https:\/\/ppdegalicia.com\/es\/#\/schema\/logo\/image\/"},"sameAs":["https:\/\/www.instagram.com\/ppdegalicia\/","https:\/\/x.com\/ppdegalicia","https:\/\/www.tiktok.com\/@ppdegalicia","https:\/\/www.youtube.com\/user\/ppdegalicia"]},{"@type":"Person","@id":"https:\/\/ppdegalicia.com\/es\/#\/schema\/person\/d0f013b8388c980665d44009ab762960","name":"Super User","image":{"@type":"ImageObject","inLanguage":"es","@id":"https:\/\/secure.gravatar.com\/avatar\/1db852625ef4948f58d2739bfbc51e4b9bd5c93b8fa340b59fdb594ca0845645?s=96&d=mm&r=g","url":"https:\/\/secure.gravatar.com\/avatar\/1db852625ef4948f58d2739bfbc51e4b9bd5c93b8fa340b59fdb594ca0845645?s=96&d=mm&r=g","contentUrl":"https:\/\/secure.gravatar.com\/avatar\/1db852625ef4948f58d2739bfbc51e4b9bd5c93b8fa340b59fdb594ca0845645?s=96&d=mm&r=g","caption":"Super User"},"url":"https:\/\/ppdegalicia.com\/es\/author\/ppdegaliciagestion\/"}]}},"_links":{"self":[{"href":"https:\/\/ppdegalicia.com\/es\/wp-json\/wp\/v2\/posts\/52191","targetHints":{"allow":["GET"]}}],"collection":[{"href":"https:\/\/ppdegalicia.com\/es\/wp-json\/wp\/v2\/posts"}],"about":[{"href":"https:\/\/ppdegalicia.com\/es\/wp-json\/wp\/v2\/types\/post"}],"author":[{"embeddable":true,"href":"https:\/\/ppdegalicia.com\/es\/wp-json\/wp\/v2\/users\/37"}],"replies":[{"embeddable":true,"href":"https:\/\/ppdegalicia.com\/es\/wp-json\/wp\/v2\/comments?post=52191"}],"version-history":[{"count":0,"href":"https:\/\/ppdegalicia.com\/es\/wp-json\/wp\/v2\/posts\/52191\/revisions"}],"wp:attachment":[{"href":"https:\/\/ppdegalicia.com\/es\/wp-json\/wp\/v2\/media?parent=52191"}],"wp:term":[{"taxonomy":"category","embeddable":true,"href":"https:\/\/ppdegalicia.com\/es\/wp-json\/wp\/v2\/categories?post=52191"},{"taxonomy":"post_tag","embeddable":true,"href":"https:\/\/ppdegalicia.com\/es\/wp-json\/wp\/v2\/tags?post=52191"}],"curies":[{"name":"wp","href":"https:\/\/api.w.org\/{rel}","templated":true}]}}