{"id":52204,"date":"2019-10-11T12:08:09","date_gmt":"2019-10-11T10:08:09","guid":{"rendered":"https:\/\/ppdegalicia.com\/o-parlamento-galego-demanda-que-a-xunta-difunda-e-defenda-o-ditame-do-consello-galego-de-pesca-sobre-o-novo-fondo-maritimo-e-de-pesca\/"},"modified":"2019-10-11T12:08:09","modified_gmt":"2019-10-11T10:08:09","slug":"o-parlamento-galego-demanda-que-a-xunta-difunda-e-defenda-o-ditame-do-consello-galego-de-pesca-sobre-o-novo-fondo-maritimo-e-de-pesca","status":"publish","type":"post","link":"https:\/\/ppdegalicia.com\/es\/o-parlamento-galego-demanda-que-a-xunta-difunda-e-defenda-o-ditame-do-consello-galego-de-pesca-sobre-o-novo-fondo-maritimo-e-de-pesca\/","title":{"rendered":"O Parlamento galego demanda que a Xunta difunda e defenda o ditame do Consello Galego de Pesca sobre o novo Fondo Mar\u00edtimo e de Pesca"},"content":{"rendered":"<p>Santiago, 10 de outubro de 2019.- O Parlamento de Galicia aprobou hoxe a proposici\u00f3n non de lei do Grupo Popular a trav\u00e9s da que se insta \u00e1 Xunta a difundir e defender o ditame aprobado no Consello Galego de Pesca en relaci\u00f3n coa \u201cProposta de Regulamento do Parlamento Europeo e do Consello relativo ao Fondo Europeo Mar\u00edtimo e de Pesca e polo que se derroga o Regulamento (UE) 508\/2014 do Parlamento Europeo e do Consello\u201d, as\u00ed como facer part\u00edcipe del ao Goberno central, para que os seus representantes poidan facer valer os argumentos sinalados polo sector pesqueiro galego.<\/p>\n<p><!--more--><\/p>\n<p>&nbsp;<\/p>\n<p>En concreto, as aportaci\u00f3ns de Galicia recollen principalmente unha simplificaci\u00f3n de tr\u00e1mites administrativos para que sexa m\u00e1is eficiente que o actual; inclu\u00edr o criterio de que \u2018todo o que non estea expresamente prohibido no regulamento, ser\u00e1 elixible no novo fondo\u2019; clarificar a non asimilaci\u00f3n de delitos de pesca e faltas administrativas derivadas do incumprimento de medidas t\u00e9cnicas; flexibilidade de cara ao futuro, sobre todo ante retos que se aveci\u00f1an, como \u00e9 o Brexit duro; ratios de cofinanciaci\u00f3n; reservar unha cantidade dos fondos a proxectos transnacionais; axudas para melloras dos medios de control, da seguridade e da trazabilidade; melloras na habitabilidade, condici\u00f3ns de traballo e conciliaci\u00f3n a bordo; renovaci\u00f3n de buques e mellora da xesti\u00f3n pesqueira; continuar subvencionando empresas de transformaci\u00f3n, inclusi\u00f3n de li\u00f1as para o desenvolvemento tecnol\u00f3xico e elixibilidade de grandes empresas; promoci\u00f3n dos produtos do mar; e formaci\u00f3n e aposta por I+D+I.<\/p>\n<p>&nbsp;<\/p>\n<p>O deputado popular Alberto Pazos lembrou que a Comisi\u00f3n Europea difund\u00eda o 12 de xu\u00f1o de 2018 a proposta dun novo Fondo Europeo Mar\u00edtimo e de Pesca, que contar\u00e1 cun orzamento total de 6.140 mill\u00f3ns de euros. Este novo fondo estar\u00e1 centrado en catro prioridades: fomentar a pesca sostible e da conservaci\u00f3n dos recursos biol\u00f3xicos mari\u00f1os; contribu\u00edr \u00e1 seguridade alimentaria na Uni\u00f3n Europea a trav\u00e9s dunha acuicultura e mercados sostibles e competitivos; permitir o crecemento dunha econom\u00eda azul sostible e fomentar comunidades costeiras pr\u00f3speras; e fortalecer a gobernanza internacional dos oc\u00e9anos e habilitaci\u00f3n de mares seguros, limpos e xestionados de forma sostible.<\/p>\n<p>&nbsp;<\/p>\n<p><strong>FONDO SIMPLIFICADO<\/strong><\/p>\n<p>&nbsp;<\/p>\n<p>\u201cGalicia avoga por un fondo que sexa acorde e coordinado coa normativa europea; cunha estrutura espec\u00edfica para a pesca, o marisqueo, a acuicultura e a transformaci\u00f3n; e orientado a conseguir os obxectivos da Pol\u00edtica Com\u00fan de Pesca\u201d, concretou o deputado popular. Ademais, engadiu que \u201cfacemos fincap\u00e9 na necesidade dun futuro fondo de financiamento simplificado para facilitar a s\u00faa aplicaci\u00f3n pr\u00e1ctica \u00e1s administraci\u00f3ns\u201d.<\/p>\n<p>&nbsp;<\/p>\n<p>En canto \u00e1 estrutura deste futuro fondo, Alberto Pazos defendeu \u201ca necesidade de que sexa horizontal e com\u00fan para aquelas cuesti\u00f3ns integrais que requiren de actuaci\u00f3ns xerais e coordinadas entre Estados ou rexi\u00f3ns, como a Pol\u00edtica Mar\u00edtima ou o plan de Acci\u00f3n do Atl\u00e1ntico\u201d.<\/p>\n<p>&nbsp;<\/p>\n<p>\u201cConcretamente, consideramos prioritario para este novo fondo de financiaci\u00f3n o relevo xeracional; a adecuaci\u00f3n ao esforzo pesqueiro, o apoio \u00e1 mellora da organizaci\u00f3n e o reforzo do esp\u00edrito de colectividade dos bens com\u00fans que hai no mar para mellorar a s\u00faa xesti\u00f3n e explotaci\u00f3n; e tam\u00e9n manter a competitividade do sector transformador e a diversificaci\u00f3n econ\u00f3mica do sector, especialmente en zonas costeiras rurais\u201d.<\/p>\n","protected":false},"excerpt":{"rendered":"<p>Santiago, 10 de outubro de 2019.- O Parlamento de Galicia aprobou hoxe a proposici\u00f3n non de lei do Grupo Popular a trav\u00e9s da que se insta \u00e1 Xunta a difundir e defender o ditame aprobado no Consello Galego de Pesca en relaci\u00f3n coa \u201cProposta de Regulamento do Parlamento Europeo e do Consello relativo ao Fondo [&hellip;]<\/p>\n","protected":false},"author":37,"featured_media":0,"comment_status":"open","ping_status":"open","sticky":false,"template":"","format":"standard","meta":{"_acf_changed":false,"footnotes":""},"categories":[1],"tags":[],"class_list":["post-52204","post","type-post","status-publish","format-standard","hentry","category-pp-de-galicia"],"acf":[],"yoast_head":"<!-- This site is optimized with the Yoast SEO plugin v27.3 - https:\/\/yoast.com\/product\/yoast-seo-wordpress\/ -->\n<title>O Parlamento galego demanda que a Xunta difunda e defenda o ditame do Consello Galego de Pesca sobre o novo Fondo Mar\u00edtimo e de Pesca - PP de Galicia<\/title>\n<meta name=\"robots\" content=\"index, follow, max-snippet:-1, max-image-preview:large, max-video-preview:-1\" \/>\n<link rel=\"canonical\" href=\"https:\/\/ppdegalicia.com\/es\/o-parlamento-galego-demanda-que-a-xunta-difunda-e-defenda-o-ditame-do-consello-galego-de-pesca-sobre-o-novo-fondo-maritimo-e-de-pesca\/\" \/>\n<meta property=\"og:locale\" content=\"es_ES\" \/>\n<meta property=\"og:type\" content=\"article\" \/>\n<meta property=\"og:title\" content=\"O Parlamento galego demanda que a Xunta difunda e defenda o ditame do Consello Galego de Pesca sobre o novo Fondo Mar\u00edtimo e de Pesca - PP de Galicia\" \/>\n<meta property=\"og:description\" content=\"Santiago, 10 de outubro de 2019.- O Parlamento de Galicia aprobou hoxe a proposici\u00f3n non de lei do Grupo Popular a trav\u00e9s da que se insta \u00e1 Xunta a difundir e defender o ditame aprobado no Consello Galego de Pesca en relaci\u00f3n coa \u201cProposta de Regulamento do Parlamento Europeo e do Consello relativo ao Fondo [&hellip;]\" \/>\n<meta property=\"og:url\" content=\"https:\/\/ppdegalicia.com\/es\/o-parlamento-galego-demanda-que-a-xunta-difunda-e-defenda-o-ditame-do-consello-galego-de-pesca-sobre-o-novo-fondo-maritimo-e-de-pesca\/\" \/>\n<meta property=\"og:site_name\" content=\"PP de Galicia\" \/>\n<meta property=\"article:publisher\" content=\"https:\/\/www.instagram.com\/ppdegalicia\/\" \/>\n<meta property=\"article:published_time\" content=\"2019-10-11T10:08:09+00:00\" \/>\n<meta name=\"author\" content=\"Super User\" \/>\n<meta name=\"twitter:card\" content=\"summary_large_image\" \/>\n<meta name=\"twitter:creator\" content=\"@ppdegalicia\" \/>\n<meta name=\"twitter:site\" content=\"@ppdegalicia\" \/>\n<meta name=\"twitter:label1\" content=\"Escrito por\" \/>\n\t<meta name=\"twitter:data1\" content=\"Super User\" \/>\n\t<meta name=\"twitter:label2\" content=\"Tiempo de lectura\" \/>\n\t<meta name=\"twitter:data2\" content=\"3 minutos\" \/>\n<script type=\"application\/ld+json\" class=\"yoast-schema-graph\">{\"@context\":\"https:\\\/\\\/schema.org\",\"@graph\":[{\"@type\":\"Article\",\"@id\":\"https:\\\/\\\/ppdegalicia.com\\\/es\\\/o-parlamento-galego-demanda-que-a-xunta-difunda-e-defenda-o-ditame-do-consello-galego-de-pesca-sobre-o-novo-fondo-maritimo-e-de-pesca\\\/#article\",\"isPartOf\":{\"@id\":\"https:\\\/\\\/ppdegalicia.com\\\/es\\\/o-parlamento-galego-demanda-que-a-xunta-difunda-e-defenda-o-ditame-do-consello-galego-de-pesca-sobre-o-novo-fondo-maritimo-e-de-pesca\\\/\"},\"author\":{\"name\":\"Super User\",\"@id\":\"https:\\\/\\\/ppdegalicia.com\\\/es\\\/#\\\/schema\\\/person\\\/d0f013b8388c980665d44009ab762960\"},\"headline\":\"O Parlamento galego demanda que a Xunta difunda e defenda o ditame do Consello Galego de Pesca sobre o novo Fondo Mar\u00edtimo e de Pesca\",\"datePublished\":\"2019-10-11T10:08:09+00:00\",\"mainEntityOfPage\":{\"@id\":\"https:\\\/\\\/ppdegalicia.com\\\/es\\\/o-parlamento-galego-demanda-que-a-xunta-difunda-e-defenda-o-ditame-do-consello-galego-de-pesca-sobre-o-novo-fondo-maritimo-e-de-pesca\\\/\"},\"wordCount\":604,\"commentCount\":0,\"publisher\":{\"@id\":\"https:\\\/\\\/ppdegalicia.com\\\/es\\\/#organization\"},\"articleSection\":[\"PP de Galicia\"],\"inLanguage\":\"es\",\"potentialAction\":[{\"@type\":\"CommentAction\",\"name\":\"Comment\",\"target\":[\"https:\\\/\\\/ppdegalicia.com\\\/es\\\/o-parlamento-galego-demanda-que-a-xunta-difunda-e-defenda-o-ditame-do-consello-galego-de-pesca-sobre-o-novo-fondo-maritimo-e-de-pesca\\\/#respond\"]}]},{\"@type\":\"WebPage\",\"@id\":\"https:\\\/\\\/ppdegalicia.com\\\/es\\\/o-parlamento-galego-demanda-que-a-xunta-difunda-e-defenda-o-ditame-do-consello-galego-de-pesca-sobre-o-novo-fondo-maritimo-e-de-pesca\\\/\",\"url\":\"https:\\\/\\\/ppdegalicia.com\\\/es\\\/o-parlamento-galego-demanda-que-a-xunta-difunda-e-defenda-o-ditame-do-consello-galego-de-pesca-sobre-o-novo-fondo-maritimo-e-de-pesca\\\/\",\"name\":\"O Parlamento galego demanda que a Xunta difunda e defenda o ditame do Consello Galego de Pesca sobre o novo Fondo Mar\u00edtimo e de Pesca - PP de Galicia\",\"isPartOf\":{\"@id\":\"https:\\\/\\\/ppdegalicia.com\\\/es\\\/#website\"},\"datePublished\":\"2019-10-11T10:08:09+00:00\",\"breadcrumb\":{\"@id\":\"https:\\\/\\\/ppdegalicia.com\\\/es\\\/o-parlamento-galego-demanda-que-a-xunta-difunda-e-defenda-o-ditame-do-consello-galego-de-pesca-sobre-o-novo-fondo-maritimo-e-de-pesca\\\/#breadcrumb\"},\"inLanguage\":\"es\",\"potentialAction\":[{\"@type\":\"ReadAction\",\"target\":[\"https:\\\/\\\/ppdegalicia.com\\\/es\\\/o-parlamento-galego-demanda-que-a-xunta-difunda-e-defenda-o-ditame-do-consello-galego-de-pesca-sobre-o-novo-fondo-maritimo-e-de-pesca\\\/\"]}]},{\"@type\":\"BreadcrumbList\",\"@id\":\"https:\\\/\\\/ppdegalicia.com\\\/es\\\/o-parlamento-galego-demanda-que-a-xunta-difunda-e-defenda-o-ditame-do-consello-galego-de-pesca-sobre-o-novo-fondo-maritimo-e-de-pesca\\\/#breadcrumb\",\"itemListElement\":[{\"@type\":\"ListItem\",\"position\":1,\"name\":\"Portada\",\"item\":\"https:\\\/\\\/ppdegalicia.com\\\/es\\\/\"},{\"@type\":\"ListItem\",\"position\":2,\"name\":\"O Parlamento galego demanda que a Xunta difunda e defenda o ditame do Consello Galego de Pesca sobre o novo Fondo Mar\u00edtimo e de Pesca\"}]},{\"@type\":\"WebSite\",\"@id\":\"https:\\\/\\\/ppdegalicia.com\\\/es\\\/#website\",\"url\":\"https:\\\/\\\/ppdegalicia.com\\\/es\\\/\",\"name\":\"Partido Popular de Galicia\",\"description\":\"Partido Popular de Galicia\",\"publisher\":{\"@id\":\"https:\\\/\\\/ppdegalicia.com\\\/es\\\/#organization\"},\"alternateName\":\"PP de Galicia\",\"potentialAction\":[{\"@type\":\"SearchAction\",\"target\":{\"@type\":\"EntryPoint\",\"urlTemplate\":\"https:\\\/\\\/ppdegalicia.com\\\/es\\\/?s={search_term_string}\"},\"query-input\":{\"@type\":\"PropertyValueSpecification\",\"valueRequired\":true,\"valueName\":\"search_term_string\"}}],\"inLanguage\":\"es\"},{\"@type\":\"Organization\",\"@id\":\"https:\\\/\\\/ppdegalicia.com\\\/es\\\/#organization\",\"name\":\"Partido Popular de Galicia\",\"alternateName\":\"PP de Galicia\",\"url\":\"https:\\\/\\\/ppdegalicia.com\\\/es\\\/\",\"logo\":{\"@type\":\"ImageObject\",\"inLanguage\":\"es\",\"@id\":\"https:\\\/\\\/ppdegalicia.com\\\/es\\\/#\\\/schema\\\/logo\\\/image\\\/\",\"url\":\"https:\\\/\\\/ppdegalicia.com\\\/wp-content\\\/uploads\\\/2023\\\/04\\\/logoPP512.png\",\"contentUrl\":\"https:\\\/\\\/ppdegalicia.com\\\/wp-content\\\/uploads\\\/2023\\\/04\\\/logoPP512.png\",\"width\":512,\"height\":512,\"caption\":\"Partido Popular de Galicia\"},\"image\":{\"@id\":\"https:\\\/\\\/ppdegalicia.com\\\/es\\\/#\\\/schema\\\/logo\\\/image\\\/\"},\"sameAs\":[\"https:\\\/\\\/www.instagram.com\\\/ppdegalicia\\\/\",\"https:\\\/\\\/x.com\\\/ppdegalicia\",\"https:\\\/\\\/www.tiktok.com\\\/@ppdegalicia\",\"https:\\\/\\\/www.youtube.com\\\/user\\\/ppdegalicia\"]},{\"@type\":\"Person\",\"@id\":\"https:\\\/\\\/ppdegalicia.com\\\/es\\\/#\\\/schema\\\/person\\\/d0f013b8388c980665d44009ab762960\",\"name\":\"Super User\",\"image\":{\"@type\":\"ImageObject\",\"inLanguage\":\"es\",\"@id\":\"https:\\\/\\\/secure.gravatar.com\\\/avatar\\\/1db852625ef4948f58d2739bfbc51e4b9bd5c93b8fa340b59fdb594ca0845645?s=96&d=mm&r=g\",\"url\":\"https:\\\/\\\/secure.gravatar.com\\\/avatar\\\/1db852625ef4948f58d2739bfbc51e4b9bd5c93b8fa340b59fdb594ca0845645?s=96&d=mm&r=g\",\"contentUrl\":\"https:\\\/\\\/secure.gravatar.com\\\/avatar\\\/1db852625ef4948f58d2739bfbc51e4b9bd5c93b8fa340b59fdb594ca0845645?s=96&d=mm&r=g\",\"caption\":\"Super User\"},\"url\":\"https:\\\/\\\/ppdegalicia.com\\\/es\\\/author\\\/ppdegaliciagestion\\\/\"}]}<\/script>\n<!-- \/ Yoast SEO plugin. -->","yoast_head_json":{"title":"O Parlamento galego demanda que a Xunta difunda e defenda o ditame do Consello Galego de Pesca sobre o novo Fondo Mar\u00edtimo e de Pesca - PP de Galicia","robots":{"index":"index","follow":"follow","max-snippet":"max-snippet:-1","max-image-preview":"max-image-preview:large","max-video-preview":"max-video-preview:-1"},"canonical":"https:\/\/ppdegalicia.com\/es\/o-parlamento-galego-demanda-que-a-xunta-difunda-e-defenda-o-ditame-do-consello-galego-de-pesca-sobre-o-novo-fondo-maritimo-e-de-pesca\/","og_locale":"es_ES","og_type":"article","og_title":"O Parlamento galego demanda que a Xunta difunda e defenda o ditame do Consello Galego de Pesca sobre o novo Fondo Mar\u00edtimo e de Pesca - PP de Galicia","og_description":"Santiago, 10 de outubro de 2019.- O Parlamento de Galicia aprobou hoxe a proposici\u00f3n non de lei do Grupo Popular a trav\u00e9s da que se insta \u00e1 Xunta a difundir e defender o ditame aprobado no Consello Galego de Pesca en relaci\u00f3n coa \u201cProposta de Regulamento do Parlamento Europeo e do Consello relativo ao Fondo [&hellip;]","og_url":"https:\/\/ppdegalicia.com\/es\/o-parlamento-galego-demanda-que-a-xunta-difunda-e-defenda-o-ditame-do-consello-galego-de-pesca-sobre-o-novo-fondo-maritimo-e-de-pesca\/","og_site_name":"PP de Galicia","article_publisher":"https:\/\/www.instagram.com\/ppdegalicia\/","article_published_time":"2019-10-11T10:08:09+00:00","author":"Super User","twitter_card":"summary_large_image","twitter_creator":"@ppdegalicia","twitter_site":"@ppdegalicia","twitter_misc":{"Escrito por":"Super User","Tiempo de lectura":"3 minutos"},"schema":{"@context":"https:\/\/schema.org","@graph":[{"@type":"Article","@id":"https:\/\/ppdegalicia.com\/es\/o-parlamento-galego-demanda-que-a-xunta-difunda-e-defenda-o-ditame-do-consello-galego-de-pesca-sobre-o-novo-fondo-maritimo-e-de-pesca\/#article","isPartOf":{"@id":"https:\/\/ppdegalicia.com\/es\/o-parlamento-galego-demanda-que-a-xunta-difunda-e-defenda-o-ditame-do-consello-galego-de-pesca-sobre-o-novo-fondo-maritimo-e-de-pesca\/"},"author":{"name":"Super User","@id":"https:\/\/ppdegalicia.com\/es\/#\/schema\/person\/d0f013b8388c980665d44009ab762960"},"headline":"O Parlamento galego demanda que a Xunta difunda e defenda o ditame do Consello Galego de Pesca sobre o novo Fondo Mar\u00edtimo e de Pesca","datePublished":"2019-10-11T10:08:09+00:00","mainEntityOfPage":{"@id":"https:\/\/ppdegalicia.com\/es\/o-parlamento-galego-demanda-que-a-xunta-difunda-e-defenda-o-ditame-do-consello-galego-de-pesca-sobre-o-novo-fondo-maritimo-e-de-pesca\/"},"wordCount":604,"commentCount":0,"publisher":{"@id":"https:\/\/ppdegalicia.com\/es\/#organization"},"articleSection":["PP de Galicia"],"inLanguage":"es","potentialAction":[{"@type":"CommentAction","name":"Comment","target":["https:\/\/ppdegalicia.com\/es\/o-parlamento-galego-demanda-que-a-xunta-difunda-e-defenda-o-ditame-do-consello-galego-de-pesca-sobre-o-novo-fondo-maritimo-e-de-pesca\/#respond"]}]},{"@type":"WebPage","@id":"https:\/\/ppdegalicia.com\/es\/o-parlamento-galego-demanda-que-a-xunta-difunda-e-defenda-o-ditame-do-consello-galego-de-pesca-sobre-o-novo-fondo-maritimo-e-de-pesca\/","url":"https:\/\/ppdegalicia.com\/es\/o-parlamento-galego-demanda-que-a-xunta-difunda-e-defenda-o-ditame-do-consello-galego-de-pesca-sobre-o-novo-fondo-maritimo-e-de-pesca\/","name":"O Parlamento galego demanda que a Xunta difunda e defenda o ditame do Consello Galego de Pesca sobre o novo Fondo Mar\u00edtimo e de Pesca - PP de Galicia","isPartOf":{"@id":"https:\/\/ppdegalicia.com\/es\/#website"},"datePublished":"2019-10-11T10:08:09+00:00","breadcrumb":{"@id":"https:\/\/ppdegalicia.com\/es\/o-parlamento-galego-demanda-que-a-xunta-difunda-e-defenda-o-ditame-do-consello-galego-de-pesca-sobre-o-novo-fondo-maritimo-e-de-pesca\/#breadcrumb"},"inLanguage":"es","potentialAction":[{"@type":"ReadAction","target":["https:\/\/ppdegalicia.com\/es\/o-parlamento-galego-demanda-que-a-xunta-difunda-e-defenda-o-ditame-do-consello-galego-de-pesca-sobre-o-novo-fondo-maritimo-e-de-pesca\/"]}]},{"@type":"BreadcrumbList","@id":"https:\/\/ppdegalicia.com\/es\/o-parlamento-galego-demanda-que-a-xunta-difunda-e-defenda-o-ditame-do-consello-galego-de-pesca-sobre-o-novo-fondo-maritimo-e-de-pesca\/#breadcrumb","itemListElement":[{"@type":"ListItem","position":1,"name":"Portada","item":"https:\/\/ppdegalicia.com\/es\/"},{"@type":"ListItem","position":2,"name":"O Parlamento galego demanda que a Xunta difunda e defenda o ditame do Consello Galego de Pesca sobre o novo Fondo Mar\u00edtimo e de Pesca"}]},{"@type":"WebSite","@id":"https:\/\/ppdegalicia.com\/es\/#website","url":"https:\/\/ppdegalicia.com\/es\/","name":"Partido Popular de Galicia","description":"Partido Popular de Galicia","publisher":{"@id":"https:\/\/ppdegalicia.com\/es\/#organization"},"alternateName":"PP de Galicia","potentialAction":[{"@type":"SearchAction","target":{"@type":"EntryPoint","urlTemplate":"https:\/\/ppdegalicia.com\/es\/?s={search_term_string}"},"query-input":{"@type":"PropertyValueSpecification","valueRequired":true,"valueName":"search_term_string"}}],"inLanguage":"es"},{"@type":"Organization","@id":"https:\/\/ppdegalicia.com\/es\/#organization","name":"Partido Popular de Galicia","alternateName":"PP de Galicia","url":"https:\/\/ppdegalicia.com\/es\/","logo":{"@type":"ImageObject","inLanguage":"es","@id":"https:\/\/ppdegalicia.com\/es\/#\/schema\/logo\/image\/","url":"https:\/\/ppdegalicia.com\/wp-content\/uploads\/2023\/04\/logoPP512.png","contentUrl":"https:\/\/ppdegalicia.com\/wp-content\/uploads\/2023\/04\/logoPP512.png","width":512,"height":512,"caption":"Partido Popular de Galicia"},"image":{"@id":"https:\/\/ppdegalicia.com\/es\/#\/schema\/logo\/image\/"},"sameAs":["https:\/\/www.instagram.com\/ppdegalicia\/","https:\/\/x.com\/ppdegalicia","https:\/\/www.tiktok.com\/@ppdegalicia","https:\/\/www.youtube.com\/user\/ppdegalicia"]},{"@type":"Person","@id":"https:\/\/ppdegalicia.com\/es\/#\/schema\/person\/d0f013b8388c980665d44009ab762960","name":"Super User","image":{"@type":"ImageObject","inLanguage":"es","@id":"https:\/\/secure.gravatar.com\/avatar\/1db852625ef4948f58d2739bfbc51e4b9bd5c93b8fa340b59fdb594ca0845645?s=96&d=mm&r=g","url":"https:\/\/secure.gravatar.com\/avatar\/1db852625ef4948f58d2739bfbc51e4b9bd5c93b8fa340b59fdb594ca0845645?s=96&d=mm&r=g","contentUrl":"https:\/\/secure.gravatar.com\/avatar\/1db852625ef4948f58d2739bfbc51e4b9bd5c93b8fa340b59fdb594ca0845645?s=96&d=mm&r=g","caption":"Super User"},"url":"https:\/\/ppdegalicia.com\/es\/author\/ppdegaliciagestion\/"}]}},"_links":{"self":[{"href":"https:\/\/ppdegalicia.com\/es\/wp-json\/wp\/v2\/posts\/52204","targetHints":{"allow":["GET"]}}],"collection":[{"href":"https:\/\/ppdegalicia.com\/es\/wp-json\/wp\/v2\/posts"}],"about":[{"href":"https:\/\/ppdegalicia.com\/es\/wp-json\/wp\/v2\/types\/post"}],"author":[{"embeddable":true,"href":"https:\/\/ppdegalicia.com\/es\/wp-json\/wp\/v2\/users\/37"}],"replies":[{"embeddable":true,"href":"https:\/\/ppdegalicia.com\/es\/wp-json\/wp\/v2\/comments?post=52204"}],"version-history":[{"count":0,"href":"https:\/\/ppdegalicia.com\/es\/wp-json\/wp\/v2\/posts\/52204\/revisions"}],"wp:attachment":[{"href":"https:\/\/ppdegalicia.com\/es\/wp-json\/wp\/v2\/media?parent=52204"}],"wp:term":[{"taxonomy":"category","embeddable":true,"href":"https:\/\/ppdegalicia.com\/es\/wp-json\/wp\/v2\/categories?post=52204"},{"taxonomy":"post_tag","embeddable":true,"href":"https:\/\/ppdegalicia.com\/es\/wp-json\/wp\/v2\/tags?post=52204"}],"curies":[{"name":"wp","href":"https:\/\/api.w.org\/{rel}","templated":true}]}}