{"id":52219,"date":"2019-10-21T16:16:23","date_gmt":"2019-10-21T14:16:23","guid":{"rendered":"https:\/\/ppdegalicia.com\/o-grupo-popular-pedira-no-pleno-ao-goberno-central-que-rectifique-a-sua-politica-enerxetica\/"},"modified":"2019-10-21T16:16:23","modified_gmt":"2019-10-21T14:16:23","slug":"o-grupo-popular-pedira-no-pleno-ao-goberno-central-que-rectifique-a-sua-politica-enerxetica","status":"publish","type":"post","link":"https:\/\/ppdegalicia.com\/es\/o-grupo-popular-pedira-no-pleno-ao-goberno-central-que-rectifique-a-sua-politica-enerxetica\/","title":{"rendered":"O Grupo Popular pedir\u00e1 no Pleno ao Goberno central que rectifique a s\u00faa pol\u00edtica enerx\u00e9tica"},"content":{"rendered":"<p>Santiago, 21 de outubro de 2019.- O Grupo Popular demandar\u00e1 no Pleno desta semana que o Goberno central rectifique a s\u00faa pol\u00edtica enerx\u00e9tica e tome as medidas necesarias que garantan a continuidade no funcionamento da central t\u00e9rmica de As Pontes. O portavoz popular, Pedro Puy, avogou por un \u201cacordo positivo para os intereses de Galicia\u201d no Brexit, salientando o traballo que v\u00e9n desenvolvendo a Xunta \u201cpara prepararse ante calquera eventualidade\u201d.<\/p>\n<p><!--more--><\/p>\n<p>&nbsp;<\/p>\n<p>&nbsp;<\/p>\n<p>&nbsp;<\/p>\n<p>Pedro Puy informou que deputados do Grupo Popular, encabezados polo secretario xeral do PPdeG, participaron esta ma\u00f1\u00e1 diante da Comisar\u00eda de Polic\u00eda de Santiago nunha concentraci\u00f3n de apoio a todos os polic\u00edas destacados en Catalu\u00f1a. Neste sentido, trasladou \u201co noso apoio e solidariedade\u201d a todos os axentes que estes d\u00edas est\u00e1n a traballar para \u201crestablecer a orde p\u00fablica en Catalu\u00f1a\u201d, en especial do polic\u00eda de Vigo que resultou gravemente ferido e que se recupera satisfactoriamente.<\/p>\n<p>&nbsp;<\/p>\n<p>&nbsp;<\/p>\n<p><strong>COMPARECENCIAS DE ORZAMENTOS<\/strong><\/p>\n<p>&nbsp;<\/p>\n<p>Na s\u00faa comparecencia, o portavoz popular informou que este xoves o conselleiro de Facenda dar\u00e1 comezo \u00e1s comparecencias de membros do Goberno galego para informar dos orzamentos dos seus departamentos. Neste sentido, Puy sinalou que o Grupo Popular \u201ccomparte a opini\u00f3n positiva respecto destes orzamentos, que medran e p\u00f3\u00f1ennos na perspectiva de continuar impulsando un mellor comportamento econ\u00f3mico que no conxunto de Espa\u00f1a e reverter a desaceleraci\u00f3n da econom\u00eda espa\u00f1ola e europea que se comeza a experimentar\u201d.<\/p>\n<p>&nbsp;<\/p>\n<p>&nbsp;<\/p>\n<p>Respecto da sesi\u00f3n plenaria, Pedro Puy indicou que o Grupo Popular demandar\u00e1 ao Goberno central que rectifique a s\u00faa pol\u00edtica enerx\u00e9tica e tome as medidas necesarias que garantan a continuidade no funcionamento da central t\u00e9rmica de As Pontes ata o ano 2045. \u201c\u00c9 unha postura compartida tanto cos traballadores como co alcalde de As Pontes, que demandan con xustiza que se dea continuidade a esta empresa\u201d, dixo.<\/p>\n<p>&nbsp;<\/p>\n<p>&nbsp;<\/p>\n<p>As\u00ed mesmo, dentro do \u00e1mbito industrial, o Grupo Popular interesarase pola situaci\u00f3n da factor\u00eda de Alcoa en San Cibrao. \u201cA s\u00faa continuidade ten moito que ver co incremento do prezo da luz, que a puxo en n\u00fameros vermellos\u201d, polo que demandou que se \u201caproben medidas para que a empresa siga sendo produtiva e afastar as ameazas de fin de actividade que penden sobre ela\u201d.<\/p>\n<p>&nbsp;<\/p>\n<p>&nbsp;<\/p>\n<p><strong>COMPROMISOS COA AP-9<\/strong><\/p>\n<p>&nbsp;<\/p>\n<p>Nesta mesma sesi\u00f3n plenaria, o Grupo Popular defender\u00e1 outra proposici\u00f3n non de lei a trav\u00e9s da que \u201cvolvemos a insistir en distintos compromisos asumidos polo Goberno central respecto da AP-9\u201d, como que non aplique novas subas nas peaxes desta autoestrada; realice obras comprometidas nas s\u00faas conexi\u00f3ns (Alfonso Molina en A Coru\u00f1a, Enlace Orbital en Santiago, N\u00f3 de Bombeiros en Pontevedra, medidas compensatorias en Chapela, integraci\u00f3n urbana do ramal de entrada a Vigo e a conexi\u00f3n da V\u00eda \u00c1rtabra); a liberaci\u00f3n da peaxe de Redondela; ou as bonificaci\u00f3ns para usuarios frecuentes.<\/p>\n<p>&nbsp;<\/p>\n<p>Por \u00faltimo, Puy referiuse \u00e1 pregunta que o Grupo Popular far\u00e1 ao Goberno galego sobre a negativa do Goberno de Pedro S\u00e1nchez a transferir a Galicia a totalidade dos 700 mill\u00f3ns que lle debe, unha vez aprobou a transferencia dos 330 mill\u00f3ns correspondentes pero deixando pendentes a devoluci\u00f3n da mensualidade do IVE e as compensaci\u00f3ns por ser unha comunidade cumpridora en materia de d\u00e9ficit e d\u00e9beda.<\/p>\n<p>&nbsp;<\/p>\n<p>Cuestionado sobre a negociaci\u00f3n do Brexit, Pedro Puy manifestou a \u201cincerteza existente porque non se sabe o que vai pasar\u201d, pero sinalou que \u201chai que estar preparados para calquera eventualidade\u201d. Neste sentido, salientou que \u201co primeiro grupo que se preocupou polo Brexit no Parlamento de Galicia foi o Grupo Popular e a Xunta leva traballando desde ent\u00f3n, reun\u00edndose cos sectores afectados e avaliando o custo real do que ser\u00eda un Brexit duro\u201d. \u201cO que ser\u00eda desexable \u00e9 que esta situaci\u00f3n se resolva satisfactoriamente e haxa un acordo positivo para os intereses de Galicia, que son coincidentes cos do conxunto de Europa e do Reino Unido, que ser\u00eda o principal sufridor dunha sa\u00edda abrupta sen acordo coa Uni\u00f3n Europea\u201d, apuntou.<\/p>\n","protected":false},"excerpt":{"rendered":"<p>Santiago, 21 de outubro de 2019.- O Grupo Popular demandar\u00e1 no Pleno desta semana que o Goberno central rectifique a s\u00faa pol\u00edtica enerx\u00e9tica e tome as medidas necesarias que garantan a continuidade no funcionamento da central t\u00e9rmica de As Pontes. O portavoz popular, Pedro Puy, avogou por un \u201cacordo positivo para os intereses de Galicia\u201d [&hellip;]<\/p>\n","protected":false},"author":37,"featured_media":0,"comment_status":"open","ping_status":"open","sticky":false,"template":"","format":"standard","meta":{"_acf_changed":false,"footnotes":""},"categories":[1],"tags":[],"class_list":["post-52219","post","type-post","status-publish","format-standard","hentry","category-pp-de-galicia"],"acf":[],"yoast_head":"<!-- This site is optimized with the Yoast SEO plugin v27.3 - https:\/\/yoast.com\/product\/yoast-seo-wordpress\/ -->\n<title>O Grupo Popular pedir\u00e1 no Pleno ao Goberno central que rectifique a s\u00faa pol\u00edtica enerx\u00e9tica - PP de Galicia<\/title>\n<meta name=\"robots\" content=\"index, follow, max-snippet:-1, max-image-preview:large, max-video-preview:-1\" \/>\n<link rel=\"canonical\" href=\"https:\/\/ppdegalicia.com\/es\/o-grupo-popular-pedira-no-pleno-ao-goberno-central-que-rectifique-a-sua-politica-enerxetica\/\" \/>\n<meta property=\"og:locale\" content=\"es_ES\" \/>\n<meta property=\"og:type\" content=\"article\" \/>\n<meta property=\"og:title\" content=\"O Grupo Popular pedir\u00e1 no Pleno ao Goberno central que rectifique a s\u00faa pol\u00edtica enerx\u00e9tica - PP de Galicia\" \/>\n<meta property=\"og:description\" content=\"Santiago, 21 de outubro de 2019.- O Grupo Popular demandar\u00e1 no Pleno desta semana que o Goberno central rectifique a s\u00faa pol\u00edtica enerx\u00e9tica e tome as medidas necesarias que garantan a continuidade no funcionamento da central t\u00e9rmica de As Pontes. O portavoz popular, Pedro Puy, avogou por un \u201cacordo positivo para os intereses de Galicia\u201d [&hellip;]\" \/>\n<meta property=\"og:url\" content=\"https:\/\/ppdegalicia.com\/es\/o-grupo-popular-pedira-no-pleno-ao-goberno-central-que-rectifique-a-sua-politica-enerxetica\/\" \/>\n<meta property=\"og:site_name\" content=\"PP de Galicia\" \/>\n<meta property=\"article:publisher\" content=\"https:\/\/www.instagram.com\/ppdegalicia\/\" \/>\n<meta property=\"article:published_time\" content=\"2019-10-21T14:16:23+00:00\" \/>\n<meta name=\"author\" content=\"Super User\" \/>\n<meta name=\"twitter:card\" content=\"summary_large_image\" \/>\n<meta name=\"twitter:creator\" content=\"@ppdegalicia\" \/>\n<meta name=\"twitter:site\" content=\"@ppdegalicia\" \/>\n<meta name=\"twitter:label1\" content=\"Escrito por\" \/>\n\t<meta name=\"twitter:data1\" content=\"Super User\" \/>\n\t<meta name=\"twitter:label2\" content=\"Tiempo de lectura\" \/>\n\t<meta name=\"twitter:data2\" content=\"4 minutos\" \/>\n<script type=\"application\/ld+json\" class=\"yoast-schema-graph\">{\"@context\":\"https:\\\/\\\/schema.org\",\"@graph\":[{\"@type\":\"Article\",\"@id\":\"https:\\\/\\\/ppdegalicia.com\\\/es\\\/o-grupo-popular-pedira-no-pleno-ao-goberno-central-que-rectifique-a-sua-politica-enerxetica\\\/#article\",\"isPartOf\":{\"@id\":\"https:\\\/\\\/ppdegalicia.com\\\/es\\\/o-grupo-popular-pedira-no-pleno-ao-goberno-central-que-rectifique-a-sua-politica-enerxetica\\\/\"},\"author\":{\"name\":\"Super User\",\"@id\":\"https:\\\/\\\/ppdegalicia.com\\\/es\\\/#\\\/schema\\\/person\\\/d0f013b8388c980665d44009ab762960\"},\"headline\":\"O Grupo Popular pedir\u00e1 no Pleno ao Goberno central que rectifique a s\u00faa pol\u00edtica enerx\u00e9tica\",\"datePublished\":\"2019-10-21T14:16:23+00:00\",\"mainEntityOfPage\":{\"@id\":\"https:\\\/\\\/ppdegalicia.com\\\/es\\\/o-grupo-popular-pedira-no-pleno-ao-goberno-central-que-rectifique-a-sua-politica-enerxetica\\\/\"},\"wordCount\":719,\"commentCount\":0,\"publisher\":{\"@id\":\"https:\\\/\\\/ppdegalicia.com\\\/es\\\/#organization\"},\"articleSection\":[\"PP de Galicia\"],\"inLanguage\":\"es\",\"potentialAction\":[{\"@type\":\"CommentAction\",\"name\":\"Comment\",\"target\":[\"https:\\\/\\\/ppdegalicia.com\\\/es\\\/o-grupo-popular-pedira-no-pleno-ao-goberno-central-que-rectifique-a-sua-politica-enerxetica\\\/#respond\"]}]},{\"@type\":\"WebPage\",\"@id\":\"https:\\\/\\\/ppdegalicia.com\\\/es\\\/o-grupo-popular-pedira-no-pleno-ao-goberno-central-que-rectifique-a-sua-politica-enerxetica\\\/\",\"url\":\"https:\\\/\\\/ppdegalicia.com\\\/es\\\/o-grupo-popular-pedira-no-pleno-ao-goberno-central-que-rectifique-a-sua-politica-enerxetica\\\/\",\"name\":\"O Grupo Popular pedir\u00e1 no Pleno ao Goberno central que rectifique a s\u00faa pol\u00edtica enerx\u00e9tica - PP de Galicia\",\"isPartOf\":{\"@id\":\"https:\\\/\\\/ppdegalicia.com\\\/es\\\/#website\"},\"datePublished\":\"2019-10-21T14:16:23+00:00\",\"breadcrumb\":{\"@id\":\"https:\\\/\\\/ppdegalicia.com\\\/es\\\/o-grupo-popular-pedira-no-pleno-ao-goberno-central-que-rectifique-a-sua-politica-enerxetica\\\/#breadcrumb\"},\"inLanguage\":\"es\",\"potentialAction\":[{\"@type\":\"ReadAction\",\"target\":[\"https:\\\/\\\/ppdegalicia.com\\\/es\\\/o-grupo-popular-pedira-no-pleno-ao-goberno-central-que-rectifique-a-sua-politica-enerxetica\\\/\"]}]},{\"@type\":\"BreadcrumbList\",\"@id\":\"https:\\\/\\\/ppdegalicia.com\\\/es\\\/o-grupo-popular-pedira-no-pleno-ao-goberno-central-que-rectifique-a-sua-politica-enerxetica\\\/#breadcrumb\",\"itemListElement\":[{\"@type\":\"ListItem\",\"position\":1,\"name\":\"Portada\",\"item\":\"https:\\\/\\\/ppdegalicia.com\\\/es\\\/\"},{\"@type\":\"ListItem\",\"position\":2,\"name\":\"O Grupo Popular pedir\u00e1 no Pleno ao Goberno central que rectifique a s\u00faa pol\u00edtica enerx\u00e9tica\"}]},{\"@type\":\"WebSite\",\"@id\":\"https:\\\/\\\/ppdegalicia.com\\\/es\\\/#website\",\"url\":\"https:\\\/\\\/ppdegalicia.com\\\/es\\\/\",\"name\":\"Partido Popular de Galicia\",\"description\":\"Partido Popular de Galicia\",\"publisher\":{\"@id\":\"https:\\\/\\\/ppdegalicia.com\\\/es\\\/#organization\"},\"alternateName\":\"PP de Galicia\",\"potentialAction\":[{\"@type\":\"SearchAction\",\"target\":{\"@type\":\"EntryPoint\",\"urlTemplate\":\"https:\\\/\\\/ppdegalicia.com\\\/es\\\/?s={search_term_string}\"},\"query-input\":{\"@type\":\"PropertyValueSpecification\",\"valueRequired\":true,\"valueName\":\"search_term_string\"}}],\"inLanguage\":\"es\"},{\"@type\":\"Organization\",\"@id\":\"https:\\\/\\\/ppdegalicia.com\\\/es\\\/#organization\",\"name\":\"Partido Popular de Galicia\",\"alternateName\":\"PP de Galicia\",\"url\":\"https:\\\/\\\/ppdegalicia.com\\\/es\\\/\",\"logo\":{\"@type\":\"ImageObject\",\"inLanguage\":\"es\",\"@id\":\"https:\\\/\\\/ppdegalicia.com\\\/es\\\/#\\\/schema\\\/logo\\\/image\\\/\",\"url\":\"https:\\\/\\\/ppdegalicia.com\\\/wp-content\\\/uploads\\\/2023\\\/04\\\/logoPP512.png\",\"contentUrl\":\"https:\\\/\\\/ppdegalicia.com\\\/wp-content\\\/uploads\\\/2023\\\/04\\\/logoPP512.png\",\"width\":512,\"height\":512,\"caption\":\"Partido Popular de Galicia\"},\"image\":{\"@id\":\"https:\\\/\\\/ppdegalicia.com\\\/es\\\/#\\\/schema\\\/logo\\\/image\\\/\"},\"sameAs\":[\"https:\\\/\\\/www.instagram.com\\\/ppdegalicia\\\/\",\"https:\\\/\\\/x.com\\\/ppdegalicia\",\"https:\\\/\\\/www.tiktok.com\\\/@ppdegalicia\",\"https:\\\/\\\/www.youtube.com\\\/user\\\/ppdegalicia\"]},{\"@type\":\"Person\",\"@id\":\"https:\\\/\\\/ppdegalicia.com\\\/es\\\/#\\\/schema\\\/person\\\/d0f013b8388c980665d44009ab762960\",\"name\":\"Super User\",\"image\":{\"@type\":\"ImageObject\",\"inLanguage\":\"es\",\"@id\":\"https:\\\/\\\/secure.gravatar.com\\\/avatar\\\/1db852625ef4948f58d2739bfbc51e4b9bd5c93b8fa340b59fdb594ca0845645?s=96&d=mm&r=g\",\"url\":\"https:\\\/\\\/secure.gravatar.com\\\/avatar\\\/1db852625ef4948f58d2739bfbc51e4b9bd5c93b8fa340b59fdb594ca0845645?s=96&d=mm&r=g\",\"contentUrl\":\"https:\\\/\\\/secure.gravatar.com\\\/avatar\\\/1db852625ef4948f58d2739bfbc51e4b9bd5c93b8fa340b59fdb594ca0845645?s=96&d=mm&r=g\",\"caption\":\"Super User\"},\"url\":\"https:\\\/\\\/ppdegalicia.com\\\/es\\\/author\\\/ppdegaliciagestion\\\/\"}]}<\/script>\n<!-- \/ Yoast SEO plugin. -->","yoast_head_json":{"title":"O Grupo Popular pedir\u00e1 no Pleno ao Goberno central que rectifique a s\u00faa pol\u00edtica enerx\u00e9tica - PP de Galicia","robots":{"index":"index","follow":"follow","max-snippet":"max-snippet:-1","max-image-preview":"max-image-preview:large","max-video-preview":"max-video-preview:-1"},"canonical":"https:\/\/ppdegalicia.com\/es\/o-grupo-popular-pedira-no-pleno-ao-goberno-central-que-rectifique-a-sua-politica-enerxetica\/","og_locale":"es_ES","og_type":"article","og_title":"O Grupo Popular pedir\u00e1 no Pleno ao Goberno central que rectifique a s\u00faa pol\u00edtica enerx\u00e9tica - PP de Galicia","og_description":"Santiago, 21 de outubro de 2019.- O Grupo Popular demandar\u00e1 no Pleno desta semana que o Goberno central rectifique a s\u00faa pol\u00edtica enerx\u00e9tica e tome as medidas necesarias que garantan a continuidade no funcionamento da central t\u00e9rmica de As Pontes. O portavoz popular, Pedro Puy, avogou por un \u201cacordo positivo para os intereses de Galicia\u201d [&hellip;]","og_url":"https:\/\/ppdegalicia.com\/es\/o-grupo-popular-pedira-no-pleno-ao-goberno-central-que-rectifique-a-sua-politica-enerxetica\/","og_site_name":"PP de Galicia","article_publisher":"https:\/\/www.instagram.com\/ppdegalicia\/","article_published_time":"2019-10-21T14:16:23+00:00","author":"Super User","twitter_card":"summary_large_image","twitter_creator":"@ppdegalicia","twitter_site":"@ppdegalicia","twitter_misc":{"Escrito por":"Super User","Tiempo de lectura":"4 minutos"},"schema":{"@context":"https:\/\/schema.org","@graph":[{"@type":"Article","@id":"https:\/\/ppdegalicia.com\/es\/o-grupo-popular-pedira-no-pleno-ao-goberno-central-que-rectifique-a-sua-politica-enerxetica\/#article","isPartOf":{"@id":"https:\/\/ppdegalicia.com\/es\/o-grupo-popular-pedira-no-pleno-ao-goberno-central-que-rectifique-a-sua-politica-enerxetica\/"},"author":{"name":"Super User","@id":"https:\/\/ppdegalicia.com\/es\/#\/schema\/person\/d0f013b8388c980665d44009ab762960"},"headline":"O Grupo Popular pedir\u00e1 no Pleno ao Goberno central que rectifique a s\u00faa pol\u00edtica enerx\u00e9tica","datePublished":"2019-10-21T14:16:23+00:00","mainEntityOfPage":{"@id":"https:\/\/ppdegalicia.com\/es\/o-grupo-popular-pedira-no-pleno-ao-goberno-central-que-rectifique-a-sua-politica-enerxetica\/"},"wordCount":719,"commentCount":0,"publisher":{"@id":"https:\/\/ppdegalicia.com\/es\/#organization"},"articleSection":["PP de Galicia"],"inLanguage":"es","potentialAction":[{"@type":"CommentAction","name":"Comment","target":["https:\/\/ppdegalicia.com\/es\/o-grupo-popular-pedira-no-pleno-ao-goberno-central-que-rectifique-a-sua-politica-enerxetica\/#respond"]}]},{"@type":"WebPage","@id":"https:\/\/ppdegalicia.com\/es\/o-grupo-popular-pedira-no-pleno-ao-goberno-central-que-rectifique-a-sua-politica-enerxetica\/","url":"https:\/\/ppdegalicia.com\/es\/o-grupo-popular-pedira-no-pleno-ao-goberno-central-que-rectifique-a-sua-politica-enerxetica\/","name":"O Grupo Popular pedir\u00e1 no Pleno ao Goberno central que rectifique a s\u00faa pol\u00edtica enerx\u00e9tica - PP de Galicia","isPartOf":{"@id":"https:\/\/ppdegalicia.com\/es\/#website"},"datePublished":"2019-10-21T14:16:23+00:00","breadcrumb":{"@id":"https:\/\/ppdegalicia.com\/es\/o-grupo-popular-pedira-no-pleno-ao-goberno-central-que-rectifique-a-sua-politica-enerxetica\/#breadcrumb"},"inLanguage":"es","potentialAction":[{"@type":"ReadAction","target":["https:\/\/ppdegalicia.com\/es\/o-grupo-popular-pedira-no-pleno-ao-goberno-central-que-rectifique-a-sua-politica-enerxetica\/"]}]},{"@type":"BreadcrumbList","@id":"https:\/\/ppdegalicia.com\/es\/o-grupo-popular-pedira-no-pleno-ao-goberno-central-que-rectifique-a-sua-politica-enerxetica\/#breadcrumb","itemListElement":[{"@type":"ListItem","position":1,"name":"Portada","item":"https:\/\/ppdegalicia.com\/es\/"},{"@type":"ListItem","position":2,"name":"O Grupo Popular pedir\u00e1 no Pleno ao Goberno central que rectifique a s\u00faa pol\u00edtica enerx\u00e9tica"}]},{"@type":"WebSite","@id":"https:\/\/ppdegalicia.com\/es\/#website","url":"https:\/\/ppdegalicia.com\/es\/","name":"Partido Popular de Galicia","description":"Partido Popular de Galicia","publisher":{"@id":"https:\/\/ppdegalicia.com\/es\/#organization"},"alternateName":"PP de Galicia","potentialAction":[{"@type":"SearchAction","target":{"@type":"EntryPoint","urlTemplate":"https:\/\/ppdegalicia.com\/es\/?s={search_term_string}"},"query-input":{"@type":"PropertyValueSpecification","valueRequired":true,"valueName":"search_term_string"}}],"inLanguage":"es"},{"@type":"Organization","@id":"https:\/\/ppdegalicia.com\/es\/#organization","name":"Partido Popular de Galicia","alternateName":"PP de Galicia","url":"https:\/\/ppdegalicia.com\/es\/","logo":{"@type":"ImageObject","inLanguage":"es","@id":"https:\/\/ppdegalicia.com\/es\/#\/schema\/logo\/image\/","url":"https:\/\/ppdegalicia.com\/wp-content\/uploads\/2023\/04\/logoPP512.png","contentUrl":"https:\/\/ppdegalicia.com\/wp-content\/uploads\/2023\/04\/logoPP512.png","width":512,"height":512,"caption":"Partido Popular de Galicia"},"image":{"@id":"https:\/\/ppdegalicia.com\/es\/#\/schema\/logo\/image\/"},"sameAs":["https:\/\/www.instagram.com\/ppdegalicia\/","https:\/\/x.com\/ppdegalicia","https:\/\/www.tiktok.com\/@ppdegalicia","https:\/\/www.youtube.com\/user\/ppdegalicia"]},{"@type":"Person","@id":"https:\/\/ppdegalicia.com\/es\/#\/schema\/person\/d0f013b8388c980665d44009ab762960","name":"Super User","image":{"@type":"ImageObject","inLanguage":"es","@id":"https:\/\/secure.gravatar.com\/avatar\/1db852625ef4948f58d2739bfbc51e4b9bd5c93b8fa340b59fdb594ca0845645?s=96&d=mm&r=g","url":"https:\/\/secure.gravatar.com\/avatar\/1db852625ef4948f58d2739bfbc51e4b9bd5c93b8fa340b59fdb594ca0845645?s=96&d=mm&r=g","contentUrl":"https:\/\/secure.gravatar.com\/avatar\/1db852625ef4948f58d2739bfbc51e4b9bd5c93b8fa340b59fdb594ca0845645?s=96&d=mm&r=g","caption":"Super User"},"url":"https:\/\/ppdegalicia.com\/es\/author\/ppdegaliciagestion\/"}]}},"_links":{"self":[{"href":"https:\/\/ppdegalicia.com\/es\/wp-json\/wp\/v2\/posts\/52219","targetHints":{"allow":["GET"]}}],"collection":[{"href":"https:\/\/ppdegalicia.com\/es\/wp-json\/wp\/v2\/posts"}],"about":[{"href":"https:\/\/ppdegalicia.com\/es\/wp-json\/wp\/v2\/types\/post"}],"author":[{"embeddable":true,"href":"https:\/\/ppdegalicia.com\/es\/wp-json\/wp\/v2\/users\/37"}],"replies":[{"embeddable":true,"href":"https:\/\/ppdegalicia.com\/es\/wp-json\/wp\/v2\/comments?post=52219"}],"version-history":[{"count":0,"href":"https:\/\/ppdegalicia.com\/es\/wp-json\/wp\/v2\/posts\/52219\/revisions"}],"wp:attachment":[{"href":"https:\/\/ppdegalicia.com\/es\/wp-json\/wp\/v2\/media?parent=52219"}],"wp:term":[{"taxonomy":"category","embeddable":true,"href":"https:\/\/ppdegalicia.com\/es\/wp-json\/wp\/v2\/categories?post=52219"},{"taxonomy":"post_tag","embeddable":true,"href":"https:\/\/ppdegalicia.com\/es\/wp-json\/wp\/v2\/tags?post=52219"}],"curies":[{"name":"wp","href":"https:\/\/api.w.org\/{rel}","templated":true}]}}