{"id":52224,"date":"2019-10-22T17:00:23","date_gmt":"2019-10-22T15:00:23","guid":{"rendered":"https:\/\/ppdegalicia.com\/tellado-reprochalle-a-esquerda-que-o-seu-modelo-economico-e-o-peche-de-empresas\/"},"modified":"2019-10-22T17:00:23","modified_gmt":"2019-10-22T15:00:23","slug":"tellado-reprochalle-a-esquerda-que-o-seu-modelo-economico-e-o-peche-de-empresas","status":"publish","type":"post","link":"https:\/\/ppdegalicia.com\/es\/tellado-reprochalle-a-esquerda-que-o-seu-modelo-economico-e-o-peche-de-empresas\/","title":{"rendered":"Tellado repr\u00f3challe \u00e1 esquerda que o seu modelo econ\u00f3mico \u201c\u00e9 o peche de empresas\u201d"},"content":{"rendered":"<p>Santiago, 22 de outubro de 2019.-&nbsp; O viceportavoz do Grupo Popular, Miguel Tellado, lamentou este martes no Parlamento que o modelo econ\u00f3mico que defenden os grupos de esquerdas sexa \u201co peche de empresas\u201d e lembrou casos como o das centrais t\u00e9rmicas, a factor\u00eda de ENCE ou Reganosa. \u201cNeste Parlamento s\u00f3 defendemos aos traballadores os que avogamos polo mantemento dos postos de traballo\u201d, incidiu.<\/p>\n<p><!--more--><\/p>\n<p>&nbsp;<\/p>\n<p>As\u00ed, subli\u00f1ou o car\u00e1cter partidista da iniciativa do Grupo Com\u00fan da Esquerda, que ten como \u00fanico fin \u201cmeterlle o dedo no ollo ao PSOE\u201d. \u201cPedro S\u00e1nchez prometeu que o primeiro que \u00eda facer ao chegar ao Goberno ser\u00eda derrogar a reforma laboral do PP e agora a ministra Calvi\u00f1o reco\u00f1ece que iso non ser\u00eda produtivo para o emprego\u201d, lembrou, para insistir en que \u201cagora est\u00e1n en campa\u00f1a uns contra os outros, malia que din que queren gobernar xuntos despois das elecci\u00f3ns\u201d.<\/p>\n<p>&nbsp;<\/p>\n<p>Ademais, o voceiro de Emprego e Industria lembrou que \u201cos socialistas non poden dar moitas lecci\u00f3ns nesta materia, xa que o \u00faltimo ano que gobernaron Galicia xunto cos nacionalistas destru\u00edronse 59.000 postos de traballo, mentres que nos \u00faltimos 12 meses se crearon m\u00e1is de 10.000\u201d.<\/p>\n","protected":false},"excerpt":{"rendered":"<p>Santiago, 22 de outubro de 2019.-&nbsp; O viceportavoz do Grupo Popular, Miguel Tellado, lamentou este martes no Parlamento que o modelo econ\u00f3mico que defenden os grupos de esquerdas sexa \u201co peche de empresas\u201d e lembrou casos como o das centrais t\u00e9rmicas, a factor\u00eda de ENCE ou Reganosa. \u201cNeste Parlamento s\u00f3 defendemos aos traballadores os que [&hellip;]<\/p>\n","protected":false},"author":37,"featured_media":0,"comment_status":"open","ping_status":"open","sticky":false,"template":"","format":"standard","meta":{"_acf_changed":false,"footnotes":""},"categories":[1],"tags":[],"class_list":["post-52224","post","type-post","status-publish","format-standard","hentry","category-pp-de-galicia"],"acf":[],"yoast_head":"<!-- This site is optimized with the Yoast SEO plugin v27.3 - https:\/\/yoast.com\/product\/yoast-seo-wordpress\/ -->\n<title>Tellado repr\u00f3challe \u00e1 esquerda que o seu modelo econ\u00f3mico \u201c\u00e9 o peche de empresas\u201d - PP de Galicia<\/title>\n<meta name=\"robots\" content=\"index, follow, max-snippet:-1, max-image-preview:large, max-video-preview:-1\" \/>\n<link rel=\"canonical\" href=\"https:\/\/ppdegalicia.com\/es\/tellado-reprochalle-a-esquerda-que-o-seu-modelo-economico-e-o-peche-de-empresas\/\" \/>\n<meta property=\"og:locale\" content=\"es_ES\" \/>\n<meta property=\"og:type\" content=\"article\" \/>\n<meta property=\"og:title\" content=\"Tellado repr\u00f3challe \u00e1 esquerda que o seu modelo econ\u00f3mico \u201c\u00e9 o peche de empresas\u201d - PP de Galicia\" \/>\n<meta property=\"og:description\" content=\"Santiago, 22 de outubro de 2019.-&nbsp; O viceportavoz do Grupo Popular, Miguel Tellado, lamentou este martes no Parlamento que o modelo econ\u00f3mico que defenden os grupos de esquerdas sexa \u201co peche de empresas\u201d e lembrou casos como o das centrais t\u00e9rmicas, a factor\u00eda de ENCE ou Reganosa. \u201cNeste Parlamento s\u00f3 defendemos aos traballadores os que [&hellip;]\" \/>\n<meta property=\"og:url\" content=\"https:\/\/ppdegalicia.com\/es\/tellado-reprochalle-a-esquerda-que-o-seu-modelo-economico-e-o-peche-de-empresas\/\" \/>\n<meta property=\"og:site_name\" content=\"PP de Galicia\" \/>\n<meta property=\"article:publisher\" content=\"https:\/\/www.instagram.com\/ppdegalicia\/\" \/>\n<meta property=\"article:published_time\" content=\"2019-10-22T15:00:23+00:00\" \/>\n<meta name=\"author\" content=\"Super User\" \/>\n<meta name=\"twitter:card\" content=\"summary_large_image\" \/>\n<meta name=\"twitter:creator\" content=\"@ppdegalicia\" \/>\n<meta name=\"twitter:site\" content=\"@ppdegalicia\" \/>\n<meta name=\"twitter:label1\" content=\"Escrito por\" \/>\n\t<meta name=\"twitter:data1\" content=\"Super User\" \/>\n\t<meta name=\"twitter:label2\" content=\"Tiempo de lectura\" \/>\n\t<meta name=\"twitter:data2\" content=\"1 minuto\" \/>\n<script type=\"application\/ld+json\" class=\"yoast-schema-graph\">{\"@context\":\"https:\\\/\\\/schema.org\",\"@graph\":[{\"@type\":\"Article\",\"@id\":\"https:\\\/\\\/ppdegalicia.com\\\/es\\\/tellado-reprochalle-a-esquerda-que-o-seu-modelo-economico-e-o-peche-de-empresas\\\/#article\",\"isPartOf\":{\"@id\":\"https:\\\/\\\/ppdegalicia.com\\\/es\\\/tellado-reprochalle-a-esquerda-que-o-seu-modelo-economico-e-o-peche-de-empresas\\\/\"},\"author\":{\"name\":\"Super User\",\"@id\":\"https:\\\/\\\/ppdegalicia.com\\\/es\\\/#\\\/schema\\\/person\\\/d0f013b8388c980665d44009ab762960\"},\"headline\":\"Tellado repr\u00f3challe \u00e1 esquerda que o seu modelo econ\u00f3mico \u201c\u00e9 o peche de empresas\u201d\",\"datePublished\":\"2019-10-22T15:00:23+00:00\",\"mainEntityOfPage\":{\"@id\":\"https:\\\/\\\/ppdegalicia.com\\\/es\\\/tellado-reprochalle-a-esquerda-que-o-seu-modelo-economico-e-o-peche-de-empresas\\\/\"},\"wordCount\":219,\"commentCount\":0,\"publisher\":{\"@id\":\"https:\\\/\\\/ppdegalicia.com\\\/es\\\/#organization\"},\"articleSection\":[\"PP de Galicia\"],\"inLanguage\":\"es\",\"potentialAction\":[{\"@type\":\"CommentAction\",\"name\":\"Comment\",\"target\":[\"https:\\\/\\\/ppdegalicia.com\\\/es\\\/tellado-reprochalle-a-esquerda-que-o-seu-modelo-economico-e-o-peche-de-empresas\\\/#respond\"]}]},{\"@type\":\"WebPage\",\"@id\":\"https:\\\/\\\/ppdegalicia.com\\\/es\\\/tellado-reprochalle-a-esquerda-que-o-seu-modelo-economico-e-o-peche-de-empresas\\\/\",\"url\":\"https:\\\/\\\/ppdegalicia.com\\\/es\\\/tellado-reprochalle-a-esquerda-que-o-seu-modelo-economico-e-o-peche-de-empresas\\\/\",\"name\":\"Tellado repr\u00f3challe \u00e1 esquerda que o seu modelo econ\u00f3mico \u201c\u00e9 o peche de empresas\u201d - PP de Galicia\",\"isPartOf\":{\"@id\":\"https:\\\/\\\/ppdegalicia.com\\\/es\\\/#website\"},\"datePublished\":\"2019-10-22T15:00:23+00:00\",\"breadcrumb\":{\"@id\":\"https:\\\/\\\/ppdegalicia.com\\\/es\\\/tellado-reprochalle-a-esquerda-que-o-seu-modelo-economico-e-o-peche-de-empresas\\\/#breadcrumb\"},\"inLanguage\":\"es\",\"potentialAction\":[{\"@type\":\"ReadAction\",\"target\":[\"https:\\\/\\\/ppdegalicia.com\\\/es\\\/tellado-reprochalle-a-esquerda-que-o-seu-modelo-economico-e-o-peche-de-empresas\\\/\"]}]},{\"@type\":\"BreadcrumbList\",\"@id\":\"https:\\\/\\\/ppdegalicia.com\\\/es\\\/tellado-reprochalle-a-esquerda-que-o-seu-modelo-economico-e-o-peche-de-empresas\\\/#breadcrumb\",\"itemListElement\":[{\"@type\":\"ListItem\",\"position\":1,\"name\":\"Portada\",\"item\":\"https:\\\/\\\/ppdegalicia.com\\\/es\\\/\"},{\"@type\":\"ListItem\",\"position\":2,\"name\":\"Tellado repr\u00f3challe \u00e1 esquerda que o seu modelo econ\u00f3mico \u201c\u00e9 o peche de empresas\u201d\"}]},{\"@type\":\"WebSite\",\"@id\":\"https:\\\/\\\/ppdegalicia.com\\\/es\\\/#website\",\"url\":\"https:\\\/\\\/ppdegalicia.com\\\/es\\\/\",\"name\":\"Partido Popular de Galicia\",\"description\":\"Partido Popular de Galicia\",\"publisher\":{\"@id\":\"https:\\\/\\\/ppdegalicia.com\\\/es\\\/#organization\"},\"alternateName\":\"PP de Galicia\",\"potentialAction\":[{\"@type\":\"SearchAction\",\"target\":{\"@type\":\"EntryPoint\",\"urlTemplate\":\"https:\\\/\\\/ppdegalicia.com\\\/es\\\/?s={search_term_string}\"},\"query-input\":{\"@type\":\"PropertyValueSpecification\",\"valueRequired\":true,\"valueName\":\"search_term_string\"}}],\"inLanguage\":\"es\"},{\"@type\":\"Organization\",\"@id\":\"https:\\\/\\\/ppdegalicia.com\\\/es\\\/#organization\",\"name\":\"Partido Popular de Galicia\",\"alternateName\":\"PP de Galicia\",\"url\":\"https:\\\/\\\/ppdegalicia.com\\\/es\\\/\",\"logo\":{\"@type\":\"ImageObject\",\"inLanguage\":\"es\",\"@id\":\"https:\\\/\\\/ppdegalicia.com\\\/es\\\/#\\\/schema\\\/logo\\\/image\\\/\",\"url\":\"https:\\\/\\\/ppdegalicia.com\\\/wp-content\\\/uploads\\\/2023\\\/04\\\/logoPP512.png\",\"contentUrl\":\"https:\\\/\\\/ppdegalicia.com\\\/wp-content\\\/uploads\\\/2023\\\/04\\\/logoPP512.png\",\"width\":512,\"height\":512,\"caption\":\"Partido Popular de Galicia\"},\"image\":{\"@id\":\"https:\\\/\\\/ppdegalicia.com\\\/es\\\/#\\\/schema\\\/logo\\\/image\\\/\"},\"sameAs\":[\"https:\\\/\\\/www.instagram.com\\\/ppdegalicia\\\/\",\"https:\\\/\\\/x.com\\\/ppdegalicia\",\"https:\\\/\\\/www.tiktok.com\\\/@ppdegalicia\",\"https:\\\/\\\/www.youtube.com\\\/user\\\/ppdegalicia\"]},{\"@type\":\"Person\",\"@id\":\"https:\\\/\\\/ppdegalicia.com\\\/es\\\/#\\\/schema\\\/person\\\/d0f013b8388c980665d44009ab762960\",\"name\":\"Super User\",\"image\":{\"@type\":\"ImageObject\",\"inLanguage\":\"es\",\"@id\":\"https:\\\/\\\/secure.gravatar.com\\\/avatar\\\/1db852625ef4948f58d2739bfbc51e4b9bd5c93b8fa340b59fdb594ca0845645?s=96&d=mm&r=g\",\"url\":\"https:\\\/\\\/secure.gravatar.com\\\/avatar\\\/1db852625ef4948f58d2739bfbc51e4b9bd5c93b8fa340b59fdb594ca0845645?s=96&d=mm&r=g\",\"contentUrl\":\"https:\\\/\\\/secure.gravatar.com\\\/avatar\\\/1db852625ef4948f58d2739bfbc51e4b9bd5c93b8fa340b59fdb594ca0845645?s=96&d=mm&r=g\",\"caption\":\"Super User\"},\"url\":\"https:\\\/\\\/ppdegalicia.com\\\/es\\\/author\\\/ppdegaliciagestion\\\/\"}]}<\/script>\n<!-- \/ Yoast SEO plugin. -->","yoast_head_json":{"title":"Tellado repr\u00f3challe \u00e1 esquerda que o seu modelo econ\u00f3mico \u201c\u00e9 o peche de empresas\u201d - PP de Galicia","robots":{"index":"index","follow":"follow","max-snippet":"max-snippet:-1","max-image-preview":"max-image-preview:large","max-video-preview":"max-video-preview:-1"},"canonical":"https:\/\/ppdegalicia.com\/es\/tellado-reprochalle-a-esquerda-que-o-seu-modelo-economico-e-o-peche-de-empresas\/","og_locale":"es_ES","og_type":"article","og_title":"Tellado repr\u00f3challe \u00e1 esquerda que o seu modelo econ\u00f3mico \u201c\u00e9 o peche de empresas\u201d - PP de Galicia","og_description":"Santiago, 22 de outubro de 2019.-&nbsp; O viceportavoz do Grupo Popular, Miguel Tellado, lamentou este martes no Parlamento que o modelo econ\u00f3mico que defenden os grupos de esquerdas sexa \u201co peche de empresas\u201d e lembrou casos como o das centrais t\u00e9rmicas, a factor\u00eda de ENCE ou Reganosa. \u201cNeste Parlamento s\u00f3 defendemos aos traballadores os que [&hellip;]","og_url":"https:\/\/ppdegalicia.com\/es\/tellado-reprochalle-a-esquerda-que-o-seu-modelo-economico-e-o-peche-de-empresas\/","og_site_name":"PP de Galicia","article_publisher":"https:\/\/www.instagram.com\/ppdegalicia\/","article_published_time":"2019-10-22T15:00:23+00:00","author":"Super User","twitter_card":"summary_large_image","twitter_creator":"@ppdegalicia","twitter_site":"@ppdegalicia","twitter_misc":{"Escrito por":"Super User","Tiempo de lectura":"1 minuto"},"schema":{"@context":"https:\/\/schema.org","@graph":[{"@type":"Article","@id":"https:\/\/ppdegalicia.com\/es\/tellado-reprochalle-a-esquerda-que-o-seu-modelo-economico-e-o-peche-de-empresas\/#article","isPartOf":{"@id":"https:\/\/ppdegalicia.com\/es\/tellado-reprochalle-a-esquerda-que-o-seu-modelo-economico-e-o-peche-de-empresas\/"},"author":{"name":"Super User","@id":"https:\/\/ppdegalicia.com\/es\/#\/schema\/person\/d0f013b8388c980665d44009ab762960"},"headline":"Tellado repr\u00f3challe \u00e1 esquerda que o seu modelo econ\u00f3mico \u201c\u00e9 o peche de empresas\u201d","datePublished":"2019-10-22T15:00:23+00:00","mainEntityOfPage":{"@id":"https:\/\/ppdegalicia.com\/es\/tellado-reprochalle-a-esquerda-que-o-seu-modelo-economico-e-o-peche-de-empresas\/"},"wordCount":219,"commentCount":0,"publisher":{"@id":"https:\/\/ppdegalicia.com\/es\/#organization"},"articleSection":["PP de Galicia"],"inLanguage":"es","potentialAction":[{"@type":"CommentAction","name":"Comment","target":["https:\/\/ppdegalicia.com\/es\/tellado-reprochalle-a-esquerda-que-o-seu-modelo-economico-e-o-peche-de-empresas\/#respond"]}]},{"@type":"WebPage","@id":"https:\/\/ppdegalicia.com\/es\/tellado-reprochalle-a-esquerda-que-o-seu-modelo-economico-e-o-peche-de-empresas\/","url":"https:\/\/ppdegalicia.com\/es\/tellado-reprochalle-a-esquerda-que-o-seu-modelo-economico-e-o-peche-de-empresas\/","name":"Tellado repr\u00f3challe \u00e1 esquerda que o seu modelo econ\u00f3mico \u201c\u00e9 o peche de empresas\u201d - PP de Galicia","isPartOf":{"@id":"https:\/\/ppdegalicia.com\/es\/#website"},"datePublished":"2019-10-22T15:00:23+00:00","breadcrumb":{"@id":"https:\/\/ppdegalicia.com\/es\/tellado-reprochalle-a-esquerda-que-o-seu-modelo-economico-e-o-peche-de-empresas\/#breadcrumb"},"inLanguage":"es","potentialAction":[{"@type":"ReadAction","target":["https:\/\/ppdegalicia.com\/es\/tellado-reprochalle-a-esquerda-que-o-seu-modelo-economico-e-o-peche-de-empresas\/"]}]},{"@type":"BreadcrumbList","@id":"https:\/\/ppdegalicia.com\/es\/tellado-reprochalle-a-esquerda-que-o-seu-modelo-economico-e-o-peche-de-empresas\/#breadcrumb","itemListElement":[{"@type":"ListItem","position":1,"name":"Portada","item":"https:\/\/ppdegalicia.com\/es\/"},{"@type":"ListItem","position":2,"name":"Tellado repr\u00f3challe \u00e1 esquerda que o seu modelo econ\u00f3mico \u201c\u00e9 o peche de empresas\u201d"}]},{"@type":"WebSite","@id":"https:\/\/ppdegalicia.com\/es\/#website","url":"https:\/\/ppdegalicia.com\/es\/","name":"Partido Popular de Galicia","description":"Partido Popular de Galicia","publisher":{"@id":"https:\/\/ppdegalicia.com\/es\/#organization"},"alternateName":"PP de Galicia","potentialAction":[{"@type":"SearchAction","target":{"@type":"EntryPoint","urlTemplate":"https:\/\/ppdegalicia.com\/es\/?s={search_term_string}"},"query-input":{"@type":"PropertyValueSpecification","valueRequired":true,"valueName":"search_term_string"}}],"inLanguage":"es"},{"@type":"Organization","@id":"https:\/\/ppdegalicia.com\/es\/#organization","name":"Partido Popular de Galicia","alternateName":"PP de Galicia","url":"https:\/\/ppdegalicia.com\/es\/","logo":{"@type":"ImageObject","inLanguage":"es","@id":"https:\/\/ppdegalicia.com\/es\/#\/schema\/logo\/image\/","url":"https:\/\/ppdegalicia.com\/wp-content\/uploads\/2023\/04\/logoPP512.png","contentUrl":"https:\/\/ppdegalicia.com\/wp-content\/uploads\/2023\/04\/logoPP512.png","width":512,"height":512,"caption":"Partido Popular de Galicia"},"image":{"@id":"https:\/\/ppdegalicia.com\/es\/#\/schema\/logo\/image\/"},"sameAs":["https:\/\/www.instagram.com\/ppdegalicia\/","https:\/\/x.com\/ppdegalicia","https:\/\/www.tiktok.com\/@ppdegalicia","https:\/\/www.youtube.com\/user\/ppdegalicia"]},{"@type":"Person","@id":"https:\/\/ppdegalicia.com\/es\/#\/schema\/person\/d0f013b8388c980665d44009ab762960","name":"Super User","image":{"@type":"ImageObject","inLanguage":"es","@id":"https:\/\/secure.gravatar.com\/avatar\/1db852625ef4948f58d2739bfbc51e4b9bd5c93b8fa340b59fdb594ca0845645?s=96&d=mm&r=g","url":"https:\/\/secure.gravatar.com\/avatar\/1db852625ef4948f58d2739bfbc51e4b9bd5c93b8fa340b59fdb594ca0845645?s=96&d=mm&r=g","contentUrl":"https:\/\/secure.gravatar.com\/avatar\/1db852625ef4948f58d2739bfbc51e4b9bd5c93b8fa340b59fdb594ca0845645?s=96&d=mm&r=g","caption":"Super User"},"url":"https:\/\/ppdegalicia.com\/es\/author\/ppdegaliciagestion\/"}]}},"_links":{"self":[{"href":"https:\/\/ppdegalicia.com\/es\/wp-json\/wp\/v2\/posts\/52224","targetHints":{"allow":["GET"]}}],"collection":[{"href":"https:\/\/ppdegalicia.com\/es\/wp-json\/wp\/v2\/posts"}],"about":[{"href":"https:\/\/ppdegalicia.com\/es\/wp-json\/wp\/v2\/types\/post"}],"author":[{"embeddable":true,"href":"https:\/\/ppdegalicia.com\/es\/wp-json\/wp\/v2\/users\/37"}],"replies":[{"embeddable":true,"href":"https:\/\/ppdegalicia.com\/es\/wp-json\/wp\/v2\/comments?post=52224"}],"version-history":[{"count":0,"href":"https:\/\/ppdegalicia.com\/es\/wp-json\/wp\/v2\/posts\/52224\/revisions"}],"wp:attachment":[{"href":"https:\/\/ppdegalicia.com\/es\/wp-json\/wp\/v2\/media?parent=52224"}],"wp:term":[{"taxonomy":"category","embeddable":true,"href":"https:\/\/ppdegalicia.com\/es\/wp-json\/wp\/v2\/categories?post=52224"},{"taxonomy":"post_tag","embeddable":true,"href":"https:\/\/ppdegalicia.com\/es\/wp-json\/wp\/v2\/tags?post=52224"}],"curies":[{"name":"wp","href":"https:\/\/api.w.org\/{rel}","templated":true}]}}