{"id":52245,"date":"2019-09-04T11:45:53","date_gmt":"2019-09-04T09:45:53","guid":{"rendered":"https:\/\/ppdegalicia.com\/o-ppdeg-asegura-que-a-nova-cocina-do-chuo-non-so-mantera-os-postos-de-traballo-senon-que-se-incrementaran-con-dietistas-e-nutricionistas\/"},"modified":"2019-09-04T11:45:53","modified_gmt":"2019-09-04T09:45:53","slug":"o-ppdeg-asegura-que-a-nova-cocina-do-chuo-non-so-mantera-os-postos-de-traballo-senon-que-se-incrementaran-con-dietistas-e-nutricionistas","status":"publish","type":"post","link":"https:\/\/ppdegalicia.com\/es\/o-ppdeg-asegura-que-a-nova-cocina-do-chuo-non-so-mantera-os-postos-de-traballo-senon-que-se-incrementaran-con-dietistas-e-nutricionistas\/","title":{"rendered":"O PPdeG asegura que a nova coci\u00f1a do CHUO \u201cnon s\u00f3 manter\u00e1 os postos de traballo, sen\u00f3n que se incrementar\u00e1n con dietistas e nutricionistas\u201d"},"content":{"rendered":"<p>Santiago, 4 de setembro de 2019.- A deputada do Grupo Popular Marta Rodr\u00edguez-Vispo asegurou hoxe no Parlamento galego a nova coci\u00f1a no Complexo Hospitalario Universitario de Ourense \u201cseguir\u00e1 a ser xestionada directamente polo Servizo Galego de Sa\u00fade e non s\u00f3 se manter\u00e1n todos os postos de traballo actualmente desempe\u00f1ados por persoal estable, sen\u00f3n que se incrementar\u00e1n con profesionais titulados en diet\u00e9tica e nutrici\u00f3n, ademais dun novo coci\u00f1eiro\u201d.<\/p>\n<p><!--more--><\/p>\n<p>&nbsp;<\/p>\n<p>Rodr\u00edguez-Vispo concretou que \u201ca apertura da nova coci\u00f1a do CHUO, que supuxo un investimento de cinco mill\u00f3ns de euros, est\u00e1 prevista para o pr\u00f3ximo mes de outubro, unha vez remate a dotaci\u00f3n do equipamento e a s\u00faa posta en marcha, as\u00ed como a previa formaci\u00f3n do persoal\u201d.<\/p>\n<p>&nbsp;<\/p>\n<p>As\u00ed mesmo, lembrou que no caso do CHUO optouse por unha coci\u00f1a mixta na que poder desenvolver procesos en li\u00f1a quente e fr\u00eda de xeito combinado para dar servizo completo a este complexo hospitalario.<\/p>\n<p>&nbsp;<\/p>\n<p><strong>CATRO NOVOS POSTOS DE TRABALLO<\/strong><\/p>\n<p>&nbsp;<\/p>\n<p>Respecto do persoal, a deputada popular afirmou que \u201ca Xunta de Persoal do CHUO e o propio persoal da coci\u00f1a xa co\u00f1ece, logo das reuni\u00f3ns celebradas nos meses de xullo e agosto con responsables do Sergas, que ningu\u00e9n vai perder o seu posto de traballo coa posta en marcha desta nova coci\u00f1a\u201d.<\/p>\n<p>&nbsp;<\/p>\n<p>\u201cNon s\u00f3 non se perden postos de traballo, sen\u00f3n que se crean catro novos para profesionais titulados en diet\u00e9tica e nutrici\u00f3n, que aportar\u00e1n garant\u00eda, seguridade e calidade ao servizo\u201d, concretou Marta Rodr\u00edguez-Vispo, quen engadiu que \u201cse incorporar\u00e1 un novo coci\u00f1eiro para cumprir co compromiso de igualdade de presenzas nas quendas de luns a domingo\u201d.<\/p>\n<p>&nbsp;<\/p>\n<p>Por todo isto, Rodr\u00edguez-Vispo demandou aos socialistas galegos que \u201cnon falten \u00e1 verdade nin confundan \u00e1 cidadan\u00eda con acusaci\u00f3ns sen fundamento, xa que o modelo de xesti\u00f3n desta nova coci\u00f1a non supor\u00e1 para nada unha privatizaci\u00f3n nin a eliminaci\u00f3n dos postos de traballo\u201d.<\/p>\n","protected":false},"excerpt":{"rendered":"<p>Santiago, 4 de setembro de 2019.- A deputada do Grupo Popular Marta Rodr\u00edguez-Vispo asegurou hoxe no Parlamento galego a nova coci\u00f1a no Complexo Hospitalario Universitario de Ourense \u201cseguir\u00e1 a ser xestionada directamente polo Servizo Galego de Sa\u00fade e non s\u00f3 se manter\u00e1n todos os postos de traballo actualmente desempe\u00f1ados por persoal estable, sen\u00f3n que se [&hellip;]<\/p>\n","protected":false},"author":37,"featured_media":0,"comment_status":"open","ping_status":"open","sticky":false,"template":"","format":"standard","meta":{"_acf_changed":false,"footnotes":""},"categories":[1],"tags":[],"class_list":["post-52245","post","type-post","status-publish","format-standard","hentry","category-pp-de-galicia"],"acf":[],"yoast_head":"<!-- This site is optimized with the Yoast SEO plugin v27.3 - https:\/\/yoast.com\/product\/yoast-seo-wordpress\/ -->\n<title>O PPdeG asegura que a nova coci\u00f1a do CHUO \u201cnon s\u00f3 manter\u00e1 os postos de traballo, sen\u00f3n que se incrementar\u00e1n con dietistas e nutricionistas\u201d - PP de Galicia<\/title>\n<meta name=\"robots\" content=\"index, follow, max-snippet:-1, max-image-preview:large, max-video-preview:-1\" \/>\n<link rel=\"canonical\" href=\"https:\/\/ppdegalicia.com\/es\/o-ppdeg-asegura-que-a-nova-cocina-do-chuo-non-so-mantera-os-postos-de-traballo-senon-que-se-incrementaran-con-dietistas-e-nutricionistas\/\" \/>\n<meta property=\"og:locale\" content=\"es_ES\" \/>\n<meta property=\"og:type\" content=\"article\" \/>\n<meta property=\"og:title\" content=\"O PPdeG asegura que a nova coci\u00f1a do CHUO \u201cnon s\u00f3 manter\u00e1 os postos de traballo, sen\u00f3n que se incrementar\u00e1n con dietistas e nutricionistas\u201d - PP de Galicia\" \/>\n<meta property=\"og:description\" content=\"Santiago, 4 de setembro de 2019.- A deputada do Grupo Popular Marta Rodr\u00edguez-Vispo asegurou hoxe no Parlamento galego a nova coci\u00f1a no Complexo Hospitalario Universitario de Ourense \u201cseguir\u00e1 a ser xestionada directamente polo Servizo Galego de Sa\u00fade e non s\u00f3 se manter\u00e1n todos os postos de traballo actualmente desempe\u00f1ados por persoal estable, sen\u00f3n que se [&hellip;]\" \/>\n<meta property=\"og:url\" content=\"https:\/\/ppdegalicia.com\/es\/o-ppdeg-asegura-que-a-nova-cocina-do-chuo-non-so-mantera-os-postos-de-traballo-senon-que-se-incrementaran-con-dietistas-e-nutricionistas\/\" \/>\n<meta property=\"og:site_name\" content=\"PP de Galicia\" \/>\n<meta property=\"article:publisher\" content=\"https:\/\/www.instagram.com\/ppdegalicia\/\" \/>\n<meta property=\"article:published_time\" content=\"2019-09-04T09:45:53+00:00\" \/>\n<meta name=\"author\" content=\"Super User\" \/>\n<meta name=\"twitter:card\" content=\"summary_large_image\" \/>\n<meta name=\"twitter:creator\" content=\"@ppdegalicia\" \/>\n<meta name=\"twitter:site\" content=\"@ppdegalicia\" \/>\n<meta name=\"twitter:label1\" content=\"Escrito por\" \/>\n\t<meta name=\"twitter:data1\" content=\"Super User\" \/>\n\t<meta name=\"twitter:label2\" content=\"Tiempo de lectura\" \/>\n\t<meta name=\"twitter:data2\" content=\"2 minutos\" \/>\n<script type=\"application\/ld+json\" class=\"yoast-schema-graph\">{\"@context\":\"https:\\\/\\\/schema.org\",\"@graph\":[{\"@type\":\"Article\",\"@id\":\"https:\\\/\\\/ppdegalicia.com\\\/es\\\/o-ppdeg-asegura-que-a-nova-cocina-do-chuo-non-so-mantera-os-postos-de-traballo-senon-que-se-incrementaran-con-dietistas-e-nutricionistas\\\/#article\",\"isPartOf\":{\"@id\":\"https:\\\/\\\/ppdegalicia.com\\\/es\\\/o-ppdeg-asegura-que-a-nova-cocina-do-chuo-non-so-mantera-os-postos-de-traballo-senon-que-se-incrementaran-con-dietistas-e-nutricionistas\\\/\"},\"author\":{\"name\":\"Super User\",\"@id\":\"https:\\\/\\\/ppdegalicia.com\\\/es\\\/#\\\/schema\\\/person\\\/d0f013b8388c980665d44009ab762960\"},\"headline\":\"O PPdeG asegura que a nova coci\u00f1a do CHUO \u201cnon s\u00f3 manter\u00e1 os postos de traballo, sen\u00f3n que se incrementar\u00e1n con dietistas e nutricionistas\u201d\",\"datePublished\":\"2019-09-04T09:45:53+00:00\",\"mainEntityOfPage\":{\"@id\":\"https:\\\/\\\/ppdegalicia.com\\\/es\\\/o-ppdeg-asegura-que-a-nova-cocina-do-chuo-non-so-mantera-os-postos-de-traballo-senon-que-se-incrementaran-con-dietistas-e-nutricionistas\\\/\"},\"wordCount\":371,\"commentCount\":0,\"publisher\":{\"@id\":\"https:\\\/\\\/ppdegalicia.com\\\/es\\\/#organization\"},\"articleSection\":[\"PP de Galicia\"],\"inLanguage\":\"es\",\"potentialAction\":[{\"@type\":\"CommentAction\",\"name\":\"Comment\",\"target\":[\"https:\\\/\\\/ppdegalicia.com\\\/es\\\/o-ppdeg-asegura-que-a-nova-cocina-do-chuo-non-so-mantera-os-postos-de-traballo-senon-que-se-incrementaran-con-dietistas-e-nutricionistas\\\/#respond\"]}]},{\"@type\":\"WebPage\",\"@id\":\"https:\\\/\\\/ppdegalicia.com\\\/es\\\/o-ppdeg-asegura-que-a-nova-cocina-do-chuo-non-so-mantera-os-postos-de-traballo-senon-que-se-incrementaran-con-dietistas-e-nutricionistas\\\/\",\"url\":\"https:\\\/\\\/ppdegalicia.com\\\/es\\\/o-ppdeg-asegura-que-a-nova-cocina-do-chuo-non-so-mantera-os-postos-de-traballo-senon-que-se-incrementaran-con-dietistas-e-nutricionistas\\\/\",\"name\":\"O PPdeG asegura que a nova coci\u00f1a do CHUO \u201cnon s\u00f3 manter\u00e1 os postos de traballo, sen\u00f3n que se incrementar\u00e1n con dietistas e nutricionistas\u201d - PP de Galicia\",\"isPartOf\":{\"@id\":\"https:\\\/\\\/ppdegalicia.com\\\/es\\\/#website\"},\"datePublished\":\"2019-09-04T09:45:53+00:00\",\"breadcrumb\":{\"@id\":\"https:\\\/\\\/ppdegalicia.com\\\/es\\\/o-ppdeg-asegura-que-a-nova-cocina-do-chuo-non-so-mantera-os-postos-de-traballo-senon-que-se-incrementaran-con-dietistas-e-nutricionistas\\\/#breadcrumb\"},\"inLanguage\":\"es\",\"potentialAction\":[{\"@type\":\"ReadAction\",\"target\":[\"https:\\\/\\\/ppdegalicia.com\\\/es\\\/o-ppdeg-asegura-que-a-nova-cocina-do-chuo-non-so-mantera-os-postos-de-traballo-senon-que-se-incrementaran-con-dietistas-e-nutricionistas\\\/\"]}]},{\"@type\":\"BreadcrumbList\",\"@id\":\"https:\\\/\\\/ppdegalicia.com\\\/es\\\/o-ppdeg-asegura-que-a-nova-cocina-do-chuo-non-so-mantera-os-postos-de-traballo-senon-que-se-incrementaran-con-dietistas-e-nutricionistas\\\/#breadcrumb\",\"itemListElement\":[{\"@type\":\"ListItem\",\"position\":1,\"name\":\"Portada\",\"item\":\"https:\\\/\\\/ppdegalicia.com\\\/es\\\/\"},{\"@type\":\"ListItem\",\"position\":2,\"name\":\"O PPdeG asegura que a nova coci\u00f1a do CHUO \u201cnon s\u00f3 manter\u00e1 os postos de traballo, sen\u00f3n que se incrementar\u00e1n con dietistas e nutricionistas\u201d\"}]},{\"@type\":\"WebSite\",\"@id\":\"https:\\\/\\\/ppdegalicia.com\\\/es\\\/#website\",\"url\":\"https:\\\/\\\/ppdegalicia.com\\\/es\\\/\",\"name\":\"Partido Popular de Galicia\",\"description\":\"Partido Popular de Galicia\",\"publisher\":{\"@id\":\"https:\\\/\\\/ppdegalicia.com\\\/es\\\/#organization\"},\"alternateName\":\"PP de Galicia\",\"potentialAction\":[{\"@type\":\"SearchAction\",\"target\":{\"@type\":\"EntryPoint\",\"urlTemplate\":\"https:\\\/\\\/ppdegalicia.com\\\/es\\\/?s={search_term_string}\"},\"query-input\":{\"@type\":\"PropertyValueSpecification\",\"valueRequired\":true,\"valueName\":\"search_term_string\"}}],\"inLanguage\":\"es\"},{\"@type\":\"Organization\",\"@id\":\"https:\\\/\\\/ppdegalicia.com\\\/es\\\/#organization\",\"name\":\"Partido Popular de Galicia\",\"alternateName\":\"PP de Galicia\",\"url\":\"https:\\\/\\\/ppdegalicia.com\\\/es\\\/\",\"logo\":{\"@type\":\"ImageObject\",\"inLanguage\":\"es\",\"@id\":\"https:\\\/\\\/ppdegalicia.com\\\/es\\\/#\\\/schema\\\/logo\\\/image\\\/\",\"url\":\"https:\\\/\\\/ppdegalicia.com\\\/wp-content\\\/uploads\\\/2023\\\/04\\\/logoPP512.png\",\"contentUrl\":\"https:\\\/\\\/ppdegalicia.com\\\/wp-content\\\/uploads\\\/2023\\\/04\\\/logoPP512.png\",\"width\":512,\"height\":512,\"caption\":\"Partido Popular de Galicia\"},\"image\":{\"@id\":\"https:\\\/\\\/ppdegalicia.com\\\/es\\\/#\\\/schema\\\/logo\\\/image\\\/\"},\"sameAs\":[\"https:\\\/\\\/www.instagram.com\\\/ppdegalicia\\\/\",\"https:\\\/\\\/x.com\\\/ppdegalicia\",\"https:\\\/\\\/www.tiktok.com\\\/@ppdegalicia\",\"https:\\\/\\\/www.youtube.com\\\/user\\\/ppdegalicia\"]},{\"@type\":\"Person\",\"@id\":\"https:\\\/\\\/ppdegalicia.com\\\/es\\\/#\\\/schema\\\/person\\\/d0f013b8388c980665d44009ab762960\",\"name\":\"Super User\",\"image\":{\"@type\":\"ImageObject\",\"inLanguage\":\"es\",\"@id\":\"https:\\\/\\\/secure.gravatar.com\\\/avatar\\\/1db852625ef4948f58d2739bfbc51e4b9bd5c93b8fa340b59fdb594ca0845645?s=96&d=mm&r=g\",\"url\":\"https:\\\/\\\/secure.gravatar.com\\\/avatar\\\/1db852625ef4948f58d2739bfbc51e4b9bd5c93b8fa340b59fdb594ca0845645?s=96&d=mm&r=g\",\"contentUrl\":\"https:\\\/\\\/secure.gravatar.com\\\/avatar\\\/1db852625ef4948f58d2739bfbc51e4b9bd5c93b8fa340b59fdb594ca0845645?s=96&d=mm&r=g\",\"caption\":\"Super User\"},\"url\":\"https:\\\/\\\/ppdegalicia.com\\\/es\\\/author\\\/ppdegaliciagestion\\\/\"}]}<\/script>\n<!-- \/ Yoast SEO plugin. -->","yoast_head_json":{"title":"O PPdeG asegura que a nova coci\u00f1a do CHUO \u201cnon s\u00f3 manter\u00e1 os postos de traballo, sen\u00f3n que se incrementar\u00e1n con dietistas e nutricionistas\u201d - PP de Galicia","robots":{"index":"index","follow":"follow","max-snippet":"max-snippet:-1","max-image-preview":"max-image-preview:large","max-video-preview":"max-video-preview:-1"},"canonical":"https:\/\/ppdegalicia.com\/es\/o-ppdeg-asegura-que-a-nova-cocina-do-chuo-non-so-mantera-os-postos-de-traballo-senon-que-se-incrementaran-con-dietistas-e-nutricionistas\/","og_locale":"es_ES","og_type":"article","og_title":"O PPdeG asegura que a nova coci\u00f1a do CHUO \u201cnon s\u00f3 manter\u00e1 os postos de traballo, sen\u00f3n que se incrementar\u00e1n con dietistas e nutricionistas\u201d - PP de Galicia","og_description":"Santiago, 4 de setembro de 2019.- A deputada do Grupo Popular Marta Rodr\u00edguez-Vispo asegurou hoxe no Parlamento galego a nova coci\u00f1a no Complexo Hospitalario Universitario de Ourense \u201cseguir\u00e1 a ser xestionada directamente polo Servizo Galego de Sa\u00fade e non s\u00f3 se manter\u00e1n todos os postos de traballo actualmente desempe\u00f1ados por persoal estable, sen\u00f3n que se [&hellip;]","og_url":"https:\/\/ppdegalicia.com\/es\/o-ppdeg-asegura-que-a-nova-cocina-do-chuo-non-so-mantera-os-postos-de-traballo-senon-que-se-incrementaran-con-dietistas-e-nutricionistas\/","og_site_name":"PP de Galicia","article_publisher":"https:\/\/www.instagram.com\/ppdegalicia\/","article_published_time":"2019-09-04T09:45:53+00:00","author":"Super User","twitter_card":"summary_large_image","twitter_creator":"@ppdegalicia","twitter_site":"@ppdegalicia","twitter_misc":{"Escrito por":"Super User","Tiempo de lectura":"2 minutos"},"schema":{"@context":"https:\/\/schema.org","@graph":[{"@type":"Article","@id":"https:\/\/ppdegalicia.com\/es\/o-ppdeg-asegura-que-a-nova-cocina-do-chuo-non-so-mantera-os-postos-de-traballo-senon-que-se-incrementaran-con-dietistas-e-nutricionistas\/#article","isPartOf":{"@id":"https:\/\/ppdegalicia.com\/es\/o-ppdeg-asegura-que-a-nova-cocina-do-chuo-non-so-mantera-os-postos-de-traballo-senon-que-se-incrementaran-con-dietistas-e-nutricionistas\/"},"author":{"name":"Super User","@id":"https:\/\/ppdegalicia.com\/es\/#\/schema\/person\/d0f013b8388c980665d44009ab762960"},"headline":"O PPdeG asegura que a nova coci\u00f1a do CHUO \u201cnon s\u00f3 manter\u00e1 os postos de traballo, sen\u00f3n que se incrementar\u00e1n con dietistas e nutricionistas\u201d","datePublished":"2019-09-04T09:45:53+00:00","mainEntityOfPage":{"@id":"https:\/\/ppdegalicia.com\/es\/o-ppdeg-asegura-que-a-nova-cocina-do-chuo-non-so-mantera-os-postos-de-traballo-senon-que-se-incrementaran-con-dietistas-e-nutricionistas\/"},"wordCount":371,"commentCount":0,"publisher":{"@id":"https:\/\/ppdegalicia.com\/es\/#organization"},"articleSection":["PP de Galicia"],"inLanguage":"es","potentialAction":[{"@type":"CommentAction","name":"Comment","target":["https:\/\/ppdegalicia.com\/es\/o-ppdeg-asegura-que-a-nova-cocina-do-chuo-non-so-mantera-os-postos-de-traballo-senon-que-se-incrementaran-con-dietistas-e-nutricionistas\/#respond"]}]},{"@type":"WebPage","@id":"https:\/\/ppdegalicia.com\/es\/o-ppdeg-asegura-que-a-nova-cocina-do-chuo-non-so-mantera-os-postos-de-traballo-senon-que-se-incrementaran-con-dietistas-e-nutricionistas\/","url":"https:\/\/ppdegalicia.com\/es\/o-ppdeg-asegura-que-a-nova-cocina-do-chuo-non-so-mantera-os-postos-de-traballo-senon-que-se-incrementaran-con-dietistas-e-nutricionistas\/","name":"O PPdeG asegura que a nova coci\u00f1a do CHUO \u201cnon s\u00f3 manter\u00e1 os postos de traballo, sen\u00f3n que se incrementar\u00e1n con dietistas e nutricionistas\u201d - PP de Galicia","isPartOf":{"@id":"https:\/\/ppdegalicia.com\/es\/#website"},"datePublished":"2019-09-04T09:45:53+00:00","breadcrumb":{"@id":"https:\/\/ppdegalicia.com\/es\/o-ppdeg-asegura-que-a-nova-cocina-do-chuo-non-so-mantera-os-postos-de-traballo-senon-que-se-incrementaran-con-dietistas-e-nutricionistas\/#breadcrumb"},"inLanguage":"es","potentialAction":[{"@type":"ReadAction","target":["https:\/\/ppdegalicia.com\/es\/o-ppdeg-asegura-que-a-nova-cocina-do-chuo-non-so-mantera-os-postos-de-traballo-senon-que-se-incrementaran-con-dietistas-e-nutricionistas\/"]}]},{"@type":"BreadcrumbList","@id":"https:\/\/ppdegalicia.com\/es\/o-ppdeg-asegura-que-a-nova-cocina-do-chuo-non-so-mantera-os-postos-de-traballo-senon-que-se-incrementaran-con-dietistas-e-nutricionistas\/#breadcrumb","itemListElement":[{"@type":"ListItem","position":1,"name":"Portada","item":"https:\/\/ppdegalicia.com\/es\/"},{"@type":"ListItem","position":2,"name":"O PPdeG asegura que a nova coci\u00f1a do CHUO \u201cnon s\u00f3 manter\u00e1 os postos de traballo, sen\u00f3n que se incrementar\u00e1n con dietistas e nutricionistas\u201d"}]},{"@type":"WebSite","@id":"https:\/\/ppdegalicia.com\/es\/#website","url":"https:\/\/ppdegalicia.com\/es\/","name":"Partido Popular de Galicia","description":"Partido Popular de Galicia","publisher":{"@id":"https:\/\/ppdegalicia.com\/es\/#organization"},"alternateName":"PP de Galicia","potentialAction":[{"@type":"SearchAction","target":{"@type":"EntryPoint","urlTemplate":"https:\/\/ppdegalicia.com\/es\/?s={search_term_string}"},"query-input":{"@type":"PropertyValueSpecification","valueRequired":true,"valueName":"search_term_string"}}],"inLanguage":"es"},{"@type":"Organization","@id":"https:\/\/ppdegalicia.com\/es\/#organization","name":"Partido Popular de Galicia","alternateName":"PP de Galicia","url":"https:\/\/ppdegalicia.com\/es\/","logo":{"@type":"ImageObject","inLanguage":"es","@id":"https:\/\/ppdegalicia.com\/es\/#\/schema\/logo\/image\/","url":"https:\/\/ppdegalicia.com\/wp-content\/uploads\/2023\/04\/logoPP512.png","contentUrl":"https:\/\/ppdegalicia.com\/wp-content\/uploads\/2023\/04\/logoPP512.png","width":512,"height":512,"caption":"Partido Popular de Galicia"},"image":{"@id":"https:\/\/ppdegalicia.com\/es\/#\/schema\/logo\/image\/"},"sameAs":["https:\/\/www.instagram.com\/ppdegalicia\/","https:\/\/x.com\/ppdegalicia","https:\/\/www.tiktok.com\/@ppdegalicia","https:\/\/www.youtube.com\/user\/ppdegalicia"]},{"@type":"Person","@id":"https:\/\/ppdegalicia.com\/es\/#\/schema\/person\/d0f013b8388c980665d44009ab762960","name":"Super User","image":{"@type":"ImageObject","inLanguage":"es","@id":"https:\/\/secure.gravatar.com\/avatar\/1db852625ef4948f58d2739bfbc51e4b9bd5c93b8fa340b59fdb594ca0845645?s=96&d=mm&r=g","url":"https:\/\/secure.gravatar.com\/avatar\/1db852625ef4948f58d2739bfbc51e4b9bd5c93b8fa340b59fdb594ca0845645?s=96&d=mm&r=g","contentUrl":"https:\/\/secure.gravatar.com\/avatar\/1db852625ef4948f58d2739bfbc51e4b9bd5c93b8fa340b59fdb594ca0845645?s=96&d=mm&r=g","caption":"Super User"},"url":"https:\/\/ppdegalicia.com\/es\/author\/ppdegaliciagestion\/"}]}},"_links":{"self":[{"href":"https:\/\/ppdegalicia.com\/es\/wp-json\/wp\/v2\/posts\/52245","targetHints":{"allow":["GET"]}}],"collection":[{"href":"https:\/\/ppdegalicia.com\/es\/wp-json\/wp\/v2\/posts"}],"about":[{"href":"https:\/\/ppdegalicia.com\/es\/wp-json\/wp\/v2\/types\/post"}],"author":[{"embeddable":true,"href":"https:\/\/ppdegalicia.com\/es\/wp-json\/wp\/v2\/users\/37"}],"replies":[{"embeddable":true,"href":"https:\/\/ppdegalicia.com\/es\/wp-json\/wp\/v2\/comments?post=52245"}],"version-history":[{"count":0,"href":"https:\/\/ppdegalicia.com\/es\/wp-json\/wp\/v2\/posts\/52245\/revisions"}],"wp:attachment":[{"href":"https:\/\/ppdegalicia.com\/es\/wp-json\/wp\/v2\/media?parent=52245"}],"wp:term":[{"taxonomy":"category","embeddable":true,"href":"https:\/\/ppdegalicia.com\/es\/wp-json\/wp\/v2\/categories?post=52245"},{"taxonomy":"post_tag","embeddable":true,"href":"https:\/\/ppdegalicia.com\/es\/wp-json\/wp\/v2\/tags?post=52245"}],"curies":[{"name":"wp","href":"https:\/\/api.w.org\/{rel}","templated":true}]}}