{"id":52248,"date":"2019-09-05T12:19:54","date_gmt":"2019-09-05T10:19:54","guid":{"rendered":"https:\/\/ppdegalicia.com\/o-grupo-popular-afirma-que-o-impacto-das-vivendas-de-uso-turistico-na-oferta-e-os-prezos-das-vivendas-de-aluguer-e-escasa-e-pouco-fiable\/"},"modified":"2019-09-05T12:19:54","modified_gmt":"2019-09-05T10:19:54","slug":"o-grupo-popular-afirma-que-o-impacto-das-vivendas-de-uso-turistico-na-oferta-e-os-prezos-das-vivendas-de-aluguer-e-escasa-e-pouco-fiable","status":"publish","type":"post","link":"https:\/\/ppdegalicia.com\/es\/o-grupo-popular-afirma-que-o-impacto-das-vivendas-de-uso-turistico-na-oferta-e-os-prezos-das-vivendas-de-aluguer-e-escasa-e-pouco-fiable\/","title":{"rendered":"O Grupo Popular afirma que o impacto das vivendas de uso tur\u00edstico na oferta e os prezos das vivendas de aluguer \u00e9 escasa e pouco fiable"},"content":{"rendered":"<p>Santiago, 5&nbsp; de setembro de 2019.- A deputada do Grupo Popular Cristina Romero afirmou hoxe no Parlamento que \u201co impacto das vivendas de uso tur\u00edstico na oferta e os prezos das vivendas de aluguer \u00e9 escasa e pouco fiable, xa que supo\u00f1en pouco m\u00e1is do 0,5 por cento do parque de vivendas en Galicia\u201d. Ademais, salientou que \u201ctodas as tipolox\u00edas tradicionais de aloxamento est\u00e1n incrementando o seu volume de viaxeiros, o que leva acompa\u00f1ado un aumento das tarifas que fixo mellorar a rendibilidade do sector un 7,7 por cento ata acadar os mellores niveis da d\u00e9cada\u201d.<\/p>\n<p><!--more--><\/p>\n<p>&nbsp;<\/p>\n<p>Cristina Romero criticou que os deputados da oposici\u00f3n \u201cfalen no Parlamento de vivendas de uso tur\u00edstico partindo de premisas falsas, como que o seu incremento est\u00e1 directamente relacionado co aumento dos prezos dos alugueres ou que est\u00e1n a representar unha ameaza para o sector de aloxamento tradicional\u201d.<\/p>\n<p>&nbsp;<\/p>\n<p>Neste sentido, a deputada popular explicou que en Galicia existen 8.770 vivendas de uso tur\u00edstico, \u201cunha \u00ednfima parte das 1,6 mill\u00f3ns de vivendas que existen en Galicia, das que 300.000 est\u00e1n baleiras\u201d.<\/p>\n<p>&nbsp;<\/p>\n<p>\u201cAdemais, debemos ter en conta que estas vivendas alternan o uso tur\u00edstico co uso residencial: poden ser primeira ou segunda vivenda nalg\u00fans momentos e ser alugada con fins tur\u00edsticos en outros, o que as deixa f\u00f3ra do mercado de alugueiro; ou tam\u00e9n poden ser alugadas a estudantes durante o curso e fosa desa tempada alugada a turistas\u201d, indicou.<\/p>\n<p>&nbsp;<\/p>\n<p>Respecto da suposta influencia negativa das vivendas de uso tur\u00edstico no resto do sector, Romero subli\u00f1ou que, segundo o balance do primeiro cuadrimestre deste ano, \u201ctodas as tipolox\u00edas tradicionais incrementaron un 3,2 por cento o volume de viaxeiros, ao tempo que un 5 por cento as noites que pasan no aloxamento e un 2 por cento a estad\u00eda media\u201d.<\/p>\n<p>&nbsp;<\/p>\n<p><strong>GALICIA, \u00c1 CABEZA DO CRECEMENTO TUR\u00cdSTICO<\/strong><\/p>\n<p>&nbsp;<\/p>\n<p>\u201cGalicia encabezou o crecemento tur\u00edstico de Espa\u00f1a no mes de xullo, chegando aos 675.000 viaxeiros, 43.000 m\u00e1is que o pasado ano, e acadando 118.000 noites m\u00e1is que o ano anterior\u201d, destacou a deputada popular. As\u00ed mesmo, dixo que \u201cmentres que en Espa\u00f1a baixas os turistas estranxeiros, en Galicia medran m\u00e1is que os nacionais, preto dun 11 por cento\u201d.<\/p>\n<p>&nbsp;<\/p>\n<p>Para rematar, Cristina Romero referiuse ao informe sobre vivendas de uso tur\u00edstico presentado o pasado mes de xullo, \u201cno que se constata que \u00e9 un sector de pequenos propietarios: o 82 por cento dos donos comercializan unha \u00fanica vivenda, e a cifra se incrementa ata o 93 por cento se falamos de persoas que xestionan 1 ou 2 vivendas\u201d. \u201cPolo tanto, s\u00f3 un 7 por cento das persoas que comercializan en Galicia vivendas de uso tur\u00edstico te\u00f1en m\u00e1is de d\u00faas vivendas\u201d, concretou.<\/p>\n<p>&nbsp;<\/p>\n<p>A deputada popular anotou que a Comunidade galega \u201cvai seguir ordenando as vivendas de uso tur\u00edstico, logo do acordo acadado o pasado 20 de agosto entre a Xunta e a Fegamp\u201d. As\u00ed, dixo que se elaborar\u00e1n unhas directrices com\u00fans para que os concellos poidan establecer limitaci\u00f3ns respecto ao n\u00famero de vivendas de uso tur\u00edstico, desenvolverase un sistema para medir con maior exactitude o alcance desta actividade, estableceranse mecanismos que faciliten aos usuarios unha correcta identificaci\u00f3n da oferta e impulsaranse medidas normativas para que se identifiquen co seu c\u00f3digo de rexistro nas plataformas nas que se comercialicen.<\/p>\n","protected":false},"excerpt":{"rendered":"<p>Santiago, 5&nbsp; de setembro de 2019.- A deputada do Grupo Popular Cristina Romero afirmou hoxe no Parlamento que \u201co impacto das vivendas de uso tur\u00edstico na oferta e os prezos das vivendas de aluguer \u00e9 escasa e pouco fiable, xa que supo\u00f1en pouco m\u00e1is do 0,5 por cento do parque de vivendas en Galicia\u201d. Ademais, [&hellip;]<\/p>\n","protected":false},"author":37,"featured_media":0,"comment_status":"open","ping_status":"open","sticky":false,"template":"","format":"standard","meta":{"_acf_changed":false,"footnotes":""},"categories":[1],"tags":[],"class_list":["post-52248","post","type-post","status-publish","format-standard","hentry","category-pp-de-galicia"],"acf":[],"yoast_head":"<!-- This site is optimized with the Yoast SEO plugin v27.3 - https:\/\/yoast.com\/product\/yoast-seo-wordpress\/ -->\n<title>O Grupo Popular afirma que o impacto das vivendas de uso tur\u00edstico na oferta e os prezos das vivendas de aluguer \u00e9 escasa e pouco fiable - PP de Galicia<\/title>\n<meta name=\"robots\" content=\"index, follow, max-snippet:-1, max-image-preview:large, max-video-preview:-1\" \/>\n<link rel=\"canonical\" href=\"https:\/\/ppdegalicia.com\/es\/o-grupo-popular-afirma-que-o-impacto-das-vivendas-de-uso-turistico-na-oferta-e-os-prezos-das-vivendas-de-aluguer-e-escasa-e-pouco-fiable\/\" \/>\n<meta property=\"og:locale\" content=\"es_ES\" \/>\n<meta property=\"og:type\" content=\"article\" \/>\n<meta property=\"og:title\" content=\"O Grupo Popular afirma que o impacto das vivendas de uso tur\u00edstico na oferta e os prezos das vivendas de aluguer \u00e9 escasa e pouco fiable - PP de Galicia\" \/>\n<meta property=\"og:description\" content=\"Santiago, 5&nbsp; de setembro de 2019.- A deputada do Grupo Popular Cristina Romero afirmou hoxe no Parlamento que \u201co impacto das vivendas de uso tur\u00edstico na oferta e os prezos das vivendas de aluguer \u00e9 escasa e pouco fiable, xa que supo\u00f1en pouco m\u00e1is do 0,5 por cento do parque de vivendas en Galicia\u201d. Ademais, [&hellip;]\" \/>\n<meta property=\"og:url\" content=\"https:\/\/ppdegalicia.com\/es\/o-grupo-popular-afirma-que-o-impacto-das-vivendas-de-uso-turistico-na-oferta-e-os-prezos-das-vivendas-de-aluguer-e-escasa-e-pouco-fiable\/\" \/>\n<meta property=\"og:site_name\" content=\"PP de Galicia\" \/>\n<meta property=\"article:publisher\" content=\"https:\/\/www.instagram.com\/ppdegalicia\/\" \/>\n<meta property=\"article:published_time\" content=\"2019-09-05T10:19:54+00:00\" \/>\n<meta name=\"author\" content=\"Super User\" \/>\n<meta name=\"twitter:card\" content=\"summary_large_image\" \/>\n<meta name=\"twitter:creator\" content=\"@ppdegalicia\" \/>\n<meta name=\"twitter:site\" content=\"@ppdegalicia\" \/>\n<meta name=\"twitter:label1\" content=\"Escrito por\" \/>\n\t<meta name=\"twitter:data1\" content=\"Super User\" \/>\n\t<meta name=\"twitter:label2\" content=\"Tiempo de lectura\" \/>\n\t<meta name=\"twitter:data2\" content=\"3 minutos\" \/>\n<script type=\"application\/ld+json\" class=\"yoast-schema-graph\">{\"@context\":\"https:\\\/\\\/schema.org\",\"@graph\":[{\"@type\":\"Article\",\"@id\":\"https:\\\/\\\/ppdegalicia.com\\\/es\\\/o-grupo-popular-afirma-que-o-impacto-das-vivendas-de-uso-turistico-na-oferta-e-os-prezos-das-vivendas-de-aluguer-e-escasa-e-pouco-fiable\\\/#article\",\"isPartOf\":{\"@id\":\"https:\\\/\\\/ppdegalicia.com\\\/es\\\/o-grupo-popular-afirma-que-o-impacto-das-vivendas-de-uso-turistico-na-oferta-e-os-prezos-das-vivendas-de-aluguer-e-escasa-e-pouco-fiable\\\/\"},\"author\":{\"name\":\"Super User\",\"@id\":\"https:\\\/\\\/ppdegalicia.com\\\/es\\\/#\\\/schema\\\/person\\\/d0f013b8388c980665d44009ab762960\"},\"headline\":\"O Grupo Popular afirma que o impacto das vivendas de uso tur\u00edstico na oferta e os prezos das vivendas de aluguer \u00e9 escasa e pouco fiable\",\"datePublished\":\"2019-09-05T10:19:54+00:00\",\"mainEntityOfPage\":{\"@id\":\"https:\\\/\\\/ppdegalicia.com\\\/es\\\/o-grupo-popular-afirma-que-o-impacto-das-vivendas-de-uso-turistico-na-oferta-e-os-prezos-das-vivendas-de-aluguer-e-escasa-e-pouco-fiable\\\/\"},\"wordCount\":589,\"commentCount\":0,\"publisher\":{\"@id\":\"https:\\\/\\\/ppdegalicia.com\\\/es\\\/#organization\"},\"articleSection\":[\"PP de Galicia\"],\"inLanguage\":\"es\",\"potentialAction\":[{\"@type\":\"CommentAction\",\"name\":\"Comment\",\"target\":[\"https:\\\/\\\/ppdegalicia.com\\\/es\\\/o-grupo-popular-afirma-que-o-impacto-das-vivendas-de-uso-turistico-na-oferta-e-os-prezos-das-vivendas-de-aluguer-e-escasa-e-pouco-fiable\\\/#respond\"]}]},{\"@type\":\"WebPage\",\"@id\":\"https:\\\/\\\/ppdegalicia.com\\\/es\\\/o-grupo-popular-afirma-que-o-impacto-das-vivendas-de-uso-turistico-na-oferta-e-os-prezos-das-vivendas-de-aluguer-e-escasa-e-pouco-fiable\\\/\",\"url\":\"https:\\\/\\\/ppdegalicia.com\\\/es\\\/o-grupo-popular-afirma-que-o-impacto-das-vivendas-de-uso-turistico-na-oferta-e-os-prezos-das-vivendas-de-aluguer-e-escasa-e-pouco-fiable\\\/\",\"name\":\"O Grupo Popular afirma que o impacto das vivendas de uso tur\u00edstico na oferta e os prezos das vivendas de aluguer \u00e9 escasa e pouco fiable - PP de Galicia\",\"isPartOf\":{\"@id\":\"https:\\\/\\\/ppdegalicia.com\\\/es\\\/#website\"},\"datePublished\":\"2019-09-05T10:19:54+00:00\",\"breadcrumb\":{\"@id\":\"https:\\\/\\\/ppdegalicia.com\\\/es\\\/o-grupo-popular-afirma-que-o-impacto-das-vivendas-de-uso-turistico-na-oferta-e-os-prezos-das-vivendas-de-aluguer-e-escasa-e-pouco-fiable\\\/#breadcrumb\"},\"inLanguage\":\"es\",\"potentialAction\":[{\"@type\":\"ReadAction\",\"target\":[\"https:\\\/\\\/ppdegalicia.com\\\/es\\\/o-grupo-popular-afirma-que-o-impacto-das-vivendas-de-uso-turistico-na-oferta-e-os-prezos-das-vivendas-de-aluguer-e-escasa-e-pouco-fiable\\\/\"]}]},{\"@type\":\"BreadcrumbList\",\"@id\":\"https:\\\/\\\/ppdegalicia.com\\\/es\\\/o-grupo-popular-afirma-que-o-impacto-das-vivendas-de-uso-turistico-na-oferta-e-os-prezos-das-vivendas-de-aluguer-e-escasa-e-pouco-fiable\\\/#breadcrumb\",\"itemListElement\":[{\"@type\":\"ListItem\",\"position\":1,\"name\":\"Portada\",\"item\":\"https:\\\/\\\/ppdegalicia.com\\\/es\\\/\"},{\"@type\":\"ListItem\",\"position\":2,\"name\":\"O Grupo Popular afirma que o impacto das vivendas de uso tur\u00edstico na oferta e os prezos das vivendas de aluguer \u00e9 escasa e pouco fiable\"}]},{\"@type\":\"WebSite\",\"@id\":\"https:\\\/\\\/ppdegalicia.com\\\/es\\\/#website\",\"url\":\"https:\\\/\\\/ppdegalicia.com\\\/es\\\/\",\"name\":\"Partido Popular de Galicia\",\"description\":\"Partido Popular de Galicia\",\"publisher\":{\"@id\":\"https:\\\/\\\/ppdegalicia.com\\\/es\\\/#organization\"},\"alternateName\":\"PP de Galicia\",\"potentialAction\":[{\"@type\":\"SearchAction\",\"target\":{\"@type\":\"EntryPoint\",\"urlTemplate\":\"https:\\\/\\\/ppdegalicia.com\\\/es\\\/?s={search_term_string}\"},\"query-input\":{\"@type\":\"PropertyValueSpecification\",\"valueRequired\":true,\"valueName\":\"search_term_string\"}}],\"inLanguage\":\"es\"},{\"@type\":\"Organization\",\"@id\":\"https:\\\/\\\/ppdegalicia.com\\\/es\\\/#organization\",\"name\":\"Partido Popular de Galicia\",\"alternateName\":\"PP de Galicia\",\"url\":\"https:\\\/\\\/ppdegalicia.com\\\/es\\\/\",\"logo\":{\"@type\":\"ImageObject\",\"inLanguage\":\"es\",\"@id\":\"https:\\\/\\\/ppdegalicia.com\\\/es\\\/#\\\/schema\\\/logo\\\/image\\\/\",\"url\":\"https:\\\/\\\/ppdegalicia.com\\\/wp-content\\\/uploads\\\/2023\\\/04\\\/logoPP512.png\",\"contentUrl\":\"https:\\\/\\\/ppdegalicia.com\\\/wp-content\\\/uploads\\\/2023\\\/04\\\/logoPP512.png\",\"width\":512,\"height\":512,\"caption\":\"Partido Popular de Galicia\"},\"image\":{\"@id\":\"https:\\\/\\\/ppdegalicia.com\\\/es\\\/#\\\/schema\\\/logo\\\/image\\\/\"},\"sameAs\":[\"https:\\\/\\\/www.instagram.com\\\/ppdegalicia\\\/\",\"https:\\\/\\\/x.com\\\/ppdegalicia\",\"https:\\\/\\\/www.tiktok.com\\\/@ppdegalicia\",\"https:\\\/\\\/www.youtube.com\\\/user\\\/ppdegalicia\"]},{\"@type\":\"Person\",\"@id\":\"https:\\\/\\\/ppdegalicia.com\\\/es\\\/#\\\/schema\\\/person\\\/d0f013b8388c980665d44009ab762960\",\"name\":\"Super User\",\"image\":{\"@type\":\"ImageObject\",\"inLanguage\":\"es\",\"@id\":\"https:\\\/\\\/secure.gravatar.com\\\/avatar\\\/1db852625ef4948f58d2739bfbc51e4b9bd5c93b8fa340b59fdb594ca0845645?s=96&d=mm&r=g\",\"url\":\"https:\\\/\\\/secure.gravatar.com\\\/avatar\\\/1db852625ef4948f58d2739bfbc51e4b9bd5c93b8fa340b59fdb594ca0845645?s=96&d=mm&r=g\",\"contentUrl\":\"https:\\\/\\\/secure.gravatar.com\\\/avatar\\\/1db852625ef4948f58d2739bfbc51e4b9bd5c93b8fa340b59fdb594ca0845645?s=96&d=mm&r=g\",\"caption\":\"Super User\"},\"url\":\"https:\\\/\\\/ppdegalicia.com\\\/es\\\/author\\\/ppdegaliciagestion\\\/\"}]}<\/script>\n<!-- \/ Yoast SEO plugin. -->","yoast_head_json":{"title":"O Grupo Popular afirma que o impacto das vivendas de uso tur\u00edstico na oferta e os prezos das vivendas de aluguer \u00e9 escasa e pouco fiable - PP de Galicia","robots":{"index":"index","follow":"follow","max-snippet":"max-snippet:-1","max-image-preview":"max-image-preview:large","max-video-preview":"max-video-preview:-1"},"canonical":"https:\/\/ppdegalicia.com\/es\/o-grupo-popular-afirma-que-o-impacto-das-vivendas-de-uso-turistico-na-oferta-e-os-prezos-das-vivendas-de-aluguer-e-escasa-e-pouco-fiable\/","og_locale":"es_ES","og_type":"article","og_title":"O Grupo Popular afirma que o impacto das vivendas de uso tur\u00edstico na oferta e os prezos das vivendas de aluguer \u00e9 escasa e pouco fiable - PP de Galicia","og_description":"Santiago, 5&nbsp; de setembro de 2019.- A deputada do Grupo Popular Cristina Romero afirmou hoxe no Parlamento que \u201co impacto das vivendas de uso tur\u00edstico na oferta e os prezos das vivendas de aluguer \u00e9 escasa e pouco fiable, xa que supo\u00f1en pouco m\u00e1is do 0,5 por cento do parque de vivendas en Galicia\u201d. Ademais, [&hellip;]","og_url":"https:\/\/ppdegalicia.com\/es\/o-grupo-popular-afirma-que-o-impacto-das-vivendas-de-uso-turistico-na-oferta-e-os-prezos-das-vivendas-de-aluguer-e-escasa-e-pouco-fiable\/","og_site_name":"PP de Galicia","article_publisher":"https:\/\/www.instagram.com\/ppdegalicia\/","article_published_time":"2019-09-05T10:19:54+00:00","author":"Super User","twitter_card":"summary_large_image","twitter_creator":"@ppdegalicia","twitter_site":"@ppdegalicia","twitter_misc":{"Escrito por":"Super User","Tiempo de lectura":"3 minutos"},"schema":{"@context":"https:\/\/schema.org","@graph":[{"@type":"Article","@id":"https:\/\/ppdegalicia.com\/es\/o-grupo-popular-afirma-que-o-impacto-das-vivendas-de-uso-turistico-na-oferta-e-os-prezos-das-vivendas-de-aluguer-e-escasa-e-pouco-fiable\/#article","isPartOf":{"@id":"https:\/\/ppdegalicia.com\/es\/o-grupo-popular-afirma-que-o-impacto-das-vivendas-de-uso-turistico-na-oferta-e-os-prezos-das-vivendas-de-aluguer-e-escasa-e-pouco-fiable\/"},"author":{"name":"Super User","@id":"https:\/\/ppdegalicia.com\/es\/#\/schema\/person\/d0f013b8388c980665d44009ab762960"},"headline":"O Grupo Popular afirma que o impacto das vivendas de uso tur\u00edstico na oferta e os prezos das vivendas de aluguer \u00e9 escasa e pouco fiable","datePublished":"2019-09-05T10:19:54+00:00","mainEntityOfPage":{"@id":"https:\/\/ppdegalicia.com\/es\/o-grupo-popular-afirma-que-o-impacto-das-vivendas-de-uso-turistico-na-oferta-e-os-prezos-das-vivendas-de-aluguer-e-escasa-e-pouco-fiable\/"},"wordCount":589,"commentCount":0,"publisher":{"@id":"https:\/\/ppdegalicia.com\/es\/#organization"},"articleSection":["PP de Galicia"],"inLanguage":"es","potentialAction":[{"@type":"CommentAction","name":"Comment","target":["https:\/\/ppdegalicia.com\/es\/o-grupo-popular-afirma-que-o-impacto-das-vivendas-de-uso-turistico-na-oferta-e-os-prezos-das-vivendas-de-aluguer-e-escasa-e-pouco-fiable\/#respond"]}]},{"@type":"WebPage","@id":"https:\/\/ppdegalicia.com\/es\/o-grupo-popular-afirma-que-o-impacto-das-vivendas-de-uso-turistico-na-oferta-e-os-prezos-das-vivendas-de-aluguer-e-escasa-e-pouco-fiable\/","url":"https:\/\/ppdegalicia.com\/es\/o-grupo-popular-afirma-que-o-impacto-das-vivendas-de-uso-turistico-na-oferta-e-os-prezos-das-vivendas-de-aluguer-e-escasa-e-pouco-fiable\/","name":"O Grupo Popular afirma que o impacto das vivendas de uso tur\u00edstico na oferta e os prezos das vivendas de aluguer \u00e9 escasa e pouco fiable - PP de Galicia","isPartOf":{"@id":"https:\/\/ppdegalicia.com\/es\/#website"},"datePublished":"2019-09-05T10:19:54+00:00","breadcrumb":{"@id":"https:\/\/ppdegalicia.com\/es\/o-grupo-popular-afirma-que-o-impacto-das-vivendas-de-uso-turistico-na-oferta-e-os-prezos-das-vivendas-de-aluguer-e-escasa-e-pouco-fiable\/#breadcrumb"},"inLanguage":"es","potentialAction":[{"@type":"ReadAction","target":["https:\/\/ppdegalicia.com\/es\/o-grupo-popular-afirma-que-o-impacto-das-vivendas-de-uso-turistico-na-oferta-e-os-prezos-das-vivendas-de-aluguer-e-escasa-e-pouco-fiable\/"]}]},{"@type":"BreadcrumbList","@id":"https:\/\/ppdegalicia.com\/es\/o-grupo-popular-afirma-que-o-impacto-das-vivendas-de-uso-turistico-na-oferta-e-os-prezos-das-vivendas-de-aluguer-e-escasa-e-pouco-fiable\/#breadcrumb","itemListElement":[{"@type":"ListItem","position":1,"name":"Portada","item":"https:\/\/ppdegalicia.com\/es\/"},{"@type":"ListItem","position":2,"name":"O Grupo Popular afirma que o impacto das vivendas de uso tur\u00edstico na oferta e os prezos das vivendas de aluguer \u00e9 escasa e pouco fiable"}]},{"@type":"WebSite","@id":"https:\/\/ppdegalicia.com\/es\/#website","url":"https:\/\/ppdegalicia.com\/es\/","name":"Partido Popular de Galicia","description":"Partido Popular de Galicia","publisher":{"@id":"https:\/\/ppdegalicia.com\/es\/#organization"},"alternateName":"PP de Galicia","potentialAction":[{"@type":"SearchAction","target":{"@type":"EntryPoint","urlTemplate":"https:\/\/ppdegalicia.com\/es\/?s={search_term_string}"},"query-input":{"@type":"PropertyValueSpecification","valueRequired":true,"valueName":"search_term_string"}}],"inLanguage":"es"},{"@type":"Organization","@id":"https:\/\/ppdegalicia.com\/es\/#organization","name":"Partido Popular de Galicia","alternateName":"PP de Galicia","url":"https:\/\/ppdegalicia.com\/es\/","logo":{"@type":"ImageObject","inLanguage":"es","@id":"https:\/\/ppdegalicia.com\/es\/#\/schema\/logo\/image\/","url":"https:\/\/ppdegalicia.com\/wp-content\/uploads\/2023\/04\/logoPP512.png","contentUrl":"https:\/\/ppdegalicia.com\/wp-content\/uploads\/2023\/04\/logoPP512.png","width":512,"height":512,"caption":"Partido Popular de Galicia"},"image":{"@id":"https:\/\/ppdegalicia.com\/es\/#\/schema\/logo\/image\/"},"sameAs":["https:\/\/www.instagram.com\/ppdegalicia\/","https:\/\/x.com\/ppdegalicia","https:\/\/www.tiktok.com\/@ppdegalicia","https:\/\/www.youtube.com\/user\/ppdegalicia"]},{"@type":"Person","@id":"https:\/\/ppdegalicia.com\/es\/#\/schema\/person\/d0f013b8388c980665d44009ab762960","name":"Super User","image":{"@type":"ImageObject","inLanguage":"es","@id":"https:\/\/secure.gravatar.com\/avatar\/1db852625ef4948f58d2739bfbc51e4b9bd5c93b8fa340b59fdb594ca0845645?s=96&d=mm&r=g","url":"https:\/\/secure.gravatar.com\/avatar\/1db852625ef4948f58d2739bfbc51e4b9bd5c93b8fa340b59fdb594ca0845645?s=96&d=mm&r=g","contentUrl":"https:\/\/secure.gravatar.com\/avatar\/1db852625ef4948f58d2739bfbc51e4b9bd5c93b8fa340b59fdb594ca0845645?s=96&d=mm&r=g","caption":"Super User"},"url":"https:\/\/ppdegalicia.com\/es\/author\/ppdegaliciagestion\/"}]}},"_links":{"self":[{"href":"https:\/\/ppdegalicia.com\/es\/wp-json\/wp\/v2\/posts\/52248","targetHints":{"allow":["GET"]}}],"collection":[{"href":"https:\/\/ppdegalicia.com\/es\/wp-json\/wp\/v2\/posts"}],"about":[{"href":"https:\/\/ppdegalicia.com\/es\/wp-json\/wp\/v2\/types\/post"}],"author":[{"embeddable":true,"href":"https:\/\/ppdegalicia.com\/es\/wp-json\/wp\/v2\/users\/37"}],"replies":[{"embeddable":true,"href":"https:\/\/ppdegalicia.com\/es\/wp-json\/wp\/v2\/comments?post=52248"}],"version-history":[{"count":0,"href":"https:\/\/ppdegalicia.com\/es\/wp-json\/wp\/v2\/posts\/52248\/revisions"}],"wp:attachment":[{"href":"https:\/\/ppdegalicia.com\/es\/wp-json\/wp\/v2\/media?parent=52248"}],"wp:term":[{"taxonomy":"category","embeddable":true,"href":"https:\/\/ppdegalicia.com\/es\/wp-json\/wp\/v2\/categories?post=52248"},{"taxonomy":"post_tag","embeddable":true,"href":"https:\/\/ppdegalicia.com\/es\/wp-json\/wp\/v2\/tags?post=52248"}],"curies":[{"name":"wp","href":"https:\/\/api.w.org\/{rel}","templated":true}]}}