{"id":52256,"date":"2019-09-10T12:08:29","date_gmt":"2019-09-10T10:08:29","guid":{"rendered":"https:\/\/ppdegalicia.com\/o-grupo-popular-afirma-que-o-instituto-galego-de-consumo-esta-a-disposicion-dos-afectados-polo-irph-para-asesoralos-e-informalos\/"},"modified":"2019-09-10T12:08:29","modified_gmt":"2019-09-10T10:08:29","slug":"o-grupo-popular-afirma-que-o-instituto-galego-de-consumo-esta-a-disposicion-dos-afectados-polo-irph-para-asesoralos-e-informalos","status":"publish","type":"post","link":"https:\/\/ppdegalicia.com\/es\/o-grupo-popular-afirma-que-o-instituto-galego-de-consumo-esta-a-disposicion-dos-afectados-polo-irph-para-asesoralos-e-informalos\/","title":{"rendered":"O Grupo Popular afirma que o Instituto Galego de Consumo est\u00e1 a disposici\u00f3n dos afectados polo IRPH para asesoralos e informalos"},"content":{"rendered":"<p>&nbsp;<\/p>\n<p>Santiago, 10 de setembro de 2019.- A deputada do Grupo Popular Cristina Romero afirmou hoxe no Parlamento que o Instituto Galego de Consumo e da Competencia \u201cest\u00e1 a disposici\u00f3n dos consumidores galegos afectados polo \u00edndice de referencia de pr\u00e9stamos hipotecarios (IRPH) para asesoralos e informalos\u201d, logo de que o avogado xeral do Tribunal de Xustiza da Uni\u00f3n Europea declarara esta ma\u00f1\u00e1 que este \u00edndice debe estar sometido \u00e1 tutela xudicial para saber se \u00e9 abusivo ou non.<\/p>\n<p><!--more--><\/p>\n<p>&nbsp;<\/p>\n<p>Cristina Romero explicou que este fallo \u201cnon \u00e9 vinculante e agora c\u00f3mpre esperar \u00e1 resoluci\u00f3n final do Tribunal de Xustiza da Uni\u00f3n Europea, que marcar\u00e1 finalmente se as entidades financeiras foron transparentes na comercializaci\u00f3n deste produto\u201d. \u201cA partir de a\u00ed, tanto o Goberno galego como o PPdeG estar\u00e1n a car\u00f3n dos afectados, asesor\u00e1ndoos para que fagan valer os dereitos reco\u00f1ecidos polo Tribunal\u201d, apuntou.<\/p>\n<p>&nbsp;<\/p>\n<p><strong>ASISTENCIA FINANCEIRA NOS CONCELLOS<\/strong><\/p>\n<p>&nbsp;<\/p>\n<p>As\u00ed mesmo, a deputada popular lembrou que \u201ca Xunta vai garantir que toda a poboaci\u00f3n galega dispo\u00f1a de servizos financeiros no seu concello\u201d e concretou que aqueles municipios que carecen de entidade financeira non s\u00f3 dispor\u00e1n dun caixeiro autom\u00e1tico, sen\u00f3n que contar\u00e1n con servizo de asistencia financeira ao cidad\u00e1n e formaci\u00f3n en banca electr\u00f3nica.<\/p>\n<p>&nbsp;<\/p>\n<p>Para rematar, Romero rexeitou a proposta do BNG de \u201cconverter ao Igape nun banco p\u00fablico\u201d e recordou que o apoio financeiro do Goberno galego ao tecido empresarial supuxo desde 2014 a mobilizaci\u00f3n de 1.180 mill\u00f3ns de euros, o impulso de m\u00e1is de 10.500 proxectos e facilitar o acceso ao financiamento a 10.876 empresas e aut\u00f3nomos. \u201cUnhas axudas que chegaron a todo tipo de empresas, pero de xeito maioritario a aut\u00f3nomos e pequenas e medianas empresas que mobilizaron m\u00e1is de 1.000 mill\u00f3ns de euros.<\/p>\n","protected":false},"excerpt":{"rendered":"<p>&nbsp; Santiago, 10 de setembro de 2019.- A deputada do Grupo Popular Cristina Romero afirmou hoxe no Parlamento que o Instituto Galego de Consumo e da Competencia \u201cest\u00e1 a disposici\u00f3n dos consumidores galegos afectados polo \u00edndice de referencia de pr\u00e9stamos hipotecarios (IRPH) para asesoralos e informalos\u201d, logo de que o avogado xeral do Tribunal de [&hellip;]<\/p>\n","protected":false},"author":37,"featured_media":0,"comment_status":"open","ping_status":"open","sticky":false,"template":"","format":"standard","meta":{"_acf_changed":false,"footnotes":""},"categories":[1],"tags":[],"class_list":["post-52256","post","type-post","status-publish","format-standard","hentry","category-pp-de-galicia"],"acf":[],"yoast_head":"<!-- This site is optimized with the Yoast SEO plugin v27.3 - https:\/\/yoast.com\/product\/yoast-seo-wordpress\/ -->\n<title>O Grupo Popular afirma que o Instituto Galego de Consumo est\u00e1 a disposici\u00f3n dos afectados polo IRPH para asesoralos e informalos - PP de Galicia<\/title>\n<meta name=\"robots\" content=\"index, follow, max-snippet:-1, max-image-preview:large, max-video-preview:-1\" \/>\n<link rel=\"canonical\" href=\"https:\/\/ppdegalicia.com\/es\/o-grupo-popular-afirma-que-o-instituto-galego-de-consumo-esta-a-disposicion-dos-afectados-polo-irph-para-asesoralos-e-informalos\/\" \/>\n<meta property=\"og:locale\" content=\"es_ES\" \/>\n<meta property=\"og:type\" content=\"article\" \/>\n<meta property=\"og:title\" content=\"O Grupo Popular afirma que o Instituto Galego de Consumo est\u00e1 a disposici\u00f3n dos afectados polo IRPH para asesoralos e informalos - PP de Galicia\" \/>\n<meta property=\"og:description\" content=\"&nbsp; Santiago, 10 de setembro de 2019.- A deputada do Grupo Popular Cristina Romero afirmou hoxe no Parlamento que o Instituto Galego de Consumo e da Competencia \u201cest\u00e1 a disposici\u00f3n dos consumidores galegos afectados polo \u00edndice de referencia de pr\u00e9stamos hipotecarios (IRPH) para asesoralos e informalos\u201d, logo de que o avogado xeral do Tribunal de [&hellip;]\" \/>\n<meta property=\"og:url\" content=\"https:\/\/ppdegalicia.com\/es\/o-grupo-popular-afirma-que-o-instituto-galego-de-consumo-esta-a-disposicion-dos-afectados-polo-irph-para-asesoralos-e-informalos\/\" \/>\n<meta property=\"og:site_name\" content=\"PP de Galicia\" \/>\n<meta property=\"article:publisher\" content=\"https:\/\/www.instagram.com\/ppdegalicia\/\" \/>\n<meta property=\"article:published_time\" content=\"2019-09-10T10:08:29+00:00\" \/>\n<meta name=\"author\" content=\"Super User\" \/>\n<meta name=\"twitter:card\" content=\"summary_large_image\" \/>\n<meta name=\"twitter:creator\" content=\"@ppdegalicia\" \/>\n<meta name=\"twitter:site\" content=\"@ppdegalicia\" \/>\n<meta name=\"twitter:label1\" content=\"Escrito por\" \/>\n\t<meta name=\"twitter:data1\" content=\"Super User\" \/>\n\t<meta name=\"twitter:label2\" content=\"Tiempo de lectura\" \/>\n\t<meta name=\"twitter:data2\" content=\"2 minutos\" \/>\n<script type=\"application\/ld+json\" class=\"yoast-schema-graph\">{\"@context\":\"https:\\\/\\\/schema.org\",\"@graph\":[{\"@type\":\"Article\",\"@id\":\"https:\\\/\\\/ppdegalicia.com\\\/es\\\/o-grupo-popular-afirma-que-o-instituto-galego-de-consumo-esta-a-disposicion-dos-afectados-polo-irph-para-asesoralos-e-informalos\\\/#article\",\"isPartOf\":{\"@id\":\"https:\\\/\\\/ppdegalicia.com\\\/es\\\/o-grupo-popular-afirma-que-o-instituto-galego-de-consumo-esta-a-disposicion-dos-afectados-polo-irph-para-asesoralos-e-informalos\\\/\"},\"author\":{\"name\":\"Super User\",\"@id\":\"https:\\\/\\\/ppdegalicia.com\\\/es\\\/#\\\/schema\\\/person\\\/d0f013b8388c980665d44009ab762960\"},\"headline\":\"O Grupo Popular afirma que o Instituto Galego de Consumo est\u00e1 a disposici\u00f3n dos afectados polo IRPH para asesoralos e informalos\",\"datePublished\":\"2019-09-10T10:08:29+00:00\",\"mainEntityOfPage\":{\"@id\":\"https:\\\/\\\/ppdegalicia.com\\\/es\\\/o-grupo-popular-afirma-que-o-instituto-galego-de-consumo-esta-a-disposicion-dos-afectados-polo-irph-para-asesoralos-e-informalos\\\/\"},\"wordCount\":326,\"commentCount\":0,\"publisher\":{\"@id\":\"https:\\\/\\\/ppdegalicia.com\\\/es\\\/#organization\"},\"articleSection\":[\"PP de Galicia\"],\"inLanguage\":\"es\",\"potentialAction\":[{\"@type\":\"CommentAction\",\"name\":\"Comment\",\"target\":[\"https:\\\/\\\/ppdegalicia.com\\\/es\\\/o-grupo-popular-afirma-que-o-instituto-galego-de-consumo-esta-a-disposicion-dos-afectados-polo-irph-para-asesoralos-e-informalos\\\/#respond\"]}]},{\"@type\":\"WebPage\",\"@id\":\"https:\\\/\\\/ppdegalicia.com\\\/es\\\/o-grupo-popular-afirma-que-o-instituto-galego-de-consumo-esta-a-disposicion-dos-afectados-polo-irph-para-asesoralos-e-informalos\\\/\",\"url\":\"https:\\\/\\\/ppdegalicia.com\\\/es\\\/o-grupo-popular-afirma-que-o-instituto-galego-de-consumo-esta-a-disposicion-dos-afectados-polo-irph-para-asesoralos-e-informalos\\\/\",\"name\":\"O Grupo Popular afirma que o Instituto Galego de Consumo est\u00e1 a disposici\u00f3n dos afectados polo IRPH para asesoralos e informalos - PP de Galicia\",\"isPartOf\":{\"@id\":\"https:\\\/\\\/ppdegalicia.com\\\/es\\\/#website\"},\"datePublished\":\"2019-09-10T10:08:29+00:00\",\"breadcrumb\":{\"@id\":\"https:\\\/\\\/ppdegalicia.com\\\/es\\\/o-grupo-popular-afirma-que-o-instituto-galego-de-consumo-esta-a-disposicion-dos-afectados-polo-irph-para-asesoralos-e-informalos\\\/#breadcrumb\"},\"inLanguage\":\"es\",\"potentialAction\":[{\"@type\":\"ReadAction\",\"target\":[\"https:\\\/\\\/ppdegalicia.com\\\/es\\\/o-grupo-popular-afirma-que-o-instituto-galego-de-consumo-esta-a-disposicion-dos-afectados-polo-irph-para-asesoralos-e-informalos\\\/\"]}]},{\"@type\":\"BreadcrumbList\",\"@id\":\"https:\\\/\\\/ppdegalicia.com\\\/es\\\/o-grupo-popular-afirma-que-o-instituto-galego-de-consumo-esta-a-disposicion-dos-afectados-polo-irph-para-asesoralos-e-informalos\\\/#breadcrumb\",\"itemListElement\":[{\"@type\":\"ListItem\",\"position\":1,\"name\":\"Portada\",\"item\":\"https:\\\/\\\/ppdegalicia.com\\\/es\\\/\"},{\"@type\":\"ListItem\",\"position\":2,\"name\":\"O Grupo Popular afirma que o Instituto Galego de Consumo est\u00e1 a disposici\u00f3n dos afectados polo IRPH para asesoralos e informalos\"}]},{\"@type\":\"WebSite\",\"@id\":\"https:\\\/\\\/ppdegalicia.com\\\/es\\\/#website\",\"url\":\"https:\\\/\\\/ppdegalicia.com\\\/es\\\/\",\"name\":\"Partido Popular de Galicia\",\"description\":\"Partido Popular de Galicia\",\"publisher\":{\"@id\":\"https:\\\/\\\/ppdegalicia.com\\\/es\\\/#organization\"},\"alternateName\":\"PP de Galicia\",\"potentialAction\":[{\"@type\":\"SearchAction\",\"target\":{\"@type\":\"EntryPoint\",\"urlTemplate\":\"https:\\\/\\\/ppdegalicia.com\\\/es\\\/?s={search_term_string}\"},\"query-input\":{\"@type\":\"PropertyValueSpecification\",\"valueRequired\":true,\"valueName\":\"search_term_string\"}}],\"inLanguage\":\"es\"},{\"@type\":\"Organization\",\"@id\":\"https:\\\/\\\/ppdegalicia.com\\\/es\\\/#organization\",\"name\":\"Partido Popular de Galicia\",\"alternateName\":\"PP de Galicia\",\"url\":\"https:\\\/\\\/ppdegalicia.com\\\/es\\\/\",\"logo\":{\"@type\":\"ImageObject\",\"inLanguage\":\"es\",\"@id\":\"https:\\\/\\\/ppdegalicia.com\\\/es\\\/#\\\/schema\\\/logo\\\/image\\\/\",\"url\":\"https:\\\/\\\/ppdegalicia.com\\\/wp-content\\\/uploads\\\/2023\\\/04\\\/logoPP512.png\",\"contentUrl\":\"https:\\\/\\\/ppdegalicia.com\\\/wp-content\\\/uploads\\\/2023\\\/04\\\/logoPP512.png\",\"width\":512,\"height\":512,\"caption\":\"Partido Popular de Galicia\"},\"image\":{\"@id\":\"https:\\\/\\\/ppdegalicia.com\\\/es\\\/#\\\/schema\\\/logo\\\/image\\\/\"},\"sameAs\":[\"https:\\\/\\\/www.instagram.com\\\/ppdegalicia\\\/\",\"https:\\\/\\\/x.com\\\/ppdegalicia\",\"https:\\\/\\\/www.tiktok.com\\\/@ppdegalicia\",\"https:\\\/\\\/www.youtube.com\\\/user\\\/ppdegalicia\"]},{\"@type\":\"Person\",\"@id\":\"https:\\\/\\\/ppdegalicia.com\\\/es\\\/#\\\/schema\\\/person\\\/d0f013b8388c980665d44009ab762960\",\"name\":\"Super User\",\"image\":{\"@type\":\"ImageObject\",\"inLanguage\":\"es\",\"@id\":\"https:\\\/\\\/secure.gravatar.com\\\/avatar\\\/1db852625ef4948f58d2739bfbc51e4b9bd5c93b8fa340b59fdb594ca0845645?s=96&d=mm&r=g\",\"url\":\"https:\\\/\\\/secure.gravatar.com\\\/avatar\\\/1db852625ef4948f58d2739bfbc51e4b9bd5c93b8fa340b59fdb594ca0845645?s=96&d=mm&r=g\",\"contentUrl\":\"https:\\\/\\\/secure.gravatar.com\\\/avatar\\\/1db852625ef4948f58d2739bfbc51e4b9bd5c93b8fa340b59fdb594ca0845645?s=96&d=mm&r=g\",\"caption\":\"Super User\"},\"url\":\"https:\\\/\\\/ppdegalicia.com\\\/es\\\/author\\\/ppdegaliciagestion\\\/\"}]}<\/script>\n<!-- \/ Yoast SEO plugin. -->","yoast_head_json":{"title":"O Grupo Popular afirma que o Instituto Galego de Consumo est\u00e1 a disposici\u00f3n dos afectados polo IRPH para asesoralos e informalos - PP de Galicia","robots":{"index":"index","follow":"follow","max-snippet":"max-snippet:-1","max-image-preview":"max-image-preview:large","max-video-preview":"max-video-preview:-1"},"canonical":"https:\/\/ppdegalicia.com\/es\/o-grupo-popular-afirma-que-o-instituto-galego-de-consumo-esta-a-disposicion-dos-afectados-polo-irph-para-asesoralos-e-informalos\/","og_locale":"es_ES","og_type":"article","og_title":"O Grupo Popular afirma que o Instituto Galego de Consumo est\u00e1 a disposici\u00f3n dos afectados polo IRPH para asesoralos e informalos - PP de Galicia","og_description":"&nbsp; Santiago, 10 de setembro de 2019.- A deputada do Grupo Popular Cristina Romero afirmou hoxe no Parlamento que o Instituto Galego de Consumo e da Competencia \u201cest\u00e1 a disposici\u00f3n dos consumidores galegos afectados polo \u00edndice de referencia de pr\u00e9stamos hipotecarios (IRPH) para asesoralos e informalos\u201d, logo de que o avogado xeral do Tribunal de [&hellip;]","og_url":"https:\/\/ppdegalicia.com\/es\/o-grupo-popular-afirma-que-o-instituto-galego-de-consumo-esta-a-disposicion-dos-afectados-polo-irph-para-asesoralos-e-informalos\/","og_site_name":"PP de Galicia","article_publisher":"https:\/\/www.instagram.com\/ppdegalicia\/","article_published_time":"2019-09-10T10:08:29+00:00","author":"Super User","twitter_card":"summary_large_image","twitter_creator":"@ppdegalicia","twitter_site":"@ppdegalicia","twitter_misc":{"Escrito por":"Super User","Tiempo de lectura":"2 minutos"},"schema":{"@context":"https:\/\/schema.org","@graph":[{"@type":"Article","@id":"https:\/\/ppdegalicia.com\/es\/o-grupo-popular-afirma-que-o-instituto-galego-de-consumo-esta-a-disposicion-dos-afectados-polo-irph-para-asesoralos-e-informalos\/#article","isPartOf":{"@id":"https:\/\/ppdegalicia.com\/es\/o-grupo-popular-afirma-que-o-instituto-galego-de-consumo-esta-a-disposicion-dos-afectados-polo-irph-para-asesoralos-e-informalos\/"},"author":{"name":"Super User","@id":"https:\/\/ppdegalicia.com\/es\/#\/schema\/person\/d0f013b8388c980665d44009ab762960"},"headline":"O Grupo Popular afirma que o Instituto Galego de Consumo est\u00e1 a disposici\u00f3n dos afectados polo IRPH para asesoralos e informalos","datePublished":"2019-09-10T10:08:29+00:00","mainEntityOfPage":{"@id":"https:\/\/ppdegalicia.com\/es\/o-grupo-popular-afirma-que-o-instituto-galego-de-consumo-esta-a-disposicion-dos-afectados-polo-irph-para-asesoralos-e-informalos\/"},"wordCount":326,"commentCount":0,"publisher":{"@id":"https:\/\/ppdegalicia.com\/es\/#organization"},"articleSection":["PP de Galicia"],"inLanguage":"es","potentialAction":[{"@type":"CommentAction","name":"Comment","target":["https:\/\/ppdegalicia.com\/es\/o-grupo-popular-afirma-que-o-instituto-galego-de-consumo-esta-a-disposicion-dos-afectados-polo-irph-para-asesoralos-e-informalos\/#respond"]}]},{"@type":"WebPage","@id":"https:\/\/ppdegalicia.com\/es\/o-grupo-popular-afirma-que-o-instituto-galego-de-consumo-esta-a-disposicion-dos-afectados-polo-irph-para-asesoralos-e-informalos\/","url":"https:\/\/ppdegalicia.com\/es\/o-grupo-popular-afirma-que-o-instituto-galego-de-consumo-esta-a-disposicion-dos-afectados-polo-irph-para-asesoralos-e-informalos\/","name":"O Grupo Popular afirma que o Instituto Galego de Consumo est\u00e1 a disposici\u00f3n dos afectados polo IRPH para asesoralos e informalos - PP de Galicia","isPartOf":{"@id":"https:\/\/ppdegalicia.com\/es\/#website"},"datePublished":"2019-09-10T10:08:29+00:00","breadcrumb":{"@id":"https:\/\/ppdegalicia.com\/es\/o-grupo-popular-afirma-que-o-instituto-galego-de-consumo-esta-a-disposicion-dos-afectados-polo-irph-para-asesoralos-e-informalos\/#breadcrumb"},"inLanguage":"es","potentialAction":[{"@type":"ReadAction","target":["https:\/\/ppdegalicia.com\/es\/o-grupo-popular-afirma-que-o-instituto-galego-de-consumo-esta-a-disposicion-dos-afectados-polo-irph-para-asesoralos-e-informalos\/"]}]},{"@type":"BreadcrumbList","@id":"https:\/\/ppdegalicia.com\/es\/o-grupo-popular-afirma-que-o-instituto-galego-de-consumo-esta-a-disposicion-dos-afectados-polo-irph-para-asesoralos-e-informalos\/#breadcrumb","itemListElement":[{"@type":"ListItem","position":1,"name":"Portada","item":"https:\/\/ppdegalicia.com\/es\/"},{"@type":"ListItem","position":2,"name":"O Grupo Popular afirma que o Instituto Galego de Consumo est\u00e1 a disposici\u00f3n dos afectados polo IRPH para asesoralos e informalos"}]},{"@type":"WebSite","@id":"https:\/\/ppdegalicia.com\/es\/#website","url":"https:\/\/ppdegalicia.com\/es\/","name":"Partido Popular de Galicia","description":"Partido Popular de Galicia","publisher":{"@id":"https:\/\/ppdegalicia.com\/es\/#organization"},"alternateName":"PP de Galicia","potentialAction":[{"@type":"SearchAction","target":{"@type":"EntryPoint","urlTemplate":"https:\/\/ppdegalicia.com\/es\/?s={search_term_string}"},"query-input":{"@type":"PropertyValueSpecification","valueRequired":true,"valueName":"search_term_string"}}],"inLanguage":"es"},{"@type":"Organization","@id":"https:\/\/ppdegalicia.com\/es\/#organization","name":"Partido Popular de Galicia","alternateName":"PP de Galicia","url":"https:\/\/ppdegalicia.com\/es\/","logo":{"@type":"ImageObject","inLanguage":"es","@id":"https:\/\/ppdegalicia.com\/es\/#\/schema\/logo\/image\/","url":"https:\/\/ppdegalicia.com\/wp-content\/uploads\/2023\/04\/logoPP512.png","contentUrl":"https:\/\/ppdegalicia.com\/wp-content\/uploads\/2023\/04\/logoPP512.png","width":512,"height":512,"caption":"Partido Popular de Galicia"},"image":{"@id":"https:\/\/ppdegalicia.com\/es\/#\/schema\/logo\/image\/"},"sameAs":["https:\/\/www.instagram.com\/ppdegalicia\/","https:\/\/x.com\/ppdegalicia","https:\/\/www.tiktok.com\/@ppdegalicia","https:\/\/www.youtube.com\/user\/ppdegalicia"]},{"@type":"Person","@id":"https:\/\/ppdegalicia.com\/es\/#\/schema\/person\/d0f013b8388c980665d44009ab762960","name":"Super User","image":{"@type":"ImageObject","inLanguage":"es","@id":"https:\/\/secure.gravatar.com\/avatar\/1db852625ef4948f58d2739bfbc51e4b9bd5c93b8fa340b59fdb594ca0845645?s=96&d=mm&r=g","url":"https:\/\/secure.gravatar.com\/avatar\/1db852625ef4948f58d2739bfbc51e4b9bd5c93b8fa340b59fdb594ca0845645?s=96&d=mm&r=g","contentUrl":"https:\/\/secure.gravatar.com\/avatar\/1db852625ef4948f58d2739bfbc51e4b9bd5c93b8fa340b59fdb594ca0845645?s=96&d=mm&r=g","caption":"Super User"},"url":"https:\/\/ppdegalicia.com\/es\/author\/ppdegaliciagestion\/"}]}},"_links":{"self":[{"href":"https:\/\/ppdegalicia.com\/es\/wp-json\/wp\/v2\/posts\/52256","targetHints":{"allow":["GET"]}}],"collection":[{"href":"https:\/\/ppdegalicia.com\/es\/wp-json\/wp\/v2\/posts"}],"about":[{"href":"https:\/\/ppdegalicia.com\/es\/wp-json\/wp\/v2\/types\/post"}],"author":[{"embeddable":true,"href":"https:\/\/ppdegalicia.com\/es\/wp-json\/wp\/v2\/users\/37"}],"replies":[{"embeddable":true,"href":"https:\/\/ppdegalicia.com\/es\/wp-json\/wp\/v2\/comments?post=52256"}],"version-history":[{"count":0,"href":"https:\/\/ppdegalicia.com\/es\/wp-json\/wp\/v2\/posts\/52256\/revisions"}],"wp:attachment":[{"href":"https:\/\/ppdegalicia.com\/es\/wp-json\/wp\/v2\/media?parent=52256"}],"wp:term":[{"taxonomy":"category","embeddable":true,"href":"https:\/\/ppdegalicia.com\/es\/wp-json\/wp\/v2\/categories?post=52256"},{"taxonomy":"post_tag","embeddable":true,"href":"https:\/\/ppdegalicia.com\/es\/wp-json\/wp\/v2\/tags?post=52256"}],"curies":[{"name":"wp","href":"https:\/\/api.w.org\/{rel}","templated":true}]}}