{"id":52264,"date":"2019-09-12T12:46:39","date_gmt":"2019-09-12T10:46:39","guid":{"rendered":"https:\/\/ppdegalicia.com\/o-parlamento-demanda-ao-goberno-do-estado-que-garanta-a-seguridade-dos-pesqueiros-en-augas-internacionais\/"},"modified":"2019-09-12T12:46:39","modified_gmt":"2019-09-12T10:46:39","slug":"o-parlamento-demanda-ao-goberno-do-estado-que-garanta-a-seguridade-dos-pesqueiros-en-augas-internacionais","status":"publish","type":"post","link":"https:\/\/ppdegalicia.com\/es\/o-parlamento-demanda-ao-goberno-do-estado-que-garanta-a-seguridade-dos-pesqueiros-en-augas-internacionais\/","title":{"rendered":"O Parlamento demanda ao Goberno do Estado que garanta a seguridade dos pesqueiros en augas internacionais"},"content":{"rendered":"<p>Santiago, 12 de setembro de 2019.- O Parlamento de Galicia aprobou hoxe a proposici\u00f3n non de lei do Grupo Popular a trav\u00e9s da que se solicita ao Goberno do Estado, no \u00e1mbito das s\u00faas competencias, que garanta a seguridade das frotas pesqueiras espa\u00f1olas en augas internacionais, especialmente ante a decisi\u00f3n de Reino Unido de endurecer a vixilancia nas s\u00faas augas.<\/p>\n<p><!--more--><\/p>\n<p>&nbsp;<\/p>\n<p>O deputado popular Alberto Pazos manifestou que \u201co Brexit \u00e9, sen d\u00fabida, o desaf\u00edo m\u00e1is importante que a frota galega ter\u00e1 que afrontar nos pr\u00f3ximos meses\u201d, e salientou que \u201ca Xunta est\u00e1 a tomar todas as medidas necesarias no \u00e1mbito das s\u00faas competencias para minimizar o impacto, convert\u00e9ndose na primeira rexi\u00f3n europea en trazar unha folla de ruta\u201d.<\/p>\n<p>&nbsp;<\/p>\n<p>Por\u00e9n, indicou que \u201cao PPdeG lle gustar\u00eda que o Goberno central actuase coa mesma dilixencia e coa mesma lealdade coa que actuou a Xunta\u201d, porque explicou que \u201co Goberno galego pode colaborar na busca de argumentos, pero \u00e9 o Goberno de Espa\u00f1a quen ten as competencias en aspectos fundamentais\u201d.<\/p>\n<p>&nbsp;<\/p>\n<p><strong>SEGURIDADE DA FROTA<\/strong><\/p>\n<p>&nbsp;<\/p>\n<p>Alberto Pazos sinalou que \u201cun aspecto que xera especial inquedanza no sector \u00e9 a seguridade da frota, sobre todo despois da decisi\u00f3n do Goberno brit\u00e1nico de fletar cinco patrulleiras co prop\u00f3sito de vetar rotundamente o acceso a augas brit\u00e1nicas\u201d. \u201cCando un goberno anuncia que est\u00e1 disposto a gastar 400 mill\u00f3ns de euros nun escudo militar para garantir unha blindaxe das s\u00faas augas, c\u00f3mpre tomar a advertencia en serio e implementar medidas preventivas para evitar conflitos innecesarios e indesexados\u201d, apuntou.<\/p>\n<p>&nbsp;<\/p>\n<p>Diante desta situaci\u00f3n, o deputado popular demandou ao Goberno central \u201cque act\u00fae dentro das s\u00faas competencias e faga algo pola seguridade dos mari\u00f1eiros, algo m\u00e1is que sacarse fotos que pouco fan pola seguridade e o seu futuro\u201d.<\/p>\n","protected":false},"excerpt":{"rendered":"<p>Santiago, 12 de setembro de 2019.- O Parlamento de Galicia aprobou hoxe a proposici\u00f3n non de lei do Grupo Popular a trav\u00e9s da que se solicita ao Goberno do Estado, no \u00e1mbito das s\u00faas competencias, que garanta a seguridade das frotas pesqueiras espa\u00f1olas en augas internacionais, especialmente ante a decisi\u00f3n de Reino Unido de endurecer [&hellip;]<\/p>\n","protected":false},"author":37,"featured_media":0,"comment_status":"open","ping_status":"open","sticky":false,"template":"","format":"standard","meta":{"_acf_changed":false,"footnotes":""},"categories":[1],"tags":[],"class_list":["post-52264","post","type-post","status-publish","format-standard","hentry","category-pp-de-galicia"],"acf":[],"yoast_head":"<!-- This site is optimized with the Yoast SEO plugin v27.3 - https:\/\/yoast.com\/product\/yoast-seo-wordpress\/ -->\n<title>O Parlamento demanda ao Goberno do Estado que garanta a seguridade dos pesqueiros en augas internacionais - PP de Galicia<\/title>\n<meta name=\"robots\" content=\"index, follow, max-snippet:-1, max-image-preview:large, max-video-preview:-1\" \/>\n<link rel=\"canonical\" href=\"https:\/\/ppdegalicia.com\/es\/o-parlamento-demanda-ao-goberno-do-estado-que-garanta-a-seguridade-dos-pesqueiros-en-augas-internacionais\/\" \/>\n<meta property=\"og:locale\" content=\"es_ES\" \/>\n<meta property=\"og:type\" content=\"article\" \/>\n<meta property=\"og:title\" content=\"O Parlamento demanda ao Goberno do Estado que garanta a seguridade dos pesqueiros en augas internacionais - PP de Galicia\" \/>\n<meta property=\"og:description\" content=\"Santiago, 12 de setembro de 2019.- O Parlamento de Galicia aprobou hoxe a proposici\u00f3n non de lei do Grupo Popular a trav\u00e9s da que se solicita ao Goberno do Estado, no \u00e1mbito das s\u00faas competencias, que garanta a seguridade das frotas pesqueiras espa\u00f1olas en augas internacionais, especialmente ante a decisi\u00f3n de Reino Unido de endurecer [&hellip;]\" \/>\n<meta property=\"og:url\" content=\"https:\/\/ppdegalicia.com\/es\/o-parlamento-demanda-ao-goberno-do-estado-que-garanta-a-seguridade-dos-pesqueiros-en-augas-internacionais\/\" \/>\n<meta property=\"og:site_name\" content=\"PP de Galicia\" \/>\n<meta property=\"article:publisher\" content=\"https:\/\/www.instagram.com\/ppdegalicia\/\" \/>\n<meta property=\"article:published_time\" content=\"2019-09-12T10:46:39+00:00\" \/>\n<meta name=\"author\" content=\"Super User\" \/>\n<meta name=\"twitter:card\" content=\"summary_large_image\" \/>\n<meta name=\"twitter:creator\" content=\"@ppdegalicia\" \/>\n<meta name=\"twitter:site\" content=\"@ppdegalicia\" \/>\n<meta name=\"twitter:label1\" content=\"Escrito por\" \/>\n\t<meta name=\"twitter:data1\" content=\"Super User\" \/>\n\t<meta name=\"twitter:label2\" content=\"Tiempo de lectura\" \/>\n\t<meta name=\"twitter:data2\" content=\"2 minutos\" \/>\n<script type=\"application\/ld+json\" class=\"yoast-schema-graph\">{\"@context\":\"https:\\\/\\\/schema.org\",\"@graph\":[{\"@type\":\"Article\",\"@id\":\"https:\\\/\\\/ppdegalicia.com\\\/es\\\/o-parlamento-demanda-ao-goberno-do-estado-que-garanta-a-seguridade-dos-pesqueiros-en-augas-internacionais\\\/#article\",\"isPartOf\":{\"@id\":\"https:\\\/\\\/ppdegalicia.com\\\/es\\\/o-parlamento-demanda-ao-goberno-do-estado-que-garanta-a-seguridade-dos-pesqueiros-en-augas-internacionais\\\/\"},\"author\":{\"name\":\"Super User\",\"@id\":\"https:\\\/\\\/ppdegalicia.com\\\/es\\\/#\\\/schema\\\/person\\\/d0f013b8388c980665d44009ab762960\"},\"headline\":\"O Parlamento demanda ao Goberno do Estado que garanta a seguridade dos pesqueiros en augas internacionais\",\"datePublished\":\"2019-09-12T10:46:39+00:00\",\"mainEntityOfPage\":{\"@id\":\"https:\\\/\\\/ppdegalicia.com\\\/es\\\/o-parlamento-demanda-ao-goberno-do-estado-que-garanta-a-seguridade-dos-pesqueiros-en-augas-internacionais\\\/\"},\"wordCount\":330,\"commentCount\":0,\"publisher\":{\"@id\":\"https:\\\/\\\/ppdegalicia.com\\\/es\\\/#organization\"},\"articleSection\":[\"PP de Galicia\"],\"inLanguage\":\"es\",\"potentialAction\":[{\"@type\":\"CommentAction\",\"name\":\"Comment\",\"target\":[\"https:\\\/\\\/ppdegalicia.com\\\/es\\\/o-parlamento-demanda-ao-goberno-do-estado-que-garanta-a-seguridade-dos-pesqueiros-en-augas-internacionais\\\/#respond\"]}]},{\"@type\":\"WebPage\",\"@id\":\"https:\\\/\\\/ppdegalicia.com\\\/es\\\/o-parlamento-demanda-ao-goberno-do-estado-que-garanta-a-seguridade-dos-pesqueiros-en-augas-internacionais\\\/\",\"url\":\"https:\\\/\\\/ppdegalicia.com\\\/es\\\/o-parlamento-demanda-ao-goberno-do-estado-que-garanta-a-seguridade-dos-pesqueiros-en-augas-internacionais\\\/\",\"name\":\"O Parlamento demanda ao Goberno do Estado que garanta a seguridade dos pesqueiros en augas internacionais - PP de Galicia\",\"isPartOf\":{\"@id\":\"https:\\\/\\\/ppdegalicia.com\\\/es\\\/#website\"},\"datePublished\":\"2019-09-12T10:46:39+00:00\",\"breadcrumb\":{\"@id\":\"https:\\\/\\\/ppdegalicia.com\\\/es\\\/o-parlamento-demanda-ao-goberno-do-estado-que-garanta-a-seguridade-dos-pesqueiros-en-augas-internacionais\\\/#breadcrumb\"},\"inLanguage\":\"es\",\"potentialAction\":[{\"@type\":\"ReadAction\",\"target\":[\"https:\\\/\\\/ppdegalicia.com\\\/es\\\/o-parlamento-demanda-ao-goberno-do-estado-que-garanta-a-seguridade-dos-pesqueiros-en-augas-internacionais\\\/\"]}]},{\"@type\":\"BreadcrumbList\",\"@id\":\"https:\\\/\\\/ppdegalicia.com\\\/es\\\/o-parlamento-demanda-ao-goberno-do-estado-que-garanta-a-seguridade-dos-pesqueiros-en-augas-internacionais\\\/#breadcrumb\",\"itemListElement\":[{\"@type\":\"ListItem\",\"position\":1,\"name\":\"Portada\",\"item\":\"https:\\\/\\\/ppdegalicia.com\\\/es\\\/\"},{\"@type\":\"ListItem\",\"position\":2,\"name\":\"O Parlamento demanda ao Goberno do Estado que garanta a seguridade dos pesqueiros en augas internacionais\"}]},{\"@type\":\"WebSite\",\"@id\":\"https:\\\/\\\/ppdegalicia.com\\\/es\\\/#website\",\"url\":\"https:\\\/\\\/ppdegalicia.com\\\/es\\\/\",\"name\":\"Partido Popular de Galicia\",\"description\":\"Partido Popular de Galicia\",\"publisher\":{\"@id\":\"https:\\\/\\\/ppdegalicia.com\\\/es\\\/#organization\"},\"alternateName\":\"PP de Galicia\",\"potentialAction\":[{\"@type\":\"SearchAction\",\"target\":{\"@type\":\"EntryPoint\",\"urlTemplate\":\"https:\\\/\\\/ppdegalicia.com\\\/es\\\/?s={search_term_string}\"},\"query-input\":{\"@type\":\"PropertyValueSpecification\",\"valueRequired\":true,\"valueName\":\"search_term_string\"}}],\"inLanguage\":\"es\"},{\"@type\":\"Organization\",\"@id\":\"https:\\\/\\\/ppdegalicia.com\\\/es\\\/#organization\",\"name\":\"Partido Popular de Galicia\",\"alternateName\":\"PP de Galicia\",\"url\":\"https:\\\/\\\/ppdegalicia.com\\\/es\\\/\",\"logo\":{\"@type\":\"ImageObject\",\"inLanguage\":\"es\",\"@id\":\"https:\\\/\\\/ppdegalicia.com\\\/es\\\/#\\\/schema\\\/logo\\\/image\\\/\",\"url\":\"https:\\\/\\\/ppdegalicia.com\\\/wp-content\\\/uploads\\\/2023\\\/04\\\/logoPP512.png\",\"contentUrl\":\"https:\\\/\\\/ppdegalicia.com\\\/wp-content\\\/uploads\\\/2023\\\/04\\\/logoPP512.png\",\"width\":512,\"height\":512,\"caption\":\"Partido Popular de Galicia\"},\"image\":{\"@id\":\"https:\\\/\\\/ppdegalicia.com\\\/es\\\/#\\\/schema\\\/logo\\\/image\\\/\"},\"sameAs\":[\"https:\\\/\\\/www.instagram.com\\\/ppdegalicia\\\/\",\"https:\\\/\\\/x.com\\\/ppdegalicia\",\"https:\\\/\\\/www.tiktok.com\\\/@ppdegalicia\",\"https:\\\/\\\/www.youtube.com\\\/user\\\/ppdegalicia\"]},{\"@type\":\"Person\",\"@id\":\"https:\\\/\\\/ppdegalicia.com\\\/es\\\/#\\\/schema\\\/person\\\/d0f013b8388c980665d44009ab762960\",\"name\":\"Super User\",\"image\":{\"@type\":\"ImageObject\",\"inLanguage\":\"es\",\"@id\":\"https:\\\/\\\/secure.gravatar.com\\\/avatar\\\/1db852625ef4948f58d2739bfbc51e4b9bd5c93b8fa340b59fdb594ca0845645?s=96&d=mm&r=g\",\"url\":\"https:\\\/\\\/secure.gravatar.com\\\/avatar\\\/1db852625ef4948f58d2739bfbc51e4b9bd5c93b8fa340b59fdb594ca0845645?s=96&d=mm&r=g\",\"contentUrl\":\"https:\\\/\\\/secure.gravatar.com\\\/avatar\\\/1db852625ef4948f58d2739bfbc51e4b9bd5c93b8fa340b59fdb594ca0845645?s=96&d=mm&r=g\",\"caption\":\"Super User\"},\"url\":\"https:\\\/\\\/ppdegalicia.com\\\/es\\\/author\\\/ppdegaliciagestion\\\/\"}]}<\/script>\n<!-- \/ Yoast SEO plugin. -->","yoast_head_json":{"title":"O Parlamento demanda ao Goberno do Estado que garanta a seguridade dos pesqueiros en augas internacionais - PP de Galicia","robots":{"index":"index","follow":"follow","max-snippet":"max-snippet:-1","max-image-preview":"max-image-preview:large","max-video-preview":"max-video-preview:-1"},"canonical":"https:\/\/ppdegalicia.com\/es\/o-parlamento-demanda-ao-goberno-do-estado-que-garanta-a-seguridade-dos-pesqueiros-en-augas-internacionais\/","og_locale":"es_ES","og_type":"article","og_title":"O Parlamento demanda ao Goberno do Estado que garanta a seguridade dos pesqueiros en augas internacionais - PP de Galicia","og_description":"Santiago, 12 de setembro de 2019.- O Parlamento de Galicia aprobou hoxe a proposici\u00f3n non de lei do Grupo Popular a trav\u00e9s da que se solicita ao Goberno do Estado, no \u00e1mbito das s\u00faas competencias, que garanta a seguridade das frotas pesqueiras espa\u00f1olas en augas internacionais, especialmente ante a decisi\u00f3n de Reino Unido de endurecer [&hellip;]","og_url":"https:\/\/ppdegalicia.com\/es\/o-parlamento-demanda-ao-goberno-do-estado-que-garanta-a-seguridade-dos-pesqueiros-en-augas-internacionais\/","og_site_name":"PP de Galicia","article_publisher":"https:\/\/www.instagram.com\/ppdegalicia\/","article_published_time":"2019-09-12T10:46:39+00:00","author":"Super User","twitter_card":"summary_large_image","twitter_creator":"@ppdegalicia","twitter_site":"@ppdegalicia","twitter_misc":{"Escrito por":"Super User","Tiempo de lectura":"2 minutos"},"schema":{"@context":"https:\/\/schema.org","@graph":[{"@type":"Article","@id":"https:\/\/ppdegalicia.com\/es\/o-parlamento-demanda-ao-goberno-do-estado-que-garanta-a-seguridade-dos-pesqueiros-en-augas-internacionais\/#article","isPartOf":{"@id":"https:\/\/ppdegalicia.com\/es\/o-parlamento-demanda-ao-goberno-do-estado-que-garanta-a-seguridade-dos-pesqueiros-en-augas-internacionais\/"},"author":{"name":"Super User","@id":"https:\/\/ppdegalicia.com\/es\/#\/schema\/person\/d0f013b8388c980665d44009ab762960"},"headline":"O Parlamento demanda ao Goberno do Estado que garanta a seguridade dos pesqueiros en augas internacionais","datePublished":"2019-09-12T10:46:39+00:00","mainEntityOfPage":{"@id":"https:\/\/ppdegalicia.com\/es\/o-parlamento-demanda-ao-goberno-do-estado-que-garanta-a-seguridade-dos-pesqueiros-en-augas-internacionais\/"},"wordCount":330,"commentCount":0,"publisher":{"@id":"https:\/\/ppdegalicia.com\/es\/#organization"},"articleSection":["PP de Galicia"],"inLanguage":"es","potentialAction":[{"@type":"CommentAction","name":"Comment","target":["https:\/\/ppdegalicia.com\/es\/o-parlamento-demanda-ao-goberno-do-estado-que-garanta-a-seguridade-dos-pesqueiros-en-augas-internacionais\/#respond"]}]},{"@type":"WebPage","@id":"https:\/\/ppdegalicia.com\/es\/o-parlamento-demanda-ao-goberno-do-estado-que-garanta-a-seguridade-dos-pesqueiros-en-augas-internacionais\/","url":"https:\/\/ppdegalicia.com\/es\/o-parlamento-demanda-ao-goberno-do-estado-que-garanta-a-seguridade-dos-pesqueiros-en-augas-internacionais\/","name":"O Parlamento demanda ao Goberno do Estado que garanta a seguridade dos pesqueiros en augas internacionais - PP de Galicia","isPartOf":{"@id":"https:\/\/ppdegalicia.com\/es\/#website"},"datePublished":"2019-09-12T10:46:39+00:00","breadcrumb":{"@id":"https:\/\/ppdegalicia.com\/es\/o-parlamento-demanda-ao-goberno-do-estado-que-garanta-a-seguridade-dos-pesqueiros-en-augas-internacionais\/#breadcrumb"},"inLanguage":"es","potentialAction":[{"@type":"ReadAction","target":["https:\/\/ppdegalicia.com\/es\/o-parlamento-demanda-ao-goberno-do-estado-que-garanta-a-seguridade-dos-pesqueiros-en-augas-internacionais\/"]}]},{"@type":"BreadcrumbList","@id":"https:\/\/ppdegalicia.com\/es\/o-parlamento-demanda-ao-goberno-do-estado-que-garanta-a-seguridade-dos-pesqueiros-en-augas-internacionais\/#breadcrumb","itemListElement":[{"@type":"ListItem","position":1,"name":"Portada","item":"https:\/\/ppdegalicia.com\/es\/"},{"@type":"ListItem","position":2,"name":"O Parlamento demanda ao Goberno do Estado que garanta a seguridade dos pesqueiros en augas internacionais"}]},{"@type":"WebSite","@id":"https:\/\/ppdegalicia.com\/es\/#website","url":"https:\/\/ppdegalicia.com\/es\/","name":"Partido Popular de Galicia","description":"Partido Popular de Galicia","publisher":{"@id":"https:\/\/ppdegalicia.com\/es\/#organization"},"alternateName":"PP de Galicia","potentialAction":[{"@type":"SearchAction","target":{"@type":"EntryPoint","urlTemplate":"https:\/\/ppdegalicia.com\/es\/?s={search_term_string}"},"query-input":{"@type":"PropertyValueSpecification","valueRequired":true,"valueName":"search_term_string"}}],"inLanguage":"es"},{"@type":"Organization","@id":"https:\/\/ppdegalicia.com\/es\/#organization","name":"Partido Popular de Galicia","alternateName":"PP de Galicia","url":"https:\/\/ppdegalicia.com\/es\/","logo":{"@type":"ImageObject","inLanguage":"es","@id":"https:\/\/ppdegalicia.com\/es\/#\/schema\/logo\/image\/","url":"https:\/\/ppdegalicia.com\/wp-content\/uploads\/2023\/04\/logoPP512.png","contentUrl":"https:\/\/ppdegalicia.com\/wp-content\/uploads\/2023\/04\/logoPP512.png","width":512,"height":512,"caption":"Partido Popular de Galicia"},"image":{"@id":"https:\/\/ppdegalicia.com\/es\/#\/schema\/logo\/image\/"},"sameAs":["https:\/\/www.instagram.com\/ppdegalicia\/","https:\/\/x.com\/ppdegalicia","https:\/\/www.tiktok.com\/@ppdegalicia","https:\/\/www.youtube.com\/user\/ppdegalicia"]},{"@type":"Person","@id":"https:\/\/ppdegalicia.com\/es\/#\/schema\/person\/d0f013b8388c980665d44009ab762960","name":"Super User","image":{"@type":"ImageObject","inLanguage":"es","@id":"https:\/\/secure.gravatar.com\/avatar\/1db852625ef4948f58d2739bfbc51e4b9bd5c93b8fa340b59fdb594ca0845645?s=96&d=mm&r=g","url":"https:\/\/secure.gravatar.com\/avatar\/1db852625ef4948f58d2739bfbc51e4b9bd5c93b8fa340b59fdb594ca0845645?s=96&d=mm&r=g","contentUrl":"https:\/\/secure.gravatar.com\/avatar\/1db852625ef4948f58d2739bfbc51e4b9bd5c93b8fa340b59fdb594ca0845645?s=96&d=mm&r=g","caption":"Super User"},"url":"https:\/\/ppdegalicia.com\/es\/author\/ppdegaliciagestion\/"}]}},"_links":{"self":[{"href":"https:\/\/ppdegalicia.com\/es\/wp-json\/wp\/v2\/posts\/52264","targetHints":{"allow":["GET"]}}],"collection":[{"href":"https:\/\/ppdegalicia.com\/es\/wp-json\/wp\/v2\/posts"}],"about":[{"href":"https:\/\/ppdegalicia.com\/es\/wp-json\/wp\/v2\/types\/post"}],"author":[{"embeddable":true,"href":"https:\/\/ppdegalicia.com\/es\/wp-json\/wp\/v2\/users\/37"}],"replies":[{"embeddable":true,"href":"https:\/\/ppdegalicia.com\/es\/wp-json\/wp\/v2\/comments?post=52264"}],"version-history":[{"count":0,"href":"https:\/\/ppdegalicia.com\/es\/wp-json\/wp\/v2\/posts\/52264\/revisions"}],"wp:attachment":[{"href":"https:\/\/ppdegalicia.com\/es\/wp-json\/wp\/v2\/media?parent=52264"}],"wp:term":[{"taxonomy":"category","embeddable":true,"href":"https:\/\/ppdegalicia.com\/es\/wp-json\/wp\/v2\/categories?post=52264"},{"taxonomy":"post_tag","embeddable":true,"href":"https:\/\/ppdegalicia.com\/es\/wp-json\/wp\/v2\/tags?post=52264"}],"curies":[{"name":"wp","href":"https:\/\/api.w.org\/{rel}","templated":true}]}}