{"id":52267,"date":"2019-09-15T09:06:41","date_gmt":"2019-09-15T07:06:41","guid":{"rendered":"https:\/\/ppdegalicia.com\/tellado-ve-ao-ppdeg-como-garantia-de-crecemento-fronte-a-paralise-do-goberno-central\/"},"modified":"2019-09-15T09:06:41","modified_gmt":"2019-09-15T07:06:41","slug":"tellado-ve-ao-ppdeg-como-garantia-de-crecemento-fronte-a-paralise-do-goberno-central","status":"publish","type":"post","link":"https:\/\/ppdegalicia.com\/es\/tellado-ve-ao-ppdeg-como-garantia-de-crecemento-fronte-a-paralise-do-goberno-central\/","title":{"rendered":"Tellado ve ao PPdeG como garant\u00eda de crecemento fronte \u00e1 \u201cpar\u00e1lise\u201d do Goberno central"},"content":{"rendered":"<p><span style=\"text-decoration: underline;\">15, setembro, 2019.<\/span> O secretario xeral do PPdeG, Miguel Tellado, destacou este domingo que o seu partido \u00e9 unha \u201cgarant\u00eda de crecemento\u201d fronte \u00e1 \u201cpar\u00e1lise\u201d que leva supo\u00f1endo o Goberno central desde a moci\u00f3n de censura do 2018. As\u00ed, incidiu que \u201ca Xunta traballar\u00e1 polos galegos ata o \u00faltimo d\u00eda desta lexislatura, pese a que Pedro S\u00e1nchez non o fixese nin un s\u00f3 desde que est\u00e1 na Moncloa\u201d.<\/p>\n<p><!--more--><\/p>\n<p>&nbsp;<\/p>\n<p>De feito, Tellado lembrou que a Administraci\u00f3n auton\u00f3mica est\u00e1 traballando para buscar soluci\u00f3ns a problemas creados polo socialistas. \u201cNo que ten que ver cos 700 mill\u00f3ns que nos debe o Goberno S\u00e1nchez, presentamos un informe que demostraba que era posible e legal pagar esta d\u00e9beda; e agora ofrecemos un decreto-lei xa redactado para poder facer efectivo ese pago\u201d, subli\u00f1ou, para insistir en que os cidad\u00e1ns non poden pagar pola incapacidade do partidos da esquerda para gobernar e chegar a acordos.<\/p>\n<p>&nbsp;<\/p>\n<p>Do mesmo xeito, o n\u00famero dous dos populares galegos lamentou os \u201cataques continuados\u201d \u00e1s industrias da Comunidade por parte do Executivo socialista. As\u00ed, advertiu arredor&nbsp; do impacto que o <em>dieselazo<\/em> e a pol\u00edtica contra os motores de combusti\u00f3n est\u00e1 a ter na venda de coches e na s\u00faa fabricaci\u00f3n, un sector que \u00e9 o principal motor econ\u00f3mico da \u00e1rea metropolitana de Vigo. Do mesmo xeito, lembrou que outros como o naval, as electrointensivas, as centrais t\u00e9rmicas ou o forestal est\u00e1n vendo moi comprometida a s\u00faa actividade polas posici\u00f3ns do Goberno S\u00e1nchez.<\/p>\n<p>&nbsp;<\/p>\n<p><strong><span style=\"text-decoration: underline;\">UNI\u00d3N PARA DARLLE ESTABILIDADE \u00c1S INSTITUCI\u00d3NS<\/span><\/strong><\/p>\n<p>O secretario xeral, ante m\u00e1is de 800 afiliados e simpatizantes do partido en Mos, puxo a este concello como exemplo de que \u201cos populares propo\u00f1\u00e9moslle un pacto aos veci\u00f1os e eles dannos a s\u00faa confianza para traballar nas instituci\u00f3ns e darlles estabilidade\u201d.<\/p>\n<p>&nbsp;<\/p>\n<p>Deste xeito, lembrou que desde a uni\u00f3n, a transversalidade e a moderaci\u00f3n poden conseguirse maior\u00edas absolutas nas que se vexa representada unha parte ampla da sociedade. \u201cEsa aposta por gobernar desde a centralidade para todo o mundo \u00e9 un dos maiores sinais de identidade deste partido\u201d, reivindicou.<\/p>\n<p>&nbsp;<\/p>\n<p>Pola s\u00faa banda, tam\u00e9n insistiu na idea de que \u201ca esquerda galega comezou este curso pol\u00edtico m\u00e1is dividida, con menos proxecto e con menos liderado ca nunca\u201d, polo que apelou \u00e1 necesidade de que Galicia siga sendo un territorio de referencia a nivel nacional en estabilidade e gobernabilidade.<\/p>\n<p>&nbsp;<\/p>\n<p><strong><span style=\"text-decoration: underline;\">A DESLEALDADE DOS SOCIALISTAS<\/span><\/strong><\/p>\n<p>Ante as preguntas dos medios de comunicaci\u00f3n, o secretario xeral volveu lamentar a actitude e as declaraci\u00f3ns de Javier Losada, xa que entende que \u201co primeiro que deber\u00eda pedir o que Galicia precisa \u00e9 o delegado do Goberno na comunidade\u201d. En cambio, Tellado di que Losada \u201centende que o seu papel \u00e9 facerlle a pelota a Pedro S\u00e1nchez e xustificar o inxustificable e mostrar unha actitude partidista\u201d.<\/p>\n<p>&nbsp;<\/p>\n<p>\u201c\u00c9 evidente que o Goberno de Espa\u00f1a est\u00e1 actuando con deslealde cara Galicia, a mesma que est\u00e1n a demostrar os socialistas galegos\u201d, recalcou, para insistir en que \u201ctanto Javier Losada como Gonzalo Caballero deben saber que os galegos te\u00f1en memoria e non van esquecer o que est\u00e1 facendo nin o Goberno nin o PSOE\u201d. As\u00ed, conclu\u00edu que o cartel electoral de Caballero para as auton\u00f3micas vai ser o de non ter defendido os intereses de Galicia cando foi preciso.<\/p>\n","protected":false},"excerpt":{"rendered":"<p>15, setembro, 2019. O secretario xeral do PPdeG, Miguel Tellado, destacou este domingo que o seu partido \u00e9 unha \u201cgarant\u00eda de crecemento\u201d fronte \u00e1 \u201cpar\u00e1lise\u201d que leva supo\u00f1endo o Goberno central desde a moci\u00f3n de censura do 2018. As\u00ed, incidiu que \u201ca Xunta traballar\u00e1 polos galegos ata o \u00faltimo d\u00eda desta lexislatura, pese a que [&hellip;]<\/p>\n","protected":false},"author":37,"featured_media":0,"comment_status":"open","ping_status":"open","sticky":false,"template":"","format":"standard","meta":{"_acf_changed":false,"footnotes":""},"categories":[1],"tags":[],"class_list":["post-52267","post","type-post","status-publish","format-standard","hentry","category-pp-de-galicia"],"acf":[],"yoast_head":"<!-- This site is optimized with the Yoast SEO plugin v27.3 - https:\/\/yoast.com\/product\/yoast-seo-wordpress\/ -->\n<title>Tellado ve ao PPdeG como garant\u00eda de crecemento fronte \u00e1 \u201cpar\u00e1lise\u201d do Goberno central - PP de Galicia<\/title>\n<meta name=\"robots\" content=\"index, follow, max-snippet:-1, max-image-preview:large, max-video-preview:-1\" \/>\n<link rel=\"canonical\" href=\"https:\/\/ppdegalicia.com\/es\/tellado-ve-ao-ppdeg-como-garantia-de-crecemento-fronte-a-paralise-do-goberno-central\/\" \/>\n<meta property=\"og:locale\" content=\"es_ES\" \/>\n<meta property=\"og:type\" content=\"article\" \/>\n<meta property=\"og:title\" content=\"Tellado ve ao PPdeG como garant\u00eda de crecemento fronte \u00e1 \u201cpar\u00e1lise\u201d do Goberno central - PP de Galicia\" \/>\n<meta property=\"og:description\" content=\"15, setembro, 2019. O secretario xeral do PPdeG, Miguel Tellado, destacou este domingo que o seu partido \u00e9 unha \u201cgarant\u00eda de crecemento\u201d fronte \u00e1 \u201cpar\u00e1lise\u201d que leva supo\u00f1endo o Goberno central desde a moci\u00f3n de censura do 2018. As\u00ed, incidiu que \u201ca Xunta traballar\u00e1 polos galegos ata o \u00faltimo d\u00eda desta lexislatura, pese a que [&hellip;]\" \/>\n<meta property=\"og:url\" content=\"https:\/\/ppdegalicia.com\/es\/tellado-ve-ao-ppdeg-como-garantia-de-crecemento-fronte-a-paralise-do-goberno-central\/\" \/>\n<meta property=\"og:site_name\" content=\"PP de Galicia\" \/>\n<meta property=\"article:publisher\" content=\"https:\/\/www.instagram.com\/ppdegalicia\/\" \/>\n<meta property=\"article:published_time\" content=\"2019-09-15T07:06:41+00:00\" \/>\n<meta name=\"author\" content=\"Super User\" \/>\n<meta name=\"twitter:card\" content=\"summary_large_image\" \/>\n<meta name=\"twitter:creator\" content=\"@ppdegalicia\" \/>\n<meta name=\"twitter:site\" content=\"@ppdegalicia\" \/>\n<meta name=\"twitter:label1\" content=\"Escrito por\" \/>\n\t<meta name=\"twitter:data1\" content=\"Super User\" \/>\n\t<meta name=\"twitter:label2\" content=\"Tiempo de lectura\" \/>\n\t<meta name=\"twitter:data2\" content=\"3 minutos\" \/>\n<script type=\"application\/ld+json\" class=\"yoast-schema-graph\">{\"@context\":\"https:\\\/\\\/schema.org\",\"@graph\":[{\"@type\":\"Article\",\"@id\":\"https:\\\/\\\/ppdegalicia.com\\\/es\\\/tellado-ve-ao-ppdeg-como-garantia-de-crecemento-fronte-a-paralise-do-goberno-central\\\/#article\",\"isPartOf\":{\"@id\":\"https:\\\/\\\/ppdegalicia.com\\\/es\\\/tellado-ve-ao-ppdeg-como-garantia-de-crecemento-fronte-a-paralise-do-goberno-central\\\/\"},\"author\":{\"name\":\"Super User\",\"@id\":\"https:\\\/\\\/ppdegalicia.com\\\/es\\\/#\\\/schema\\\/person\\\/d0f013b8388c980665d44009ab762960\"},\"headline\":\"Tellado ve ao PPdeG como garant\u00eda de crecemento fronte \u00e1 \u201cpar\u00e1lise\u201d do Goberno central\",\"datePublished\":\"2019-09-15T07:06:41+00:00\",\"mainEntityOfPage\":{\"@id\":\"https:\\\/\\\/ppdegalicia.com\\\/es\\\/tellado-ve-ao-ppdeg-como-garantia-de-crecemento-fronte-a-paralise-do-goberno-central\\\/\"},\"wordCount\":590,\"commentCount\":0,\"publisher\":{\"@id\":\"https:\\\/\\\/ppdegalicia.com\\\/es\\\/#organization\"},\"articleSection\":[\"PP de Galicia\"],\"inLanguage\":\"es\",\"potentialAction\":[{\"@type\":\"CommentAction\",\"name\":\"Comment\",\"target\":[\"https:\\\/\\\/ppdegalicia.com\\\/es\\\/tellado-ve-ao-ppdeg-como-garantia-de-crecemento-fronte-a-paralise-do-goberno-central\\\/#respond\"]}]},{\"@type\":\"WebPage\",\"@id\":\"https:\\\/\\\/ppdegalicia.com\\\/es\\\/tellado-ve-ao-ppdeg-como-garantia-de-crecemento-fronte-a-paralise-do-goberno-central\\\/\",\"url\":\"https:\\\/\\\/ppdegalicia.com\\\/es\\\/tellado-ve-ao-ppdeg-como-garantia-de-crecemento-fronte-a-paralise-do-goberno-central\\\/\",\"name\":\"Tellado ve ao PPdeG como garant\u00eda de crecemento fronte \u00e1 \u201cpar\u00e1lise\u201d do Goberno central - PP de Galicia\",\"isPartOf\":{\"@id\":\"https:\\\/\\\/ppdegalicia.com\\\/es\\\/#website\"},\"datePublished\":\"2019-09-15T07:06:41+00:00\",\"breadcrumb\":{\"@id\":\"https:\\\/\\\/ppdegalicia.com\\\/es\\\/tellado-ve-ao-ppdeg-como-garantia-de-crecemento-fronte-a-paralise-do-goberno-central\\\/#breadcrumb\"},\"inLanguage\":\"es\",\"potentialAction\":[{\"@type\":\"ReadAction\",\"target\":[\"https:\\\/\\\/ppdegalicia.com\\\/es\\\/tellado-ve-ao-ppdeg-como-garantia-de-crecemento-fronte-a-paralise-do-goberno-central\\\/\"]}]},{\"@type\":\"BreadcrumbList\",\"@id\":\"https:\\\/\\\/ppdegalicia.com\\\/es\\\/tellado-ve-ao-ppdeg-como-garantia-de-crecemento-fronte-a-paralise-do-goberno-central\\\/#breadcrumb\",\"itemListElement\":[{\"@type\":\"ListItem\",\"position\":1,\"name\":\"Portada\",\"item\":\"https:\\\/\\\/ppdegalicia.com\\\/es\\\/\"},{\"@type\":\"ListItem\",\"position\":2,\"name\":\"Tellado ve ao PPdeG como garant\u00eda de crecemento fronte \u00e1 \u201cpar\u00e1lise\u201d do Goberno central\"}]},{\"@type\":\"WebSite\",\"@id\":\"https:\\\/\\\/ppdegalicia.com\\\/es\\\/#website\",\"url\":\"https:\\\/\\\/ppdegalicia.com\\\/es\\\/\",\"name\":\"Partido Popular de Galicia\",\"description\":\"Partido Popular de Galicia\",\"publisher\":{\"@id\":\"https:\\\/\\\/ppdegalicia.com\\\/es\\\/#organization\"},\"alternateName\":\"PP de Galicia\",\"potentialAction\":[{\"@type\":\"SearchAction\",\"target\":{\"@type\":\"EntryPoint\",\"urlTemplate\":\"https:\\\/\\\/ppdegalicia.com\\\/es\\\/?s={search_term_string}\"},\"query-input\":{\"@type\":\"PropertyValueSpecification\",\"valueRequired\":true,\"valueName\":\"search_term_string\"}}],\"inLanguage\":\"es\"},{\"@type\":\"Organization\",\"@id\":\"https:\\\/\\\/ppdegalicia.com\\\/es\\\/#organization\",\"name\":\"Partido Popular de Galicia\",\"alternateName\":\"PP de Galicia\",\"url\":\"https:\\\/\\\/ppdegalicia.com\\\/es\\\/\",\"logo\":{\"@type\":\"ImageObject\",\"inLanguage\":\"es\",\"@id\":\"https:\\\/\\\/ppdegalicia.com\\\/es\\\/#\\\/schema\\\/logo\\\/image\\\/\",\"url\":\"https:\\\/\\\/ppdegalicia.com\\\/wp-content\\\/uploads\\\/2023\\\/04\\\/logoPP512.png\",\"contentUrl\":\"https:\\\/\\\/ppdegalicia.com\\\/wp-content\\\/uploads\\\/2023\\\/04\\\/logoPP512.png\",\"width\":512,\"height\":512,\"caption\":\"Partido Popular de Galicia\"},\"image\":{\"@id\":\"https:\\\/\\\/ppdegalicia.com\\\/es\\\/#\\\/schema\\\/logo\\\/image\\\/\"},\"sameAs\":[\"https:\\\/\\\/www.instagram.com\\\/ppdegalicia\\\/\",\"https:\\\/\\\/x.com\\\/ppdegalicia\",\"https:\\\/\\\/www.tiktok.com\\\/@ppdegalicia\",\"https:\\\/\\\/www.youtube.com\\\/user\\\/ppdegalicia\"]},{\"@type\":\"Person\",\"@id\":\"https:\\\/\\\/ppdegalicia.com\\\/es\\\/#\\\/schema\\\/person\\\/d0f013b8388c980665d44009ab762960\",\"name\":\"Super User\",\"image\":{\"@type\":\"ImageObject\",\"inLanguage\":\"es\",\"@id\":\"https:\\\/\\\/secure.gravatar.com\\\/avatar\\\/1db852625ef4948f58d2739bfbc51e4b9bd5c93b8fa340b59fdb594ca0845645?s=96&d=mm&r=g\",\"url\":\"https:\\\/\\\/secure.gravatar.com\\\/avatar\\\/1db852625ef4948f58d2739bfbc51e4b9bd5c93b8fa340b59fdb594ca0845645?s=96&d=mm&r=g\",\"contentUrl\":\"https:\\\/\\\/secure.gravatar.com\\\/avatar\\\/1db852625ef4948f58d2739bfbc51e4b9bd5c93b8fa340b59fdb594ca0845645?s=96&d=mm&r=g\",\"caption\":\"Super User\"},\"url\":\"https:\\\/\\\/ppdegalicia.com\\\/es\\\/author\\\/ppdegaliciagestion\\\/\"}]}<\/script>\n<!-- \/ Yoast SEO plugin. -->","yoast_head_json":{"title":"Tellado ve ao PPdeG como garant\u00eda de crecemento fronte \u00e1 \u201cpar\u00e1lise\u201d do Goberno central - PP de Galicia","robots":{"index":"index","follow":"follow","max-snippet":"max-snippet:-1","max-image-preview":"max-image-preview:large","max-video-preview":"max-video-preview:-1"},"canonical":"https:\/\/ppdegalicia.com\/es\/tellado-ve-ao-ppdeg-como-garantia-de-crecemento-fronte-a-paralise-do-goberno-central\/","og_locale":"es_ES","og_type":"article","og_title":"Tellado ve ao PPdeG como garant\u00eda de crecemento fronte \u00e1 \u201cpar\u00e1lise\u201d do Goberno central - PP de Galicia","og_description":"15, setembro, 2019. O secretario xeral do PPdeG, Miguel Tellado, destacou este domingo que o seu partido \u00e9 unha \u201cgarant\u00eda de crecemento\u201d fronte \u00e1 \u201cpar\u00e1lise\u201d que leva supo\u00f1endo o Goberno central desde a moci\u00f3n de censura do 2018. As\u00ed, incidiu que \u201ca Xunta traballar\u00e1 polos galegos ata o \u00faltimo d\u00eda desta lexislatura, pese a que [&hellip;]","og_url":"https:\/\/ppdegalicia.com\/es\/tellado-ve-ao-ppdeg-como-garantia-de-crecemento-fronte-a-paralise-do-goberno-central\/","og_site_name":"PP de Galicia","article_publisher":"https:\/\/www.instagram.com\/ppdegalicia\/","article_published_time":"2019-09-15T07:06:41+00:00","author":"Super User","twitter_card":"summary_large_image","twitter_creator":"@ppdegalicia","twitter_site":"@ppdegalicia","twitter_misc":{"Escrito por":"Super User","Tiempo de lectura":"3 minutos"},"schema":{"@context":"https:\/\/schema.org","@graph":[{"@type":"Article","@id":"https:\/\/ppdegalicia.com\/es\/tellado-ve-ao-ppdeg-como-garantia-de-crecemento-fronte-a-paralise-do-goberno-central\/#article","isPartOf":{"@id":"https:\/\/ppdegalicia.com\/es\/tellado-ve-ao-ppdeg-como-garantia-de-crecemento-fronte-a-paralise-do-goberno-central\/"},"author":{"name":"Super User","@id":"https:\/\/ppdegalicia.com\/es\/#\/schema\/person\/d0f013b8388c980665d44009ab762960"},"headline":"Tellado ve ao PPdeG como garant\u00eda de crecemento fronte \u00e1 \u201cpar\u00e1lise\u201d do Goberno central","datePublished":"2019-09-15T07:06:41+00:00","mainEntityOfPage":{"@id":"https:\/\/ppdegalicia.com\/es\/tellado-ve-ao-ppdeg-como-garantia-de-crecemento-fronte-a-paralise-do-goberno-central\/"},"wordCount":590,"commentCount":0,"publisher":{"@id":"https:\/\/ppdegalicia.com\/es\/#organization"},"articleSection":["PP de Galicia"],"inLanguage":"es","potentialAction":[{"@type":"CommentAction","name":"Comment","target":["https:\/\/ppdegalicia.com\/es\/tellado-ve-ao-ppdeg-como-garantia-de-crecemento-fronte-a-paralise-do-goberno-central\/#respond"]}]},{"@type":"WebPage","@id":"https:\/\/ppdegalicia.com\/es\/tellado-ve-ao-ppdeg-como-garantia-de-crecemento-fronte-a-paralise-do-goberno-central\/","url":"https:\/\/ppdegalicia.com\/es\/tellado-ve-ao-ppdeg-como-garantia-de-crecemento-fronte-a-paralise-do-goberno-central\/","name":"Tellado ve ao PPdeG como garant\u00eda de crecemento fronte \u00e1 \u201cpar\u00e1lise\u201d do Goberno central - PP de Galicia","isPartOf":{"@id":"https:\/\/ppdegalicia.com\/es\/#website"},"datePublished":"2019-09-15T07:06:41+00:00","breadcrumb":{"@id":"https:\/\/ppdegalicia.com\/es\/tellado-ve-ao-ppdeg-como-garantia-de-crecemento-fronte-a-paralise-do-goberno-central\/#breadcrumb"},"inLanguage":"es","potentialAction":[{"@type":"ReadAction","target":["https:\/\/ppdegalicia.com\/es\/tellado-ve-ao-ppdeg-como-garantia-de-crecemento-fronte-a-paralise-do-goberno-central\/"]}]},{"@type":"BreadcrumbList","@id":"https:\/\/ppdegalicia.com\/es\/tellado-ve-ao-ppdeg-como-garantia-de-crecemento-fronte-a-paralise-do-goberno-central\/#breadcrumb","itemListElement":[{"@type":"ListItem","position":1,"name":"Portada","item":"https:\/\/ppdegalicia.com\/es\/"},{"@type":"ListItem","position":2,"name":"Tellado ve ao PPdeG como garant\u00eda de crecemento fronte \u00e1 \u201cpar\u00e1lise\u201d do Goberno central"}]},{"@type":"WebSite","@id":"https:\/\/ppdegalicia.com\/es\/#website","url":"https:\/\/ppdegalicia.com\/es\/","name":"Partido Popular de Galicia","description":"Partido Popular de Galicia","publisher":{"@id":"https:\/\/ppdegalicia.com\/es\/#organization"},"alternateName":"PP de Galicia","potentialAction":[{"@type":"SearchAction","target":{"@type":"EntryPoint","urlTemplate":"https:\/\/ppdegalicia.com\/es\/?s={search_term_string}"},"query-input":{"@type":"PropertyValueSpecification","valueRequired":true,"valueName":"search_term_string"}}],"inLanguage":"es"},{"@type":"Organization","@id":"https:\/\/ppdegalicia.com\/es\/#organization","name":"Partido Popular de Galicia","alternateName":"PP de Galicia","url":"https:\/\/ppdegalicia.com\/es\/","logo":{"@type":"ImageObject","inLanguage":"es","@id":"https:\/\/ppdegalicia.com\/es\/#\/schema\/logo\/image\/","url":"https:\/\/ppdegalicia.com\/wp-content\/uploads\/2023\/04\/logoPP512.png","contentUrl":"https:\/\/ppdegalicia.com\/wp-content\/uploads\/2023\/04\/logoPP512.png","width":512,"height":512,"caption":"Partido Popular de Galicia"},"image":{"@id":"https:\/\/ppdegalicia.com\/es\/#\/schema\/logo\/image\/"},"sameAs":["https:\/\/www.instagram.com\/ppdegalicia\/","https:\/\/x.com\/ppdegalicia","https:\/\/www.tiktok.com\/@ppdegalicia","https:\/\/www.youtube.com\/user\/ppdegalicia"]},{"@type":"Person","@id":"https:\/\/ppdegalicia.com\/es\/#\/schema\/person\/d0f013b8388c980665d44009ab762960","name":"Super User","image":{"@type":"ImageObject","inLanguage":"es","@id":"https:\/\/secure.gravatar.com\/avatar\/1db852625ef4948f58d2739bfbc51e4b9bd5c93b8fa340b59fdb594ca0845645?s=96&d=mm&r=g","url":"https:\/\/secure.gravatar.com\/avatar\/1db852625ef4948f58d2739bfbc51e4b9bd5c93b8fa340b59fdb594ca0845645?s=96&d=mm&r=g","contentUrl":"https:\/\/secure.gravatar.com\/avatar\/1db852625ef4948f58d2739bfbc51e4b9bd5c93b8fa340b59fdb594ca0845645?s=96&d=mm&r=g","caption":"Super User"},"url":"https:\/\/ppdegalicia.com\/es\/author\/ppdegaliciagestion\/"}]}},"_links":{"self":[{"href":"https:\/\/ppdegalicia.com\/es\/wp-json\/wp\/v2\/posts\/52267","targetHints":{"allow":["GET"]}}],"collection":[{"href":"https:\/\/ppdegalicia.com\/es\/wp-json\/wp\/v2\/posts"}],"about":[{"href":"https:\/\/ppdegalicia.com\/es\/wp-json\/wp\/v2\/types\/post"}],"author":[{"embeddable":true,"href":"https:\/\/ppdegalicia.com\/es\/wp-json\/wp\/v2\/users\/37"}],"replies":[{"embeddable":true,"href":"https:\/\/ppdegalicia.com\/es\/wp-json\/wp\/v2\/comments?post=52267"}],"version-history":[{"count":0,"href":"https:\/\/ppdegalicia.com\/es\/wp-json\/wp\/v2\/posts\/52267\/revisions"}],"wp:attachment":[{"href":"https:\/\/ppdegalicia.com\/es\/wp-json\/wp\/v2\/media?parent=52267"}],"wp:term":[{"taxonomy":"category","embeddable":true,"href":"https:\/\/ppdegalicia.com\/es\/wp-json\/wp\/v2\/categories?post=52267"},{"taxonomy":"post_tag","embeddable":true,"href":"https:\/\/ppdegalicia.com\/es\/wp-json\/wp\/v2\/tags?post=52267"}],"curies":[{"name":"wp","href":"https:\/\/api.w.org\/{rel}","templated":true}]}}