{"id":52269,"date":"2019-09-16T11:45:11","date_gmt":"2019-09-16T09:45:11","guid":{"rendered":"https:\/\/ppdegalicia.com\/o-parlamento-galego-demanda-a-fomento-a-licitacion-das-obras-do-enlace-orbital-de-santiago-para-que-estea-operativo-no-xacobeo-2021\/"},"modified":"2019-09-16T11:45:11","modified_gmt":"2019-09-16T09:45:11","slug":"o-parlamento-galego-demanda-a-fomento-a-licitacion-das-obras-do-enlace-orbital-de-santiago-para-que-estea-operativo-no-xacobeo-2021","status":"publish","type":"post","link":"https:\/\/ppdegalicia.com\/es\/o-parlamento-galego-demanda-a-fomento-a-licitacion-das-obras-do-enlace-orbital-de-santiago-para-que-estea-operativo-no-xacobeo-2021\/","title":{"rendered":"O Parlamento galego demanda a Fomento a licitaci\u00f3n das obras do enlace orbital de Santiago para que estea operativo no Xacobeo 2021"},"content":{"rendered":"<p>Santiago, 13 de setembro de 2019.- O Parlamento de Galicia aprobou hoxe a proposici\u00f3n non de lei do Grupo Popular a trav\u00e9s da que se solicita ao Ministerio de Fomento que axilice a licitaci\u00f3n das obras do Enlace Orbital de Santiago de Compostela, que xa foi autorizada polo Consello de Ministros o pasado 12 de abril, ao obxecto de que a posta en servizo desta infraestrutura estrat\u00e9xica para Santiago poida estar operativa para o Xacobeo 2021.<\/p>\n<p><!--more--><\/p>\n<p>&nbsp;<\/p>\n<p>A deputada popular Mar\u00eda Ant\u00f3n lembrou que esta infraestrutura, que conectar\u00e1 directamente a AP-9 coa A-54, \u201c\u00e9 longamente demandada pola cidade compostel\u00e1 no seu conxunto e que conta co acordo un\u00e1nime de todas as forzas pol\u00edticas, sociais e econ\u00f3micas\u201d.<\/p>\n<p>&nbsp;<\/p>\n<p><strong>ORZAMENTO DO GOBERNO DO PARTIDO POPULAR<\/strong><\/p>\n<p>&nbsp;<\/p>\n<p>Mar\u00eda Ant\u00f3n indicou que o Consello de Ministros do pasado 12 de abril, en plena campa\u00f1a electoral, autorizou a licitaci\u00f3n das obras por importe de m\u00e1is de 20 mill\u00f3ns de euros, \u201cautorizaci\u00f3n que foi posible gracias aos orzamentos xerais do Estado de 2018, elaborados polo Goberno do Partido Popular, nos que xa se preveu unha dotaci\u00f3n de 8 mill\u00f3ns de euros para o enlace orbital\u201d.<\/p>\n<p>&nbsp;<\/p>\n<p>\u201cEstes orzamentos, ao estar prorrogados na actualidade, est\u00e1n plenamente vixentes\u201d, asegurou a deputada popular, quen lamentou que \u201co proxecto de orzamentos do Goberno socialista rexeitados polo Congreso non prev\u00eda investimento para o enlace orbital de Santiago en 2019 e s\u00f3 un mill\u00f3n de euros para 2020, o que na pr\u00e1ctica supo\u00f1\u00eda o bloqueo da licitaci\u00f3n desta infraestrutura\u201d.<\/p>\n","protected":false},"excerpt":{"rendered":"<p>Santiago, 13 de setembro de 2019.- O Parlamento de Galicia aprobou hoxe a proposici\u00f3n non de lei do Grupo Popular a trav\u00e9s da que se solicita ao Ministerio de Fomento que axilice a licitaci\u00f3n das obras do Enlace Orbital de Santiago de Compostela, que xa foi autorizada polo Consello de Ministros o pasado 12 de [&hellip;]<\/p>\n","protected":false},"author":37,"featured_media":0,"comment_status":"open","ping_status":"open","sticky":false,"template":"","format":"standard","meta":{"_acf_changed":false,"footnotes":""},"categories":[1],"tags":[],"class_list":["post-52269","post","type-post","status-publish","format-standard","hentry","category-pp-de-galicia"],"acf":[],"yoast_head":"<!-- This site is optimized with the Yoast SEO plugin v27.3 - https:\/\/yoast.com\/product\/yoast-seo-wordpress\/ -->\n<title>O Parlamento galego demanda a Fomento a licitaci\u00f3n das obras do enlace orbital de Santiago para que estea operativo no Xacobeo 2021 - PP de Galicia<\/title>\n<meta name=\"robots\" content=\"index, follow, max-snippet:-1, max-image-preview:large, max-video-preview:-1\" \/>\n<link rel=\"canonical\" href=\"https:\/\/ppdegalicia.com\/es\/o-parlamento-galego-demanda-a-fomento-a-licitacion-das-obras-do-enlace-orbital-de-santiago-para-que-estea-operativo-no-xacobeo-2021\/\" \/>\n<meta property=\"og:locale\" content=\"es_ES\" \/>\n<meta property=\"og:type\" content=\"article\" \/>\n<meta property=\"og:title\" content=\"O Parlamento galego demanda a Fomento a licitaci\u00f3n das obras do enlace orbital de Santiago para que estea operativo no Xacobeo 2021 - PP de Galicia\" \/>\n<meta property=\"og:description\" content=\"Santiago, 13 de setembro de 2019.- O Parlamento de Galicia aprobou hoxe a proposici\u00f3n non de lei do Grupo Popular a trav\u00e9s da que se solicita ao Ministerio de Fomento que axilice a licitaci\u00f3n das obras do Enlace Orbital de Santiago de Compostela, que xa foi autorizada polo Consello de Ministros o pasado 12 de [&hellip;]\" \/>\n<meta property=\"og:url\" content=\"https:\/\/ppdegalicia.com\/es\/o-parlamento-galego-demanda-a-fomento-a-licitacion-das-obras-do-enlace-orbital-de-santiago-para-que-estea-operativo-no-xacobeo-2021\/\" \/>\n<meta property=\"og:site_name\" content=\"PP de Galicia\" \/>\n<meta property=\"article:publisher\" content=\"https:\/\/www.instagram.com\/ppdegalicia\/\" \/>\n<meta property=\"article:published_time\" content=\"2019-09-16T09:45:11+00:00\" \/>\n<meta name=\"author\" content=\"Super User\" \/>\n<meta name=\"twitter:card\" content=\"summary_large_image\" \/>\n<meta name=\"twitter:creator\" content=\"@ppdegalicia\" \/>\n<meta name=\"twitter:site\" content=\"@ppdegalicia\" \/>\n<meta name=\"twitter:label1\" content=\"Escrito por\" \/>\n\t<meta name=\"twitter:data1\" content=\"Super User\" \/>\n\t<meta name=\"twitter:label2\" content=\"Tiempo de lectura\" \/>\n\t<meta name=\"twitter:data2\" content=\"1 minuto\" \/>\n<script type=\"application\/ld+json\" class=\"yoast-schema-graph\">{\"@context\":\"https:\\\/\\\/schema.org\",\"@graph\":[{\"@type\":\"Article\",\"@id\":\"https:\\\/\\\/ppdegalicia.com\\\/es\\\/o-parlamento-galego-demanda-a-fomento-a-licitacion-das-obras-do-enlace-orbital-de-santiago-para-que-estea-operativo-no-xacobeo-2021\\\/#article\",\"isPartOf\":{\"@id\":\"https:\\\/\\\/ppdegalicia.com\\\/es\\\/o-parlamento-galego-demanda-a-fomento-a-licitacion-das-obras-do-enlace-orbital-de-santiago-para-que-estea-operativo-no-xacobeo-2021\\\/\"},\"author\":{\"name\":\"Super User\",\"@id\":\"https:\\\/\\\/ppdegalicia.com\\\/es\\\/#\\\/schema\\\/person\\\/d0f013b8388c980665d44009ab762960\"},\"headline\":\"O Parlamento galego demanda a Fomento a licitaci\u00f3n das obras do enlace orbital de Santiago para que estea operativo no Xacobeo 2021\",\"datePublished\":\"2019-09-16T09:45:11+00:00\",\"mainEntityOfPage\":{\"@id\":\"https:\\\/\\\/ppdegalicia.com\\\/es\\\/o-parlamento-galego-demanda-a-fomento-a-licitacion-das-obras-do-enlace-orbital-de-santiago-para-que-estea-operativo-no-xacobeo-2021\\\/\"},\"wordCount\":283,\"commentCount\":0,\"publisher\":{\"@id\":\"https:\\\/\\\/ppdegalicia.com\\\/es\\\/#organization\"},\"articleSection\":[\"PP de Galicia\"],\"inLanguage\":\"es\",\"potentialAction\":[{\"@type\":\"CommentAction\",\"name\":\"Comment\",\"target\":[\"https:\\\/\\\/ppdegalicia.com\\\/es\\\/o-parlamento-galego-demanda-a-fomento-a-licitacion-das-obras-do-enlace-orbital-de-santiago-para-que-estea-operativo-no-xacobeo-2021\\\/#respond\"]}]},{\"@type\":\"WebPage\",\"@id\":\"https:\\\/\\\/ppdegalicia.com\\\/es\\\/o-parlamento-galego-demanda-a-fomento-a-licitacion-das-obras-do-enlace-orbital-de-santiago-para-que-estea-operativo-no-xacobeo-2021\\\/\",\"url\":\"https:\\\/\\\/ppdegalicia.com\\\/es\\\/o-parlamento-galego-demanda-a-fomento-a-licitacion-das-obras-do-enlace-orbital-de-santiago-para-que-estea-operativo-no-xacobeo-2021\\\/\",\"name\":\"O Parlamento galego demanda a Fomento a licitaci\u00f3n das obras do enlace orbital de Santiago para que estea operativo no Xacobeo 2021 - PP de Galicia\",\"isPartOf\":{\"@id\":\"https:\\\/\\\/ppdegalicia.com\\\/es\\\/#website\"},\"datePublished\":\"2019-09-16T09:45:11+00:00\",\"breadcrumb\":{\"@id\":\"https:\\\/\\\/ppdegalicia.com\\\/es\\\/o-parlamento-galego-demanda-a-fomento-a-licitacion-das-obras-do-enlace-orbital-de-santiago-para-que-estea-operativo-no-xacobeo-2021\\\/#breadcrumb\"},\"inLanguage\":\"es\",\"potentialAction\":[{\"@type\":\"ReadAction\",\"target\":[\"https:\\\/\\\/ppdegalicia.com\\\/es\\\/o-parlamento-galego-demanda-a-fomento-a-licitacion-das-obras-do-enlace-orbital-de-santiago-para-que-estea-operativo-no-xacobeo-2021\\\/\"]}]},{\"@type\":\"BreadcrumbList\",\"@id\":\"https:\\\/\\\/ppdegalicia.com\\\/es\\\/o-parlamento-galego-demanda-a-fomento-a-licitacion-das-obras-do-enlace-orbital-de-santiago-para-que-estea-operativo-no-xacobeo-2021\\\/#breadcrumb\",\"itemListElement\":[{\"@type\":\"ListItem\",\"position\":1,\"name\":\"Portada\",\"item\":\"https:\\\/\\\/ppdegalicia.com\\\/es\\\/\"},{\"@type\":\"ListItem\",\"position\":2,\"name\":\"O Parlamento galego demanda a Fomento a licitaci\u00f3n das obras do enlace orbital de Santiago para que estea operativo no Xacobeo 2021\"}]},{\"@type\":\"WebSite\",\"@id\":\"https:\\\/\\\/ppdegalicia.com\\\/es\\\/#website\",\"url\":\"https:\\\/\\\/ppdegalicia.com\\\/es\\\/\",\"name\":\"Partido Popular de Galicia\",\"description\":\"Partido Popular de Galicia\",\"publisher\":{\"@id\":\"https:\\\/\\\/ppdegalicia.com\\\/es\\\/#organization\"},\"alternateName\":\"PP de Galicia\",\"potentialAction\":[{\"@type\":\"SearchAction\",\"target\":{\"@type\":\"EntryPoint\",\"urlTemplate\":\"https:\\\/\\\/ppdegalicia.com\\\/es\\\/?s={search_term_string}\"},\"query-input\":{\"@type\":\"PropertyValueSpecification\",\"valueRequired\":true,\"valueName\":\"search_term_string\"}}],\"inLanguage\":\"es\"},{\"@type\":\"Organization\",\"@id\":\"https:\\\/\\\/ppdegalicia.com\\\/es\\\/#organization\",\"name\":\"Partido Popular de Galicia\",\"alternateName\":\"PP de Galicia\",\"url\":\"https:\\\/\\\/ppdegalicia.com\\\/es\\\/\",\"logo\":{\"@type\":\"ImageObject\",\"inLanguage\":\"es\",\"@id\":\"https:\\\/\\\/ppdegalicia.com\\\/es\\\/#\\\/schema\\\/logo\\\/image\\\/\",\"url\":\"https:\\\/\\\/ppdegalicia.com\\\/wp-content\\\/uploads\\\/2023\\\/04\\\/logoPP512.png\",\"contentUrl\":\"https:\\\/\\\/ppdegalicia.com\\\/wp-content\\\/uploads\\\/2023\\\/04\\\/logoPP512.png\",\"width\":512,\"height\":512,\"caption\":\"Partido Popular de Galicia\"},\"image\":{\"@id\":\"https:\\\/\\\/ppdegalicia.com\\\/es\\\/#\\\/schema\\\/logo\\\/image\\\/\"},\"sameAs\":[\"https:\\\/\\\/www.instagram.com\\\/ppdegalicia\\\/\",\"https:\\\/\\\/x.com\\\/ppdegalicia\",\"https:\\\/\\\/www.tiktok.com\\\/@ppdegalicia\",\"https:\\\/\\\/www.youtube.com\\\/user\\\/ppdegalicia\"]},{\"@type\":\"Person\",\"@id\":\"https:\\\/\\\/ppdegalicia.com\\\/es\\\/#\\\/schema\\\/person\\\/d0f013b8388c980665d44009ab762960\",\"name\":\"Super User\",\"image\":{\"@type\":\"ImageObject\",\"inLanguage\":\"es\",\"@id\":\"https:\\\/\\\/secure.gravatar.com\\\/avatar\\\/1db852625ef4948f58d2739bfbc51e4b9bd5c93b8fa340b59fdb594ca0845645?s=96&d=mm&r=g\",\"url\":\"https:\\\/\\\/secure.gravatar.com\\\/avatar\\\/1db852625ef4948f58d2739bfbc51e4b9bd5c93b8fa340b59fdb594ca0845645?s=96&d=mm&r=g\",\"contentUrl\":\"https:\\\/\\\/secure.gravatar.com\\\/avatar\\\/1db852625ef4948f58d2739bfbc51e4b9bd5c93b8fa340b59fdb594ca0845645?s=96&d=mm&r=g\",\"caption\":\"Super User\"},\"url\":\"https:\\\/\\\/ppdegalicia.com\\\/es\\\/author\\\/ppdegaliciagestion\\\/\"}]}<\/script>\n<!-- \/ Yoast SEO plugin. -->","yoast_head_json":{"title":"O Parlamento galego demanda a Fomento a licitaci\u00f3n das obras do enlace orbital de Santiago para que estea operativo no Xacobeo 2021 - PP de Galicia","robots":{"index":"index","follow":"follow","max-snippet":"max-snippet:-1","max-image-preview":"max-image-preview:large","max-video-preview":"max-video-preview:-1"},"canonical":"https:\/\/ppdegalicia.com\/es\/o-parlamento-galego-demanda-a-fomento-a-licitacion-das-obras-do-enlace-orbital-de-santiago-para-que-estea-operativo-no-xacobeo-2021\/","og_locale":"es_ES","og_type":"article","og_title":"O Parlamento galego demanda a Fomento a licitaci\u00f3n das obras do enlace orbital de Santiago para que estea operativo no Xacobeo 2021 - PP de Galicia","og_description":"Santiago, 13 de setembro de 2019.- O Parlamento de Galicia aprobou hoxe a proposici\u00f3n non de lei do Grupo Popular a trav\u00e9s da que se solicita ao Ministerio de Fomento que axilice a licitaci\u00f3n das obras do Enlace Orbital de Santiago de Compostela, que xa foi autorizada polo Consello de Ministros o pasado 12 de [&hellip;]","og_url":"https:\/\/ppdegalicia.com\/es\/o-parlamento-galego-demanda-a-fomento-a-licitacion-das-obras-do-enlace-orbital-de-santiago-para-que-estea-operativo-no-xacobeo-2021\/","og_site_name":"PP de Galicia","article_publisher":"https:\/\/www.instagram.com\/ppdegalicia\/","article_published_time":"2019-09-16T09:45:11+00:00","author":"Super User","twitter_card":"summary_large_image","twitter_creator":"@ppdegalicia","twitter_site":"@ppdegalicia","twitter_misc":{"Escrito por":"Super User","Tiempo de lectura":"1 minuto"},"schema":{"@context":"https:\/\/schema.org","@graph":[{"@type":"Article","@id":"https:\/\/ppdegalicia.com\/es\/o-parlamento-galego-demanda-a-fomento-a-licitacion-das-obras-do-enlace-orbital-de-santiago-para-que-estea-operativo-no-xacobeo-2021\/#article","isPartOf":{"@id":"https:\/\/ppdegalicia.com\/es\/o-parlamento-galego-demanda-a-fomento-a-licitacion-das-obras-do-enlace-orbital-de-santiago-para-que-estea-operativo-no-xacobeo-2021\/"},"author":{"name":"Super User","@id":"https:\/\/ppdegalicia.com\/es\/#\/schema\/person\/d0f013b8388c980665d44009ab762960"},"headline":"O Parlamento galego demanda a Fomento a licitaci\u00f3n das obras do enlace orbital de Santiago para que estea operativo no Xacobeo 2021","datePublished":"2019-09-16T09:45:11+00:00","mainEntityOfPage":{"@id":"https:\/\/ppdegalicia.com\/es\/o-parlamento-galego-demanda-a-fomento-a-licitacion-das-obras-do-enlace-orbital-de-santiago-para-que-estea-operativo-no-xacobeo-2021\/"},"wordCount":283,"commentCount":0,"publisher":{"@id":"https:\/\/ppdegalicia.com\/es\/#organization"},"articleSection":["PP de Galicia"],"inLanguage":"es","potentialAction":[{"@type":"CommentAction","name":"Comment","target":["https:\/\/ppdegalicia.com\/es\/o-parlamento-galego-demanda-a-fomento-a-licitacion-das-obras-do-enlace-orbital-de-santiago-para-que-estea-operativo-no-xacobeo-2021\/#respond"]}]},{"@type":"WebPage","@id":"https:\/\/ppdegalicia.com\/es\/o-parlamento-galego-demanda-a-fomento-a-licitacion-das-obras-do-enlace-orbital-de-santiago-para-que-estea-operativo-no-xacobeo-2021\/","url":"https:\/\/ppdegalicia.com\/es\/o-parlamento-galego-demanda-a-fomento-a-licitacion-das-obras-do-enlace-orbital-de-santiago-para-que-estea-operativo-no-xacobeo-2021\/","name":"O Parlamento galego demanda a Fomento a licitaci\u00f3n das obras do enlace orbital de Santiago para que estea operativo no Xacobeo 2021 - PP de Galicia","isPartOf":{"@id":"https:\/\/ppdegalicia.com\/es\/#website"},"datePublished":"2019-09-16T09:45:11+00:00","breadcrumb":{"@id":"https:\/\/ppdegalicia.com\/es\/o-parlamento-galego-demanda-a-fomento-a-licitacion-das-obras-do-enlace-orbital-de-santiago-para-que-estea-operativo-no-xacobeo-2021\/#breadcrumb"},"inLanguage":"es","potentialAction":[{"@type":"ReadAction","target":["https:\/\/ppdegalicia.com\/es\/o-parlamento-galego-demanda-a-fomento-a-licitacion-das-obras-do-enlace-orbital-de-santiago-para-que-estea-operativo-no-xacobeo-2021\/"]}]},{"@type":"BreadcrumbList","@id":"https:\/\/ppdegalicia.com\/es\/o-parlamento-galego-demanda-a-fomento-a-licitacion-das-obras-do-enlace-orbital-de-santiago-para-que-estea-operativo-no-xacobeo-2021\/#breadcrumb","itemListElement":[{"@type":"ListItem","position":1,"name":"Portada","item":"https:\/\/ppdegalicia.com\/es\/"},{"@type":"ListItem","position":2,"name":"O Parlamento galego demanda a Fomento a licitaci\u00f3n das obras do enlace orbital de Santiago para que estea operativo no Xacobeo 2021"}]},{"@type":"WebSite","@id":"https:\/\/ppdegalicia.com\/es\/#website","url":"https:\/\/ppdegalicia.com\/es\/","name":"Partido Popular de Galicia","description":"Partido Popular de Galicia","publisher":{"@id":"https:\/\/ppdegalicia.com\/es\/#organization"},"alternateName":"PP de Galicia","potentialAction":[{"@type":"SearchAction","target":{"@type":"EntryPoint","urlTemplate":"https:\/\/ppdegalicia.com\/es\/?s={search_term_string}"},"query-input":{"@type":"PropertyValueSpecification","valueRequired":true,"valueName":"search_term_string"}}],"inLanguage":"es"},{"@type":"Organization","@id":"https:\/\/ppdegalicia.com\/es\/#organization","name":"Partido Popular de Galicia","alternateName":"PP de Galicia","url":"https:\/\/ppdegalicia.com\/es\/","logo":{"@type":"ImageObject","inLanguage":"es","@id":"https:\/\/ppdegalicia.com\/es\/#\/schema\/logo\/image\/","url":"https:\/\/ppdegalicia.com\/wp-content\/uploads\/2023\/04\/logoPP512.png","contentUrl":"https:\/\/ppdegalicia.com\/wp-content\/uploads\/2023\/04\/logoPP512.png","width":512,"height":512,"caption":"Partido Popular de Galicia"},"image":{"@id":"https:\/\/ppdegalicia.com\/es\/#\/schema\/logo\/image\/"},"sameAs":["https:\/\/www.instagram.com\/ppdegalicia\/","https:\/\/x.com\/ppdegalicia","https:\/\/www.tiktok.com\/@ppdegalicia","https:\/\/www.youtube.com\/user\/ppdegalicia"]},{"@type":"Person","@id":"https:\/\/ppdegalicia.com\/es\/#\/schema\/person\/d0f013b8388c980665d44009ab762960","name":"Super User","image":{"@type":"ImageObject","inLanguage":"es","@id":"https:\/\/secure.gravatar.com\/avatar\/1db852625ef4948f58d2739bfbc51e4b9bd5c93b8fa340b59fdb594ca0845645?s=96&d=mm&r=g","url":"https:\/\/secure.gravatar.com\/avatar\/1db852625ef4948f58d2739bfbc51e4b9bd5c93b8fa340b59fdb594ca0845645?s=96&d=mm&r=g","contentUrl":"https:\/\/secure.gravatar.com\/avatar\/1db852625ef4948f58d2739bfbc51e4b9bd5c93b8fa340b59fdb594ca0845645?s=96&d=mm&r=g","caption":"Super User"},"url":"https:\/\/ppdegalicia.com\/es\/author\/ppdegaliciagestion\/"}]}},"_links":{"self":[{"href":"https:\/\/ppdegalicia.com\/es\/wp-json\/wp\/v2\/posts\/52269","targetHints":{"allow":["GET"]}}],"collection":[{"href":"https:\/\/ppdegalicia.com\/es\/wp-json\/wp\/v2\/posts"}],"about":[{"href":"https:\/\/ppdegalicia.com\/es\/wp-json\/wp\/v2\/types\/post"}],"author":[{"embeddable":true,"href":"https:\/\/ppdegalicia.com\/es\/wp-json\/wp\/v2\/users\/37"}],"replies":[{"embeddable":true,"href":"https:\/\/ppdegalicia.com\/es\/wp-json\/wp\/v2\/comments?post=52269"}],"version-history":[{"count":0,"href":"https:\/\/ppdegalicia.com\/es\/wp-json\/wp\/v2\/posts\/52269\/revisions"}],"wp:attachment":[{"href":"https:\/\/ppdegalicia.com\/es\/wp-json\/wp\/v2\/media?parent=52269"}],"wp:term":[{"taxonomy":"category","embeddable":true,"href":"https:\/\/ppdegalicia.com\/es\/wp-json\/wp\/v2\/categories?post=52269"},{"taxonomy":"post_tag","embeddable":true,"href":"https:\/\/ppdegalicia.com\/es\/wp-json\/wp\/v2\/tags?post=52269"}],"curies":[{"name":"wp","href":"https:\/\/api.w.org\/{rel}","templated":true}]}}