{"id":52286,"date":"2019-09-25T18:14:47","date_gmt":"2019-09-25T16:14:47","guid":{"rendered":"https:\/\/ppdegalicia.com\/pedro-puy-salienta-que-feijoo-demostrou-que-ten-un-proxecto-de-pais-e-continuara-traballando-con-lealdade-por-galicia\/"},"modified":"2019-09-25T18:14:47","modified_gmt":"2019-09-25T16:14:47","slug":"pedro-puy-salienta-que-feijoo-demostrou-que-ten-un-proxecto-de-pais-e-continuara-traballando-con-lealdade-por-galicia","status":"publish","type":"post","link":"https:\/\/ppdegalicia.com\/es\/pedro-puy-salienta-que-feijoo-demostrou-que-ten-un-proxecto-de-pais-e-continuara-traballando-con-lealdade-por-galicia\/","title":{"rendered":"Pedro Puy salienta que Feij\u00f3o \u201cdemostrou que ten un proxecto de pa\u00eds e continuar\u00e1 traballando con lealdade por Galicia\u201d"},"content":{"rendered":"<p>Santiago, 25 de setembro de 2019.- O portavoz do Grupo Popular, Pedro Puy, salientou que \u201co Presidente da Xunta demostrou que ten un proxecto de pa\u00eds, con 90 medidas a curto e medio prazo anunciadas esta ma\u00f1\u00e1 e continuar\u00e1 traballando con lealdade por Galicia\u201d.<\/p>\n<p><!--more--><\/p>\n<p>\u201cSeguiremos traballando para afrontar con lealdade os problemas da sociedade galega e procurando soluci\u00f3ns realistas; comport\u00e1ndonos con lealdade institucional e defendendo a Constituci\u00f3n e o Estatuto de Autonom\u00eda; e, por suposto, con lealdade ao pobo galego e aos compromisos que asumimos nas elecci\u00f3ns de 2016 e aos que hoxe anunciou o Presidente para o que resta de lexislatura\u201d, indicou.<\/p>\n<p>&nbsp;<\/p>\n<p>Na s\u00faa intervenci\u00f3n no Debate sobre o Estado da Autonom\u00eda, Pedro Puy demandou \u00e1 oposici\u00f3n ser \u201cleais \u00e1 verdade e respectar os feitos e os datos\u201d, porque \u201c\u00e9 dif\u00edcil dialogar con algu\u00e9n que ve a Galicia esnaquizada e todo en negro\u201d. \u201cA verdade \u00e9 que a realidade \u00e9 outra, a\u00ednda que estamos nunha situaci\u00f3n de desaceleraci\u00f3n econ\u00f3mica, pero acompa\u00f1ada dunha prolongaci\u00f3n da fase expansiva e unha previsi\u00f3n de recuperaci\u00f3n das exportaci\u00f3ns\u201d, engadiu.<\/p>\n<p>&nbsp;<\/p>\n<p>\u201cA inestabilidade pol\u00edtica que vivimos a nivel nacional est\u00e1 xerando efectos negativos en toda a econom\u00eda espa\u00f1ola, con retrasos nos investimentos e cambios nas contrataci\u00f3ns\u201d, manifestou. Neste sentido, lembrou que \u201cafrontamos o cuarto proceso electoral nacional en catro anos, que levan a que a poboaci\u00f3n espa\u00f1ola estea cabreada e decepcionada e pense que a calidade da democracia en Espa\u00f1a \u00e9 cada vez peor\u201d. Fronte a esta situaci\u00f3n, contrapuxo que \u201ca normalidade e estabilidade pol\u00edtica en Galicia levounos a celebrar catro debates de autonom\u00eda neste mesmo tempo\u201d.<\/p>\n<p>&nbsp;<\/p>\n<p><strong>RESPECTO \u00c1 VERDADE<\/strong><\/p>\n<p>&nbsp;<\/p>\n<p>Pedro Puy incidiu no \u201crespecto \u00e1 verdade\u201d por parte dos grupos da oposici\u00f3n e subli\u00f1ou que a estabilidade en Galicia est\u00e1 a permitir resultados positivos, como acadar en 2018 o m\u00e1ximo hist\u00f3rico de converxencia con Espa\u00f1a en produto interior bruto por habitante (o 90,1 por cento), converxendo desde o ano 2000 doce puntos coa media nacional e oito con Europa; que a taxa de destruci\u00f3n de emprego medraba ao 44 por cento en 2009 e agora cae ao 15 por cento; que Galicia sexa a comunidade na que m\u00e1is medrou a renda familiar dispo\u00f1ible durante a \u00faltima d\u00e9cada e a cuarta onde menos dificultades hai para chegar a fin de mes.<\/p>\n<p>&nbsp;<\/p>\n<p>As\u00ed mesmo, Puy anotou que \u201cnunca antes se gastou tanto en pol\u00edticas sociais, chegando ao punto de que a Comisi\u00f3n Europea cualifique a Galicia como Rexi\u00f3n de Referencia; o investimento en sanidade \u00e9 un 10 por cento superior ao de 2009; e na equidade do sistema educativo estamos por enriba de Finlandia, Canad\u00e1 ou Noruega\u201d.<\/p>\n<p>&nbsp;<\/p>\n<p><strong>RESPECTO INSTITUCIONAL<\/strong><\/p>\n<p>&nbsp;<\/p>\n<p>O portavoz popular tam\u00e9n demandou lealdade institucional, porque \u201ccada poder ten que respectar, en sentido negativo, o exercicio das competencias dos demais e colaborar, en sentido positivo, na boa consecuci\u00f3n dos seus fins por cada administraci\u00f3n\u201d. \u201cLealdade institucional \u00e9 respectar o que establece o Estatuto da Autonom\u00eda, e deste xeito convidar ao Presidente da Xunta, que exerce a representaci\u00f3n da comunidade aut\u00f3noma do Estado en Galicia, \u00e1s visitas institucionais que realizan membros do Goberno do Estado\u201d, apuntou.<\/p>\n<p>&nbsp;<\/p>\n<p>Neste punto, referiuse aos 700 mill\u00f3ns de d\u00e9beda financeira que o Goberno central ten con Galicia e criticou que o abono destes cartos \u201cera imposible cando non hab\u00eda investidura e agora \u00e9 posible cando hai unha convocatoria de elecci\u00f3ns\u201d. \u201cUn bo galego de coraz\u00f3n estar\u00eda do lado da Xunta e un bo economista tam\u00e9n estar\u00eda do lado do Goberno galego\u201d, indicou dirix\u00edndose ao secretario xeral dos socialistas galegos.<\/p>\n<p>&nbsp;<\/p>\n<p>Para rematar, Pedro Puy defendeu a lealdade co pa\u00eds e dixo que \u201ca oposici\u00f3n debe ser exercida de forma construtiva\u201d. As\u00ed, lamentou que a oposici\u00f3n \u201co \u00fanico que fai \u00e9 po\u00f1erse en contra de todo o que faga o PPdeG, sen importarlle o que sexa\u201d. \u201cAs\u00ed non contrib\u00faen e ganar credibilidade\u201d, asegurou.<\/p>\n","protected":false},"excerpt":{"rendered":"<p>Santiago, 25 de setembro de 2019.- O portavoz do Grupo Popular, Pedro Puy, salientou que \u201co Presidente da Xunta demostrou que ten un proxecto de pa\u00eds, con 90 medidas a curto e medio prazo anunciadas esta ma\u00f1\u00e1 e continuar\u00e1 traballando con lealdade por Galicia\u201d.<\/p>\n","protected":false},"author":37,"featured_media":0,"comment_status":"open","ping_status":"open","sticky":false,"template":"","format":"standard","meta":{"_acf_changed":false,"footnotes":""},"categories":[1],"tags":[],"class_list":["post-52286","post","type-post","status-publish","format-standard","hentry","category-pp-de-galicia"],"acf":[],"yoast_head":"<!-- This site is optimized with the Yoast SEO plugin v27.3 - https:\/\/yoast.com\/product\/yoast-seo-wordpress\/ -->\n<title>Pedro Puy salienta que Feij\u00f3o \u201cdemostrou que ten un proxecto de pa\u00eds e continuar\u00e1 traballando con lealdade por Galicia\u201d - PP de Galicia<\/title>\n<meta name=\"robots\" content=\"index, follow, max-snippet:-1, max-image-preview:large, max-video-preview:-1\" \/>\n<link rel=\"canonical\" href=\"https:\/\/ppdegalicia.com\/es\/pedro-puy-salienta-que-feijoo-demostrou-que-ten-un-proxecto-de-pais-e-continuara-traballando-con-lealdade-por-galicia\/\" \/>\n<meta property=\"og:locale\" content=\"es_ES\" \/>\n<meta property=\"og:type\" content=\"article\" \/>\n<meta property=\"og:title\" content=\"Pedro Puy salienta que Feij\u00f3o \u201cdemostrou que ten un proxecto de pa\u00eds e continuar\u00e1 traballando con lealdade por Galicia\u201d - PP de Galicia\" \/>\n<meta property=\"og:description\" content=\"Santiago, 25 de setembro de 2019.- O portavoz do Grupo Popular, Pedro Puy, salientou que \u201co Presidente da Xunta demostrou que ten un proxecto de pa\u00eds, con 90 medidas a curto e medio prazo anunciadas esta ma\u00f1\u00e1 e continuar\u00e1 traballando con lealdade por Galicia\u201d.\" \/>\n<meta property=\"og:url\" content=\"https:\/\/ppdegalicia.com\/es\/pedro-puy-salienta-que-feijoo-demostrou-que-ten-un-proxecto-de-pais-e-continuara-traballando-con-lealdade-por-galicia\/\" \/>\n<meta property=\"og:site_name\" content=\"PP de Galicia\" \/>\n<meta property=\"article:publisher\" content=\"https:\/\/www.instagram.com\/ppdegalicia\/\" \/>\n<meta property=\"article:published_time\" content=\"2019-09-25T16:14:47+00:00\" \/>\n<meta name=\"author\" content=\"Super User\" \/>\n<meta name=\"twitter:card\" content=\"summary_large_image\" \/>\n<meta name=\"twitter:creator\" content=\"@ppdegalicia\" \/>\n<meta name=\"twitter:site\" content=\"@ppdegalicia\" \/>\n<meta name=\"twitter:label1\" content=\"Escrito por\" \/>\n\t<meta name=\"twitter:data1\" content=\"Super User\" \/>\n\t<meta name=\"twitter:label2\" content=\"Tiempo de lectura\" \/>\n\t<meta name=\"twitter:data2\" content=\"3 minutos\" \/>\n<script type=\"application\/ld+json\" class=\"yoast-schema-graph\">{\"@context\":\"https:\\\/\\\/schema.org\",\"@graph\":[{\"@type\":\"Article\",\"@id\":\"https:\\\/\\\/ppdegalicia.com\\\/es\\\/pedro-puy-salienta-que-feijoo-demostrou-que-ten-un-proxecto-de-pais-e-continuara-traballando-con-lealdade-por-galicia\\\/#article\",\"isPartOf\":{\"@id\":\"https:\\\/\\\/ppdegalicia.com\\\/es\\\/pedro-puy-salienta-que-feijoo-demostrou-que-ten-un-proxecto-de-pais-e-continuara-traballando-con-lealdade-por-galicia\\\/\"},\"author\":{\"name\":\"Super User\",\"@id\":\"https:\\\/\\\/ppdegalicia.com\\\/es\\\/#\\\/schema\\\/person\\\/d0f013b8388c980665d44009ab762960\"},\"headline\":\"Pedro Puy salienta que Feij\u00f3o \u201cdemostrou que ten un proxecto de pa\u00eds e continuar\u00e1 traballando con lealdade por Galicia\u201d\",\"datePublished\":\"2019-09-25T16:14:47+00:00\",\"mainEntityOfPage\":{\"@id\":\"https:\\\/\\\/ppdegalicia.com\\\/es\\\/pedro-puy-salienta-que-feijoo-demostrou-que-ten-un-proxecto-de-pais-e-continuara-traballando-con-lealdade-por-galicia\\\/\"},\"wordCount\":698,\"commentCount\":0,\"publisher\":{\"@id\":\"https:\\\/\\\/ppdegalicia.com\\\/es\\\/#organization\"},\"articleSection\":[\"PP de Galicia\"],\"inLanguage\":\"es\",\"potentialAction\":[{\"@type\":\"CommentAction\",\"name\":\"Comment\",\"target\":[\"https:\\\/\\\/ppdegalicia.com\\\/es\\\/pedro-puy-salienta-que-feijoo-demostrou-que-ten-un-proxecto-de-pais-e-continuara-traballando-con-lealdade-por-galicia\\\/#respond\"]}]},{\"@type\":\"WebPage\",\"@id\":\"https:\\\/\\\/ppdegalicia.com\\\/es\\\/pedro-puy-salienta-que-feijoo-demostrou-que-ten-un-proxecto-de-pais-e-continuara-traballando-con-lealdade-por-galicia\\\/\",\"url\":\"https:\\\/\\\/ppdegalicia.com\\\/es\\\/pedro-puy-salienta-que-feijoo-demostrou-que-ten-un-proxecto-de-pais-e-continuara-traballando-con-lealdade-por-galicia\\\/\",\"name\":\"Pedro Puy salienta que Feij\u00f3o \u201cdemostrou que ten un proxecto de pa\u00eds e continuar\u00e1 traballando con lealdade por Galicia\u201d - PP de Galicia\",\"isPartOf\":{\"@id\":\"https:\\\/\\\/ppdegalicia.com\\\/es\\\/#website\"},\"datePublished\":\"2019-09-25T16:14:47+00:00\",\"breadcrumb\":{\"@id\":\"https:\\\/\\\/ppdegalicia.com\\\/es\\\/pedro-puy-salienta-que-feijoo-demostrou-que-ten-un-proxecto-de-pais-e-continuara-traballando-con-lealdade-por-galicia\\\/#breadcrumb\"},\"inLanguage\":\"es\",\"potentialAction\":[{\"@type\":\"ReadAction\",\"target\":[\"https:\\\/\\\/ppdegalicia.com\\\/es\\\/pedro-puy-salienta-que-feijoo-demostrou-que-ten-un-proxecto-de-pais-e-continuara-traballando-con-lealdade-por-galicia\\\/\"]}]},{\"@type\":\"BreadcrumbList\",\"@id\":\"https:\\\/\\\/ppdegalicia.com\\\/es\\\/pedro-puy-salienta-que-feijoo-demostrou-que-ten-un-proxecto-de-pais-e-continuara-traballando-con-lealdade-por-galicia\\\/#breadcrumb\",\"itemListElement\":[{\"@type\":\"ListItem\",\"position\":1,\"name\":\"Portada\",\"item\":\"https:\\\/\\\/ppdegalicia.com\\\/es\\\/\"},{\"@type\":\"ListItem\",\"position\":2,\"name\":\"Pedro Puy salienta que Feij\u00f3o \u201cdemostrou que ten un proxecto de pa\u00eds e continuar\u00e1 traballando con lealdade por Galicia\u201d\"}]},{\"@type\":\"WebSite\",\"@id\":\"https:\\\/\\\/ppdegalicia.com\\\/es\\\/#website\",\"url\":\"https:\\\/\\\/ppdegalicia.com\\\/es\\\/\",\"name\":\"Partido Popular de Galicia\",\"description\":\"Partido Popular de Galicia\",\"publisher\":{\"@id\":\"https:\\\/\\\/ppdegalicia.com\\\/es\\\/#organization\"},\"alternateName\":\"PP de Galicia\",\"potentialAction\":[{\"@type\":\"SearchAction\",\"target\":{\"@type\":\"EntryPoint\",\"urlTemplate\":\"https:\\\/\\\/ppdegalicia.com\\\/es\\\/?s={search_term_string}\"},\"query-input\":{\"@type\":\"PropertyValueSpecification\",\"valueRequired\":true,\"valueName\":\"search_term_string\"}}],\"inLanguage\":\"es\"},{\"@type\":\"Organization\",\"@id\":\"https:\\\/\\\/ppdegalicia.com\\\/es\\\/#organization\",\"name\":\"Partido Popular de Galicia\",\"alternateName\":\"PP de Galicia\",\"url\":\"https:\\\/\\\/ppdegalicia.com\\\/es\\\/\",\"logo\":{\"@type\":\"ImageObject\",\"inLanguage\":\"es\",\"@id\":\"https:\\\/\\\/ppdegalicia.com\\\/es\\\/#\\\/schema\\\/logo\\\/image\\\/\",\"url\":\"https:\\\/\\\/ppdegalicia.com\\\/wp-content\\\/uploads\\\/2023\\\/04\\\/logoPP512.png\",\"contentUrl\":\"https:\\\/\\\/ppdegalicia.com\\\/wp-content\\\/uploads\\\/2023\\\/04\\\/logoPP512.png\",\"width\":512,\"height\":512,\"caption\":\"Partido Popular de Galicia\"},\"image\":{\"@id\":\"https:\\\/\\\/ppdegalicia.com\\\/es\\\/#\\\/schema\\\/logo\\\/image\\\/\"},\"sameAs\":[\"https:\\\/\\\/www.instagram.com\\\/ppdegalicia\\\/\",\"https:\\\/\\\/x.com\\\/ppdegalicia\",\"https:\\\/\\\/www.tiktok.com\\\/@ppdegalicia\",\"https:\\\/\\\/www.youtube.com\\\/user\\\/ppdegalicia\"]},{\"@type\":\"Person\",\"@id\":\"https:\\\/\\\/ppdegalicia.com\\\/es\\\/#\\\/schema\\\/person\\\/d0f013b8388c980665d44009ab762960\",\"name\":\"Super User\",\"image\":{\"@type\":\"ImageObject\",\"inLanguage\":\"es\",\"@id\":\"https:\\\/\\\/secure.gravatar.com\\\/avatar\\\/1db852625ef4948f58d2739bfbc51e4b9bd5c93b8fa340b59fdb594ca0845645?s=96&d=mm&r=g\",\"url\":\"https:\\\/\\\/secure.gravatar.com\\\/avatar\\\/1db852625ef4948f58d2739bfbc51e4b9bd5c93b8fa340b59fdb594ca0845645?s=96&d=mm&r=g\",\"contentUrl\":\"https:\\\/\\\/secure.gravatar.com\\\/avatar\\\/1db852625ef4948f58d2739bfbc51e4b9bd5c93b8fa340b59fdb594ca0845645?s=96&d=mm&r=g\",\"caption\":\"Super User\"},\"url\":\"https:\\\/\\\/ppdegalicia.com\\\/es\\\/author\\\/ppdegaliciagestion\\\/\"}]}<\/script>\n<!-- \/ Yoast SEO plugin. -->","yoast_head_json":{"title":"Pedro Puy salienta que Feij\u00f3o \u201cdemostrou que ten un proxecto de pa\u00eds e continuar\u00e1 traballando con lealdade por Galicia\u201d - PP de Galicia","robots":{"index":"index","follow":"follow","max-snippet":"max-snippet:-1","max-image-preview":"max-image-preview:large","max-video-preview":"max-video-preview:-1"},"canonical":"https:\/\/ppdegalicia.com\/es\/pedro-puy-salienta-que-feijoo-demostrou-que-ten-un-proxecto-de-pais-e-continuara-traballando-con-lealdade-por-galicia\/","og_locale":"es_ES","og_type":"article","og_title":"Pedro Puy salienta que Feij\u00f3o \u201cdemostrou que ten un proxecto de pa\u00eds e continuar\u00e1 traballando con lealdade por Galicia\u201d - PP de Galicia","og_description":"Santiago, 25 de setembro de 2019.- O portavoz do Grupo Popular, Pedro Puy, salientou que \u201co Presidente da Xunta demostrou que ten un proxecto de pa\u00eds, con 90 medidas a curto e medio prazo anunciadas esta ma\u00f1\u00e1 e continuar\u00e1 traballando con lealdade por Galicia\u201d.","og_url":"https:\/\/ppdegalicia.com\/es\/pedro-puy-salienta-que-feijoo-demostrou-que-ten-un-proxecto-de-pais-e-continuara-traballando-con-lealdade-por-galicia\/","og_site_name":"PP de Galicia","article_publisher":"https:\/\/www.instagram.com\/ppdegalicia\/","article_published_time":"2019-09-25T16:14:47+00:00","author":"Super User","twitter_card":"summary_large_image","twitter_creator":"@ppdegalicia","twitter_site":"@ppdegalicia","twitter_misc":{"Escrito por":"Super User","Tiempo de lectura":"3 minutos"},"schema":{"@context":"https:\/\/schema.org","@graph":[{"@type":"Article","@id":"https:\/\/ppdegalicia.com\/es\/pedro-puy-salienta-que-feijoo-demostrou-que-ten-un-proxecto-de-pais-e-continuara-traballando-con-lealdade-por-galicia\/#article","isPartOf":{"@id":"https:\/\/ppdegalicia.com\/es\/pedro-puy-salienta-que-feijoo-demostrou-que-ten-un-proxecto-de-pais-e-continuara-traballando-con-lealdade-por-galicia\/"},"author":{"name":"Super User","@id":"https:\/\/ppdegalicia.com\/es\/#\/schema\/person\/d0f013b8388c980665d44009ab762960"},"headline":"Pedro Puy salienta que Feij\u00f3o \u201cdemostrou que ten un proxecto de pa\u00eds e continuar\u00e1 traballando con lealdade por Galicia\u201d","datePublished":"2019-09-25T16:14:47+00:00","mainEntityOfPage":{"@id":"https:\/\/ppdegalicia.com\/es\/pedro-puy-salienta-que-feijoo-demostrou-que-ten-un-proxecto-de-pais-e-continuara-traballando-con-lealdade-por-galicia\/"},"wordCount":698,"commentCount":0,"publisher":{"@id":"https:\/\/ppdegalicia.com\/es\/#organization"},"articleSection":["PP de Galicia"],"inLanguage":"es","potentialAction":[{"@type":"CommentAction","name":"Comment","target":["https:\/\/ppdegalicia.com\/es\/pedro-puy-salienta-que-feijoo-demostrou-que-ten-un-proxecto-de-pais-e-continuara-traballando-con-lealdade-por-galicia\/#respond"]}]},{"@type":"WebPage","@id":"https:\/\/ppdegalicia.com\/es\/pedro-puy-salienta-que-feijoo-demostrou-que-ten-un-proxecto-de-pais-e-continuara-traballando-con-lealdade-por-galicia\/","url":"https:\/\/ppdegalicia.com\/es\/pedro-puy-salienta-que-feijoo-demostrou-que-ten-un-proxecto-de-pais-e-continuara-traballando-con-lealdade-por-galicia\/","name":"Pedro Puy salienta que Feij\u00f3o \u201cdemostrou que ten un proxecto de pa\u00eds e continuar\u00e1 traballando con lealdade por Galicia\u201d - PP de Galicia","isPartOf":{"@id":"https:\/\/ppdegalicia.com\/es\/#website"},"datePublished":"2019-09-25T16:14:47+00:00","breadcrumb":{"@id":"https:\/\/ppdegalicia.com\/es\/pedro-puy-salienta-que-feijoo-demostrou-que-ten-un-proxecto-de-pais-e-continuara-traballando-con-lealdade-por-galicia\/#breadcrumb"},"inLanguage":"es","potentialAction":[{"@type":"ReadAction","target":["https:\/\/ppdegalicia.com\/es\/pedro-puy-salienta-que-feijoo-demostrou-que-ten-un-proxecto-de-pais-e-continuara-traballando-con-lealdade-por-galicia\/"]}]},{"@type":"BreadcrumbList","@id":"https:\/\/ppdegalicia.com\/es\/pedro-puy-salienta-que-feijoo-demostrou-que-ten-un-proxecto-de-pais-e-continuara-traballando-con-lealdade-por-galicia\/#breadcrumb","itemListElement":[{"@type":"ListItem","position":1,"name":"Portada","item":"https:\/\/ppdegalicia.com\/es\/"},{"@type":"ListItem","position":2,"name":"Pedro Puy salienta que Feij\u00f3o \u201cdemostrou que ten un proxecto de pa\u00eds e continuar\u00e1 traballando con lealdade por Galicia\u201d"}]},{"@type":"WebSite","@id":"https:\/\/ppdegalicia.com\/es\/#website","url":"https:\/\/ppdegalicia.com\/es\/","name":"Partido Popular de Galicia","description":"Partido Popular de Galicia","publisher":{"@id":"https:\/\/ppdegalicia.com\/es\/#organization"},"alternateName":"PP de Galicia","potentialAction":[{"@type":"SearchAction","target":{"@type":"EntryPoint","urlTemplate":"https:\/\/ppdegalicia.com\/es\/?s={search_term_string}"},"query-input":{"@type":"PropertyValueSpecification","valueRequired":true,"valueName":"search_term_string"}}],"inLanguage":"es"},{"@type":"Organization","@id":"https:\/\/ppdegalicia.com\/es\/#organization","name":"Partido Popular de Galicia","alternateName":"PP de Galicia","url":"https:\/\/ppdegalicia.com\/es\/","logo":{"@type":"ImageObject","inLanguage":"es","@id":"https:\/\/ppdegalicia.com\/es\/#\/schema\/logo\/image\/","url":"https:\/\/ppdegalicia.com\/wp-content\/uploads\/2023\/04\/logoPP512.png","contentUrl":"https:\/\/ppdegalicia.com\/wp-content\/uploads\/2023\/04\/logoPP512.png","width":512,"height":512,"caption":"Partido Popular de Galicia"},"image":{"@id":"https:\/\/ppdegalicia.com\/es\/#\/schema\/logo\/image\/"},"sameAs":["https:\/\/www.instagram.com\/ppdegalicia\/","https:\/\/x.com\/ppdegalicia","https:\/\/www.tiktok.com\/@ppdegalicia","https:\/\/www.youtube.com\/user\/ppdegalicia"]},{"@type":"Person","@id":"https:\/\/ppdegalicia.com\/es\/#\/schema\/person\/d0f013b8388c980665d44009ab762960","name":"Super User","image":{"@type":"ImageObject","inLanguage":"es","@id":"https:\/\/secure.gravatar.com\/avatar\/1db852625ef4948f58d2739bfbc51e4b9bd5c93b8fa340b59fdb594ca0845645?s=96&d=mm&r=g","url":"https:\/\/secure.gravatar.com\/avatar\/1db852625ef4948f58d2739bfbc51e4b9bd5c93b8fa340b59fdb594ca0845645?s=96&d=mm&r=g","contentUrl":"https:\/\/secure.gravatar.com\/avatar\/1db852625ef4948f58d2739bfbc51e4b9bd5c93b8fa340b59fdb594ca0845645?s=96&d=mm&r=g","caption":"Super User"},"url":"https:\/\/ppdegalicia.com\/es\/author\/ppdegaliciagestion\/"}]}},"_links":{"self":[{"href":"https:\/\/ppdegalicia.com\/es\/wp-json\/wp\/v2\/posts\/52286","targetHints":{"allow":["GET"]}}],"collection":[{"href":"https:\/\/ppdegalicia.com\/es\/wp-json\/wp\/v2\/posts"}],"about":[{"href":"https:\/\/ppdegalicia.com\/es\/wp-json\/wp\/v2\/types\/post"}],"author":[{"embeddable":true,"href":"https:\/\/ppdegalicia.com\/es\/wp-json\/wp\/v2\/users\/37"}],"replies":[{"embeddable":true,"href":"https:\/\/ppdegalicia.com\/es\/wp-json\/wp\/v2\/comments?post=52286"}],"version-history":[{"count":0,"href":"https:\/\/ppdegalicia.com\/es\/wp-json\/wp\/v2\/posts\/52286\/revisions"}],"wp:attachment":[{"href":"https:\/\/ppdegalicia.com\/es\/wp-json\/wp\/v2\/media?parent=52286"}],"wp:term":[{"taxonomy":"category","embeddable":true,"href":"https:\/\/ppdegalicia.com\/es\/wp-json\/wp\/v2\/categories?post=52286"},{"taxonomy":"post_tag","embeddable":true,"href":"https:\/\/ppdegalicia.com\/es\/wp-json\/wp\/v2\/tags?post=52286"}],"curies":[{"name":"wp","href":"https:\/\/api.w.org\/{rel}","templated":true}]}}