{"id":52295,"date":"2019-08-07T11:34:45","date_gmt":"2019-08-07T09:34:45","guid":{"rendered":"https:\/\/ppdegalicia.com\/o-grupo-popular-congratulase-das-medidas-ofrecidas-pola-xunta-a-parter-para-fixar-os-empregos-de-alcoa-coruna\/"},"modified":"2019-08-07T11:34:45","modified_gmt":"2019-08-07T09:34:45","slug":"o-grupo-popular-congratulase-das-medidas-ofrecidas-pola-xunta-a-parter-para-fixar-os-empregos-de-alcoa-coruna","status":"publish","type":"post","link":"https:\/\/ppdegalicia.com\/es\/o-grupo-popular-congratulase-das-medidas-ofrecidas-pola-xunta-a-parter-para-fixar-os-empregos-de-alcoa-coruna\/","title":{"rendered":"O Grupo Popular congrat\u00falase das medidas ofrecidas pola Xunta a Parter para fixar os empregos de Alcoa Coru\u00f1a"},"content":{"rendered":"<p>Santiago, 7 de agosto de 2019.-&nbsp; A viceportavoz popular Marta Rodr\u00edguez Arias valorou hoxe moi positivamente as medidas ofrecidas pola&nbsp; Xunta de Galicia a Parter para fixar o compromiso da empresa de manter os 330 empregos de Alcoa Coru\u00f1a. \u201cAmosa un compromiso claro do Goberno galego en atopar soluci\u00f3ns para a industria electrointensiva galega, propo\u00f1endo soluci\u00f3ns, acudindo a todas e cada unha das reuni\u00f3ns, atendendo petici\u00f3ns da propia ministra de Industria para dar garant\u00edas financeiras da operaci\u00f3n e agora ofrecendo un plan de formaci\u00f3n e, se a normativa o permite, financiando o investimento que a f\u00e1brica precise\u201d indicou Marta Rodr\u00edguez.<\/p>\n<p><!--more--><\/p>\n<p>&nbsp;<\/p>\n<p>A viceportavoz popular considerou que a entrada de Parter \u201cafastou o temor sobre a non continuidade de Alcoa, a\u00ednda que \u00e9 provisional e seguiremos pedindo por activa e por pasiva ao Goberno central que act\u00fae para garantir un marco normativo que faga m\u00e1is seguro e competitivo o territorio espa\u00f1ol para este tipo de industrias\u201d. Algo que foi posto como condici\u00f3n por Parter para garantir a continuidade do 100% dos empregos m\u00e1is al\u00f3 dos dous primeiros anos \u201cpero tam\u00e9n porque \u00e9 fundamental para que o resto das empresas electrointensivas dispo\u00f1an do prezo el\u00e9ctrico que precisan para ser competitivas\u201d.<\/p>\n<p>&nbsp;<\/p>\n<p><strong>INTENTO DE&nbsp; RACHAR A UNIDADE DE ACCI\u00d3N<\/strong><\/p>\n<p>&nbsp;<\/p>\n<p>Marta Rodr\u00edguez lamentou que esta implicaci\u00f3n e predisposici\u00f3n da Xunta a unha unidade na acci\u00f3n a desenvolver \u201cintentouna rachar o goberno de Pedro S\u00e1nchez probablemente para sacar r\u00e9ditos pol\u00edticos dunha soluci\u00f3n que, por certo, \u00e9 provisional\u201d. A viceportavoz popular refer\u00eduse \u00e1 visita da ministra de Industria a Galicia do pasado luns na que \u201cnon se puxo en contacto coa Xunta para informarlle de que estar\u00eda en Galicia pero s\u00ed se reun\u00edu onte en Asturias co presidente do Principado\u201d.<\/p>\n<p>&nbsp;<\/p>\n<p>\u201cResulta preocupante que o Goberno central empece a ter como normal supeditar os intereses de Galicia, como os de calquera outra comunidade aut\u00f3noma, \u00e1 s\u00faa continuidade na Moncloa, como est\u00e1 ocorrendo cos 700 mill\u00f3ns de euros que a Facenda estatal debe a Galicia ou mesmo volvendo a plantexar exactamente o mesmo co Estatuto das industrias electrointensivas, que tam\u00e9n condiciona a que Pedro S\u00e1nchez sexa investido\u201d indicou Marta Rodr\u00edguez.<\/p>\n<p>&nbsp;<\/p>\n<p>\u201cOs intereses galegos non est\u00e1n a subasta, seguiremos defend\u00e9ndoos coa mesma intensidade, ante calquera Goberno central, sexa quen sexa o seu presidente e sexa cal sexa a s\u00faa situaci\u00f3n\u201d indicou a viceportavoz popular, engadindo que&nbsp; \u201ca debilidade parlamentaria do PSOE non xustifica en ning\u00fan caso que se arremeta contra Galicia e contra os galegos e agardamos que se reflexione e se act\u00fae porque xa bastantes sinsentidos hai na pol\u00edtica nacional para que se queiran trasladar \u00e1s comunidades aut\u00f3nomas\u201d.<\/p>\n","protected":false},"excerpt":{"rendered":"<p>Santiago, 7 de agosto de 2019.-&nbsp; A viceportavoz popular Marta Rodr\u00edguez Arias valorou hoxe moi positivamente as medidas ofrecidas pola&nbsp; Xunta de Galicia a Parter para fixar o compromiso da empresa de manter os 330 empregos de Alcoa Coru\u00f1a. \u201cAmosa un compromiso claro do Goberno galego en atopar soluci\u00f3ns para a industria electrointensiva galega, propo\u00f1endo [&hellip;]<\/p>\n","protected":false},"author":37,"featured_media":0,"comment_status":"open","ping_status":"open","sticky":false,"template":"","format":"standard","meta":{"_acf_changed":false,"footnotes":""},"categories":[1],"tags":[],"class_list":["post-52295","post","type-post","status-publish","format-standard","hentry","category-pp-de-galicia"],"acf":[],"yoast_head":"<!-- This site is optimized with the Yoast SEO plugin v27.3 - https:\/\/yoast.com\/product\/yoast-seo-wordpress\/ -->\n<title>O Grupo Popular congrat\u00falase das medidas ofrecidas pola Xunta a Parter para fixar os empregos de Alcoa Coru\u00f1a - PP de Galicia<\/title>\n<meta name=\"robots\" content=\"index, follow, max-snippet:-1, max-image-preview:large, max-video-preview:-1\" \/>\n<link rel=\"canonical\" href=\"https:\/\/ppdegalicia.com\/es\/o-grupo-popular-congratulase-das-medidas-ofrecidas-pola-xunta-a-parter-para-fixar-os-empregos-de-alcoa-coruna\/\" \/>\n<meta property=\"og:locale\" content=\"es_ES\" \/>\n<meta property=\"og:type\" content=\"article\" \/>\n<meta property=\"og:title\" content=\"O Grupo Popular congrat\u00falase das medidas ofrecidas pola Xunta a Parter para fixar os empregos de Alcoa Coru\u00f1a - PP de Galicia\" \/>\n<meta property=\"og:description\" content=\"Santiago, 7 de agosto de 2019.-&nbsp; A viceportavoz popular Marta Rodr\u00edguez Arias valorou hoxe moi positivamente as medidas ofrecidas pola&nbsp; Xunta de Galicia a Parter para fixar o compromiso da empresa de manter os 330 empregos de Alcoa Coru\u00f1a. \u201cAmosa un compromiso claro do Goberno galego en atopar soluci\u00f3ns para a industria electrointensiva galega, propo\u00f1endo [&hellip;]\" \/>\n<meta property=\"og:url\" content=\"https:\/\/ppdegalicia.com\/es\/o-grupo-popular-congratulase-das-medidas-ofrecidas-pola-xunta-a-parter-para-fixar-os-empregos-de-alcoa-coruna\/\" \/>\n<meta property=\"og:site_name\" content=\"PP de Galicia\" \/>\n<meta property=\"article:publisher\" content=\"https:\/\/www.instagram.com\/ppdegalicia\/\" \/>\n<meta property=\"article:published_time\" content=\"2019-08-07T09:34:45+00:00\" \/>\n<meta name=\"author\" content=\"Super User\" \/>\n<meta name=\"twitter:card\" content=\"summary_large_image\" \/>\n<meta name=\"twitter:creator\" content=\"@ppdegalicia\" \/>\n<meta name=\"twitter:site\" content=\"@ppdegalicia\" \/>\n<meta name=\"twitter:label1\" content=\"Escrito por\" \/>\n\t<meta name=\"twitter:data1\" content=\"Super User\" \/>\n\t<meta name=\"twitter:label2\" content=\"Tiempo de lectura\" \/>\n\t<meta name=\"twitter:data2\" content=\"2 minutos\" \/>\n<script type=\"application\/ld+json\" class=\"yoast-schema-graph\">{\"@context\":\"https:\\\/\\\/schema.org\",\"@graph\":[{\"@type\":\"Article\",\"@id\":\"https:\\\/\\\/ppdegalicia.com\\\/es\\\/o-grupo-popular-congratulase-das-medidas-ofrecidas-pola-xunta-a-parter-para-fixar-os-empregos-de-alcoa-coruna\\\/#article\",\"isPartOf\":{\"@id\":\"https:\\\/\\\/ppdegalicia.com\\\/es\\\/o-grupo-popular-congratulase-das-medidas-ofrecidas-pola-xunta-a-parter-para-fixar-os-empregos-de-alcoa-coruna\\\/\"},\"author\":{\"name\":\"Super User\",\"@id\":\"https:\\\/\\\/ppdegalicia.com\\\/es\\\/#\\\/schema\\\/person\\\/d0f013b8388c980665d44009ab762960\"},\"headline\":\"O Grupo Popular congrat\u00falase das medidas ofrecidas pola Xunta a Parter para fixar os empregos de Alcoa Coru\u00f1a\",\"datePublished\":\"2019-08-07T09:34:45+00:00\",\"mainEntityOfPage\":{\"@id\":\"https:\\\/\\\/ppdegalicia.com\\\/es\\\/o-grupo-popular-congratulase-das-medidas-ofrecidas-pola-xunta-a-parter-para-fixar-os-empregos-de-alcoa-coruna\\\/\"},\"wordCount\":495,\"commentCount\":0,\"publisher\":{\"@id\":\"https:\\\/\\\/ppdegalicia.com\\\/es\\\/#organization\"},\"articleSection\":[\"PP de Galicia\"],\"inLanguage\":\"es\",\"potentialAction\":[{\"@type\":\"CommentAction\",\"name\":\"Comment\",\"target\":[\"https:\\\/\\\/ppdegalicia.com\\\/es\\\/o-grupo-popular-congratulase-das-medidas-ofrecidas-pola-xunta-a-parter-para-fixar-os-empregos-de-alcoa-coruna\\\/#respond\"]}]},{\"@type\":\"WebPage\",\"@id\":\"https:\\\/\\\/ppdegalicia.com\\\/es\\\/o-grupo-popular-congratulase-das-medidas-ofrecidas-pola-xunta-a-parter-para-fixar-os-empregos-de-alcoa-coruna\\\/\",\"url\":\"https:\\\/\\\/ppdegalicia.com\\\/es\\\/o-grupo-popular-congratulase-das-medidas-ofrecidas-pola-xunta-a-parter-para-fixar-os-empregos-de-alcoa-coruna\\\/\",\"name\":\"O Grupo Popular congrat\u00falase das medidas ofrecidas pola Xunta a Parter para fixar os empregos de Alcoa Coru\u00f1a - PP de Galicia\",\"isPartOf\":{\"@id\":\"https:\\\/\\\/ppdegalicia.com\\\/es\\\/#website\"},\"datePublished\":\"2019-08-07T09:34:45+00:00\",\"breadcrumb\":{\"@id\":\"https:\\\/\\\/ppdegalicia.com\\\/es\\\/o-grupo-popular-congratulase-das-medidas-ofrecidas-pola-xunta-a-parter-para-fixar-os-empregos-de-alcoa-coruna\\\/#breadcrumb\"},\"inLanguage\":\"es\",\"potentialAction\":[{\"@type\":\"ReadAction\",\"target\":[\"https:\\\/\\\/ppdegalicia.com\\\/es\\\/o-grupo-popular-congratulase-das-medidas-ofrecidas-pola-xunta-a-parter-para-fixar-os-empregos-de-alcoa-coruna\\\/\"]}]},{\"@type\":\"BreadcrumbList\",\"@id\":\"https:\\\/\\\/ppdegalicia.com\\\/es\\\/o-grupo-popular-congratulase-das-medidas-ofrecidas-pola-xunta-a-parter-para-fixar-os-empregos-de-alcoa-coruna\\\/#breadcrumb\",\"itemListElement\":[{\"@type\":\"ListItem\",\"position\":1,\"name\":\"Portada\",\"item\":\"https:\\\/\\\/ppdegalicia.com\\\/es\\\/\"},{\"@type\":\"ListItem\",\"position\":2,\"name\":\"O Grupo Popular congrat\u00falase das medidas ofrecidas pola Xunta a Parter para fixar os empregos de Alcoa Coru\u00f1a\"}]},{\"@type\":\"WebSite\",\"@id\":\"https:\\\/\\\/ppdegalicia.com\\\/es\\\/#website\",\"url\":\"https:\\\/\\\/ppdegalicia.com\\\/es\\\/\",\"name\":\"Partido Popular de Galicia\",\"description\":\"Partido Popular de Galicia\",\"publisher\":{\"@id\":\"https:\\\/\\\/ppdegalicia.com\\\/es\\\/#organization\"},\"alternateName\":\"PP de Galicia\",\"potentialAction\":[{\"@type\":\"SearchAction\",\"target\":{\"@type\":\"EntryPoint\",\"urlTemplate\":\"https:\\\/\\\/ppdegalicia.com\\\/es\\\/?s={search_term_string}\"},\"query-input\":{\"@type\":\"PropertyValueSpecification\",\"valueRequired\":true,\"valueName\":\"search_term_string\"}}],\"inLanguage\":\"es\"},{\"@type\":\"Organization\",\"@id\":\"https:\\\/\\\/ppdegalicia.com\\\/es\\\/#organization\",\"name\":\"Partido Popular de Galicia\",\"alternateName\":\"PP de Galicia\",\"url\":\"https:\\\/\\\/ppdegalicia.com\\\/es\\\/\",\"logo\":{\"@type\":\"ImageObject\",\"inLanguage\":\"es\",\"@id\":\"https:\\\/\\\/ppdegalicia.com\\\/es\\\/#\\\/schema\\\/logo\\\/image\\\/\",\"url\":\"https:\\\/\\\/ppdegalicia.com\\\/wp-content\\\/uploads\\\/2023\\\/04\\\/logoPP512.png\",\"contentUrl\":\"https:\\\/\\\/ppdegalicia.com\\\/wp-content\\\/uploads\\\/2023\\\/04\\\/logoPP512.png\",\"width\":512,\"height\":512,\"caption\":\"Partido Popular de Galicia\"},\"image\":{\"@id\":\"https:\\\/\\\/ppdegalicia.com\\\/es\\\/#\\\/schema\\\/logo\\\/image\\\/\"},\"sameAs\":[\"https:\\\/\\\/www.instagram.com\\\/ppdegalicia\\\/\",\"https:\\\/\\\/x.com\\\/ppdegalicia\",\"https:\\\/\\\/www.tiktok.com\\\/@ppdegalicia\",\"https:\\\/\\\/www.youtube.com\\\/user\\\/ppdegalicia\"]},{\"@type\":\"Person\",\"@id\":\"https:\\\/\\\/ppdegalicia.com\\\/es\\\/#\\\/schema\\\/person\\\/d0f013b8388c980665d44009ab762960\",\"name\":\"Super User\",\"image\":{\"@type\":\"ImageObject\",\"inLanguage\":\"es\",\"@id\":\"https:\\\/\\\/secure.gravatar.com\\\/avatar\\\/1db852625ef4948f58d2739bfbc51e4b9bd5c93b8fa340b59fdb594ca0845645?s=96&d=mm&r=g\",\"url\":\"https:\\\/\\\/secure.gravatar.com\\\/avatar\\\/1db852625ef4948f58d2739bfbc51e4b9bd5c93b8fa340b59fdb594ca0845645?s=96&d=mm&r=g\",\"contentUrl\":\"https:\\\/\\\/secure.gravatar.com\\\/avatar\\\/1db852625ef4948f58d2739bfbc51e4b9bd5c93b8fa340b59fdb594ca0845645?s=96&d=mm&r=g\",\"caption\":\"Super User\"},\"url\":\"https:\\\/\\\/ppdegalicia.com\\\/es\\\/author\\\/ppdegaliciagestion\\\/\"}]}<\/script>\n<!-- \/ Yoast SEO plugin. -->","yoast_head_json":{"title":"O Grupo Popular congrat\u00falase das medidas ofrecidas pola Xunta a Parter para fixar os empregos de Alcoa Coru\u00f1a - PP de Galicia","robots":{"index":"index","follow":"follow","max-snippet":"max-snippet:-1","max-image-preview":"max-image-preview:large","max-video-preview":"max-video-preview:-1"},"canonical":"https:\/\/ppdegalicia.com\/es\/o-grupo-popular-congratulase-das-medidas-ofrecidas-pola-xunta-a-parter-para-fixar-os-empregos-de-alcoa-coruna\/","og_locale":"es_ES","og_type":"article","og_title":"O Grupo Popular congrat\u00falase das medidas ofrecidas pola Xunta a Parter para fixar os empregos de Alcoa Coru\u00f1a - PP de Galicia","og_description":"Santiago, 7 de agosto de 2019.-&nbsp; A viceportavoz popular Marta Rodr\u00edguez Arias valorou hoxe moi positivamente as medidas ofrecidas pola&nbsp; Xunta de Galicia a Parter para fixar o compromiso da empresa de manter os 330 empregos de Alcoa Coru\u00f1a. \u201cAmosa un compromiso claro do Goberno galego en atopar soluci\u00f3ns para a industria electrointensiva galega, propo\u00f1endo [&hellip;]","og_url":"https:\/\/ppdegalicia.com\/es\/o-grupo-popular-congratulase-das-medidas-ofrecidas-pola-xunta-a-parter-para-fixar-os-empregos-de-alcoa-coruna\/","og_site_name":"PP de Galicia","article_publisher":"https:\/\/www.instagram.com\/ppdegalicia\/","article_published_time":"2019-08-07T09:34:45+00:00","author":"Super User","twitter_card":"summary_large_image","twitter_creator":"@ppdegalicia","twitter_site":"@ppdegalicia","twitter_misc":{"Escrito por":"Super User","Tiempo de lectura":"2 minutos"},"schema":{"@context":"https:\/\/schema.org","@graph":[{"@type":"Article","@id":"https:\/\/ppdegalicia.com\/es\/o-grupo-popular-congratulase-das-medidas-ofrecidas-pola-xunta-a-parter-para-fixar-os-empregos-de-alcoa-coruna\/#article","isPartOf":{"@id":"https:\/\/ppdegalicia.com\/es\/o-grupo-popular-congratulase-das-medidas-ofrecidas-pola-xunta-a-parter-para-fixar-os-empregos-de-alcoa-coruna\/"},"author":{"name":"Super User","@id":"https:\/\/ppdegalicia.com\/es\/#\/schema\/person\/d0f013b8388c980665d44009ab762960"},"headline":"O Grupo Popular congrat\u00falase das medidas ofrecidas pola Xunta a Parter para fixar os empregos de Alcoa Coru\u00f1a","datePublished":"2019-08-07T09:34:45+00:00","mainEntityOfPage":{"@id":"https:\/\/ppdegalicia.com\/es\/o-grupo-popular-congratulase-das-medidas-ofrecidas-pola-xunta-a-parter-para-fixar-os-empregos-de-alcoa-coruna\/"},"wordCount":495,"commentCount":0,"publisher":{"@id":"https:\/\/ppdegalicia.com\/es\/#organization"},"articleSection":["PP de Galicia"],"inLanguage":"es","potentialAction":[{"@type":"CommentAction","name":"Comment","target":["https:\/\/ppdegalicia.com\/es\/o-grupo-popular-congratulase-das-medidas-ofrecidas-pola-xunta-a-parter-para-fixar-os-empregos-de-alcoa-coruna\/#respond"]}]},{"@type":"WebPage","@id":"https:\/\/ppdegalicia.com\/es\/o-grupo-popular-congratulase-das-medidas-ofrecidas-pola-xunta-a-parter-para-fixar-os-empregos-de-alcoa-coruna\/","url":"https:\/\/ppdegalicia.com\/es\/o-grupo-popular-congratulase-das-medidas-ofrecidas-pola-xunta-a-parter-para-fixar-os-empregos-de-alcoa-coruna\/","name":"O Grupo Popular congrat\u00falase das medidas ofrecidas pola Xunta a Parter para fixar os empregos de Alcoa Coru\u00f1a - PP de Galicia","isPartOf":{"@id":"https:\/\/ppdegalicia.com\/es\/#website"},"datePublished":"2019-08-07T09:34:45+00:00","breadcrumb":{"@id":"https:\/\/ppdegalicia.com\/es\/o-grupo-popular-congratulase-das-medidas-ofrecidas-pola-xunta-a-parter-para-fixar-os-empregos-de-alcoa-coruna\/#breadcrumb"},"inLanguage":"es","potentialAction":[{"@type":"ReadAction","target":["https:\/\/ppdegalicia.com\/es\/o-grupo-popular-congratulase-das-medidas-ofrecidas-pola-xunta-a-parter-para-fixar-os-empregos-de-alcoa-coruna\/"]}]},{"@type":"BreadcrumbList","@id":"https:\/\/ppdegalicia.com\/es\/o-grupo-popular-congratulase-das-medidas-ofrecidas-pola-xunta-a-parter-para-fixar-os-empregos-de-alcoa-coruna\/#breadcrumb","itemListElement":[{"@type":"ListItem","position":1,"name":"Portada","item":"https:\/\/ppdegalicia.com\/es\/"},{"@type":"ListItem","position":2,"name":"O Grupo Popular congrat\u00falase das medidas ofrecidas pola Xunta a Parter para fixar os empregos de Alcoa Coru\u00f1a"}]},{"@type":"WebSite","@id":"https:\/\/ppdegalicia.com\/es\/#website","url":"https:\/\/ppdegalicia.com\/es\/","name":"Partido Popular de Galicia","description":"Partido Popular de Galicia","publisher":{"@id":"https:\/\/ppdegalicia.com\/es\/#organization"},"alternateName":"PP de Galicia","potentialAction":[{"@type":"SearchAction","target":{"@type":"EntryPoint","urlTemplate":"https:\/\/ppdegalicia.com\/es\/?s={search_term_string}"},"query-input":{"@type":"PropertyValueSpecification","valueRequired":true,"valueName":"search_term_string"}}],"inLanguage":"es"},{"@type":"Organization","@id":"https:\/\/ppdegalicia.com\/es\/#organization","name":"Partido Popular de Galicia","alternateName":"PP de Galicia","url":"https:\/\/ppdegalicia.com\/es\/","logo":{"@type":"ImageObject","inLanguage":"es","@id":"https:\/\/ppdegalicia.com\/es\/#\/schema\/logo\/image\/","url":"https:\/\/ppdegalicia.com\/wp-content\/uploads\/2023\/04\/logoPP512.png","contentUrl":"https:\/\/ppdegalicia.com\/wp-content\/uploads\/2023\/04\/logoPP512.png","width":512,"height":512,"caption":"Partido Popular de Galicia"},"image":{"@id":"https:\/\/ppdegalicia.com\/es\/#\/schema\/logo\/image\/"},"sameAs":["https:\/\/www.instagram.com\/ppdegalicia\/","https:\/\/x.com\/ppdegalicia","https:\/\/www.tiktok.com\/@ppdegalicia","https:\/\/www.youtube.com\/user\/ppdegalicia"]},{"@type":"Person","@id":"https:\/\/ppdegalicia.com\/es\/#\/schema\/person\/d0f013b8388c980665d44009ab762960","name":"Super User","image":{"@type":"ImageObject","inLanguage":"es","@id":"https:\/\/secure.gravatar.com\/avatar\/1db852625ef4948f58d2739bfbc51e4b9bd5c93b8fa340b59fdb594ca0845645?s=96&d=mm&r=g","url":"https:\/\/secure.gravatar.com\/avatar\/1db852625ef4948f58d2739bfbc51e4b9bd5c93b8fa340b59fdb594ca0845645?s=96&d=mm&r=g","contentUrl":"https:\/\/secure.gravatar.com\/avatar\/1db852625ef4948f58d2739bfbc51e4b9bd5c93b8fa340b59fdb594ca0845645?s=96&d=mm&r=g","caption":"Super User"},"url":"https:\/\/ppdegalicia.com\/es\/author\/ppdegaliciagestion\/"}]}},"_links":{"self":[{"href":"https:\/\/ppdegalicia.com\/es\/wp-json\/wp\/v2\/posts\/52295","targetHints":{"allow":["GET"]}}],"collection":[{"href":"https:\/\/ppdegalicia.com\/es\/wp-json\/wp\/v2\/posts"}],"about":[{"href":"https:\/\/ppdegalicia.com\/es\/wp-json\/wp\/v2\/types\/post"}],"author":[{"embeddable":true,"href":"https:\/\/ppdegalicia.com\/es\/wp-json\/wp\/v2\/users\/37"}],"replies":[{"embeddable":true,"href":"https:\/\/ppdegalicia.com\/es\/wp-json\/wp\/v2\/comments?post=52295"}],"version-history":[{"count":0,"href":"https:\/\/ppdegalicia.com\/es\/wp-json\/wp\/v2\/posts\/52295\/revisions"}],"wp:attachment":[{"href":"https:\/\/ppdegalicia.com\/es\/wp-json\/wp\/v2\/media?parent=52295"}],"wp:term":[{"taxonomy":"category","embeddable":true,"href":"https:\/\/ppdegalicia.com\/es\/wp-json\/wp\/v2\/categories?post=52295"},{"taxonomy":"post_tag","embeddable":true,"href":"https:\/\/ppdegalicia.com\/es\/wp-json\/wp\/v2\/tags?post=52295"}],"curies":[{"name":"wp","href":"https:\/\/api.w.org\/{rel}","templated":true}]}}