{"id":52299,"date":"2019-08-12T12:18:26","date_gmt":"2019-08-12T10:18:26","guid":{"rendered":"https:\/\/ppdegalicia.com\/paula-prado-pide-aos-socialistas-galegos-que-deixen-de-ser-complices-da-aldraxe-do-goberno-socialista-a-galicia\/"},"modified":"2019-08-12T12:18:26","modified_gmt":"2019-08-12T10:18:26","slug":"paula-prado-pide-aos-socialistas-galegos-que-deixen-de-ser-complices-da-aldraxe-do-goberno-socialista-a-galicia","status":"publish","type":"post","link":"https:\/\/ppdegalicia.com\/es\/paula-prado-pide-aos-socialistas-galegos-que-deixen-de-ser-complices-da-aldraxe-do-goberno-socialista-a-galicia\/","title":{"rendered":"Paula Prado pide aos socialistas galegos que \u201cdeixen de ser c\u00f3mplices da aldraxe do Goberno socialista a Galicia\u201d"},"content":{"rendered":"<p>Santiago, 12 de agosto de 2019.-&nbsp; A viceportavoz do Grupo Popular Paula Prado ped\u00edu hoxe aos socialistas galegos que \u201cdeixen de ser c\u00f3mplices da aldraxe do Goberno socialista de Pedro S\u00e1nchez a Galicia, que se po\u00f1an de lado dos galegos e das galegas e que lle esixan que deixe as s\u00faas vacaci\u00f3ns e resolva primeiro os problemas e xestione a devoluci\u00f3n dos 700 mill\u00f3ns de euros a nosa Comunidade\u201d.<\/p>\n<p><!--more--><\/p>\n<p>&nbsp;<\/p>\n<p>Paula Prado indicou que \u201cnon poden insultar \u00e1 nosa intelixencia xa que \u00e9 absolutamente falso que haxa algunha normativa que impida a un goberno en funci\u00f3ns devolver as entregas a conta que se lle adebedan a Galicia\u201d. \u201cIsto non \u00e9 unha liorta entre partidos xa que hai outras Comunidades Aut\u00f3nomas, gobernadas algunhas por socialistas, que tam\u00e9n est\u00e1n demandando as s\u00faas d\u00e9bedas\u201d indicou a viceportavoz popular.<\/p>\n<p>&nbsp;<\/p>\n<p>Paula Prado respostou \u00e1s declaracions dos representantes socialistas&nbsp; Carmela Silva e Gonzalo Caballero&nbsp; desta fin de semana indicando que \u201cse hai algunha v\u00edtima, estas son todos os galegos e galegas que est\u00e1n a sufrir a aldraxe do Goberno do Estado que non \u00e9 quen de xestionar a devoluci\u00f3n dos cartos e, se hai v\u00edtimas tam\u00e9n ten que haber verdugo e o \u00fanico que hai \u00e9 Pedro S\u00e1nchez que est\u00e1 tratando de asfixiar a nosa econom\u00eda\u201d.<\/p>\n<p>&nbsp;<\/p>\n<p>\u201cO resto son cortinas de fume para non atender \u00e1s petici\u00f3ns das Comunidades Aut\u00f3nomas do que lles corresponde e ademais, no caso de Galicia, da reclamaci\u00f3n&nbsp; por ser unha Comunidade cumpridora\u201d indicou Paula Prado.<\/p>\n","protected":false},"excerpt":{"rendered":"<p>Santiago, 12 de agosto de 2019.-&nbsp; A viceportavoz do Grupo Popular Paula Prado ped\u00edu hoxe aos socialistas galegos que \u201cdeixen de ser c\u00f3mplices da aldraxe do Goberno socialista de Pedro S\u00e1nchez a Galicia, que se po\u00f1an de lado dos galegos e das galegas e que lle esixan que deixe as s\u00faas vacaci\u00f3ns e resolva primeiro [&hellip;]<\/p>\n","protected":false},"author":37,"featured_media":0,"comment_status":"open","ping_status":"open","sticky":false,"template":"","format":"standard","meta":{"_acf_changed":false,"footnotes":""},"categories":[1],"tags":[],"class_list":["post-52299","post","type-post","status-publish","format-standard","hentry","category-pp-de-galicia"],"acf":[],"yoast_head":"<!-- This site is optimized with the Yoast SEO plugin v27.3 - https:\/\/yoast.com\/product\/yoast-seo-wordpress\/ -->\n<title>Paula Prado pide aos socialistas galegos que \u201cdeixen de ser c\u00f3mplices da aldraxe do Goberno socialista a Galicia\u201d - PP de Galicia<\/title>\n<meta name=\"robots\" content=\"index, follow, max-snippet:-1, max-image-preview:large, max-video-preview:-1\" \/>\n<link rel=\"canonical\" href=\"https:\/\/ppdegalicia.com\/es\/paula-prado-pide-aos-socialistas-galegos-que-deixen-de-ser-complices-da-aldraxe-do-goberno-socialista-a-galicia\/\" \/>\n<meta property=\"og:locale\" content=\"es_ES\" \/>\n<meta property=\"og:type\" content=\"article\" \/>\n<meta property=\"og:title\" content=\"Paula Prado pide aos socialistas galegos que \u201cdeixen de ser c\u00f3mplices da aldraxe do Goberno socialista a Galicia\u201d - PP de Galicia\" \/>\n<meta property=\"og:description\" content=\"Santiago, 12 de agosto de 2019.-&nbsp; A viceportavoz do Grupo Popular Paula Prado ped\u00edu hoxe aos socialistas galegos que \u201cdeixen de ser c\u00f3mplices da aldraxe do Goberno socialista de Pedro S\u00e1nchez a Galicia, que se po\u00f1an de lado dos galegos e das galegas e que lle esixan que deixe as s\u00faas vacaci\u00f3ns e resolva primeiro [&hellip;]\" \/>\n<meta property=\"og:url\" content=\"https:\/\/ppdegalicia.com\/es\/paula-prado-pide-aos-socialistas-galegos-que-deixen-de-ser-complices-da-aldraxe-do-goberno-socialista-a-galicia\/\" \/>\n<meta property=\"og:site_name\" content=\"PP de Galicia\" \/>\n<meta property=\"article:publisher\" content=\"https:\/\/www.instagram.com\/ppdegalicia\/\" \/>\n<meta property=\"article:published_time\" content=\"2019-08-12T10:18:26+00:00\" \/>\n<meta name=\"author\" content=\"Super User\" \/>\n<meta name=\"twitter:card\" content=\"summary_large_image\" \/>\n<meta name=\"twitter:creator\" content=\"@ppdegalicia\" \/>\n<meta name=\"twitter:site\" content=\"@ppdegalicia\" \/>\n<meta name=\"twitter:label1\" content=\"Escrito por\" \/>\n\t<meta name=\"twitter:data1\" content=\"Super User\" \/>\n\t<meta name=\"twitter:label2\" content=\"Tiempo de lectura\" \/>\n\t<meta name=\"twitter:data2\" content=\"1 minuto\" \/>\n<script type=\"application\/ld+json\" class=\"yoast-schema-graph\">{\"@context\":\"https:\\\/\\\/schema.org\",\"@graph\":[{\"@type\":\"Article\",\"@id\":\"https:\\\/\\\/ppdegalicia.com\\\/es\\\/paula-prado-pide-aos-socialistas-galegos-que-deixen-de-ser-complices-da-aldraxe-do-goberno-socialista-a-galicia\\\/#article\",\"isPartOf\":{\"@id\":\"https:\\\/\\\/ppdegalicia.com\\\/es\\\/paula-prado-pide-aos-socialistas-galegos-que-deixen-de-ser-complices-da-aldraxe-do-goberno-socialista-a-galicia\\\/\"},\"author\":{\"name\":\"Super User\",\"@id\":\"https:\\\/\\\/ppdegalicia.com\\\/es\\\/#\\\/schema\\\/person\\\/d0f013b8388c980665d44009ab762960\"},\"headline\":\"Paula Prado pide aos socialistas galegos que \u201cdeixen de ser c\u00f3mplices da aldraxe do Goberno socialista a Galicia\u201d\",\"datePublished\":\"2019-08-12T10:18:26+00:00\",\"mainEntityOfPage\":{\"@id\":\"https:\\\/\\\/ppdegalicia.com\\\/es\\\/paula-prado-pide-aos-socialistas-galegos-que-deixen-de-ser-complices-da-aldraxe-do-goberno-socialista-a-galicia\\\/\"},\"wordCount\":286,\"commentCount\":0,\"publisher\":{\"@id\":\"https:\\\/\\\/ppdegalicia.com\\\/es\\\/#organization\"},\"articleSection\":[\"PP de Galicia\"],\"inLanguage\":\"es\",\"potentialAction\":[{\"@type\":\"CommentAction\",\"name\":\"Comment\",\"target\":[\"https:\\\/\\\/ppdegalicia.com\\\/es\\\/paula-prado-pide-aos-socialistas-galegos-que-deixen-de-ser-complices-da-aldraxe-do-goberno-socialista-a-galicia\\\/#respond\"]}]},{\"@type\":\"WebPage\",\"@id\":\"https:\\\/\\\/ppdegalicia.com\\\/es\\\/paula-prado-pide-aos-socialistas-galegos-que-deixen-de-ser-complices-da-aldraxe-do-goberno-socialista-a-galicia\\\/\",\"url\":\"https:\\\/\\\/ppdegalicia.com\\\/es\\\/paula-prado-pide-aos-socialistas-galegos-que-deixen-de-ser-complices-da-aldraxe-do-goberno-socialista-a-galicia\\\/\",\"name\":\"Paula Prado pide aos socialistas galegos que \u201cdeixen de ser c\u00f3mplices da aldraxe do Goberno socialista a Galicia\u201d - PP de Galicia\",\"isPartOf\":{\"@id\":\"https:\\\/\\\/ppdegalicia.com\\\/es\\\/#website\"},\"datePublished\":\"2019-08-12T10:18:26+00:00\",\"breadcrumb\":{\"@id\":\"https:\\\/\\\/ppdegalicia.com\\\/es\\\/paula-prado-pide-aos-socialistas-galegos-que-deixen-de-ser-complices-da-aldraxe-do-goberno-socialista-a-galicia\\\/#breadcrumb\"},\"inLanguage\":\"es\",\"potentialAction\":[{\"@type\":\"ReadAction\",\"target\":[\"https:\\\/\\\/ppdegalicia.com\\\/es\\\/paula-prado-pide-aos-socialistas-galegos-que-deixen-de-ser-complices-da-aldraxe-do-goberno-socialista-a-galicia\\\/\"]}]},{\"@type\":\"BreadcrumbList\",\"@id\":\"https:\\\/\\\/ppdegalicia.com\\\/es\\\/paula-prado-pide-aos-socialistas-galegos-que-deixen-de-ser-complices-da-aldraxe-do-goberno-socialista-a-galicia\\\/#breadcrumb\",\"itemListElement\":[{\"@type\":\"ListItem\",\"position\":1,\"name\":\"Portada\",\"item\":\"https:\\\/\\\/ppdegalicia.com\\\/es\\\/\"},{\"@type\":\"ListItem\",\"position\":2,\"name\":\"Paula Prado pide aos socialistas galegos que \u201cdeixen de ser c\u00f3mplices da aldraxe do Goberno socialista a Galicia\u201d\"}]},{\"@type\":\"WebSite\",\"@id\":\"https:\\\/\\\/ppdegalicia.com\\\/es\\\/#website\",\"url\":\"https:\\\/\\\/ppdegalicia.com\\\/es\\\/\",\"name\":\"Partido Popular de Galicia\",\"description\":\"Partido Popular de Galicia\",\"publisher\":{\"@id\":\"https:\\\/\\\/ppdegalicia.com\\\/es\\\/#organization\"},\"alternateName\":\"PP de Galicia\",\"potentialAction\":[{\"@type\":\"SearchAction\",\"target\":{\"@type\":\"EntryPoint\",\"urlTemplate\":\"https:\\\/\\\/ppdegalicia.com\\\/es\\\/?s={search_term_string}\"},\"query-input\":{\"@type\":\"PropertyValueSpecification\",\"valueRequired\":true,\"valueName\":\"search_term_string\"}}],\"inLanguage\":\"es\"},{\"@type\":\"Organization\",\"@id\":\"https:\\\/\\\/ppdegalicia.com\\\/es\\\/#organization\",\"name\":\"Partido Popular de Galicia\",\"alternateName\":\"PP de Galicia\",\"url\":\"https:\\\/\\\/ppdegalicia.com\\\/es\\\/\",\"logo\":{\"@type\":\"ImageObject\",\"inLanguage\":\"es\",\"@id\":\"https:\\\/\\\/ppdegalicia.com\\\/es\\\/#\\\/schema\\\/logo\\\/image\\\/\",\"url\":\"https:\\\/\\\/ppdegalicia.com\\\/wp-content\\\/uploads\\\/2023\\\/04\\\/logoPP512.png\",\"contentUrl\":\"https:\\\/\\\/ppdegalicia.com\\\/wp-content\\\/uploads\\\/2023\\\/04\\\/logoPP512.png\",\"width\":512,\"height\":512,\"caption\":\"Partido Popular de Galicia\"},\"image\":{\"@id\":\"https:\\\/\\\/ppdegalicia.com\\\/es\\\/#\\\/schema\\\/logo\\\/image\\\/\"},\"sameAs\":[\"https:\\\/\\\/www.instagram.com\\\/ppdegalicia\\\/\",\"https:\\\/\\\/x.com\\\/ppdegalicia\",\"https:\\\/\\\/www.tiktok.com\\\/@ppdegalicia\",\"https:\\\/\\\/www.youtube.com\\\/user\\\/ppdegalicia\"]},{\"@type\":\"Person\",\"@id\":\"https:\\\/\\\/ppdegalicia.com\\\/es\\\/#\\\/schema\\\/person\\\/d0f013b8388c980665d44009ab762960\",\"name\":\"Super User\",\"image\":{\"@type\":\"ImageObject\",\"inLanguage\":\"es\",\"@id\":\"https:\\\/\\\/secure.gravatar.com\\\/avatar\\\/1db852625ef4948f58d2739bfbc51e4b9bd5c93b8fa340b59fdb594ca0845645?s=96&d=mm&r=g\",\"url\":\"https:\\\/\\\/secure.gravatar.com\\\/avatar\\\/1db852625ef4948f58d2739bfbc51e4b9bd5c93b8fa340b59fdb594ca0845645?s=96&d=mm&r=g\",\"contentUrl\":\"https:\\\/\\\/secure.gravatar.com\\\/avatar\\\/1db852625ef4948f58d2739bfbc51e4b9bd5c93b8fa340b59fdb594ca0845645?s=96&d=mm&r=g\",\"caption\":\"Super User\"},\"url\":\"https:\\\/\\\/ppdegalicia.com\\\/es\\\/author\\\/ppdegaliciagestion\\\/\"}]}<\/script>\n<!-- \/ Yoast SEO plugin. -->","yoast_head_json":{"title":"Paula Prado pide aos socialistas galegos que \u201cdeixen de ser c\u00f3mplices da aldraxe do Goberno socialista a Galicia\u201d - PP de Galicia","robots":{"index":"index","follow":"follow","max-snippet":"max-snippet:-1","max-image-preview":"max-image-preview:large","max-video-preview":"max-video-preview:-1"},"canonical":"https:\/\/ppdegalicia.com\/es\/paula-prado-pide-aos-socialistas-galegos-que-deixen-de-ser-complices-da-aldraxe-do-goberno-socialista-a-galicia\/","og_locale":"es_ES","og_type":"article","og_title":"Paula Prado pide aos socialistas galegos que \u201cdeixen de ser c\u00f3mplices da aldraxe do Goberno socialista a Galicia\u201d - PP de Galicia","og_description":"Santiago, 12 de agosto de 2019.-&nbsp; A viceportavoz do Grupo Popular Paula Prado ped\u00edu hoxe aos socialistas galegos que \u201cdeixen de ser c\u00f3mplices da aldraxe do Goberno socialista de Pedro S\u00e1nchez a Galicia, que se po\u00f1an de lado dos galegos e das galegas e que lle esixan que deixe as s\u00faas vacaci\u00f3ns e resolva primeiro [&hellip;]","og_url":"https:\/\/ppdegalicia.com\/es\/paula-prado-pide-aos-socialistas-galegos-que-deixen-de-ser-complices-da-aldraxe-do-goberno-socialista-a-galicia\/","og_site_name":"PP de Galicia","article_publisher":"https:\/\/www.instagram.com\/ppdegalicia\/","article_published_time":"2019-08-12T10:18:26+00:00","author":"Super User","twitter_card":"summary_large_image","twitter_creator":"@ppdegalicia","twitter_site":"@ppdegalicia","twitter_misc":{"Escrito por":"Super User","Tiempo de lectura":"1 minuto"},"schema":{"@context":"https:\/\/schema.org","@graph":[{"@type":"Article","@id":"https:\/\/ppdegalicia.com\/es\/paula-prado-pide-aos-socialistas-galegos-que-deixen-de-ser-complices-da-aldraxe-do-goberno-socialista-a-galicia\/#article","isPartOf":{"@id":"https:\/\/ppdegalicia.com\/es\/paula-prado-pide-aos-socialistas-galegos-que-deixen-de-ser-complices-da-aldraxe-do-goberno-socialista-a-galicia\/"},"author":{"name":"Super User","@id":"https:\/\/ppdegalicia.com\/es\/#\/schema\/person\/d0f013b8388c980665d44009ab762960"},"headline":"Paula Prado pide aos socialistas galegos que \u201cdeixen de ser c\u00f3mplices da aldraxe do Goberno socialista a Galicia\u201d","datePublished":"2019-08-12T10:18:26+00:00","mainEntityOfPage":{"@id":"https:\/\/ppdegalicia.com\/es\/paula-prado-pide-aos-socialistas-galegos-que-deixen-de-ser-complices-da-aldraxe-do-goberno-socialista-a-galicia\/"},"wordCount":286,"commentCount":0,"publisher":{"@id":"https:\/\/ppdegalicia.com\/es\/#organization"},"articleSection":["PP de Galicia"],"inLanguage":"es","potentialAction":[{"@type":"CommentAction","name":"Comment","target":["https:\/\/ppdegalicia.com\/es\/paula-prado-pide-aos-socialistas-galegos-que-deixen-de-ser-complices-da-aldraxe-do-goberno-socialista-a-galicia\/#respond"]}]},{"@type":"WebPage","@id":"https:\/\/ppdegalicia.com\/es\/paula-prado-pide-aos-socialistas-galegos-que-deixen-de-ser-complices-da-aldraxe-do-goberno-socialista-a-galicia\/","url":"https:\/\/ppdegalicia.com\/es\/paula-prado-pide-aos-socialistas-galegos-que-deixen-de-ser-complices-da-aldraxe-do-goberno-socialista-a-galicia\/","name":"Paula Prado pide aos socialistas galegos que \u201cdeixen de ser c\u00f3mplices da aldraxe do Goberno socialista a Galicia\u201d - PP de Galicia","isPartOf":{"@id":"https:\/\/ppdegalicia.com\/es\/#website"},"datePublished":"2019-08-12T10:18:26+00:00","breadcrumb":{"@id":"https:\/\/ppdegalicia.com\/es\/paula-prado-pide-aos-socialistas-galegos-que-deixen-de-ser-complices-da-aldraxe-do-goberno-socialista-a-galicia\/#breadcrumb"},"inLanguage":"es","potentialAction":[{"@type":"ReadAction","target":["https:\/\/ppdegalicia.com\/es\/paula-prado-pide-aos-socialistas-galegos-que-deixen-de-ser-complices-da-aldraxe-do-goberno-socialista-a-galicia\/"]}]},{"@type":"BreadcrumbList","@id":"https:\/\/ppdegalicia.com\/es\/paula-prado-pide-aos-socialistas-galegos-que-deixen-de-ser-complices-da-aldraxe-do-goberno-socialista-a-galicia\/#breadcrumb","itemListElement":[{"@type":"ListItem","position":1,"name":"Portada","item":"https:\/\/ppdegalicia.com\/es\/"},{"@type":"ListItem","position":2,"name":"Paula Prado pide aos socialistas galegos que \u201cdeixen de ser c\u00f3mplices da aldraxe do Goberno socialista a Galicia\u201d"}]},{"@type":"WebSite","@id":"https:\/\/ppdegalicia.com\/es\/#website","url":"https:\/\/ppdegalicia.com\/es\/","name":"Partido Popular de Galicia","description":"Partido Popular de Galicia","publisher":{"@id":"https:\/\/ppdegalicia.com\/es\/#organization"},"alternateName":"PP de Galicia","potentialAction":[{"@type":"SearchAction","target":{"@type":"EntryPoint","urlTemplate":"https:\/\/ppdegalicia.com\/es\/?s={search_term_string}"},"query-input":{"@type":"PropertyValueSpecification","valueRequired":true,"valueName":"search_term_string"}}],"inLanguage":"es"},{"@type":"Organization","@id":"https:\/\/ppdegalicia.com\/es\/#organization","name":"Partido Popular de Galicia","alternateName":"PP de Galicia","url":"https:\/\/ppdegalicia.com\/es\/","logo":{"@type":"ImageObject","inLanguage":"es","@id":"https:\/\/ppdegalicia.com\/es\/#\/schema\/logo\/image\/","url":"https:\/\/ppdegalicia.com\/wp-content\/uploads\/2023\/04\/logoPP512.png","contentUrl":"https:\/\/ppdegalicia.com\/wp-content\/uploads\/2023\/04\/logoPP512.png","width":512,"height":512,"caption":"Partido Popular de Galicia"},"image":{"@id":"https:\/\/ppdegalicia.com\/es\/#\/schema\/logo\/image\/"},"sameAs":["https:\/\/www.instagram.com\/ppdegalicia\/","https:\/\/x.com\/ppdegalicia","https:\/\/www.tiktok.com\/@ppdegalicia","https:\/\/www.youtube.com\/user\/ppdegalicia"]},{"@type":"Person","@id":"https:\/\/ppdegalicia.com\/es\/#\/schema\/person\/d0f013b8388c980665d44009ab762960","name":"Super User","image":{"@type":"ImageObject","inLanguage":"es","@id":"https:\/\/secure.gravatar.com\/avatar\/1db852625ef4948f58d2739bfbc51e4b9bd5c93b8fa340b59fdb594ca0845645?s=96&d=mm&r=g","url":"https:\/\/secure.gravatar.com\/avatar\/1db852625ef4948f58d2739bfbc51e4b9bd5c93b8fa340b59fdb594ca0845645?s=96&d=mm&r=g","contentUrl":"https:\/\/secure.gravatar.com\/avatar\/1db852625ef4948f58d2739bfbc51e4b9bd5c93b8fa340b59fdb594ca0845645?s=96&d=mm&r=g","caption":"Super User"},"url":"https:\/\/ppdegalicia.com\/es\/author\/ppdegaliciagestion\/"}]}},"_links":{"self":[{"href":"https:\/\/ppdegalicia.com\/es\/wp-json\/wp\/v2\/posts\/52299","targetHints":{"allow":["GET"]}}],"collection":[{"href":"https:\/\/ppdegalicia.com\/es\/wp-json\/wp\/v2\/posts"}],"about":[{"href":"https:\/\/ppdegalicia.com\/es\/wp-json\/wp\/v2\/types\/post"}],"author":[{"embeddable":true,"href":"https:\/\/ppdegalicia.com\/es\/wp-json\/wp\/v2\/users\/37"}],"replies":[{"embeddable":true,"href":"https:\/\/ppdegalicia.com\/es\/wp-json\/wp\/v2\/comments?post=52299"}],"version-history":[{"count":0,"href":"https:\/\/ppdegalicia.com\/es\/wp-json\/wp\/v2\/posts\/52299\/revisions"}],"wp:attachment":[{"href":"https:\/\/ppdegalicia.com\/es\/wp-json\/wp\/v2\/media?parent=52299"}],"wp:term":[{"taxonomy":"category","embeddable":true,"href":"https:\/\/ppdegalicia.com\/es\/wp-json\/wp\/v2\/categories?post=52299"},{"taxonomy":"post_tag","embeddable":true,"href":"https:\/\/ppdegalicia.com\/es\/wp-json\/wp\/v2\/tags?post=52299"}],"curies":[{"name":"wp","href":"https:\/\/api.w.org\/{rel}","templated":true}]}}