{"id":52314,"date":"2019-09-02T14:39:01","date_gmt":"2019-09-02T12:39:01","guid":{"rendered":"https:\/\/ppdegalicia.com\/puy-incide-que-existen-distintas-formas-para-que-o-goberno-central-transfira-a-galicia-os-700-millons-que-lle-debe\/"},"modified":"2019-09-02T14:39:01","modified_gmt":"2019-09-02T12:39:01","slug":"puy-incide-que-existen-distintas-formas-para-que-o-goberno-central-transfira-a-galicia-os-700-millons-que-lle-debe","status":"publish","type":"post","link":"https:\/\/ppdegalicia.com\/es\/puy-incide-que-existen-distintas-formas-para-que-o-goberno-central-transfira-a-galicia-os-700-millons-que-lle-debe\/","title":{"rendered":"Puy incide que \u201cexisten distintas formas\u201d para que o Goberno central transfira a Galicia os 700 mill\u00f3ns que lle debe"},"content":{"rendered":"<p>Santiago, 2 de setembro de 2019.- O portavoz do Grupo Popular, Pedro Puy, incidiu hoxe que \u201cexisten distintas formas\u201d para que o Goberno de Pedro S\u00e1nchez transfira \u00e1 Comunidade galega os 700 mill\u00f3ns que lle debe das entregas a conta, o IVE e as compensaci\u00f3ns por ser unha comunidade cumpridora. Neste sentido, en referencia ao secretario xeral dos socialistas galegos manifestou que \u201csorprende que quen pretende defender os intereses de Galicia o estea facendo dunha forma m\u00e1is sanchista que Pedro S\u00e1nchez, apoiando unha posici\u00f3n inasumible do Goberno de Espa\u00f1a que prexudica dunha forma importante a Galicia\u201d.<\/p>\n<p><!--more--><\/p>\n<p>&nbsp;<\/p>\n<p>Pedro Puy sinalou que o inicio deste novo curso parlamentario e do novo per\u00edodo de sesi\u00f3ns \u201cv\u00e9n marcado pola incerteza respecto do fracaso na formaci\u00f3n do goberno do Estado\u201d e sobre a actividade pol\u00edtica en Galicia concretou que \u201cten d\u00faas previsi\u00f3ns de traballo significativas: a celebraci\u00f3n do Debate sobre Estado da Autonom\u00eda e a presentaci\u00f3n e tramitaci\u00f3n dos orzamentos da Xunta par 2020\u201d.<\/p>\n<p>&nbsp;<\/p>\n<p><strong>DARLLE SA\u00cdDA AO PROBLEMA<\/strong><\/p>\n<p>&nbsp;<\/p>\n<p>Respecto das contas para 2020, o portavoz popular indicou que \u201cve\u00f1en marcadas pola necesidade de resolver dunha vez por todas o problema dos 700 mill\u00f3ns de euros que o Goberno do Estado lle debe \u00e1 Xunta polas entregas a conta, unha mensualidade do IVE e as compensaci\u00f3ns \u00e1s autonom\u00edas cumpridoras cos obxectivos do d\u00e9ficit\u201d.<\/p>\n<p>&nbsp;<\/p>\n<p>\u201cHai distintas formas de facer estas transferencias\u201d, subli\u00f1ou Puy, quen recordou a modo de exemplo a aprobaci\u00f3n polo Goberno en funci\u00f3ns de Mariano Rajoy de medidas para facer fronte a gastos urxentes de interese xeral ou a proposta feita por expertos en financiamento auton\u00f3mico de que as comunidades aut\u00f3nomas incrementen a d\u00e9beda. Por\u00e9n, dixo que esta \u00faltima proposta \u201cg\u00fastanos menos porque supor\u00eda reverter por causas alleas \u00e1s comunidades aut\u00f3nomas o incumprimento do obxectivo de d\u00e9ficit\u201d.<\/p>\n<p>&nbsp;<\/p>\n<p>\u201cO que debe facerse antes de que remate o exercicio \u00e9 darlle unha sa\u00edda a este problema porque a situaci\u00f3n \u00e9 suficientemente urxente e hai motivos de interese xeral que xustifican esta cuesti\u00f3n\u201d, manifestou.<\/p>\n<p>&nbsp;<\/p>\n<p><strong>DEMANDA APOIADA POR GOBERNOS SOCIALISTAS<\/strong><\/p>\n<p>&nbsp;<\/p>\n<p>Pedro Puy lembrou que \u201cdistintos gobernos auton\u00f3micos socialistas tam\u00e9n te\u00f1en demandado estas entregas a conta\u201d, porque \u201c\u00e9 meridianamente claro a quen pertencen eses cartos\u201d. Por este motivo, amosouse sorprendido porque o secretario xeral dos socialistas galegos, \u201cque pretende defender os intereses de Galicia, estea defendendo dunha forma m\u00e1is sanchista que Pedro S\u00e1nchez unha posici\u00f3n inasumible do goberno de Espa\u00f1a e que prexudica dunha forma importante a Galicia\u201d.<\/p>\n<p>&nbsp;<\/p>\n<p>\u201cO Goberno galego leva denunciando e reclamando desde hai tempo a transferencia destes cargos, sempre con absoluta lealdade ao Goberno central\u201d, salientou o portavoz popular, quen lembrou que a Xunta \u201cten solicitado unha reuni\u00f3n do Consello Xeral de Pol\u00edtica Fiscal e Financeira para tratar este asunto\u201d. \u201cSe o se\u00f1or Gonzalo Caballero non \u00e9 capaz de valorar o traballo que fai o Goberno galego \u00e9 que ten unha percepci\u00f3n da pol\u00edtica preocupante e lonxe dos intereses de todos os galegos\u201d, sinalou.<\/p>\n","protected":false},"excerpt":{"rendered":"<p>Santiago, 2 de setembro de 2019.- O portavoz do Grupo Popular, Pedro Puy, incidiu hoxe que \u201cexisten distintas formas\u201d para que o Goberno de Pedro S\u00e1nchez transfira \u00e1 Comunidade galega os 700 mill\u00f3ns que lle debe das entregas a conta, o IVE e as compensaci\u00f3ns por ser unha comunidade cumpridora. Neste sentido, en referencia ao [&hellip;]<\/p>\n","protected":false},"author":37,"featured_media":0,"comment_status":"open","ping_status":"open","sticky":false,"template":"","format":"standard","meta":{"_acf_changed":false,"footnotes":""},"categories":[1],"tags":[],"class_list":["post-52314","post","type-post","status-publish","format-standard","hentry","category-pp-de-galicia"],"acf":[],"yoast_head":"<!-- This site is optimized with the Yoast SEO plugin v27.3 - https:\/\/yoast.com\/product\/yoast-seo-wordpress\/ -->\n<title>Puy incide que \u201cexisten distintas formas\u201d para que o Goberno central transfira a Galicia os 700 mill\u00f3ns que lle debe - PP de Galicia<\/title>\n<meta name=\"robots\" content=\"index, follow, max-snippet:-1, max-image-preview:large, max-video-preview:-1\" \/>\n<link rel=\"canonical\" href=\"https:\/\/ppdegalicia.com\/es\/puy-incide-que-existen-distintas-formas-para-que-o-goberno-central-transfira-a-galicia-os-700-millons-que-lle-debe\/\" \/>\n<meta property=\"og:locale\" content=\"es_ES\" \/>\n<meta property=\"og:type\" content=\"article\" \/>\n<meta property=\"og:title\" content=\"Puy incide que \u201cexisten distintas formas\u201d para que o Goberno central transfira a Galicia os 700 mill\u00f3ns que lle debe - PP de Galicia\" \/>\n<meta property=\"og:description\" content=\"Santiago, 2 de setembro de 2019.- O portavoz do Grupo Popular, Pedro Puy, incidiu hoxe que \u201cexisten distintas formas\u201d para que o Goberno de Pedro S\u00e1nchez transfira \u00e1 Comunidade galega os 700 mill\u00f3ns que lle debe das entregas a conta, o IVE e as compensaci\u00f3ns por ser unha comunidade cumpridora. Neste sentido, en referencia ao [&hellip;]\" \/>\n<meta property=\"og:url\" content=\"https:\/\/ppdegalicia.com\/es\/puy-incide-que-existen-distintas-formas-para-que-o-goberno-central-transfira-a-galicia-os-700-millons-que-lle-debe\/\" \/>\n<meta property=\"og:site_name\" content=\"PP de Galicia\" \/>\n<meta property=\"article:publisher\" content=\"https:\/\/www.instagram.com\/ppdegalicia\/\" \/>\n<meta property=\"article:published_time\" content=\"2019-09-02T12:39:01+00:00\" \/>\n<meta name=\"author\" content=\"Super User\" \/>\n<meta name=\"twitter:card\" content=\"summary_large_image\" \/>\n<meta name=\"twitter:creator\" content=\"@ppdegalicia\" \/>\n<meta name=\"twitter:site\" content=\"@ppdegalicia\" \/>\n<meta name=\"twitter:label1\" content=\"Escrito por\" \/>\n\t<meta name=\"twitter:data1\" content=\"Super User\" \/>\n\t<meta name=\"twitter:label2\" content=\"Tiempo de lectura\" \/>\n\t<meta name=\"twitter:data2\" content=\"3 minutos\" \/>\n<script type=\"application\/ld+json\" class=\"yoast-schema-graph\">{\"@context\":\"https:\\\/\\\/schema.org\",\"@graph\":[{\"@type\":\"Article\",\"@id\":\"https:\\\/\\\/ppdegalicia.com\\\/es\\\/puy-incide-que-existen-distintas-formas-para-que-o-goberno-central-transfira-a-galicia-os-700-millons-que-lle-debe\\\/#article\",\"isPartOf\":{\"@id\":\"https:\\\/\\\/ppdegalicia.com\\\/es\\\/puy-incide-que-existen-distintas-formas-para-que-o-goberno-central-transfira-a-galicia-os-700-millons-que-lle-debe\\\/\"},\"author\":{\"name\":\"Super User\",\"@id\":\"https:\\\/\\\/ppdegalicia.com\\\/es\\\/#\\\/schema\\\/person\\\/d0f013b8388c980665d44009ab762960\"},\"headline\":\"Puy incide que \u201cexisten distintas formas\u201d para que o Goberno central transfira a Galicia os 700 mill\u00f3ns que lle debe\",\"datePublished\":\"2019-09-02T12:39:01+00:00\",\"mainEntityOfPage\":{\"@id\":\"https:\\\/\\\/ppdegalicia.com\\\/es\\\/puy-incide-que-existen-distintas-formas-para-que-o-goberno-central-transfira-a-galicia-os-700-millons-que-lle-debe\\\/\"},\"wordCount\":544,\"commentCount\":0,\"publisher\":{\"@id\":\"https:\\\/\\\/ppdegalicia.com\\\/es\\\/#organization\"},\"articleSection\":[\"PP de Galicia\"],\"inLanguage\":\"es\",\"potentialAction\":[{\"@type\":\"CommentAction\",\"name\":\"Comment\",\"target\":[\"https:\\\/\\\/ppdegalicia.com\\\/es\\\/puy-incide-que-existen-distintas-formas-para-que-o-goberno-central-transfira-a-galicia-os-700-millons-que-lle-debe\\\/#respond\"]}]},{\"@type\":\"WebPage\",\"@id\":\"https:\\\/\\\/ppdegalicia.com\\\/es\\\/puy-incide-que-existen-distintas-formas-para-que-o-goberno-central-transfira-a-galicia-os-700-millons-que-lle-debe\\\/\",\"url\":\"https:\\\/\\\/ppdegalicia.com\\\/es\\\/puy-incide-que-existen-distintas-formas-para-que-o-goberno-central-transfira-a-galicia-os-700-millons-que-lle-debe\\\/\",\"name\":\"Puy incide que \u201cexisten distintas formas\u201d para que o Goberno central transfira a Galicia os 700 mill\u00f3ns que lle debe - PP de Galicia\",\"isPartOf\":{\"@id\":\"https:\\\/\\\/ppdegalicia.com\\\/es\\\/#website\"},\"datePublished\":\"2019-09-02T12:39:01+00:00\",\"breadcrumb\":{\"@id\":\"https:\\\/\\\/ppdegalicia.com\\\/es\\\/puy-incide-que-existen-distintas-formas-para-que-o-goberno-central-transfira-a-galicia-os-700-millons-que-lle-debe\\\/#breadcrumb\"},\"inLanguage\":\"es\",\"potentialAction\":[{\"@type\":\"ReadAction\",\"target\":[\"https:\\\/\\\/ppdegalicia.com\\\/es\\\/puy-incide-que-existen-distintas-formas-para-que-o-goberno-central-transfira-a-galicia-os-700-millons-que-lle-debe\\\/\"]}]},{\"@type\":\"BreadcrumbList\",\"@id\":\"https:\\\/\\\/ppdegalicia.com\\\/es\\\/puy-incide-que-existen-distintas-formas-para-que-o-goberno-central-transfira-a-galicia-os-700-millons-que-lle-debe\\\/#breadcrumb\",\"itemListElement\":[{\"@type\":\"ListItem\",\"position\":1,\"name\":\"Portada\",\"item\":\"https:\\\/\\\/ppdegalicia.com\\\/es\\\/\"},{\"@type\":\"ListItem\",\"position\":2,\"name\":\"Puy incide que \u201cexisten distintas formas\u201d para que o Goberno central transfira a Galicia os 700 mill\u00f3ns que lle debe\"}]},{\"@type\":\"WebSite\",\"@id\":\"https:\\\/\\\/ppdegalicia.com\\\/es\\\/#website\",\"url\":\"https:\\\/\\\/ppdegalicia.com\\\/es\\\/\",\"name\":\"Partido Popular de Galicia\",\"description\":\"Partido Popular de Galicia\",\"publisher\":{\"@id\":\"https:\\\/\\\/ppdegalicia.com\\\/es\\\/#organization\"},\"alternateName\":\"PP de Galicia\",\"potentialAction\":[{\"@type\":\"SearchAction\",\"target\":{\"@type\":\"EntryPoint\",\"urlTemplate\":\"https:\\\/\\\/ppdegalicia.com\\\/es\\\/?s={search_term_string}\"},\"query-input\":{\"@type\":\"PropertyValueSpecification\",\"valueRequired\":true,\"valueName\":\"search_term_string\"}}],\"inLanguage\":\"es\"},{\"@type\":\"Organization\",\"@id\":\"https:\\\/\\\/ppdegalicia.com\\\/es\\\/#organization\",\"name\":\"Partido Popular de Galicia\",\"alternateName\":\"PP de Galicia\",\"url\":\"https:\\\/\\\/ppdegalicia.com\\\/es\\\/\",\"logo\":{\"@type\":\"ImageObject\",\"inLanguage\":\"es\",\"@id\":\"https:\\\/\\\/ppdegalicia.com\\\/es\\\/#\\\/schema\\\/logo\\\/image\\\/\",\"url\":\"https:\\\/\\\/ppdegalicia.com\\\/wp-content\\\/uploads\\\/2023\\\/04\\\/logoPP512.png\",\"contentUrl\":\"https:\\\/\\\/ppdegalicia.com\\\/wp-content\\\/uploads\\\/2023\\\/04\\\/logoPP512.png\",\"width\":512,\"height\":512,\"caption\":\"Partido Popular de Galicia\"},\"image\":{\"@id\":\"https:\\\/\\\/ppdegalicia.com\\\/es\\\/#\\\/schema\\\/logo\\\/image\\\/\"},\"sameAs\":[\"https:\\\/\\\/www.instagram.com\\\/ppdegalicia\\\/\",\"https:\\\/\\\/x.com\\\/ppdegalicia\",\"https:\\\/\\\/www.tiktok.com\\\/@ppdegalicia\",\"https:\\\/\\\/www.youtube.com\\\/user\\\/ppdegalicia\"]},{\"@type\":\"Person\",\"@id\":\"https:\\\/\\\/ppdegalicia.com\\\/es\\\/#\\\/schema\\\/person\\\/d0f013b8388c980665d44009ab762960\",\"name\":\"Super User\",\"image\":{\"@type\":\"ImageObject\",\"inLanguage\":\"es\",\"@id\":\"https:\\\/\\\/secure.gravatar.com\\\/avatar\\\/1db852625ef4948f58d2739bfbc51e4b9bd5c93b8fa340b59fdb594ca0845645?s=96&d=mm&r=g\",\"url\":\"https:\\\/\\\/secure.gravatar.com\\\/avatar\\\/1db852625ef4948f58d2739bfbc51e4b9bd5c93b8fa340b59fdb594ca0845645?s=96&d=mm&r=g\",\"contentUrl\":\"https:\\\/\\\/secure.gravatar.com\\\/avatar\\\/1db852625ef4948f58d2739bfbc51e4b9bd5c93b8fa340b59fdb594ca0845645?s=96&d=mm&r=g\",\"caption\":\"Super User\"},\"url\":\"https:\\\/\\\/ppdegalicia.com\\\/es\\\/author\\\/ppdegaliciagestion\\\/\"}]}<\/script>\n<!-- \/ Yoast SEO plugin. -->","yoast_head_json":{"title":"Puy incide que \u201cexisten distintas formas\u201d para que o Goberno central transfira a Galicia os 700 mill\u00f3ns que lle debe - PP de Galicia","robots":{"index":"index","follow":"follow","max-snippet":"max-snippet:-1","max-image-preview":"max-image-preview:large","max-video-preview":"max-video-preview:-1"},"canonical":"https:\/\/ppdegalicia.com\/es\/puy-incide-que-existen-distintas-formas-para-que-o-goberno-central-transfira-a-galicia-os-700-millons-que-lle-debe\/","og_locale":"es_ES","og_type":"article","og_title":"Puy incide que \u201cexisten distintas formas\u201d para que o Goberno central transfira a Galicia os 700 mill\u00f3ns que lle debe - PP de Galicia","og_description":"Santiago, 2 de setembro de 2019.- O portavoz do Grupo Popular, Pedro Puy, incidiu hoxe que \u201cexisten distintas formas\u201d para que o Goberno de Pedro S\u00e1nchez transfira \u00e1 Comunidade galega os 700 mill\u00f3ns que lle debe das entregas a conta, o IVE e as compensaci\u00f3ns por ser unha comunidade cumpridora. Neste sentido, en referencia ao [&hellip;]","og_url":"https:\/\/ppdegalicia.com\/es\/puy-incide-que-existen-distintas-formas-para-que-o-goberno-central-transfira-a-galicia-os-700-millons-que-lle-debe\/","og_site_name":"PP de Galicia","article_publisher":"https:\/\/www.instagram.com\/ppdegalicia\/","article_published_time":"2019-09-02T12:39:01+00:00","author":"Super User","twitter_card":"summary_large_image","twitter_creator":"@ppdegalicia","twitter_site":"@ppdegalicia","twitter_misc":{"Escrito por":"Super User","Tiempo de lectura":"3 minutos"},"schema":{"@context":"https:\/\/schema.org","@graph":[{"@type":"Article","@id":"https:\/\/ppdegalicia.com\/es\/puy-incide-que-existen-distintas-formas-para-que-o-goberno-central-transfira-a-galicia-os-700-millons-que-lle-debe\/#article","isPartOf":{"@id":"https:\/\/ppdegalicia.com\/es\/puy-incide-que-existen-distintas-formas-para-que-o-goberno-central-transfira-a-galicia-os-700-millons-que-lle-debe\/"},"author":{"name":"Super User","@id":"https:\/\/ppdegalicia.com\/es\/#\/schema\/person\/d0f013b8388c980665d44009ab762960"},"headline":"Puy incide que \u201cexisten distintas formas\u201d para que o Goberno central transfira a Galicia os 700 mill\u00f3ns que lle debe","datePublished":"2019-09-02T12:39:01+00:00","mainEntityOfPage":{"@id":"https:\/\/ppdegalicia.com\/es\/puy-incide-que-existen-distintas-formas-para-que-o-goberno-central-transfira-a-galicia-os-700-millons-que-lle-debe\/"},"wordCount":544,"commentCount":0,"publisher":{"@id":"https:\/\/ppdegalicia.com\/es\/#organization"},"articleSection":["PP de Galicia"],"inLanguage":"es","potentialAction":[{"@type":"CommentAction","name":"Comment","target":["https:\/\/ppdegalicia.com\/es\/puy-incide-que-existen-distintas-formas-para-que-o-goberno-central-transfira-a-galicia-os-700-millons-que-lle-debe\/#respond"]}]},{"@type":"WebPage","@id":"https:\/\/ppdegalicia.com\/es\/puy-incide-que-existen-distintas-formas-para-que-o-goberno-central-transfira-a-galicia-os-700-millons-que-lle-debe\/","url":"https:\/\/ppdegalicia.com\/es\/puy-incide-que-existen-distintas-formas-para-que-o-goberno-central-transfira-a-galicia-os-700-millons-que-lle-debe\/","name":"Puy incide que \u201cexisten distintas formas\u201d para que o Goberno central transfira a Galicia os 700 mill\u00f3ns que lle debe - PP de Galicia","isPartOf":{"@id":"https:\/\/ppdegalicia.com\/es\/#website"},"datePublished":"2019-09-02T12:39:01+00:00","breadcrumb":{"@id":"https:\/\/ppdegalicia.com\/es\/puy-incide-que-existen-distintas-formas-para-que-o-goberno-central-transfira-a-galicia-os-700-millons-que-lle-debe\/#breadcrumb"},"inLanguage":"es","potentialAction":[{"@type":"ReadAction","target":["https:\/\/ppdegalicia.com\/es\/puy-incide-que-existen-distintas-formas-para-que-o-goberno-central-transfira-a-galicia-os-700-millons-que-lle-debe\/"]}]},{"@type":"BreadcrumbList","@id":"https:\/\/ppdegalicia.com\/es\/puy-incide-que-existen-distintas-formas-para-que-o-goberno-central-transfira-a-galicia-os-700-millons-que-lle-debe\/#breadcrumb","itemListElement":[{"@type":"ListItem","position":1,"name":"Portada","item":"https:\/\/ppdegalicia.com\/es\/"},{"@type":"ListItem","position":2,"name":"Puy incide que \u201cexisten distintas formas\u201d para que o Goberno central transfira a Galicia os 700 mill\u00f3ns que lle debe"}]},{"@type":"WebSite","@id":"https:\/\/ppdegalicia.com\/es\/#website","url":"https:\/\/ppdegalicia.com\/es\/","name":"Partido Popular de Galicia","description":"Partido Popular de Galicia","publisher":{"@id":"https:\/\/ppdegalicia.com\/es\/#organization"},"alternateName":"PP de Galicia","potentialAction":[{"@type":"SearchAction","target":{"@type":"EntryPoint","urlTemplate":"https:\/\/ppdegalicia.com\/es\/?s={search_term_string}"},"query-input":{"@type":"PropertyValueSpecification","valueRequired":true,"valueName":"search_term_string"}}],"inLanguage":"es"},{"@type":"Organization","@id":"https:\/\/ppdegalicia.com\/es\/#organization","name":"Partido Popular de Galicia","alternateName":"PP de Galicia","url":"https:\/\/ppdegalicia.com\/es\/","logo":{"@type":"ImageObject","inLanguage":"es","@id":"https:\/\/ppdegalicia.com\/es\/#\/schema\/logo\/image\/","url":"https:\/\/ppdegalicia.com\/wp-content\/uploads\/2023\/04\/logoPP512.png","contentUrl":"https:\/\/ppdegalicia.com\/wp-content\/uploads\/2023\/04\/logoPP512.png","width":512,"height":512,"caption":"Partido Popular de Galicia"},"image":{"@id":"https:\/\/ppdegalicia.com\/es\/#\/schema\/logo\/image\/"},"sameAs":["https:\/\/www.instagram.com\/ppdegalicia\/","https:\/\/x.com\/ppdegalicia","https:\/\/www.tiktok.com\/@ppdegalicia","https:\/\/www.youtube.com\/user\/ppdegalicia"]},{"@type":"Person","@id":"https:\/\/ppdegalicia.com\/es\/#\/schema\/person\/d0f013b8388c980665d44009ab762960","name":"Super User","image":{"@type":"ImageObject","inLanguage":"es","@id":"https:\/\/secure.gravatar.com\/avatar\/1db852625ef4948f58d2739bfbc51e4b9bd5c93b8fa340b59fdb594ca0845645?s=96&d=mm&r=g","url":"https:\/\/secure.gravatar.com\/avatar\/1db852625ef4948f58d2739bfbc51e4b9bd5c93b8fa340b59fdb594ca0845645?s=96&d=mm&r=g","contentUrl":"https:\/\/secure.gravatar.com\/avatar\/1db852625ef4948f58d2739bfbc51e4b9bd5c93b8fa340b59fdb594ca0845645?s=96&d=mm&r=g","caption":"Super User"},"url":"https:\/\/ppdegalicia.com\/es\/author\/ppdegaliciagestion\/"}]}},"_links":{"self":[{"href":"https:\/\/ppdegalicia.com\/es\/wp-json\/wp\/v2\/posts\/52314","targetHints":{"allow":["GET"]}}],"collection":[{"href":"https:\/\/ppdegalicia.com\/es\/wp-json\/wp\/v2\/posts"}],"about":[{"href":"https:\/\/ppdegalicia.com\/es\/wp-json\/wp\/v2\/types\/post"}],"author":[{"embeddable":true,"href":"https:\/\/ppdegalicia.com\/es\/wp-json\/wp\/v2\/users\/37"}],"replies":[{"embeddable":true,"href":"https:\/\/ppdegalicia.com\/es\/wp-json\/wp\/v2\/comments?post=52314"}],"version-history":[{"count":0,"href":"https:\/\/ppdegalicia.com\/es\/wp-json\/wp\/v2\/posts\/52314\/revisions"}],"wp:attachment":[{"href":"https:\/\/ppdegalicia.com\/es\/wp-json\/wp\/v2\/media?parent=52314"}],"wp:term":[{"taxonomy":"category","embeddable":true,"href":"https:\/\/ppdegalicia.com\/es\/wp-json\/wp\/v2\/categories?post=52314"},{"taxonomy":"post_tag","embeddable":true,"href":"https:\/\/ppdegalicia.com\/es\/wp-json\/wp\/v2\/tags?post=52314"}],"curies":[{"name":"wp","href":"https:\/\/api.w.org\/{rel}","templated":true}]}}