{"id":52320,"date":"2019-05-02T12:08:56","date_gmt":"2019-05-02T10:08:56","guid":{"rendered":"https:\/\/ppdegalicia.com\/o-parlamento-galego-pide-un-reparto-de-fondos-para-politicas-activas-de-emprego-que-non-prexudique-a-galicia\/"},"modified":"2019-05-02T12:08:56","modified_gmt":"2019-05-02T10:08:56","slug":"o-parlamento-galego-pide-un-reparto-de-fondos-para-politicas-activas-de-emprego-que-non-prexudique-a-galicia","status":"publish","type":"post","link":"https:\/\/ppdegalicia.com\/es\/o-parlamento-galego-pide-un-reparto-de-fondos-para-politicas-activas-de-emprego-que-non-prexudique-a-galicia\/","title":{"rendered":"O Parlamento galego pide un reparto de fondos para pol\u00edticas activas de emprego que non prexudique a Galicia"},"content":{"rendered":"<p>Santiago, 2 de maio de 2019.- O Parlamento de Galicia aprobou hoxe a proposici\u00f3n non de lei do Grupo Popular a trav\u00e9s da que se lle solicita ao Goberno Central retomar os criterios de distribuci\u00f3n dos fondos \u00e1s comunidades aut\u00f3nomas para pol\u00edticas activas de emprego, nos que se primaba \u00e1s comunidades que como Galicia est\u00e1n a impulsar programas pioneiros e innovadores que favorecen a creaci\u00f3n de emprego estable e con futuro.<\/p>\n<p><!--more--><\/p>\n<p>&nbsp;<\/p>\n<p>&nbsp;<\/p>\n<p>O viceportavoz Miguel Tellado explicou que o executivo de Pedro S\u00e1nchez impulsou desde a Conferencia Sectorial de Emprego e Asuntos Laborais unha variaci\u00f3n destes criterios na que se reduce a importancia que se estaba dando ao cumprimento de obxectivos establecidos polo Plan Anual de Pol\u00edticas de Emprego. En cambio, utiliza uns datos e estat\u00edsticas que non te\u00f1en en conta para nada a efectividade das pol\u00edticas a prol do emprego.<\/p>\n<p>&nbsp;<\/p>\n<p><strong>PENALIZA A GALICIA<\/strong><\/p>\n<p>&nbsp;<\/p>\n<p>Tellado incidiu en que \u201ceste novo sistema prexudica claramente a Galicia porque levar\u00e1 consigo a unha paulatina reduci\u00f3n do peso que ti\u00f1amos na distribuci\u00f3n dos fondos \u00e1s administraci\u00f3ns auton\u00f3micas, penalizando os nosos bos resultados na evoluci\u00f3n do desemprego durante os \u00faltimos anos\u201d. As\u00ed, lembrou alg\u00fan dos datos co\u00f1ecidos na \u00faltima Enquisa de Poboaci\u00f3n Activa (EPA) para ilustrar esta realidade, como que a taxa de paro est\u00e1 moi por debaixo do nivel de 2010 e segue sendo mellor que a de Espa\u00f1a en 2,23 puntos.<\/p>\n<p>&nbsp;<\/p>\n<p>Do mesmo xeito, Miguel Tellado subli\u00f1ou que \u201cna nosa comunidade se elaborou a Axenda 20 coa que se impulsa o traballo e a formaci\u00f3n de calidade para incrementar as oportunidades laborais dos galegos; as\u00ed coma o programa Galicia Emprega, co que se est\u00e1 apoiando a formaci\u00f3n e a contrataci\u00f3n de 1.100 mulleres, parados de longa duraci\u00f3n, mozos e mozas e persoas con capacidades diferentes cun orzamento de 9,4 mill\u00f3ns de euros, un 9% m\u00e1is que en 2018\u201d.<\/p>\n<p>&nbsp;<\/p>\n<p>O viceportavoz conclu\u00edu que \u201cos datos din que temos un balance que nos lexitima para presentar esta iniciativa\u201d e prognosticou que \u201cnesta vindeira lexislatura nacional imos falar moito de emprego, e seguramente poucas veces vai ser por noticias positivas\u201d.<\/p>\n","protected":false},"excerpt":{"rendered":"<p>Santiago, 2 de maio de 2019.- O Parlamento de Galicia aprobou hoxe a proposici\u00f3n non de lei do Grupo Popular a trav\u00e9s da que se lle solicita ao Goberno Central retomar os criterios de distribuci\u00f3n dos fondos \u00e1s comunidades aut\u00f3nomas para pol\u00edticas activas de emprego, nos que se primaba \u00e1s comunidades que como Galicia est\u00e1n [&hellip;]<\/p>\n","protected":false},"author":37,"featured_media":0,"comment_status":"open","ping_status":"open","sticky":false,"template":"","format":"standard","meta":{"_acf_changed":false,"footnotes":""},"categories":[1],"tags":[],"class_list":["post-52320","post","type-post","status-publish","format-standard","hentry","category-pp-de-galicia"],"acf":[],"yoast_head":"<!-- This site is optimized with the Yoast SEO plugin v27.3 - https:\/\/yoast.com\/product\/yoast-seo-wordpress\/ -->\n<title>O Parlamento galego pide un reparto de fondos para pol\u00edticas activas de emprego que non prexudique a Galicia - PP de Galicia<\/title>\n<meta name=\"robots\" content=\"index, follow, max-snippet:-1, max-image-preview:large, max-video-preview:-1\" \/>\n<link rel=\"canonical\" href=\"https:\/\/ppdegalicia.com\/es\/o-parlamento-galego-pide-un-reparto-de-fondos-para-politicas-activas-de-emprego-que-non-prexudique-a-galicia\/\" \/>\n<meta property=\"og:locale\" content=\"es_ES\" \/>\n<meta property=\"og:type\" content=\"article\" \/>\n<meta property=\"og:title\" content=\"O Parlamento galego pide un reparto de fondos para pol\u00edticas activas de emprego que non prexudique a Galicia - PP de Galicia\" \/>\n<meta property=\"og:description\" content=\"Santiago, 2 de maio de 2019.- O Parlamento de Galicia aprobou hoxe a proposici\u00f3n non de lei do Grupo Popular a trav\u00e9s da que se lle solicita ao Goberno Central retomar os criterios de distribuci\u00f3n dos fondos \u00e1s comunidades aut\u00f3nomas para pol\u00edticas activas de emprego, nos que se primaba \u00e1s comunidades que como Galicia est\u00e1n [&hellip;]\" \/>\n<meta property=\"og:url\" content=\"https:\/\/ppdegalicia.com\/es\/o-parlamento-galego-pide-un-reparto-de-fondos-para-politicas-activas-de-emprego-que-non-prexudique-a-galicia\/\" \/>\n<meta property=\"og:site_name\" content=\"PP de Galicia\" \/>\n<meta property=\"article:publisher\" content=\"https:\/\/www.instagram.com\/ppdegalicia\/\" \/>\n<meta property=\"article:published_time\" content=\"2019-05-02T10:08:56+00:00\" \/>\n<meta name=\"author\" content=\"Super User\" \/>\n<meta name=\"twitter:card\" content=\"summary_large_image\" \/>\n<meta name=\"twitter:creator\" content=\"@ppdegalicia\" \/>\n<meta name=\"twitter:site\" content=\"@ppdegalicia\" \/>\n<meta name=\"twitter:label1\" content=\"Escrito por\" \/>\n\t<meta name=\"twitter:data1\" content=\"Super User\" \/>\n\t<meta name=\"twitter:label2\" content=\"Tiempo de lectura\" \/>\n\t<meta name=\"twitter:data2\" content=\"2 minutos\" \/>\n<script type=\"application\/ld+json\" class=\"yoast-schema-graph\">{\"@context\":\"https:\\\/\\\/schema.org\",\"@graph\":[{\"@type\":\"Article\",\"@id\":\"https:\\\/\\\/ppdegalicia.com\\\/es\\\/o-parlamento-galego-pide-un-reparto-de-fondos-para-politicas-activas-de-emprego-que-non-prexudique-a-galicia\\\/#article\",\"isPartOf\":{\"@id\":\"https:\\\/\\\/ppdegalicia.com\\\/es\\\/o-parlamento-galego-pide-un-reparto-de-fondos-para-politicas-activas-de-emprego-que-non-prexudique-a-galicia\\\/\"},\"author\":{\"name\":\"Super User\",\"@id\":\"https:\\\/\\\/ppdegalicia.com\\\/es\\\/#\\\/schema\\\/person\\\/d0f013b8388c980665d44009ab762960\"},\"headline\":\"O Parlamento galego pide un reparto de fondos para pol\u00edticas activas de emprego que non prexudique a Galicia\",\"datePublished\":\"2019-05-02T10:08:56+00:00\",\"mainEntityOfPage\":{\"@id\":\"https:\\\/\\\/ppdegalicia.com\\\/es\\\/o-parlamento-galego-pide-un-reparto-de-fondos-para-politicas-activas-de-emprego-que-non-prexudique-a-galicia\\\/\"},\"wordCount\":391,\"commentCount\":0,\"publisher\":{\"@id\":\"https:\\\/\\\/ppdegalicia.com\\\/es\\\/#organization\"},\"articleSection\":[\"PP de Galicia\"],\"inLanguage\":\"es\",\"potentialAction\":[{\"@type\":\"CommentAction\",\"name\":\"Comment\",\"target\":[\"https:\\\/\\\/ppdegalicia.com\\\/es\\\/o-parlamento-galego-pide-un-reparto-de-fondos-para-politicas-activas-de-emprego-que-non-prexudique-a-galicia\\\/#respond\"]}]},{\"@type\":\"WebPage\",\"@id\":\"https:\\\/\\\/ppdegalicia.com\\\/es\\\/o-parlamento-galego-pide-un-reparto-de-fondos-para-politicas-activas-de-emprego-que-non-prexudique-a-galicia\\\/\",\"url\":\"https:\\\/\\\/ppdegalicia.com\\\/es\\\/o-parlamento-galego-pide-un-reparto-de-fondos-para-politicas-activas-de-emprego-que-non-prexudique-a-galicia\\\/\",\"name\":\"O Parlamento galego pide un reparto de fondos para pol\u00edticas activas de emprego que non prexudique a Galicia - PP de Galicia\",\"isPartOf\":{\"@id\":\"https:\\\/\\\/ppdegalicia.com\\\/es\\\/#website\"},\"datePublished\":\"2019-05-02T10:08:56+00:00\",\"breadcrumb\":{\"@id\":\"https:\\\/\\\/ppdegalicia.com\\\/es\\\/o-parlamento-galego-pide-un-reparto-de-fondos-para-politicas-activas-de-emprego-que-non-prexudique-a-galicia\\\/#breadcrumb\"},\"inLanguage\":\"es\",\"potentialAction\":[{\"@type\":\"ReadAction\",\"target\":[\"https:\\\/\\\/ppdegalicia.com\\\/es\\\/o-parlamento-galego-pide-un-reparto-de-fondos-para-politicas-activas-de-emprego-que-non-prexudique-a-galicia\\\/\"]}]},{\"@type\":\"BreadcrumbList\",\"@id\":\"https:\\\/\\\/ppdegalicia.com\\\/es\\\/o-parlamento-galego-pide-un-reparto-de-fondos-para-politicas-activas-de-emprego-que-non-prexudique-a-galicia\\\/#breadcrumb\",\"itemListElement\":[{\"@type\":\"ListItem\",\"position\":1,\"name\":\"Portada\",\"item\":\"https:\\\/\\\/ppdegalicia.com\\\/es\\\/\"},{\"@type\":\"ListItem\",\"position\":2,\"name\":\"O Parlamento galego pide un reparto de fondos para pol\u00edticas activas de emprego que non prexudique a Galicia\"}]},{\"@type\":\"WebSite\",\"@id\":\"https:\\\/\\\/ppdegalicia.com\\\/es\\\/#website\",\"url\":\"https:\\\/\\\/ppdegalicia.com\\\/es\\\/\",\"name\":\"Partido Popular de Galicia\",\"description\":\"Partido Popular de Galicia\",\"publisher\":{\"@id\":\"https:\\\/\\\/ppdegalicia.com\\\/es\\\/#organization\"},\"alternateName\":\"PP de Galicia\",\"potentialAction\":[{\"@type\":\"SearchAction\",\"target\":{\"@type\":\"EntryPoint\",\"urlTemplate\":\"https:\\\/\\\/ppdegalicia.com\\\/es\\\/?s={search_term_string}\"},\"query-input\":{\"@type\":\"PropertyValueSpecification\",\"valueRequired\":true,\"valueName\":\"search_term_string\"}}],\"inLanguage\":\"es\"},{\"@type\":\"Organization\",\"@id\":\"https:\\\/\\\/ppdegalicia.com\\\/es\\\/#organization\",\"name\":\"Partido Popular de Galicia\",\"alternateName\":\"PP de Galicia\",\"url\":\"https:\\\/\\\/ppdegalicia.com\\\/es\\\/\",\"logo\":{\"@type\":\"ImageObject\",\"inLanguage\":\"es\",\"@id\":\"https:\\\/\\\/ppdegalicia.com\\\/es\\\/#\\\/schema\\\/logo\\\/image\\\/\",\"url\":\"https:\\\/\\\/ppdegalicia.com\\\/wp-content\\\/uploads\\\/2023\\\/04\\\/logoPP512.png\",\"contentUrl\":\"https:\\\/\\\/ppdegalicia.com\\\/wp-content\\\/uploads\\\/2023\\\/04\\\/logoPP512.png\",\"width\":512,\"height\":512,\"caption\":\"Partido Popular de Galicia\"},\"image\":{\"@id\":\"https:\\\/\\\/ppdegalicia.com\\\/es\\\/#\\\/schema\\\/logo\\\/image\\\/\"},\"sameAs\":[\"https:\\\/\\\/www.instagram.com\\\/ppdegalicia\\\/\",\"https:\\\/\\\/x.com\\\/ppdegalicia\",\"https:\\\/\\\/www.tiktok.com\\\/@ppdegalicia\",\"https:\\\/\\\/www.youtube.com\\\/user\\\/ppdegalicia\"]},{\"@type\":\"Person\",\"@id\":\"https:\\\/\\\/ppdegalicia.com\\\/es\\\/#\\\/schema\\\/person\\\/d0f013b8388c980665d44009ab762960\",\"name\":\"Super User\",\"image\":{\"@type\":\"ImageObject\",\"inLanguage\":\"es\",\"@id\":\"https:\\\/\\\/secure.gravatar.com\\\/avatar\\\/1db852625ef4948f58d2739bfbc51e4b9bd5c93b8fa340b59fdb594ca0845645?s=96&d=mm&r=g\",\"url\":\"https:\\\/\\\/secure.gravatar.com\\\/avatar\\\/1db852625ef4948f58d2739bfbc51e4b9bd5c93b8fa340b59fdb594ca0845645?s=96&d=mm&r=g\",\"contentUrl\":\"https:\\\/\\\/secure.gravatar.com\\\/avatar\\\/1db852625ef4948f58d2739bfbc51e4b9bd5c93b8fa340b59fdb594ca0845645?s=96&d=mm&r=g\",\"caption\":\"Super User\"},\"url\":\"https:\\\/\\\/ppdegalicia.com\\\/es\\\/author\\\/ppdegaliciagestion\\\/\"}]}<\/script>\n<!-- \/ Yoast SEO plugin. -->","yoast_head_json":{"title":"O Parlamento galego pide un reparto de fondos para pol\u00edticas activas de emprego que non prexudique a Galicia - PP de Galicia","robots":{"index":"index","follow":"follow","max-snippet":"max-snippet:-1","max-image-preview":"max-image-preview:large","max-video-preview":"max-video-preview:-1"},"canonical":"https:\/\/ppdegalicia.com\/es\/o-parlamento-galego-pide-un-reparto-de-fondos-para-politicas-activas-de-emprego-que-non-prexudique-a-galicia\/","og_locale":"es_ES","og_type":"article","og_title":"O Parlamento galego pide un reparto de fondos para pol\u00edticas activas de emprego que non prexudique a Galicia - PP de Galicia","og_description":"Santiago, 2 de maio de 2019.- O Parlamento de Galicia aprobou hoxe a proposici\u00f3n non de lei do Grupo Popular a trav\u00e9s da que se lle solicita ao Goberno Central retomar os criterios de distribuci\u00f3n dos fondos \u00e1s comunidades aut\u00f3nomas para pol\u00edticas activas de emprego, nos que se primaba \u00e1s comunidades que como Galicia est\u00e1n [&hellip;]","og_url":"https:\/\/ppdegalicia.com\/es\/o-parlamento-galego-pide-un-reparto-de-fondos-para-politicas-activas-de-emprego-que-non-prexudique-a-galicia\/","og_site_name":"PP de Galicia","article_publisher":"https:\/\/www.instagram.com\/ppdegalicia\/","article_published_time":"2019-05-02T10:08:56+00:00","author":"Super User","twitter_card":"summary_large_image","twitter_creator":"@ppdegalicia","twitter_site":"@ppdegalicia","twitter_misc":{"Escrito por":"Super User","Tiempo de lectura":"2 minutos"},"schema":{"@context":"https:\/\/schema.org","@graph":[{"@type":"Article","@id":"https:\/\/ppdegalicia.com\/es\/o-parlamento-galego-pide-un-reparto-de-fondos-para-politicas-activas-de-emprego-que-non-prexudique-a-galicia\/#article","isPartOf":{"@id":"https:\/\/ppdegalicia.com\/es\/o-parlamento-galego-pide-un-reparto-de-fondos-para-politicas-activas-de-emprego-que-non-prexudique-a-galicia\/"},"author":{"name":"Super User","@id":"https:\/\/ppdegalicia.com\/es\/#\/schema\/person\/d0f013b8388c980665d44009ab762960"},"headline":"O Parlamento galego pide un reparto de fondos para pol\u00edticas activas de emprego que non prexudique a Galicia","datePublished":"2019-05-02T10:08:56+00:00","mainEntityOfPage":{"@id":"https:\/\/ppdegalicia.com\/es\/o-parlamento-galego-pide-un-reparto-de-fondos-para-politicas-activas-de-emprego-que-non-prexudique-a-galicia\/"},"wordCount":391,"commentCount":0,"publisher":{"@id":"https:\/\/ppdegalicia.com\/es\/#organization"},"articleSection":["PP de Galicia"],"inLanguage":"es","potentialAction":[{"@type":"CommentAction","name":"Comment","target":["https:\/\/ppdegalicia.com\/es\/o-parlamento-galego-pide-un-reparto-de-fondos-para-politicas-activas-de-emprego-que-non-prexudique-a-galicia\/#respond"]}]},{"@type":"WebPage","@id":"https:\/\/ppdegalicia.com\/es\/o-parlamento-galego-pide-un-reparto-de-fondos-para-politicas-activas-de-emprego-que-non-prexudique-a-galicia\/","url":"https:\/\/ppdegalicia.com\/es\/o-parlamento-galego-pide-un-reparto-de-fondos-para-politicas-activas-de-emprego-que-non-prexudique-a-galicia\/","name":"O Parlamento galego pide un reparto de fondos para pol\u00edticas activas de emprego que non prexudique a Galicia - PP de Galicia","isPartOf":{"@id":"https:\/\/ppdegalicia.com\/es\/#website"},"datePublished":"2019-05-02T10:08:56+00:00","breadcrumb":{"@id":"https:\/\/ppdegalicia.com\/es\/o-parlamento-galego-pide-un-reparto-de-fondos-para-politicas-activas-de-emprego-que-non-prexudique-a-galicia\/#breadcrumb"},"inLanguage":"es","potentialAction":[{"@type":"ReadAction","target":["https:\/\/ppdegalicia.com\/es\/o-parlamento-galego-pide-un-reparto-de-fondos-para-politicas-activas-de-emprego-que-non-prexudique-a-galicia\/"]}]},{"@type":"BreadcrumbList","@id":"https:\/\/ppdegalicia.com\/es\/o-parlamento-galego-pide-un-reparto-de-fondos-para-politicas-activas-de-emprego-que-non-prexudique-a-galicia\/#breadcrumb","itemListElement":[{"@type":"ListItem","position":1,"name":"Portada","item":"https:\/\/ppdegalicia.com\/es\/"},{"@type":"ListItem","position":2,"name":"O Parlamento galego pide un reparto de fondos para pol\u00edticas activas de emprego que non prexudique a Galicia"}]},{"@type":"WebSite","@id":"https:\/\/ppdegalicia.com\/es\/#website","url":"https:\/\/ppdegalicia.com\/es\/","name":"Partido Popular de Galicia","description":"Partido Popular de Galicia","publisher":{"@id":"https:\/\/ppdegalicia.com\/es\/#organization"},"alternateName":"PP de Galicia","potentialAction":[{"@type":"SearchAction","target":{"@type":"EntryPoint","urlTemplate":"https:\/\/ppdegalicia.com\/es\/?s={search_term_string}"},"query-input":{"@type":"PropertyValueSpecification","valueRequired":true,"valueName":"search_term_string"}}],"inLanguage":"es"},{"@type":"Organization","@id":"https:\/\/ppdegalicia.com\/es\/#organization","name":"Partido Popular de Galicia","alternateName":"PP de Galicia","url":"https:\/\/ppdegalicia.com\/es\/","logo":{"@type":"ImageObject","inLanguage":"es","@id":"https:\/\/ppdegalicia.com\/es\/#\/schema\/logo\/image\/","url":"https:\/\/ppdegalicia.com\/wp-content\/uploads\/2023\/04\/logoPP512.png","contentUrl":"https:\/\/ppdegalicia.com\/wp-content\/uploads\/2023\/04\/logoPP512.png","width":512,"height":512,"caption":"Partido Popular de Galicia"},"image":{"@id":"https:\/\/ppdegalicia.com\/es\/#\/schema\/logo\/image\/"},"sameAs":["https:\/\/www.instagram.com\/ppdegalicia\/","https:\/\/x.com\/ppdegalicia","https:\/\/www.tiktok.com\/@ppdegalicia","https:\/\/www.youtube.com\/user\/ppdegalicia"]},{"@type":"Person","@id":"https:\/\/ppdegalicia.com\/es\/#\/schema\/person\/d0f013b8388c980665d44009ab762960","name":"Super User","image":{"@type":"ImageObject","inLanguage":"es","@id":"https:\/\/secure.gravatar.com\/avatar\/1db852625ef4948f58d2739bfbc51e4b9bd5c93b8fa340b59fdb594ca0845645?s=96&d=mm&r=g","url":"https:\/\/secure.gravatar.com\/avatar\/1db852625ef4948f58d2739bfbc51e4b9bd5c93b8fa340b59fdb594ca0845645?s=96&d=mm&r=g","contentUrl":"https:\/\/secure.gravatar.com\/avatar\/1db852625ef4948f58d2739bfbc51e4b9bd5c93b8fa340b59fdb594ca0845645?s=96&d=mm&r=g","caption":"Super User"},"url":"https:\/\/ppdegalicia.com\/es\/author\/ppdegaliciagestion\/"}]}},"_links":{"self":[{"href":"https:\/\/ppdegalicia.com\/es\/wp-json\/wp\/v2\/posts\/52320","targetHints":{"allow":["GET"]}}],"collection":[{"href":"https:\/\/ppdegalicia.com\/es\/wp-json\/wp\/v2\/posts"}],"about":[{"href":"https:\/\/ppdegalicia.com\/es\/wp-json\/wp\/v2\/types\/post"}],"author":[{"embeddable":true,"href":"https:\/\/ppdegalicia.com\/es\/wp-json\/wp\/v2\/users\/37"}],"replies":[{"embeddable":true,"href":"https:\/\/ppdegalicia.com\/es\/wp-json\/wp\/v2\/comments?post=52320"}],"version-history":[{"count":0,"href":"https:\/\/ppdegalicia.com\/es\/wp-json\/wp\/v2\/posts\/52320\/revisions"}],"wp:attachment":[{"href":"https:\/\/ppdegalicia.com\/es\/wp-json\/wp\/v2\/media?parent=52320"}],"wp:term":[{"taxonomy":"category","embeddable":true,"href":"https:\/\/ppdegalicia.com\/es\/wp-json\/wp\/v2\/categories?post=52320"},{"taxonomy":"post_tag","embeddable":true,"href":"https:\/\/ppdegalicia.com\/es\/wp-json\/wp\/v2\/tags?post=52320"}],"curies":[{"name":"wp","href":"https:\/\/api.w.org\/{rel}","templated":true}]}}