{"id":52322,"date":"2019-05-03T10:43:14","date_gmt":"2019-05-03T08:43:14","guid":{"rendered":"https:\/\/ppdegalicia.com\/o-ppdeg-incide-que-a-declaracion-de-impacto-ambiental-do-proxecto-da-mina-de-touro-sera-o-resultado-de-avaliacions-profesionais-e-independentes\/"},"modified":"2019-05-03T10:43:14","modified_gmt":"2019-05-03T08:43:14","slug":"o-ppdeg-incide-que-a-declaracion-de-impacto-ambiental-do-proxecto-da-mina-de-touro-sera-o-resultado-de-avaliacions-profesionais-e-independentes","status":"publish","type":"post","link":"https:\/\/ppdegalicia.com\/es\/o-ppdeg-incide-que-a-declaracion-de-impacto-ambiental-do-proxecto-da-mina-de-touro-sera-o-resultado-de-avaliacions-profesionais-e-independentes\/","title":{"rendered":"O PPdeG incide que a declaraci\u00f3n de impacto ambiental do proxecto da mina de Touro ser\u00e1 o resultado de avaliaci\u00f3ns profesionais e independentes"},"content":{"rendered":"<p>Santiago, 3 de maio de 2019.- A portavoz do Mar do Grupo Popular, Teresa Egerique, incidiu hoxe no Parlamento que a declaraci\u00f3n de impacto ambiental do proxecto da mina de Touro \u201cser\u00e1 o resultado de avaliaci\u00f3ns profesionais e dos informes de t\u00e9cnicos independentes, que determinar\u00e1n se o proxecto cumpre estritamente ou non a normativa ambiental\u201d.<\/p>\n<p><!--more--><\/p>\n<p>&nbsp;<\/p>\n<p>Egerique subli\u00f1ou que \u201ca Xunta, a trav\u00e9s de Augas de Galicia, est\u00e1 a velar polo cumprimento da lei, vix\u00eda o estado das masas das augas e traballa para minimizar as afecci\u00f3ns \u00e1s concas dos r\u00edos na contorna da antiga mina de Touro\u201d. \u201cA Xunta non vai consentir ningunha actuaci\u00f3n nin actividade que supo\u00f1a maiores afecci\u00f3ns ao medio h\u00eddrico e empeoramento das masas de auga\u201d, asegurou.<\/p>\n<p>&nbsp;<\/p>\n<p>Neste sentido, explicou que \u201ccando a Xunta detecta un incumprimento da lei, \u00e1brese o expediente sancionador que corresponde\u201d. As\u00ed, s\u00f3 no \u00faltimo ano Augas de Galicia ten incoado expedientes sancionadores \u00e1 empresa por importe de 80.000 euros por vertidos non autorizados, \u201cporque esa \u00e9 a obriga deste organismo: velar polo bo estado das masas de auga dos r\u00edos\u201d.<\/p>\n<p>&nbsp;<\/p>\n<p>A portavoz popular manifestou que \u201cos informes ambientais non se poden basear noutros aspectos que non sexa meramente t\u00e9cnicos\u201d e anotou que \u201cnin desde o Parlamento nin desde a Xunta se pode interferir nin condicionar para que estes informes sexa favorables ou desfavorables\u201d.<\/p>\n","protected":false},"excerpt":{"rendered":"<p>Santiago, 3 de maio de 2019.- A portavoz do Mar do Grupo Popular, Teresa Egerique, incidiu hoxe no Parlamento que a declaraci\u00f3n de impacto ambiental do proxecto da mina de Touro \u201cser\u00e1 o resultado de avaliaci\u00f3ns profesionais e dos informes de t\u00e9cnicos independentes, que determinar\u00e1n se o proxecto cumpre estritamente ou non a normativa ambiental\u201d.<\/p>\n","protected":false},"author":37,"featured_media":0,"comment_status":"open","ping_status":"open","sticky":false,"template":"","format":"standard","meta":{"_acf_changed":false,"footnotes":""},"categories":[1],"tags":[],"class_list":["post-52322","post","type-post","status-publish","format-standard","hentry","category-pp-de-galicia"],"acf":[],"yoast_head":"<!-- This site is optimized with the Yoast SEO plugin v27.3 - https:\/\/yoast.com\/product\/yoast-seo-wordpress\/ -->\n<title>O PPdeG incide que a declaraci\u00f3n de impacto ambiental do proxecto da mina de Touro ser\u00e1 o resultado de avaliaci\u00f3ns profesionais e independentes - PP de Galicia<\/title>\n<meta name=\"robots\" content=\"index, follow, max-snippet:-1, max-image-preview:large, max-video-preview:-1\" \/>\n<link rel=\"canonical\" href=\"https:\/\/ppdegalicia.com\/es\/o-ppdeg-incide-que-a-declaracion-de-impacto-ambiental-do-proxecto-da-mina-de-touro-sera-o-resultado-de-avaliacions-profesionais-e-independentes\/\" \/>\n<meta property=\"og:locale\" content=\"es_ES\" \/>\n<meta property=\"og:type\" content=\"article\" \/>\n<meta property=\"og:title\" content=\"O PPdeG incide que a declaraci\u00f3n de impacto ambiental do proxecto da mina de Touro ser\u00e1 o resultado de avaliaci\u00f3ns profesionais e independentes - PP de Galicia\" \/>\n<meta property=\"og:description\" content=\"Santiago, 3 de maio de 2019.- A portavoz do Mar do Grupo Popular, Teresa Egerique, incidiu hoxe no Parlamento que a declaraci\u00f3n de impacto ambiental do proxecto da mina de Touro \u201cser\u00e1 o resultado de avaliaci\u00f3ns profesionais e dos informes de t\u00e9cnicos independentes, que determinar\u00e1n se o proxecto cumpre estritamente ou non a normativa ambiental\u201d.\" \/>\n<meta property=\"og:url\" content=\"https:\/\/ppdegalicia.com\/es\/o-ppdeg-incide-que-a-declaracion-de-impacto-ambiental-do-proxecto-da-mina-de-touro-sera-o-resultado-de-avaliacions-profesionais-e-independentes\/\" \/>\n<meta property=\"og:site_name\" content=\"PP de Galicia\" \/>\n<meta property=\"article:publisher\" content=\"https:\/\/www.instagram.com\/ppdegalicia\/\" \/>\n<meta property=\"article:published_time\" content=\"2019-05-03T08:43:14+00:00\" \/>\n<meta name=\"author\" content=\"Super User\" \/>\n<meta name=\"twitter:card\" content=\"summary_large_image\" \/>\n<meta name=\"twitter:creator\" content=\"@ppdegalicia\" \/>\n<meta name=\"twitter:site\" content=\"@ppdegalicia\" \/>\n<meta name=\"twitter:label1\" content=\"Escrito por\" \/>\n\t<meta name=\"twitter:data1\" content=\"Super User\" \/>\n\t<meta name=\"twitter:label2\" content=\"Tiempo de lectura\" \/>\n\t<meta name=\"twitter:data2\" content=\"1 minuto\" \/>\n<script type=\"application\/ld+json\" class=\"yoast-schema-graph\">{\"@context\":\"https:\\\/\\\/schema.org\",\"@graph\":[{\"@type\":\"Article\",\"@id\":\"https:\\\/\\\/ppdegalicia.com\\\/es\\\/o-ppdeg-incide-que-a-declaracion-de-impacto-ambiental-do-proxecto-da-mina-de-touro-sera-o-resultado-de-avaliacions-profesionais-e-independentes\\\/#article\",\"isPartOf\":{\"@id\":\"https:\\\/\\\/ppdegalicia.com\\\/es\\\/o-ppdeg-incide-que-a-declaracion-de-impacto-ambiental-do-proxecto-da-mina-de-touro-sera-o-resultado-de-avaliacions-profesionais-e-independentes\\\/\"},\"author\":{\"name\":\"Super User\",\"@id\":\"https:\\\/\\\/ppdegalicia.com\\\/es\\\/#\\\/schema\\\/person\\\/d0f013b8388c980665d44009ab762960\"},\"headline\":\"O PPdeG incide que a declaraci\u00f3n de impacto ambiental do proxecto da mina de Touro ser\u00e1 o resultado de avaliaci\u00f3ns profesionais e independentes\",\"datePublished\":\"2019-05-03T08:43:14+00:00\",\"mainEntityOfPage\":{\"@id\":\"https:\\\/\\\/ppdegalicia.com\\\/es\\\/o-ppdeg-incide-que-a-declaracion-de-impacto-ambiental-do-proxecto-da-mina-de-touro-sera-o-resultado-de-avaliacions-profesionais-e-independentes\\\/\"},\"wordCount\":260,\"commentCount\":0,\"publisher\":{\"@id\":\"https:\\\/\\\/ppdegalicia.com\\\/es\\\/#organization\"},\"articleSection\":[\"PP de Galicia\"],\"inLanguage\":\"es\",\"potentialAction\":[{\"@type\":\"CommentAction\",\"name\":\"Comment\",\"target\":[\"https:\\\/\\\/ppdegalicia.com\\\/es\\\/o-ppdeg-incide-que-a-declaracion-de-impacto-ambiental-do-proxecto-da-mina-de-touro-sera-o-resultado-de-avaliacions-profesionais-e-independentes\\\/#respond\"]}]},{\"@type\":\"WebPage\",\"@id\":\"https:\\\/\\\/ppdegalicia.com\\\/es\\\/o-ppdeg-incide-que-a-declaracion-de-impacto-ambiental-do-proxecto-da-mina-de-touro-sera-o-resultado-de-avaliacions-profesionais-e-independentes\\\/\",\"url\":\"https:\\\/\\\/ppdegalicia.com\\\/es\\\/o-ppdeg-incide-que-a-declaracion-de-impacto-ambiental-do-proxecto-da-mina-de-touro-sera-o-resultado-de-avaliacions-profesionais-e-independentes\\\/\",\"name\":\"O PPdeG incide que a declaraci\u00f3n de impacto ambiental do proxecto da mina de Touro ser\u00e1 o resultado de avaliaci\u00f3ns profesionais e independentes - PP de Galicia\",\"isPartOf\":{\"@id\":\"https:\\\/\\\/ppdegalicia.com\\\/es\\\/#website\"},\"datePublished\":\"2019-05-03T08:43:14+00:00\",\"breadcrumb\":{\"@id\":\"https:\\\/\\\/ppdegalicia.com\\\/es\\\/o-ppdeg-incide-que-a-declaracion-de-impacto-ambiental-do-proxecto-da-mina-de-touro-sera-o-resultado-de-avaliacions-profesionais-e-independentes\\\/#breadcrumb\"},\"inLanguage\":\"es\",\"potentialAction\":[{\"@type\":\"ReadAction\",\"target\":[\"https:\\\/\\\/ppdegalicia.com\\\/es\\\/o-ppdeg-incide-que-a-declaracion-de-impacto-ambiental-do-proxecto-da-mina-de-touro-sera-o-resultado-de-avaliacions-profesionais-e-independentes\\\/\"]}]},{\"@type\":\"BreadcrumbList\",\"@id\":\"https:\\\/\\\/ppdegalicia.com\\\/es\\\/o-ppdeg-incide-que-a-declaracion-de-impacto-ambiental-do-proxecto-da-mina-de-touro-sera-o-resultado-de-avaliacions-profesionais-e-independentes\\\/#breadcrumb\",\"itemListElement\":[{\"@type\":\"ListItem\",\"position\":1,\"name\":\"Portada\",\"item\":\"https:\\\/\\\/ppdegalicia.com\\\/es\\\/\"},{\"@type\":\"ListItem\",\"position\":2,\"name\":\"O PPdeG incide que a declaraci\u00f3n de impacto ambiental do proxecto da mina de Touro ser\u00e1 o resultado de avaliaci\u00f3ns profesionais e independentes\"}]},{\"@type\":\"WebSite\",\"@id\":\"https:\\\/\\\/ppdegalicia.com\\\/es\\\/#website\",\"url\":\"https:\\\/\\\/ppdegalicia.com\\\/es\\\/\",\"name\":\"Partido Popular de Galicia\",\"description\":\"Partido Popular de Galicia\",\"publisher\":{\"@id\":\"https:\\\/\\\/ppdegalicia.com\\\/es\\\/#organization\"},\"alternateName\":\"PP de Galicia\",\"potentialAction\":[{\"@type\":\"SearchAction\",\"target\":{\"@type\":\"EntryPoint\",\"urlTemplate\":\"https:\\\/\\\/ppdegalicia.com\\\/es\\\/?s={search_term_string}\"},\"query-input\":{\"@type\":\"PropertyValueSpecification\",\"valueRequired\":true,\"valueName\":\"search_term_string\"}}],\"inLanguage\":\"es\"},{\"@type\":\"Organization\",\"@id\":\"https:\\\/\\\/ppdegalicia.com\\\/es\\\/#organization\",\"name\":\"Partido Popular de Galicia\",\"alternateName\":\"PP de Galicia\",\"url\":\"https:\\\/\\\/ppdegalicia.com\\\/es\\\/\",\"logo\":{\"@type\":\"ImageObject\",\"inLanguage\":\"es\",\"@id\":\"https:\\\/\\\/ppdegalicia.com\\\/es\\\/#\\\/schema\\\/logo\\\/image\\\/\",\"url\":\"https:\\\/\\\/ppdegalicia.com\\\/wp-content\\\/uploads\\\/2023\\\/04\\\/logoPP512.png\",\"contentUrl\":\"https:\\\/\\\/ppdegalicia.com\\\/wp-content\\\/uploads\\\/2023\\\/04\\\/logoPP512.png\",\"width\":512,\"height\":512,\"caption\":\"Partido Popular de Galicia\"},\"image\":{\"@id\":\"https:\\\/\\\/ppdegalicia.com\\\/es\\\/#\\\/schema\\\/logo\\\/image\\\/\"},\"sameAs\":[\"https:\\\/\\\/www.instagram.com\\\/ppdegalicia\\\/\",\"https:\\\/\\\/x.com\\\/ppdegalicia\",\"https:\\\/\\\/www.tiktok.com\\\/@ppdegalicia\",\"https:\\\/\\\/www.youtube.com\\\/user\\\/ppdegalicia\"]},{\"@type\":\"Person\",\"@id\":\"https:\\\/\\\/ppdegalicia.com\\\/es\\\/#\\\/schema\\\/person\\\/d0f013b8388c980665d44009ab762960\",\"name\":\"Super User\",\"image\":{\"@type\":\"ImageObject\",\"inLanguage\":\"es\",\"@id\":\"https:\\\/\\\/secure.gravatar.com\\\/avatar\\\/1db852625ef4948f58d2739bfbc51e4b9bd5c93b8fa340b59fdb594ca0845645?s=96&d=mm&r=g\",\"url\":\"https:\\\/\\\/secure.gravatar.com\\\/avatar\\\/1db852625ef4948f58d2739bfbc51e4b9bd5c93b8fa340b59fdb594ca0845645?s=96&d=mm&r=g\",\"contentUrl\":\"https:\\\/\\\/secure.gravatar.com\\\/avatar\\\/1db852625ef4948f58d2739bfbc51e4b9bd5c93b8fa340b59fdb594ca0845645?s=96&d=mm&r=g\",\"caption\":\"Super User\"},\"url\":\"https:\\\/\\\/ppdegalicia.com\\\/es\\\/author\\\/ppdegaliciagestion\\\/\"}]}<\/script>\n<!-- \/ Yoast SEO plugin. -->","yoast_head_json":{"title":"O PPdeG incide que a declaraci\u00f3n de impacto ambiental do proxecto da mina de Touro ser\u00e1 o resultado de avaliaci\u00f3ns profesionais e independentes - PP de Galicia","robots":{"index":"index","follow":"follow","max-snippet":"max-snippet:-1","max-image-preview":"max-image-preview:large","max-video-preview":"max-video-preview:-1"},"canonical":"https:\/\/ppdegalicia.com\/es\/o-ppdeg-incide-que-a-declaracion-de-impacto-ambiental-do-proxecto-da-mina-de-touro-sera-o-resultado-de-avaliacions-profesionais-e-independentes\/","og_locale":"es_ES","og_type":"article","og_title":"O PPdeG incide que a declaraci\u00f3n de impacto ambiental do proxecto da mina de Touro ser\u00e1 o resultado de avaliaci\u00f3ns profesionais e independentes - PP de Galicia","og_description":"Santiago, 3 de maio de 2019.- A portavoz do Mar do Grupo Popular, Teresa Egerique, incidiu hoxe no Parlamento que a declaraci\u00f3n de impacto ambiental do proxecto da mina de Touro \u201cser\u00e1 o resultado de avaliaci\u00f3ns profesionais e dos informes de t\u00e9cnicos independentes, que determinar\u00e1n se o proxecto cumpre estritamente ou non a normativa ambiental\u201d.","og_url":"https:\/\/ppdegalicia.com\/es\/o-ppdeg-incide-que-a-declaracion-de-impacto-ambiental-do-proxecto-da-mina-de-touro-sera-o-resultado-de-avaliacions-profesionais-e-independentes\/","og_site_name":"PP de Galicia","article_publisher":"https:\/\/www.instagram.com\/ppdegalicia\/","article_published_time":"2019-05-03T08:43:14+00:00","author":"Super User","twitter_card":"summary_large_image","twitter_creator":"@ppdegalicia","twitter_site":"@ppdegalicia","twitter_misc":{"Escrito por":"Super User","Tiempo de lectura":"1 minuto"},"schema":{"@context":"https:\/\/schema.org","@graph":[{"@type":"Article","@id":"https:\/\/ppdegalicia.com\/es\/o-ppdeg-incide-que-a-declaracion-de-impacto-ambiental-do-proxecto-da-mina-de-touro-sera-o-resultado-de-avaliacions-profesionais-e-independentes\/#article","isPartOf":{"@id":"https:\/\/ppdegalicia.com\/es\/o-ppdeg-incide-que-a-declaracion-de-impacto-ambiental-do-proxecto-da-mina-de-touro-sera-o-resultado-de-avaliacions-profesionais-e-independentes\/"},"author":{"name":"Super User","@id":"https:\/\/ppdegalicia.com\/es\/#\/schema\/person\/d0f013b8388c980665d44009ab762960"},"headline":"O PPdeG incide que a declaraci\u00f3n de impacto ambiental do proxecto da mina de Touro ser\u00e1 o resultado de avaliaci\u00f3ns profesionais e independentes","datePublished":"2019-05-03T08:43:14+00:00","mainEntityOfPage":{"@id":"https:\/\/ppdegalicia.com\/es\/o-ppdeg-incide-que-a-declaracion-de-impacto-ambiental-do-proxecto-da-mina-de-touro-sera-o-resultado-de-avaliacions-profesionais-e-independentes\/"},"wordCount":260,"commentCount":0,"publisher":{"@id":"https:\/\/ppdegalicia.com\/es\/#organization"},"articleSection":["PP de Galicia"],"inLanguage":"es","potentialAction":[{"@type":"CommentAction","name":"Comment","target":["https:\/\/ppdegalicia.com\/es\/o-ppdeg-incide-que-a-declaracion-de-impacto-ambiental-do-proxecto-da-mina-de-touro-sera-o-resultado-de-avaliacions-profesionais-e-independentes\/#respond"]}]},{"@type":"WebPage","@id":"https:\/\/ppdegalicia.com\/es\/o-ppdeg-incide-que-a-declaracion-de-impacto-ambiental-do-proxecto-da-mina-de-touro-sera-o-resultado-de-avaliacions-profesionais-e-independentes\/","url":"https:\/\/ppdegalicia.com\/es\/o-ppdeg-incide-que-a-declaracion-de-impacto-ambiental-do-proxecto-da-mina-de-touro-sera-o-resultado-de-avaliacions-profesionais-e-independentes\/","name":"O PPdeG incide que a declaraci\u00f3n de impacto ambiental do proxecto da mina de Touro ser\u00e1 o resultado de avaliaci\u00f3ns profesionais e independentes - PP de Galicia","isPartOf":{"@id":"https:\/\/ppdegalicia.com\/es\/#website"},"datePublished":"2019-05-03T08:43:14+00:00","breadcrumb":{"@id":"https:\/\/ppdegalicia.com\/es\/o-ppdeg-incide-que-a-declaracion-de-impacto-ambiental-do-proxecto-da-mina-de-touro-sera-o-resultado-de-avaliacions-profesionais-e-independentes\/#breadcrumb"},"inLanguage":"es","potentialAction":[{"@type":"ReadAction","target":["https:\/\/ppdegalicia.com\/es\/o-ppdeg-incide-que-a-declaracion-de-impacto-ambiental-do-proxecto-da-mina-de-touro-sera-o-resultado-de-avaliacions-profesionais-e-independentes\/"]}]},{"@type":"BreadcrumbList","@id":"https:\/\/ppdegalicia.com\/es\/o-ppdeg-incide-que-a-declaracion-de-impacto-ambiental-do-proxecto-da-mina-de-touro-sera-o-resultado-de-avaliacions-profesionais-e-independentes\/#breadcrumb","itemListElement":[{"@type":"ListItem","position":1,"name":"Portada","item":"https:\/\/ppdegalicia.com\/es\/"},{"@type":"ListItem","position":2,"name":"O PPdeG incide que a declaraci\u00f3n de impacto ambiental do proxecto da mina de Touro ser\u00e1 o resultado de avaliaci\u00f3ns profesionais e independentes"}]},{"@type":"WebSite","@id":"https:\/\/ppdegalicia.com\/es\/#website","url":"https:\/\/ppdegalicia.com\/es\/","name":"Partido Popular de Galicia","description":"Partido Popular de Galicia","publisher":{"@id":"https:\/\/ppdegalicia.com\/es\/#organization"},"alternateName":"PP de Galicia","potentialAction":[{"@type":"SearchAction","target":{"@type":"EntryPoint","urlTemplate":"https:\/\/ppdegalicia.com\/es\/?s={search_term_string}"},"query-input":{"@type":"PropertyValueSpecification","valueRequired":true,"valueName":"search_term_string"}}],"inLanguage":"es"},{"@type":"Organization","@id":"https:\/\/ppdegalicia.com\/es\/#organization","name":"Partido Popular de Galicia","alternateName":"PP de Galicia","url":"https:\/\/ppdegalicia.com\/es\/","logo":{"@type":"ImageObject","inLanguage":"es","@id":"https:\/\/ppdegalicia.com\/es\/#\/schema\/logo\/image\/","url":"https:\/\/ppdegalicia.com\/wp-content\/uploads\/2023\/04\/logoPP512.png","contentUrl":"https:\/\/ppdegalicia.com\/wp-content\/uploads\/2023\/04\/logoPP512.png","width":512,"height":512,"caption":"Partido Popular de Galicia"},"image":{"@id":"https:\/\/ppdegalicia.com\/es\/#\/schema\/logo\/image\/"},"sameAs":["https:\/\/www.instagram.com\/ppdegalicia\/","https:\/\/x.com\/ppdegalicia","https:\/\/www.tiktok.com\/@ppdegalicia","https:\/\/www.youtube.com\/user\/ppdegalicia"]},{"@type":"Person","@id":"https:\/\/ppdegalicia.com\/es\/#\/schema\/person\/d0f013b8388c980665d44009ab762960","name":"Super User","image":{"@type":"ImageObject","inLanguage":"es","@id":"https:\/\/secure.gravatar.com\/avatar\/1db852625ef4948f58d2739bfbc51e4b9bd5c93b8fa340b59fdb594ca0845645?s=96&d=mm&r=g","url":"https:\/\/secure.gravatar.com\/avatar\/1db852625ef4948f58d2739bfbc51e4b9bd5c93b8fa340b59fdb594ca0845645?s=96&d=mm&r=g","contentUrl":"https:\/\/secure.gravatar.com\/avatar\/1db852625ef4948f58d2739bfbc51e4b9bd5c93b8fa340b59fdb594ca0845645?s=96&d=mm&r=g","caption":"Super User"},"url":"https:\/\/ppdegalicia.com\/es\/author\/ppdegaliciagestion\/"}]}},"_links":{"self":[{"href":"https:\/\/ppdegalicia.com\/es\/wp-json\/wp\/v2\/posts\/52322","targetHints":{"allow":["GET"]}}],"collection":[{"href":"https:\/\/ppdegalicia.com\/es\/wp-json\/wp\/v2\/posts"}],"about":[{"href":"https:\/\/ppdegalicia.com\/es\/wp-json\/wp\/v2\/types\/post"}],"author":[{"embeddable":true,"href":"https:\/\/ppdegalicia.com\/es\/wp-json\/wp\/v2\/users\/37"}],"replies":[{"embeddable":true,"href":"https:\/\/ppdegalicia.com\/es\/wp-json\/wp\/v2\/comments?post=52322"}],"version-history":[{"count":0,"href":"https:\/\/ppdegalicia.com\/es\/wp-json\/wp\/v2\/posts\/52322\/revisions"}],"wp:attachment":[{"href":"https:\/\/ppdegalicia.com\/es\/wp-json\/wp\/v2\/media?parent=52322"}],"wp:term":[{"taxonomy":"category","embeddable":true,"href":"https:\/\/ppdegalicia.com\/es\/wp-json\/wp\/v2\/categories?post=52322"},{"taxonomy":"post_tag","embeddable":true,"href":"https:\/\/ppdegalicia.com\/es\/wp-json\/wp\/v2\/tags?post=52322"}],"curies":[{"name":"wp","href":"https:\/\/api.w.org\/{rel}","templated":true}]}}