{"id":52325,"date":"2019-05-04T14:24:04","date_gmt":"2019-05-04T12:24:04","guid":{"rendered":"https:\/\/ppdegalicia.com\/feijoo-avoga-por-reconstruir-a-nova-maioria\/"},"modified":"2019-05-04T14:24:04","modified_gmt":"2019-05-04T12:24:04","slug":"feijoo-avoga-por-reconstruir-a-nova-maioria","status":"publish","type":"post","link":"https:\/\/ppdegalicia.com\/es\/feijoo-avoga-por-reconstruir-a-nova-maioria\/","title":{"rendered":"Feij\u00f3o avoga por reconstru\u00edr \u201ca nova maior\u00eda\u201d"},"content":{"rendered":"<p style=\"text-align: justify;\"><span style=\"text-decoration: underline;\">04, maio, 2019.<\/span> \u201cTodos os espa\u00f1ois que somos diferentes, pero que compartimos moitas cousas, xa estivemos xuntos e, por iso, podemos reconstru\u00edr a nova maior\u00eda\u201d, destacou o presidente do PPdeG, Alberto N\u00fa\u00f1ez Feij\u00f3o.<\/p>\n<p><!--more--><\/p>\n<p style=\"text-align: justify;\">De cara as vindeiras elecci\u00f3ns municipais, incidiu en non cometer \u201co erro prexudicial\u201d de dividir o voto. As\u00ed, apelou a todos aqueles que non queren un goberno do PSOE, das Mareas de Podemos ou dos nacionalistas a \u201cunirse nunha alternativa real\u201d. Porque, tal e como explicou, coa divisi\u00f3n do voto a esquerda, o populismo e o nacionalismo ga\u00f1an: \u201cTemos que unirnos se queremos volver ga\u00f1ar e, para unirnos, temos que volver convivir entre todos e aceptar que non todos pensamos e sentimos o mesmo\u201d.<\/p>\n<p>&nbsp;<\/p>\n<p style=\"text-align: justify;\"><strong><span style=\"text-decoration: underline;\">EN P\u00c9 PARA VOLVER A GA\u00d1AR<\/span><\/strong><\/p>\n<p style=\"text-align: justify;\">Neste senso, Feij\u00f3o remarcou que no PP cabe a maior\u00eda dos votantes de Ciudadanos e moitos votantes moderados de VOX e do PSOE. As\u00ed, dixo que se os votantes de Ciudadanos queren gobernos cos que se sintan m\u00e1is identificados, no PP te\u00f1en cabida e que as\u00ed o seu voto non volver\u00e1 beneficiar aos seus adversarios pol\u00edticos. Por outra banda, apuntou que, nas pasadas elecci\u00f3ns xerais, tanto Ciudadanos como VOX s\u00f3 serviron para que o PSOE fose a primeira forza en Galicia e acadase un deputado m\u00e1is que o PP en Galicia. \u201cVOX foi o xoguete de Pedro S\u00e1nchez para dividir o centro e dereita en tres partidos e mobilizar as\u00ed o voto ao seu favor\u201d, recalcou.<\/p>\n<p>&nbsp;<\/p>\n<p style=\"text-align: justify;\">O presidente dos populares galegos subli\u00f1ou que o PP xa est\u00e1 en p\u00e9 para volver ga\u00f1ar: \u201cNo PPdeG acabouse o tempo de duelo, de decepci\u00f3n e de malos momentos, porque estamos \u00e1 orde para reconstru\u00edr as maior\u00edas, a uni\u00f3n do voto e para remontar\u201d. Para iso, indicou que \u00e9 preciso aceptar os erros e ter esp\u00edrito ga\u00f1ador: \u201cEstamos aqu\u00ed arroupando a Pablo Casado\u201d.<\/p>\n<p style=\"text-align: justify;\"><strong><span style=\"text-decoration: underline;\"><\/span><\/strong><\/p>\n<p style=\"text-align: justify;\"><strong><span style=\"text-decoration: underline;\">\u201cDEB\u00c9MOSVOS A REMONTADA\u201d<\/span><\/strong><\/p>\n<p style=\"text-align: justify;\">Durante a romar\u00eda que o PP celebrou no Pino e na que congregou a m\u00e1is de 5.500 persoas, Feij\u00f3o, que agradeceu a confianza depositada no partido o pasado domingo, pediu perd\u00f3n \u201cpola decepci\u00f3n e polos erros cometidos\u201d: \u201cAos 4.356.000 espa\u00f1ois que, no peor dos nosos d\u00edas, seguiches confiando en n\u00f3s, deb\u00e9mosvos a remontada\u201d.<\/p>\n<p>&nbsp;<\/p>\n<p style=\"text-align: justify;\">M\u00e1is de catro mill\u00f3ns de votantes que, tal e como sostivo, se incl\u00faen nos m\u00e1is de dez mill\u00f3ns que antes pertenc\u00edan ao PP e que hoxe tam\u00e9n desexar\u00edan outro resultado electoral. Por iso, avogou porque estes espa\u00f1ois volvan reunirse no PP: un partido de goberno e que goberna para todos; de pensamento amplo, que intenta reunir a espa\u00f1ois de diferente condici\u00f3n, procedencia e sensibilidade, pero con ideas e obxectivos en com\u00fan; e de maior\u00edas, capaz de unir a votantes de centro, de centro-dereita, de dereita e reformistas. Feij\u00f3o asegurou que o PP \u00e9 unha formaci\u00f3n na que non hai cabida para \u201co pensamento \u00fanico e intransixente\u201d, porque \u00e9 o contrario aos seus principios.<\/p>\n","protected":false},"excerpt":{"rendered":"<p>04, maio, 2019. \u201cTodos os espa\u00f1ois que somos diferentes, pero que compartimos moitas cousas, xa estivemos xuntos e, por iso, podemos reconstru\u00edr a nova maior\u00eda\u201d, destacou o presidente do PPdeG, Alberto N\u00fa\u00f1ez Feij\u00f3o.<\/p>\n","protected":false},"author":37,"featured_media":0,"comment_status":"open","ping_status":"open","sticky":false,"template":"","format":"standard","meta":{"_acf_changed":false,"footnotes":""},"categories":[1],"tags":[],"class_list":["post-52325","post","type-post","status-publish","format-standard","hentry","category-pp-de-galicia"],"acf":[],"yoast_head":"<!-- This site is optimized with the Yoast SEO plugin v27.3 - https:\/\/yoast.com\/product\/yoast-seo-wordpress\/ -->\n<title>Feij\u00f3o avoga por reconstru\u00edr \u201ca nova maior\u00eda\u201d - PP de Galicia<\/title>\n<meta name=\"robots\" content=\"index, follow, max-snippet:-1, max-image-preview:large, max-video-preview:-1\" \/>\n<link rel=\"canonical\" href=\"https:\/\/ppdegalicia.com\/es\/feijoo-avoga-por-reconstruir-a-nova-maioria\/\" \/>\n<meta property=\"og:locale\" content=\"es_ES\" \/>\n<meta property=\"og:type\" content=\"article\" \/>\n<meta property=\"og:title\" content=\"Feij\u00f3o avoga por reconstru\u00edr \u201ca nova maior\u00eda\u201d - PP de Galicia\" \/>\n<meta property=\"og:description\" content=\"04, maio, 2019. \u201cTodos os espa\u00f1ois que somos diferentes, pero que compartimos moitas cousas, xa estivemos xuntos e, por iso, podemos reconstru\u00edr a nova maior\u00eda\u201d, destacou o presidente do PPdeG, Alberto N\u00fa\u00f1ez Feij\u00f3o.\" \/>\n<meta property=\"og:url\" content=\"https:\/\/ppdegalicia.com\/es\/feijoo-avoga-por-reconstruir-a-nova-maioria\/\" \/>\n<meta property=\"og:site_name\" content=\"PP de Galicia\" \/>\n<meta property=\"article:publisher\" content=\"https:\/\/www.instagram.com\/ppdegalicia\/\" \/>\n<meta property=\"article:published_time\" content=\"2019-05-04T12:24:04+00:00\" \/>\n<meta name=\"author\" content=\"Super User\" \/>\n<meta name=\"twitter:card\" content=\"summary_large_image\" \/>\n<meta name=\"twitter:creator\" content=\"@ppdegalicia\" \/>\n<meta name=\"twitter:site\" content=\"@ppdegalicia\" \/>\n<meta name=\"twitter:label1\" content=\"Escrito por\" \/>\n\t<meta name=\"twitter:data1\" content=\"Super User\" \/>\n\t<meta name=\"twitter:label2\" content=\"Tiempo de lectura\" \/>\n\t<meta name=\"twitter:data2\" content=\"3 minutos\" \/>\n<script type=\"application\/ld+json\" class=\"yoast-schema-graph\">{\"@context\":\"https:\\\/\\\/schema.org\",\"@graph\":[{\"@type\":\"Article\",\"@id\":\"https:\\\/\\\/ppdegalicia.com\\\/es\\\/feijoo-avoga-por-reconstruir-a-nova-maioria\\\/#article\",\"isPartOf\":{\"@id\":\"https:\\\/\\\/ppdegalicia.com\\\/es\\\/feijoo-avoga-por-reconstruir-a-nova-maioria\\\/\"},\"author\":{\"name\":\"Super User\",\"@id\":\"https:\\\/\\\/ppdegalicia.com\\\/es\\\/#\\\/schema\\\/person\\\/d0f013b8388c980665d44009ab762960\"},\"headline\":\"Feij\u00f3o avoga por reconstru\u00edr \u201ca nova maior\u00eda\u201d\",\"datePublished\":\"2019-05-04T12:24:04+00:00\",\"mainEntityOfPage\":{\"@id\":\"https:\\\/\\\/ppdegalicia.com\\\/es\\\/feijoo-avoga-por-reconstruir-a-nova-maioria\\\/\"},\"wordCount\":527,\"commentCount\":0,\"publisher\":{\"@id\":\"https:\\\/\\\/ppdegalicia.com\\\/es\\\/#organization\"},\"articleSection\":[\"PP de Galicia\"],\"inLanguage\":\"es\",\"potentialAction\":[{\"@type\":\"CommentAction\",\"name\":\"Comment\",\"target\":[\"https:\\\/\\\/ppdegalicia.com\\\/es\\\/feijoo-avoga-por-reconstruir-a-nova-maioria\\\/#respond\"]}]},{\"@type\":\"WebPage\",\"@id\":\"https:\\\/\\\/ppdegalicia.com\\\/es\\\/feijoo-avoga-por-reconstruir-a-nova-maioria\\\/\",\"url\":\"https:\\\/\\\/ppdegalicia.com\\\/es\\\/feijoo-avoga-por-reconstruir-a-nova-maioria\\\/\",\"name\":\"Feij\u00f3o avoga por reconstru\u00edr \u201ca nova maior\u00eda\u201d - PP de Galicia\",\"isPartOf\":{\"@id\":\"https:\\\/\\\/ppdegalicia.com\\\/es\\\/#website\"},\"datePublished\":\"2019-05-04T12:24:04+00:00\",\"breadcrumb\":{\"@id\":\"https:\\\/\\\/ppdegalicia.com\\\/es\\\/feijoo-avoga-por-reconstruir-a-nova-maioria\\\/#breadcrumb\"},\"inLanguage\":\"es\",\"potentialAction\":[{\"@type\":\"ReadAction\",\"target\":[\"https:\\\/\\\/ppdegalicia.com\\\/es\\\/feijoo-avoga-por-reconstruir-a-nova-maioria\\\/\"]}]},{\"@type\":\"BreadcrumbList\",\"@id\":\"https:\\\/\\\/ppdegalicia.com\\\/es\\\/feijoo-avoga-por-reconstruir-a-nova-maioria\\\/#breadcrumb\",\"itemListElement\":[{\"@type\":\"ListItem\",\"position\":1,\"name\":\"Portada\",\"item\":\"https:\\\/\\\/ppdegalicia.com\\\/es\\\/\"},{\"@type\":\"ListItem\",\"position\":2,\"name\":\"Feij\u00f3o avoga por reconstru\u00edr \u201ca nova maior\u00eda\u201d\"}]},{\"@type\":\"WebSite\",\"@id\":\"https:\\\/\\\/ppdegalicia.com\\\/es\\\/#website\",\"url\":\"https:\\\/\\\/ppdegalicia.com\\\/es\\\/\",\"name\":\"Partido Popular de Galicia\",\"description\":\"Partido Popular de Galicia\",\"publisher\":{\"@id\":\"https:\\\/\\\/ppdegalicia.com\\\/es\\\/#organization\"},\"alternateName\":\"PP de Galicia\",\"potentialAction\":[{\"@type\":\"SearchAction\",\"target\":{\"@type\":\"EntryPoint\",\"urlTemplate\":\"https:\\\/\\\/ppdegalicia.com\\\/es\\\/?s={search_term_string}\"},\"query-input\":{\"@type\":\"PropertyValueSpecification\",\"valueRequired\":true,\"valueName\":\"search_term_string\"}}],\"inLanguage\":\"es\"},{\"@type\":\"Organization\",\"@id\":\"https:\\\/\\\/ppdegalicia.com\\\/es\\\/#organization\",\"name\":\"Partido Popular de Galicia\",\"alternateName\":\"PP de Galicia\",\"url\":\"https:\\\/\\\/ppdegalicia.com\\\/es\\\/\",\"logo\":{\"@type\":\"ImageObject\",\"inLanguage\":\"es\",\"@id\":\"https:\\\/\\\/ppdegalicia.com\\\/es\\\/#\\\/schema\\\/logo\\\/image\\\/\",\"url\":\"https:\\\/\\\/ppdegalicia.com\\\/wp-content\\\/uploads\\\/2023\\\/04\\\/logoPP512.png\",\"contentUrl\":\"https:\\\/\\\/ppdegalicia.com\\\/wp-content\\\/uploads\\\/2023\\\/04\\\/logoPP512.png\",\"width\":512,\"height\":512,\"caption\":\"Partido Popular de Galicia\"},\"image\":{\"@id\":\"https:\\\/\\\/ppdegalicia.com\\\/es\\\/#\\\/schema\\\/logo\\\/image\\\/\"},\"sameAs\":[\"https:\\\/\\\/www.instagram.com\\\/ppdegalicia\\\/\",\"https:\\\/\\\/x.com\\\/ppdegalicia\",\"https:\\\/\\\/www.tiktok.com\\\/@ppdegalicia\",\"https:\\\/\\\/www.youtube.com\\\/user\\\/ppdegalicia\"]},{\"@type\":\"Person\",\"@id\":\"https:\\\/\\\/ppdegalicia.com\\\/es\\\/#\\\/schema\\\/person\\\/d0f013b8388c980665d44009ab762960\",\"name\":\"Super User\",\"image\":{\"@type\":\"ImageObject\",\"inLanguage\":\"es\",\"@id\":\"https:\\\/\\\/secure.gravatar.com\\\/avatar\\\/1db852625ef4948f58d2739bfbc51e4b9bd5c93b8fa340b59fdb594ca0845645?s=96&d=mm&r=g\",\"url\":\"https:\\\/\\\/secure.gravatar.com\\\/avatar\\\/1db852625ef4948f58d2739bfbc51e4b9bd5c93b8fa340b59fdb594ca0845645?s=96&d=mm&r=g\",\"contentUrl\":\"https:\\\/\\\/secure.gravatar.com\\\/avatar\\\/1db852625ef4948f58d2739bfbc51e4b9bd5c93b8fa340b59fdb594ca0845645?s=96&d=mm&r=g\",\"caption\":\"Super User\"},\"url\":\"https:\\\/\\\/ppdegalicia.com\\\/es\\\/author\\\/ppdegaliciagestion\\\/\"}]}<\/script>\n<!-- \/ Yoast SEO plugin. -->","yoast_head_json":{"title":"Feij\u00f3o avoga por reconstru\u00edr \u201ca nova maior\u00eda\u201d - PP de Galicia","robots":{"index":"index","follow":"follow","max-snippet":"max-snippet:-1","max-image-preview":"max-image-preview:large","max-video-preview":"max-video-preview:-1"},"canonical":"https:\/\/ppdegalicia.com\/es\/feijoo-avoga-por-reconstruir-a-nova-maioria\/","og_locale":"es_ES","og_type":"article","og_title":"Feij\u00f3o avoga por reconstru\u00edr \u201ca nova maior\u00eda\u201d - PP de Galicia","og_description":"04, maio, 2019. \u201cTodos os espa\u00f1ois que somos diferentes, pero que compartimos moitas cousas, xa estivemos xuntos e, por iso, podemos reconstru\u00edr a nova maior\u00eda\u201d, destacou o presidente do PPdeG, Alberto N\u00fa\u00f1ez Feij\u00f3o.","og_url":"https:\/\/ppdegalicia.com\/es\/feijoo-avoga-por-reconstruir-a-nova-maioria\/","og_site_name":"PP de Galicia","article_publisher":"https:\/\/www.instagram.com\/ppdegalicia\/","article_published_time":"2019-05-04T12:24:04+00:00","author":"Super User","twitter_card":"summary_large_image","twitter_creator":"@ppdegalicia","twitter_site":"@ppdegalicia","twitter_misc":{"Escrito por":"Super User","Tiempo de lectura":"3 minutos"},"schema":{"@context":"https:\/\/schema.org","@graph":[{"@type":"Article","@id":"https:\/\/ppdegalicia.com\/es\/feijoo-avoga-por-reconstruir-a-nova-maioria\/#article","isPartOf":{"@id":"https:\/\/ppdegalicia.com\/es\/feijoo-avoga-por-reconstruir-a-nova-maioria\/"},"author":{"name":"Super User","@id":"https:\/\/ppdegalicia.com\/es\/#\/schema\/person\/d0f013b8388c980665d44009ab762960"},"headline":"Feij\u00f3o avoga por reconstru\u00edr \u201ca nova maior\u00eda\u201d","datePublished":"2019-05-04T12:24:04+00:00","mainEntityOfPage":{"@id":"https:\/\/ppdegalicia.com\/es\/feijoo-avoga-por-reconstruir-a-nova-maioria\/"},"wordCount":527,"commentCount":0,"publisher":{"@id":"https:\/\/ppdegalicia.com\/es\/#organization"},"articleSection":["PP de Galicia"],"inLanguage":"es","potentialAction":[{"@type":"CommentAction","name":"Comment","target":["https:\/\/ppdegalicia.com\/es\/feijoo-avoga-por-reconstruir-a-nova-maioria\/#respond"]}]},{"@type":"WebPage","@id":"https:\/\/ppdegalicia.com\/es\/feijoo-avoga-por-reconstruir-a-nova-maioria\/","url":"https:\/\/ppdegalicia.com\/es\/feijoo-avoga-por-reconstruir-a-nova-maioria\/","name":"Feij\u00f3o avoga por reconstru\u00edr \u201ca nova maior\u00eda\u201d - PP de Galicia","isPartOf":{"@id":"https:\/\/ppdegalicia.com\/es\/#website"},"datePublished":"2019-05-04T12:24:04+00:00","breadcrumb":{"@id":"https:\/\/ppdegalicia.com\/es\/feijoo-avoga-por-reconstruir-a-nova-maioria\/#breadcrumb"},"inLanguage":"es","potentialAction":[{"@type":"ReadAction","target":["https:\/\/ppdegalicia.com\/es\/feijoo-avoga-por-reconstruir-a-nova-maioria\/"]}]},{"@type":"BreadcrumbList","@id":"https:\/\/ppdegalicia.com\/es\/feijoo-avoga-por-reconstruir-a-nova-maioria\/#breadcrumb","itemListElement":[{"@type":"ListItem","position":1,"name":"Portada","item":"https:\/\/ppdegalicia.com\/es\/"},{"@type":"ListItem","position":2,"name":"Feij\u00f3o avoga por reconstru\u00edr \u201ca nova maior\u00eda\u201d"}]},{"@type":"WebSite","@id":"https:\/\/ppdegalicia.com\/es\/#website","url":"https:\/\/ppdegalicia.com\/es\/","name":"Partido Popular de Galicia","description":"Partido Popular de Galicia","publisher":{"@id":"https:\/\/ppdegalicia.com\/es\/#organization"},"alternateName":"PP de Galicia","potentialAction":[{"@type":"SearchAction","target":{"@type":"EntryPoint","urlTemplate":"https:\/\/ppdegalicia.com\/es\/?s={search_term_string}"},"query-input":{"@type":"PropertyValueSpecification","valueRequired":true,"valueName":"search_term_string"}}],"inLanguage":"es"},{"@type":"Organization","@id":"https:\/\/ppdegalicia.com\/es\/#organization","name":"Partido Popular de Galicia","alternateName":"PP de Galicia","url":"https:\/\/ppdegalicia.com\/es\/","logo":{"@type":"ImageObject","inLanguage":"es","@id":"https:\/\/ppdegalicia.com\/es\/#\/schema\/logo\/image\/","url":"https:\/\/ppdegalicia.com\/wp-content\/uploads\/2023\/04\/logoPP512.png","contentUrl":"https:\/\/ppdegalicia.com\/wp-content\/uploads\/2023\/04\/logoPP512.png","width":512,"height":512,"caption":"Partido Popular de Galicia"},"image":{"@id":"https:\/\/ppdegalicia.com\/es\/#\/schema\/logo\/image\/"},"sameAs":["https:\/\/www.instagram.com\/ppdegalicia\/","https:\/\/x.com\/ppdegalicia","https:\/\/www.tiktok.com\/@ppdegalicia","https:\/\/www.youtube.com\/user\/ppdegalicia"]},{"@type":"Person","@id":"https:\/\/ppdegalicia.com\/es\/#\/schema\/person\/d0f013b8388c980665d44009ab762960","name":"Super User","image":{"@type":"ImageObject","inLanguage":"es","@id":"https:\/\/secure.gravatar.com\/avatar\/1db852625ef4948f58d2739bfbc51e4b9bd5c93b8fa340b59fdb594ca0845645?s=96&d=mm&r=g","url":"https:\/\/secure.gravatar.com\/avatar\/1db852625ef4948f58d2739bfbc51e4b9bd5c93b8fa340b59fdb594ca0845645?s=96&d=mm&r=g","contentUrl":"https:\/\/secure.gravatar.com\/avatar\/1db852625ef4948f58d2739bfbc51e4b9bd5c93b8fa340b59fdb594ca0845645?s=96&d=mm&r=g","caption":"Super User"},"url":"https:\/\/ppdegalicia.com\/es\/author\/ppdegaliciagestion\/"}]}},"_links":{"self":[{"href":"https:\/\/ppdegalicia.com\/es\/wp-json\/wp\/v2\/posts\/52325","targetHints":{"allow":["GET"]}}],"collection":[{"href":"https:\/\/ppdegalicia.com\/es\/wp-json\/wp\/v2\/posts"}],"about":[{"href":"https:\/\/ppdegalicia.com\/es\/wp-json\/wp\/v2\/types\/post"}],"author":[{"embeddable":true,"href":"https:\/\/ppdegalicia.com\/es\/wp-json\/wp\/v2\/users\/37"}],"replies":[{"embeddable":true,"href":"https:\/\/ppdegalicia.com\/es\/wp-json\/wp\/v2\/comments?post=52325"}],"version-history":[{"count":0,"href":"https:\/\/ppdegalicia.com\/es\/wp-json\/wp\/v2\/posts\/52325\/revisions"}],"wp:attachment":[{"href":"https:\/\/ppdegalicia.com\/es\/wp-json\/wp\/v2\/media?parent=52325"}],"wp:term":[{"taxonomy":"category","embeddable":true,"href":"https:\/\/ppdegalicia.com\/es\/wp-json\/wp\/v2\/categories?post=52325"},{"taxonomy":"post_tag","embeddable":true,"href":"https:\/\/ppdegalicia.com\/es\/wp-json\/wp\/v2\/tags?post=52325"}],"curies":[{"name":"wp","href":"https:\/\/api.w.org\/{rel}","templated":true}]}}