{"id":52349,"date":"2019-05-14T10:53:42","date_gmt":"2019-05-14T08:53:42","guid":{"rendered":"https:\/\/ppdegalicia.com\/feijoo-sinala-que-galicia-necesita-do-mellor-equipo-para-dar-a-talla-en-europa-e-defender-a-nosa-pesca-sen-sectarismos-nin-partidismos\/"},"modified":"2019-05-14T10:53:42","modified_gmt":"2019-05-14T08:53:42","slug":"feijoo-sinala-que-galicia-necesita-do-mellor-equipo-para-dar-a-talla-en-europa-e-defender-a-nosa-pesca-sen-sectarismos-nin-partidismos","status":"publish","type":"post","link":"https:\/\/ppdegalicia.com\/es\/feijoo-sinala-que-galicia-necesita-do-mellor-equipo-para-dar-a-talla-en-europa-e-defender-a-nosa-pesca-sen-sectarismos-nin-partidismos\/","title":{"rendered":"Feij\u00f3o sinala que Galicia necesita do mellor equipo para dar a talla en Europa e defender a nosa pesca sen \u201csectarismos nin partidismos\u201d"},"content":{"rendered":"<p style=\"text-align: justify;\"><span style=\"text-decoration: underline;\">14, maio, 2019.<\/span> O presidente do PPdeG, Alberto N\u00fa\u00f1ez Feij\u00f3o, destacou hoxe, durante a s\u00faa participaci\u00f3n nun encontro sectorial de pesca en Vigo, que Galicia e o sector necesitan do mellor equipo para dar a talla en Europa e defender a nosa pesca \u201csen sectarismos nin partidismos\u201d.<\/p>\n<p><!--more--><\/p>\n<p style=\"text-align: justify;\">As\u00ed, avogou por contar cos mellores defensores do sector e de toda a cadea mar-industria e incidiu en que, precisamente, \u00e9 o PP no Parlamento Europeo quen ten ese equipo: \u201cPesca e Partido Popular son o mesmo. A n\u00f3s inter\u00e9sanos a pesca e \u00e1 pesca inter\u00e9salle que haxa gobernos s\u00f3lidos en Europa\u201d.<\/p>\n<p>&nbsp;<\/p>\n<p style=\"text-align: justify;\"><strong><span style=\"text-decoration: underline;\">OS RETOS DO SECTOR<\/span><\/strong><\/p>\n<p style=\"text-align: justify;\">Acompa\u00f1ado pola candidata do PP \u00e1 alcald\u00eda de Vigo, Elena Mu\u00f1oz, e polos candidatos ao Parlamento Europeo, Francisco Mill\u00e1n Mon e Dolors Montserrat, Feij\u00f3o repasou durante a s\u00faa intervenci\u00f3n os retos a curto, medio e longo prazo, entre os que destacou: a reformulaci\u00f3n do regulamento de control, a definici\u00f3n do novo Fondo Europeo Mar\u00edtimo e de Pesca para o per\u00edodo 2021-2027, a reconfiguraci\u00f3n dos mercados da pesca e das propias pesquer\u00edas despois do Brexit, o desbloqueo de estradas entre Mauritania e Marrocos, as paralizaci\u00f3ns ou detenci\u00f3ns de buques en pa\u00edses terceiros ou a firma de acordos pesqueiros con pa\u00edses de \u00c1frica, Asia ou Ocean\u00eda.<\/p>\n<p>&nbsp;<\/p>\n<p style=\"text-align: justify;\">O presidente do PP de Galicia incidiu en que destes procesos depender\u00e1 a superaci\u00f3n dos retos que ten o noso sector mar\u00edtimo-pesqueiro. Retos coma: a remuda xeracional e a renovaci\u00f3n da flota, a obriga de desembarque de todas as capturas, conseguir m\u00e1is e mellores cotas ou acadar a sustentabilidade da actividade pesqueira, marisqueira e acu\u00edcola.<\/p>\n<p>&nbsp;<\/p>\n<p style=\"text-align: justify;\"><strong><span style=\"text-decoration: underline;\">UN PARTIDO QUE CONVENCE CON \u201cCONTAS E NON CON CONTOS\u201d <\/span><\/strong><\/p>\n<p style=\"text-align: justify;\">Diante dista situaci\u00f3n, Feij\u00f3o incidiu na importancia destas elecci\u00f3ns europeas para escoller aos mellores defensores da nosa pesca e, para levar adiante este traballo, avogou por contar co mellor equipo e convencer como fai o PP: con \u201ccontas e non con contos\u201d. As\u00ed, salientou que a Europa non se pode ir nin con slogans nin con <em>chascarrillos<\/em>, porque a pol\u00edtica sen argumentos e sen datos non \u00e9 \u00fatil.<\/p>\n<p>&nbsp;<\/p>\n<p style=\"text-align: justify;\">O presidente dos populares galegos conclu\u00edu subli\u00f1ando que o PP sabe ben que sen traballo non hai resultados positivos e incidiu en que o traballo e a interrelaci\u00f3n co sector son a clave para acadar beneficios e avances para o sector mar\u00edtimo-pesqueiro en Europa. E \u00e9 que, tal e como remarcou, sen o traballo que o PP realiza en Europa non ver\u00edamos como: desde 2009, as cotas globais para Espa\u00f1a nas augas do Cant\u00e1brico, Noroeste, Gran Sol e Francia medraron case un 90%, m\u00e1is de 12,5 mill\u00f3ns de metros cadrados de zonas de marisqueo foron recuperados, somos xa a d\u00e9cima potencia exportadora mundial de produtos pesqueiros, a matr\u00edcula nos centros de formaci\u00f3ns mar\u00edtimo-pesquera aumentou nun 46% e se reverteu a li\u00f1a para crear de novo emprego, medrando desde 2015 nun 3%.<\/p>\n","protected":false},"excerpt":{"rendered":"<p>14, maio, 2019. O presidente do PPdeG, Alberto N\u00fa\u00f1ez Feij\u00f3o, destacou hoxe, durante a s\u00faa participaci\u00f3n nun encontro sectorial de pesca en Vigo, que Galicia e o sector necesitan do mellor equipo para dar a talla en Europa e defender a nosa pesca \u201csen sectarismos nin partidismos\u201d.<\/p>\n","protected":false},"author":37,"featured_media":0,"comment_status":"open","ping_status":"open","sticky":false,"template":"","format":"standard","meta":{"_acf_changed":false,"footnotes":""},"categories":[1],"tags":[],"class_list":["post-52349","post","type-post","status-publish","format-standard","hentry","category-pp-de-galicia"],"acf":[],"yoast_head":"<!-- This site is optimized with the Yoast SEO plugin v27.3 - https:\/\/yoast.com\/product\/yoast-seo-wordpress\/ -->\n<title>Feij\u00f3o sinala que Galicia necesita do mellor equipo para dar a talla en Europa e defender a nosa pesca sen \u201csectarismos nin partidismos\u201d - PP de Galicia<\/title>\n<meta name=\"robots\" content=\"index, follow, max-snippet:-1, max-image-preview:large, max-video-preview:-1\" \/>\n<link rel=\"canonical\" href=\"https:\/\/ppdegalicia.com\/es\/feijoo-sinala-que-galicia-necesita-do-mellor-equipo-para-dar-a-talla-en-europa-e-defender-a-nosa-pesca-sen-sectarismos-nin-partidismos\/\" \/>\n<meta property=\"og:locale\" content=\"es_ES\" \/>\n<meta property=\"og:type\" content=\"article\" \/>\n<meta property=\"og:title\" content=\"Feij\u00f3o sinala que Galicia necesita do mellor equipo para dar a talla en Europa e defender a nosa pesca sen \u201csectarismos nin partidismos\u201d - PP de Galicia\" \/>\n<meta property=\"og:description\" content=\"14, maio, 2019. O presidente do PPdeG, Alberto N\u00fa\u00f1ez Feij\u00f3o, destacou hoxe, durante a s\u00faa participaci\u00f3n nun encontro sectorial de pesca en Vigo, que Galicia e o sector necesitan do mellor equipo para dar a talla en Europa e defender a nosa pesca \u201csen sectarismos nin partidismos\u201d.\" \/>\n<meta property=\"og:url\" content=\"https:\/\/ppdegalicia.com\/es\/feijoo-sinala-que-galicia-necesita-do-mellor-equipo-para-dar-a-talla-en-europa-e-defender-a-nosa-pesca-sen-sectarismos-nin-partidismos\/\" \/>\n<meta property=\"og:site_name\" content=\"PP de Galicia\" \/>\n<meta property=\"article:publisher\" content=\"https:\/\/www.instagram.com\/ppdegalicia\/\" \/>\n<meta property=\"article:published_time\" content=\"2019-05-14T08:53:42+00:00\" \/>\n<meta name=\"author\" content=\"Super User\" \/>\n<meta name=\"twitter:card\" content=\"summary_large_image\" \/>\n<meta name=\"twitter:creator\" content=\"@ppdegalicia\" \/>\n<meta name=\"twitter:site\" content=\"@ppdegalicia\" \/>\n<meta name=\"twitter:label1\" content=\"Escrito por\" \/>\n\t<meta name=\"twitter:data1\" content=\"Super User\" \/>\n\t<meta name=\"twitter:label2\" content=\"Tiempo de lectura\" \/>\n\t<meta name=\"twitter:data2\" content=\"3 minutos\" \/>\n<script type=\"application\/ld+json\" class=\"yoast-schema-graph\">{\"@context\":\"https:\\\/\\\/schema.org\",\"@graph\":[{\"@type\":\"Article\",\"@id\":\"https:\\\/\\\/ppdegalicia.com\\\/es\\\/feijoo-sinala-que-galicia-necesita-do-mellor-equipo-para-dar-a-talla-en-europa-e-defender-a-nosa-pesca-sen-sectarismos-nin-partidismos\\\/#article\",\"isPartOf\":{\"@id\":\"https:\\\/\\\/ppdegalicia.com\\\/es\\\/feijoo-sinala-que-galicia-necesita-do-mellor-equipo-para-dar-a-talla-en-europa-e-defender-a-nosa-pesca-sen-sectarismos-nin-partidismos\\\/\"},\"author\":{\"name\":\"Super User\",\"@id\":\"https:\\\/\\\/ppdegalicia.com\\\/es\\\/#\\\/schema\\\/person\\\/d0f013b8388c980665d44009ab762960\"},\"headline\":\"Feij\u00f3o sinala que Galicia necesita do mellor equipo para dar a talla en Europa e defender a nosa pesca sen \u201csectarismos nin partidismos\u201d\",\"datePublished\":\"2019-05-14T08:53:42+00:00\",\"mainEntityOfPage\":{\"@id\":\"https:\\\/\\\/ppdegalicia.com\\\/es\\\/feijoo-sinala-que-galicia-necesita-do-mellor-equipo-para-dar-a-talla-en-europa-e-defender-a-nosa-pesca-sen-sectarismos-nin-partidismos\\\/\"},\"wordCount\":535,\"commentCount\":0,\"publisher\":{\"@id\":\"https:\\\/\\\/ppdegalicia.com\\\/es\\\/#organization\"},\"articleSection\":[\"PP de Galicia\"],\"inLanguage\":\"es\",\"potentialAction\":[{\"@type\":\"CommentAction\",\"name\":\"Comment\",\"target\":[\"https:\\\/\\\/ppdegalicia.com\\\/es\\\/feijoo-sinala-que-galicia-necesita-do-mellor-equipo-para-dar-a-talla-en-europa-e-defender-a-nosa-pesca-sen-sectarismos-nin-partidismos\\\/#respond\"]}]},{\"@type\":\"WebPage\",\"@id\":\"https:\\\/\\\/ppdegalicia.com\\\/es\\\/feijoo-sinala-que-galicia-necesita-do-mellor-equipo-para-dar-a-talla-en-europa-e-defender-a-nosa-pesca-sen-sectarismos-nin-partidismos\\\/\",\"url\":\"https:\\\/\\\/ppdegalicia.com\\\/es\\\/feijoo-sinala-que-galicia-necesita-do-mellor-equipo-para-dar-a-talla-en-europa-e-defender-a-nosa-pesca-sen-sectarismos-nin-partidismos\\\/\",\"name\":\"Feij\u00f3o sinala que Galicia necesita do mellor equipo para dar a talla en Europa e defender a nosa pesca sen \u201csectarismos nin partidismos\u201d - PP de Galicia\",\"isPartOf\":{\"@id\":\"https:\\\/\\\/ppdegalicia.com\\\/es\\\/#website\"},\"datePublished\":\"2019-05-14T08:53:42+00:00\",\"breadcrumb\":{\"@id\":\"https:\\\/\\\/ppdegalicia.com\\\/es\\\/feijoo-sinala-que-galicia-necesita-do-mellor-equipo-para-dar-a-talla-en-europa-e-defender-a-nosa-pesca-sen-sectarismos-nin-partidismos\\\/#breadcrumb\"},\"inLanguage\":\"es\",\"potentialAction\":[{\"@type\":\"ReadAction\",\"target\":[\"https:\\\/\\\/ppdegalicia.com\\\/es\\\/feijoo-sinala-que-galicia-necesita-do-mellor-equipo-para-dar-a-talla-en-europa-e-defender-a-nosa-pesca-sen-sectarismos-nin-partidismos\\\/\"]}]},{\"@type\":\"BreadcrumbList\",\"@id\":\"https:\\\/\\\/ppdegalicia.com\\\/es\\\/feijoo-sinala-que-galicia-necesita-do-mellor-equipo-para-dar-a-talla-en-europa-e-defender-a-nosa-pesca-sen-sectarismos-nin-partidismos\\\/#breadcrumb\",\"itemListElement\":[{\"@type\":\"ListItem\",\"position\":1,\"name\":\"Portada\",\"item\":\"https:\\\/\\\/ppdegalicia.com\\\/es\\\/\"},{\"@type\":\"ListItem\",\"position\":2,\"name\":\"Feij\u00f3o sinala que Galicia necesita do mellor equipo para dar a talla en Europa e defender a nosa pesca sen \u201csectarismos nin partidismos\u201d\"}]},{\"@type\":\"WebSite\",\"@id\":\"https:\\\/\\\/ppdegalicia.com\\\/es\\\/#website\",\"url\":\"https:\\\/\\\/ppdegalicia.com\\\/es\\\/\",\"name\":\"Partido Popular de Galicia\",\"description\":\"Partido Popular de Galicia\",\"publisher\":{\"@id\":\"https:\\\/\\\/ppdegalicia.com\\\/es\\\/#organization\"},\"alternateName\":\"PP de Galicia\",\"potentialAction\":[{\"@type\":\"SearchAction\",\"target\":{\"@type\":\"EntryPoint\",\"urlTemplate\":\"https:\\\/\\\/ppdegalicia.com\\\/es\\\/?s={search_term_string}\"},\"query-input\":{\"@type\":\"PropertyValueSpecification\",\"valueRequired\":true,\"valueName\":\"search_term_string\"}}],\"inLanguage\":\"es\"},{\"@type\":\"Organization\",\"@id\":\"https:\\\/\\\/ppdegalicia.com\\\/es\\\/#organization\",\"name\":\"Partido Popular de Galicia\",\"alternateName\":\"PP de Galicia\",\"url\":\"https:\\\/\\\/ppdegalicia.com\\\/es\\\/\",\"logo\":{\"@type\":\"ImageObject\",\"inLanguage\":\"es\",\"@id\":\"https:\\\/\\\/ppdegalicia.com\\\/es\\\/#\\\/schema\\\/logo\\\/image\\\/\",\"url\":\"https:\\\/\\\/ppdegalicia.com\\\/wp-content\\\/uploads\\\/2023\\\/04\\\/logoPP512.png\",\"contentUrl\":\"https:\\\/\\\/ppdegalicia.com\\\/wp-content\\\/uploads\\\/2023\\\/04\\\/logoPP512.png\",\"width\":512,\"height\":512,\"caption\":\"Partido Popular de Galicia\"},\"image\":{\"@id\":\"https:\\\/\\\/ppdegalicia.com\\\/es\\\/#\\\/schema\\\/logo\\\/image\\\/\"},\"sameAs\":[\"https:\\\/\\\/www.instagram.com\\\/ppdegalicia\\\/\",\"https:\\\/\\\/x.com\\\/ppdegalicia\",\"https:\\\/\\\/www.tiktok.com\\\/@ppdegalicia\",\"https:\\\/\\\/www.youtube.com\\\/user\\\/ppdegalicia\"]},{\"@type\":\"Person\",\"@id\":\"https:\\\/\\\/ppdegalicia.com\\\/es\\\/#\\\/schema\\\/person\\\/d0f013b8388c980665d44009ab762960\",\"name\":\"Super User\",\"image\":{\"@type\":\"ImageObject\",\"inLanguage\":\"es\",\"@id\":\"https:\\\/\\\/secure.gravatar.com\\\/avatar\\\/1db852625ef4948f58d2739bfbc51e4b9bd5c93b8fa340b59fdb594ca0845645?s=96&d=mm&r=g\",\"url\":\"https:\\\/\\\/secure.gravatar.com\\\/avatar\\\/1db852625ef4948f58d2739bfbc51e4b9bd5c93b8fa340b59fdb594ca0845645?s=96&d=mm&r=g\",\"contentUrl\":\"https:\\\/\\\/secure.gravatar.com\\\/avatar\\\/1db852625ef4948f58d2739bfbc51e4b9bd5c93b8fa340b59fdb594ca0845645?s=96&d=mm&r=g\",\"caption\":\"Super User\"},\"url\":\"https:\\\/\\\/ppdegalicia.com\\\/es\\\/author\\\/ppdegaliciagestion\\\/\"}]}<\/script>\n<!-- \/ Yoast SEO plugin. -->","yoast_head_json":{"title":"Feij\u00f3o sinala que Galicia necesita do mellor equipo para dar a talla en Europa e defender a nosa pesca sen \u201csectarismos nin partidismos\u201d - PP de Galicia","robots":{"index":"index","follow":"follow","max-snippet":"max-snippet:-1","max-image-preview":"max-image-preview:large","max-video-preview":"max-video-preview:-1"},"canonical":"https:\/\/ppdegalicia.com\/es\/feijoo-sinala-que-galicia-necesita-do-mellor-equipo-para-dar-a-talla-en-europa-e-defender-a-nosa-pesca-sen-sectarismos-nin-partidismos\/","og_locale":"es_ES","og_type":"article","og_title":"Feij\u00f3o sinala que Galicia necesita do mellor equipo para dar a talla en Europa e defender a nosa pesca sen \u201csectarismos nin partidismos\u201d - PP de Galicia","og_description":"14, maio, 2019. O presidente do PPdeG, Alberto N\u00fa\u00f1ez Feij\u00f3o, destacou hoxe, durante a s\u00faa participaci\u00f3n nun encontro sectorial de pesca en Vigo, que Galicia e o sector necesitan do mellor equipo para dar a talla en Europa e defender a nosa pesca \u201csen sectarismos nin partidismos\u201d.","og_url":"https:\/\/ppdegalicia.com\/es\/feijoo-sinala-que-galicia-necesita-do-mellor-equipo-para-dar-a-talla-en-europa-e-defender-a-nosa-pesca-sen-sectarismos-nin-partidismos\/","og_site_name":"PP de Galicia","article_publisher":"https:\/\/www.instagram.com\/ppdegalicia\/","article_published_time":"2019-05-14T08:53:42+00:00","author":"Super User","twitter_card":"summary_large_image","twitter_creator":"@ppdegalicia","twitter_site":"@ppdegalicia","twitter_misc":{"Escrito por":"Super User","Tiempo de lectura":"3 minutos"},"schema":{"@context":"https:\/\/schema.org","@graph":[{"@type":"Article","@id":"https:\/\/ppdegalicia.com\/es\/feijoo-sinala-que-galicia-necesita-do-mellor-equipo-para-dar-a-talla-en-europa-e-defender-a-nosa-pesca-sen-sectarismos-nin-partidismos\/#article","isPartOf":{"@id":"https:\/\/ppdegalicia.com\/es\/feijoo-sinala-que-galicia-necesita-do-mellor-equipo-para-dar-a-talla-en-europa-e-defender-a-nosa-pesca-sen-sectarismos-nin-partidismos\/"},"author":{"name":"Super User","@id":"https:\/\/ppdegalicia.com\/es\/#\/schema\/person\/d0f013b8388c980665d44009ab762960"},"headline":"Feij\u00f3o sinala que Galicia necesita do mellor equipo para dar a talla en Europa e defender a nosa pesca sen \u201csectarismos nin partidismos\u201d","datePublished":"2019-05-14T08:53:42+00:00","mainEntityOfPage":{"@id":"https:\/\/ppdegalicia.com\/es\/feijoo-sinala-que-galicia-necesita-do-mellor-equipo-para-dar-a-talla-en-europa-e-defender-a-nosa-pesca-sen-sectarismos-nin-partidismos\/"},"wordCount":535,"commentCount":0,"publisher":{"@id":"https:\/\/ppdegalicia.com\/es\/#organization"},"articleSection":["PP de Galicia"],"inLanguage":"es","potentialAction":[{"@type":"CommentAction","name":"Comment","target":["https:\/\/ppdegalicia.com\/es\/feijoo-sinala-que-galicia-necesita-do-mellor-equipo-para-dar-a-talla-en-europa-e-defender-a-nosa-pesca-sen-sectarismos-nin-partidismos\/#respond"]}]},{"@type":"WebPage","@id":"https:\/\/ppdegalicia.com\/es\/feijoo-sinala-que-galicia-necesita-do-mellor-equipo-para-dar-a-talla-en-europa-e-defender-a-nosa-pesca-sen-sectarismos-nin-partidismos\/","url":"https:\/\/ppdegalicia.com\/es\/feijoo-sinala-que-galicia-necesita-do-mellor-equipo-para-dar-a-talla-en-europa-e-defender-a-nosa-pesca-sen-sectarismos-nin-partidismos\/","name":"Feij\u00f3o sinala que Galicia necesita do mellor equipo para dar a talla en Europa e defender a nosa pesca sen \u201csectarismos nin partidismos\u201d - PP de Galicia","isPartOf":{"@id":"https:\/\/ppdegalicia.com\/es\/#website"},"datePublished":"2019-05-14T08:53:42+00:00","breadcrumb":{"@id":"https:\/\/ppdegalicia.com\/es\/feijoo-sinala-que-galicia-necesita-do-mellor-equipo-para-dar-a-talla-en-europa-e-defender-a-nosa-pesca-sen-sectarismos-nin-partidismos\/#breadcrumb"},"inLanguage":"es","potentialAction":[{"@type":"ReadAction","target":["https:\/\/ppdegalicia.com\/es\/feijoo-sinala-que-galicia-necesita-do-mellor-equipo-para-dar-a-talla-en-europa-e-defender-a-nosa-pesca-sen-sectarismos-nin-partidismos\/"]}]},{"@type":"BreadcrumbList","@id":"https:\/\/ppdegalicia.com\/es\/feijoo-sinala-que-galicia-necesita-do-mellor-equipo-para-dar-a-talla-en-europa-e-defender-a-nosa-pesca-sen-sectarismos-nin-partidismos\/#breadcrumb","itemListElement":[{"@type":"ListItem","position":1,"name":"Portada","item":"https:\/\/ppdegalicia.com\/es\/"},{"@type":"ListItem","position":2,"name":"Feij\u00f3o sinala que Galicia necesita do mellor equipo para dar a talla en Europa e defender a nosa pesca sen \u201csectarismos nin partidismos\u201d"}]},{"@type":"WebSite","@id":"https:\/\/ppdegalicia.com\/es\/#website","url":"https:\/\/ppdegalicia.com\/es\/","name":"Partido Popular de Galicia","description":"Partido Popular de Galicia","publisher":{"@id":"https:\/\/ppdegalicia.com\/es\/#organization"},"alternateName":"PP de Galicia","potentialAction":[{"@type":"SearchAction","target":{"@type":"EntryPoint","urlTemplate":"https:\/\/ppdegalicia.com\/es\/?s={search_term_string}"},"query-input":{"@type":"PropertyValueSpecification","valueRequired":true,"valueName":"search_term_string"}}],"inLanguage":"es"},{"@type":"Organization","@id":"https:\/\/ppdegalicia.com\/es\/#organization","name":"Partido Popular de Galicia","alternateName":"PP de Galicia","url":"https:\/\/ppdegalicia.com\/es\/","logo":{"@type":"ImageObject","inLanguage":"es","@id":"https:\/\/ppdegalicia.com\/es\/#\/schema\/logo\/image\/","url":"https:\/\/ppdegalicia.com\/wp-content\/uploads\/2023\/04\/logoPP512.png","contentUrl":"https:\/\/ppdegalicia.com\/wp-content\/uploads\/2023\/04\/logoPP512.png","width":512,"height":512,"caption":"Partido Popular de Galicia"},"image":{"@id":"https:\/\/ppdegalicia.com\/es\/#\/schema\/logo\/image\/"},"sameAs":["https:\/\/www.instagram.com\/ppdegalicia\/","https:\/\/x.com\/ppdegalicia","https:\/\/www.tiktok.com\/@ppdegalicia","https:\/\/www.youtube.com\/user\/ppdegalicia"]},{"@type":"Person","@id":"https:\/\/ppdegalicia.com\/es\/#\/schema\/person\/d0f013b8388c980665d44009ab762960","name":"Super User","image":{"@type":"ImageObject","inLanguage":"es","@id":"https:\/\/secure.gravatar.com\/avatar\/1db852625ef4948f58d2739bfbc51e4b9bd5c93b8fa340b59fdb594ca0845645?s=96&d=mm&r=g","url":"https:\/\/secure.gravatar.com\/avatar\/1db852625ef4948f58d2739bfbc51e4b9bd5c93b8fa340b59fdb594ca0845645?s=96&d=mm&r=g","contentUrl":"https:\/\/secure.gravatar.com\/avatar\/1db852625ef4948f58d2739bfbc51e4b9bd5c93b8fa340b59fdb594ca0845645?s=96&d=mm&r=g","caption":"Super User"},"url":"https:\/\/ppdegalicia.com\/es\/author\/ppdegaliciagestion\/"}]}},"_links":{"self":[{"href":"https:\/\/ppdegalicia.com\/es\/wp-json\/wp\/v2\/posts\/52349","targetHints":{"allow":["GET"]}}],"collection":[{"href":"https:\/\/ppdegalicia.com\/es\/wp-json\/wp\/v2\/posts"}],"about":[{"href":"https:\/\/ppdegalicia.com\/es\/wp-json\/wp\/v2\/types\/post"}],"author":[{"embeddable":true,"href":"https:\/\/ppdegalicia.com\/es\/wp-json\/wp\/v2\/users\/37"}],"replies":[{"embeddable":true,"href":"https:\/\/ppdegalicia.com\/es\/wp-json\/wp\/v2\/comments?post=52349"}],"version-history":[{"count":0,"href":"https:\/\/ppdegalicia.com\/es\/wp-json\/wp\/v2\/posts\/52349\/revisions"}],"wp:attachment":[{"href":"https:\/\/ppdegalicia.com\/es\/wp-json\/wp\/v2\/media?parent=52349"}],"wp:term":[{"taxonomy":"category","embeddable":true,"href":"https:\/\/ppdegalicia.com\/es\/wp-json\/wp\/v2\/categories?post=52349"},{"taxonomy":"post_tag","embeddable":true,"href":"https:\/\/ppdegalicia.com\/es\/wp-json\/wp\/v2\/tags?post=52349"}],"curies":[{"name":"wp","href":"https:\/\/api.w.org\/{rel}","templated":true}]}}