{"id":52350,"date":"2019-05-14T11:18:47","date_gmt":"2019-05-14T09:18:47","guid":{"rendered":"https:\/\/ppdegalicia.com\/o-ppdeg-afirma-que-a-nova-lei-de-residuos-permitira-diferenciar-entre-unha-valorizacion-real-de-espazos-degradados-ou-un-vertedoiro-encuberto\/"},"modified":"2019-05-14T11:18:47","modified_gmt":"2019-05-14T09:18:47","slug":"o-ppdeg-afirma-que-a-nova-lei-de-residuos-permitira-diferenciar-entre-unha-valorizacion-real-de-espazos-degradados-ou-un-vertedoiro-encuberto","status":"publish","type":"post","link":"https:\/\/ppdegalicia.com\/es\/o-ppdeg-afirma-que-a-nova-lei-de-residuos-permitira-diferenciar-entre-unha-valorizacion-real-de-espazos-degradados-ou-un-vertedoiro-encuberto\/","title":{"rendered":"O PPdeG afirma que a nova lei de residuos permitir\u00e1 diferenciar entre unha valorizaci\u00f3n real de espazos degradados ou un vertedoiro encuberto"},"content":{"rendered":"<p>Santiago, 14 de maio de 2019.- O portavoz de Medio Ambiente do Grupo Popular, Gonzalo Trenor, afirmou hoxe no Parlamento que a Xunta \u201cest\u00e1 a tramitar unha lei de residuos e solos contaminados, que actuar\u00e1 como marco xeral onde poder desenvolver medidas espec\u00edficas que permitan diferenciar claramente entre unha operaci\u00f3n de valorizaci\u00f3n real de espazos degradados ou unha eliminaci\u00f3n en vertedoiro encuberta\u201d.<\/p>\n<p><!--more--><\/p>\n<p>&nbsp;<\/p>\n<p>&nbsp;<\/p>\n<p>\u201cAdemais, a nivel estatal, estase a traballar nun texto coordinado entre todas as comunidades aut\u00f3nomas que substit\u00faa ao real decreto sobre xesti\u00f3n dos residuos das industrias extractivas e de protecci\u00f3n e rehabilitaci\u00f3n do espazo afectado por actividades mineiras\u201d, engadiu.<\/p>\n<p>&nbsp;<\/p>\n<p>Gonzalo Trenor engadiu que \u201cGalicia tam\u00e9n conta co Plan de xesti\u00f3n de residuos industriais 2016-2022, que establece os criterios espec\u00edficos a ter en conta en relaci\u00f3n aos residuos de construci\u00f3n e demolici\u00f3n e, de forma especialmente significativa, sobre os materiais bituminosos\u201d.<\/p>\n<p>&nbsp;<\/p>\n<p>\u201cDeste xeito, tanto a futura lei de residuos e solos contaminados de Galicia, como a reforma do real decreto estatal de xesti\u00f3n dos residuos das industrias extractivas e de protecci\u00f3n e rehabilitaci\u00f3n do espazo afectado polas actividades mineiras permitir\u00e1n clarificar m\u00e1is a situaci\u00f3n e as acci\u00f3ns a realizar en terreos degradados\u201d, salientou o portavoz popular.<\/p>\n","protected":false},"excerpt":{"rendered":"<p>Santiago, 14 de maio de 2019.- O portavoz de Medio Ambiente do Grupo Popular, Gonzalo Trenor, afirmou hoxe no Parlamento que a Xunta \u201cest\u00e1 a tramitar unha lei de residuos e solos contaminados, que actuar\u00e1 como marco xeral onde poder desenvolver medidas espec\u00edficas que permitan diferenciar claramente entre unha operaci\u00f3n de valorizaci\u00f3n real de espazos [&hellip;]<\/p>\n","protected":false},"author":37,"featured_media":0,"comment_status":"open","ping_status":"open","sticky":false,"template":"","format":"standard","meta":{"_acf_changed":false,"footnotes":""},"categories":[1],"tags":[],"class_list":["post-52350","post","type-post","status-publish","format-standard","hentry","category-pp-de-galicia"],"acf":[],"yoast_head":"<!-- This site is optimized with the Yoast SEO plugin v27.3 - https:\/\/yoast.com\/product\/yoast-seo-wordpress\/ -->\n<title>O PPdeG afirma que a nova lei de residuos permitir\u00e1 diferenciar entre unha valorizaci\u00f3n real de espazos degradados ou un vertedoiro encuberto - PP de Galicia<\/title>\n<meta name=\"robots\" content=\"index, follow, max-snippet:-1, max-image-preview:large, max-video-preview:-1\" \/>\n<link rel=\"canonical\" href=\"https:\/\/ppdegalicia.com\/es\/o-ppdeg-afirma-que-a-nova-lei-de-residuos-permitira-diferenciar-entre-unha-valorizacion-real-de-espazos-degradados-ou-un-vertedoiro-encuberto\/\" \/>\n<meta property=\"og:locale\" content=\"es_ES\" \/>\n<meta property=\"og:type\" content=\"article\" \/>\n<meta property=\"og:title\" content=\"O PPdeG afirma que a nova lei de residuos permitir\u00e1 diferenciar entre unha valorizaci\u00f3n real de espazos degradados ou un vertedoiro encuberto - PP de Galicia\" \/>\n<meta property=\"og:description\" content=\"Santiago, 14 de maio de 2019.- O portavoz de Medio Ambiente do Grupo Popular, Gonzalo Trenor, afirmou hoxe no Parlamento que a Xunta \u201cest\u00e1 a tramitar unha lei de residuos e solos contaminados, que actuar\u00e1 como marco xeral onde poder desenvolver medidas espec\u00edficas que permitan diferenciar claramente entre unha operaci\u00f3n de valorizaci\u00f3n real de espazos [&hellip;]\" \/>\n<meta property=\"og:url\" content=\"https:\/\/ppdegalicia.com\/es\/o-ppdeg-afirma-que-a-nova-lei-de-residuos-permitira-diferenciar-entre-unha-valorizacion-real-de-espazos-degradados-ou-un-vertedoiro-encuberto\/\" \/>\n<meta property=\"og:site_name\" content=\"PP de Galicia\" \/>\n<meta property=\"article:publisher\" content=\"https:\/\/www.instagram.com\/ppdegalicia\/\" \/>\n<meta property=\"article:published_time\" content=\"2019-05-14T09:18:47+00:00\" \/>\n<meta name=\"author\" content=\"Super User\" \/>\n<meta name=\"twitter:card\" content=\"summary_large_image\" \/>\n<meta name=\"twitter:creator\" content=\"@ppdegalicia\" \/>\n<meta name=\"twitter:site\" content=\"@ppdegalicia\" \/>\n<meta name=\"twitter:label1\" content=\"Escrito por\" \/>\n\t<meta name=\"twitter:data1\" content=\"Super User\" \/>\n\t<meta name=\"twitter:label2\" content=\"Tiempo de lectura\" \/>\n\t<meta name=\"twitter:data2\" content=\"1 minuto\" \/>\n<script type=\"application\/ld+json\" class=\"yoast-schema-graph\">{\"@context\":\"https:\\\/\\\/schema.org\",\"@graph\":[{\"@type\":\"Article\",\"@id\":\"https:\\\/\\\/ppdegalicia.com\\\/es\\\/o-ppdeg-afirma-que-a-nova-lei-de-residuos-permitira-diferenciar-entre-unha-valorizacion-real-de-espazos-degradados-ou-un-vertedoiro-encuberto\\\/#article\",\"isPartOf\":{\"@id\":\"https:\\\/\\\/ppdegalicia.com\\\/es\\\/o-ppdeg-afirma-que-a-nova-lei-de-residuos-permitira-diferenciar-entre-unha-valorizacion-real-de-espazos-degradados-ou-un-vertedoiro-encuberto\\\/\"},\"author\":{\"name\":\"Super User\",\"@id\":\"https:\\\/\\\/ppdegalicia.com\\\/es\\\/#\\\/schema\\\/person\\\/d0f013b8388c980665d44009ab762960\"},\"headline\":\"O PPdeG afirma que a nova lei de residuos permitir\u00e1 diferenciar entre unha valorizaci\u00f3n real de espazos degradados ou un vertedoiro encuberto\",\"datePublished\":\"2019-05-14T09:18:47+00:00\",\"mainEntityOfPage\":{\"@id\":\"https:\\\/\\\/ppdegalicia.com\\\/es\\\/o-ppdeg-afirma-que-a-nova-lei-de-residuos-permitira-diferenciar-entre-unha-valorizacion-real-de-espazos-degradados-ou-un-vertedoiro-encuberto\\\/\"},\"wordCount\":245,\"commentCount\":0,\"publisher\":{\"@id\":\"https:\\\/\\\/ppdegalicia.com\\\/es\\\/#organization\"},\"articleSection\":[\"PP de Galicia\"],\"inLanguage\":\"es\",\"potentialAction\":[{\"@type\":\"CommentAction\",\"name\":\"Comment\",\"target\":[\"https:\\\/\\\/ppdegalicia.com\\\/es\\\/o-ppdeg-afirma-que-a-nova-lei-de-residuos-permitira-diferenciar-entre-unha-valorizacion-real-de-espazos-degradados-ou-un-vertedoiro-encuberto\\\/#respond\"]}]},{\"@type\":\"WebPage\",\"@id\":\"https:\\\/\\\/ppdegalicia.com\\\/es\\\/o-ppdeg-afirma-que-a-nova-lei-de-residuos-permitira-diferenciar-entre-unha-valorizacion-real-de-espazos-degradados-ou-un-vertedoiro-encuberto\\\/\",\"url\":\"https:\\\/\\\/ppdegalicia.com\\\/es\\\/o-ppdeg-afirma-que-a-nova-lei-de-residuos-permitira-diferenciar-entre-unha-valorizacion-real-de-espazos-degradados-ou-un-vertedoiro-encuberto\\\/\",\"name\":\"O PPdeG afirma que a nova lei de residuos permitir\u00e1 diferenciar entre unha valorizaci\u00f3n real de espazos degradados ou un vertedoiro encuberto - PP de Galicia\",\"isPartOf\":{\"@id\":\"https:\\\/\\\/ppdegalicia.com\\\/es\\\/#website\"},\"datePublished\":\"2019-05-14T09:18:47+00:00\",\"breadcrumb\":{\"@id\":\"https:\\\/\\\/ppdegalicia.com\\\/es\\\/o-ppdeg-afirma-que-a-nova-lei-de-residuos-permitira-diferenciar-entre-unha-valorizacion-real-de-espazos-degradados-ou-un-vertedoiro-encuberto\\\/#breadcrumb\"},\"inLanguage\":\"es\",\"potentialAction\":[{\"@type\":\"ReadAction\",\"target\":[\"https:\\\/\\\/ppdegalicia.com\\\/es\\\/o-ppdeg-afirma-que-a-nova-lei-de-residuos-permitira-diferenciar-entre-unha-valorizacion-real-de-espazos-degradados-ou-un-vertedoiro-encuberto\\\/\"]}]},{\"@type\":\"BreadcrumbList\",\"@id\":\"https:\\\/\\\/ppdegalicia.com\\\/es\\\/o-ppdeg-afirma-que-a-nova-lei-de-residuos-permitira-diferenciar-entre-unha-valorizacion-real-de-espazos-degradados-ou-un-vertedoiro-encuberto\\\/#breadcrumb\",\"itemListElement\":[{\"@type\":\"ListItem\",\"position\":1,\"name\":\"Portada\",\"item\":\"https:\\\/\\\/ppdegalicia.com\\\/es\\\/\"},{\"@type\":\"ListItem\",\"position\":2,\"name\":\"O PPdeG afirma que a nova lei de residuos permitir\u00e1 diferenciar entre unha valorizaci\u00f3n real de espazos degradados ou un vertedoiro encuberto\"}]},{\"@type\":\"WebSite\",\"@id\":\"https:\\\/\\\/ppdegalicia.com\\\/es\\\/#website\",\"url\":\"https:\\\/\\\/ppdegalicia.com\\\/es\\\/\",\"name\":\"Partido Popular de Galicia\",\"description\":\"Partido Popular de Galicia\",\"publisher\":{\"@id\":\"https:\\\/\\\/ppdegalicia.com\\\/es\\\/#organization\"},\"alternateName\":\"PP de Galicia\",\"potentialAction\":[{\"@type\":\"SearchAction\",\"target\":{\"@type\":\"EntryPoint\",\"urlTemplate\":\"https:\\\/\\\/ppdegalicia.com\\\/es\\\/?s={search_term_string}\"},\"query-input\":{\"@type\":\"PropertyValueSpecification\",\"valueRequired\":true,\"valueName\":\"search_term_string\"}}],\"inLanguage\":\"es\"},{\"@type\":\"Organization\",\"@id\":\"https:\\\/\\\/ppdegalicia.com\\\/es\\\/#organization\",\"name\":\"Partido Popular de Galicia\",\"alternateName\":\"PP de Galicia\",\"url\":\"https:\\\/\\\/ppdegalicia.com\\\/es\\\/\",\"logo\":{\"@type\":\"ImageObject\",\"inLanguage\":\"es\",\"@id\":\"https:\\\/\\\/ppdegalicia.com\\\/es\\\/#\\\/schema\\\/logo\\\/image\\\/\",\"url\":\"https:\\\/\\\/ppdegalicia.com\\\/wp-content\\\/uploads\\\/2023\\\/04\\\/logoPP512.png\",\"contentUrl\":\"https:\\\/\\\/ppdegalicia.com\\\/wp-content\\\/uploads\\\/2023\\\/04\\\/logoPP512.png\",\"width\":512,\"height\":512,\"caption\":\"Partido Popular de Galicia\"},\"image\":{\"@id\":\"https:\\\/\\\/ppdegalicia.com\\\/es\\\/#\\\/schema\\\/logo\\\/image\\\/\"},\"sameAs\":[\"https:\\\/\\\/www.instagram.com\\\/ppdegalicia\\\/\",\"https:\\\/\\\/x.com\\\/ppdegalicia\",\"https:\\\/\\\/www.tiktok.com\\\/@ppdegalicia\",\"https:\\\/\\\/www.youtube.com\\\/user\\\/ppdegalicia\"]},{\"@type\":\"Person\",\"@id\":\"https:\\\/\\\/ppdegalicia.com\\\/es\\\/#\\\/schema\\\/person\\\/d0f013b8388c980665d44009ab762960\",\"name\":\"Super User\",\"image\":{\"@type\":\"ImageObject\",\"inLanguage\":\"es\",\"@id\":\"https:\\\/\\\/secure.gravatar.com\\\/avatar\\\/1db852625ef4948f58d2739bfbc51e4b9bd5c93b8fa340b59fdb594ca0845645?s=96&d=mm&r=g\",\"url\":\"https:\\\/\\\/secure.gravatar.com\\\/avatar\\\/1db852625ef4948f58d2739bfbc51e4b9bd5c93b8fa340b59fdb594ca0845645?s=96&d=mm&r=g\",\"contentUrl\":\"https:\\\/\\\/secure.gravatar.com\\\/avatar\\\/1db852625ef4948f58d2739bfbc51e4b9bd5c93b8fa340b59fdb594ca0845645?s=96&d=mm&r=g\",\"caption\":\"Super User\"},\"url\":\"https:\\\/\\\/ppdegalicia.com\\\/es\\\/author\\\/ppdegaliciagestion\\\/\"}]}<\/script>\n<!-- \/ Yoast SEO plugin. -->","yoast_head_json":{"title":"O PPdeG afirma que a nova lei de residuos permitir\u00e1 diferenciar entre unha valorizaci\u00f3n real de espazos degradados ou un vertedoiro encuberto - PP de Galicia","robots":{"index":"index","follow":"follow","max-snippet":"max-snippet:-1","max-image-preview":"max-image-preview:large","max-video-preview":"max-video-preview:-1"},"canonical":"https:\/\/ppdegalicia.com\/es\/o-ppdeg-afirma-que-a-nova-lei-de-residuos-permitira-diferenciar-entre-unha-valorizacion-real-de-espazos-degradados-ou-un-vertedoiro-encuberto\/","og_locale":"es_ES","og_type":"article","og_title":"O PPdeG afirma que a nova lei de residuos permitir\u00e1 diferenciar entre unha valorizaci\u00f3n real de espazos degradados ou un vertedoiro encuberto - PP de Galicia","og_description":"Santiago, 14 de maio de 2019.- O portavoz de Medio Ambiente do Grupo Popular, Gonzalo Trenor, afirmou hoxe no Parlamento que a Xunta \u201cest\u00e1 a tramitar unha lei de residuos e solos contaminados, que actuar\u00e1 como marco xeral onde poder desenvolver medidas espec\u00edficas que permitan diferenciar claramente entre unha operaci\u00f3n de valorizaci\u00f3n real de espazos [&hellip;]","og_url":"https:\/\/ppdegalicia.com\/es\/o-ppdeg-afirma-que-a-nova-lei-de-residuos-permitira-diferenciar-entre-unha-valorizacion-real-de-espazos-degradados-ou-un-vertedoiro-encuberto\/","og_site_name":"PP de Galicia","article_publisher":"https:\/\/www.instagram.com\/ppdegalicia\/","article_published_time":"2019-05-14T09:18:47+00:00","author":"Super User","twitter_card":"summary_large_image","twitter_creator":"@ppdegalicia","twitter_site":"@ppdegalicia","twitter_misc":{"Escrito por":"Super User","Tiempo de lectura":"1 minuto"},"schema":{"@context":"https:\/\/schema.org","@graph":[{"@type":"Article","@id":"https:\/\/ppdegalicia.com\/es\/o-ppdeg-afirma-que-a-nova-lei-de-residuos-permitira-diferenciar-entre-unha-valorizacion-real-de-espazos-degradados-ou-un-vertedoiro-encuberto\/#article","isPartOf":{"@id":"https:\/\/ppdegalicia.com\/es\/o-ppdeg-afirma-que-a-nova-lei-de-residuos-permitira-diferenciar-entre-unha-valorizacion-real-de-espazos-degradados-ou-un-vertedoiro-encuberto\/"},"author":{"name":"Super User","@id":"https:\/\/ppdegalicia.com\/es\/#\/schema\/person\/d0f013b8388c980665d44009ab762960"},"headline":"O PPdeG afirma que a nova lei de residuos permitir\u00e1 diferenciar entre unha valorizaci\u00f3n real de espazos degradados ou un vertedoiro encuberto","datePublished":"2019-05-14T09:18:47+00:00","mainEntityOfPage":{"@id":"https:\/\/ppdegalicia.com\/es\/o-ppdeg-afirma-que-a-nova-lei-de-residuos-permitira-diferenciar-entre-unha-valorizacion-real-de-espazos-degradados-ou-un-vertedoiro-encuberto\/"},"wordCount":245,"commentCount":0,"publisher":{"@id":"https:\/\/ppdegalicia.com\/es\/#organization"},"articleSection":["PP de Galicia"],"inLanguage":"es","potentialAction":[{"@type":"CommentAction","name":"Comment","target":["https:\/\/ppdegalicia.com\/es\/o-ppdeg-afirma-que-a-nova-lei-de-residuos-permitira-diferenciar-entre-unha-valorizacion-real-de-espazos-degradados-ou-un-vertedoiro-encuberto\/#respond"]}]},{"@type":"WebPage","@id":"https:\/\/ppdegalicia.com\/es\/o-ppdeg-afirma-que-a-nova-lei-de-residuos-permitira-diferenciar-entre-unha-valorizacion-real-de-espazos-degradados-ou-un-vertedoiro-encuberto\/","url":"https:\/\/ppdegalicia.com\/es\/o-ppdeg-afirma-que-a-nova-lei-de-residuos-permitira-diferenciar-entre-unha-valorizacion-real-de-espazos-degradados-ou-un-vertedoiro-encuberto\/","name":"O PPdeG afirma que a nova lei de residuos permitir\u00e1 diferenciar entre unha valorizaci\u00f3n real de espazos degradados ou un vertedoiro encuberto - PP de Galicia","isPartOf":{"@id":"https:\/\/ppdegalicia.com\/es\/#website"},"datePublished":"2019-05-14T09:18:47+00:00","breadcrumb":{"@id":"https:\/\/ppdegalicia.com\/es\/o-ppdeg-afirma-que-a-nova-lei-de-residuos-permitira-diferenciar-entre-unha-valorizacion-real-de-espazos-degradados-ou-un-vertedoiro-encuberto\/#breadcrumb"},"inLanguage":"es","potentialAction":[{"@type":"ReadAction","target":["https:\/\/ppdegalicia.com\/es\/o-ppdeg-afirma-que-a-nova-lei-de-residuos-permitira-diferenciar-entre-unha-valorizacion-real-de-espazos-degradados-ou-un-vertedoiro-encuberto\/"]}]},{"@type":"BreadcrumbList","@id":"https:\/\/ppdegalicia.com\/es\/o-ppdeg-afirma-que-a-nova-lei-de-residuos-permitira-diferenciar-entre-unha-valorizacion-real-de-espazos-degradados-ou-un-vertedoiro-encuberto\/#breadcrumb","itemListElement":[{"@type":"ListItem","position":1,"name":"Portada","item":"https:\/\/ppdegalicia.com\/es\/"},{"@type":"ListItem","position":2,"name":"O PPdeG afirma que a nova lei de residuos permitir\u00e1 diferenciar entre unha valorizaci\u00f3n real de espazos degradados ou un vertedoiro encuberto"}]},{"@type":"WebSite","@id":"https:\/\/ppdegalicia.com\/es\/#website","url":"https:\/\/ppdegalicia.com\/es\/","name":"Partido Popular de Galicia","description":"Partido Popular de Galicia","publisher":{"@id":"https:\/\/ppdegalicia.com\/es\/#organization"},"alternateName":"PP de Galicia","potentialAction":[{"@type":"SearchAction","target":{"@type":"EntryPoint","urlTemplate":"https:\/\/ppdegalicia.com\/es\/?s={search_term_string}"},"query-input":{"@type":"PropertyValueSpecification","valueRequired":true,"valueName":"search_term_string"}}],"inLanguage":"es"},{"@type":"Organization","@id":"https:\/\/ppdegalicia.com\/es\/#organization","name":"Partido Popular de Galicia","alternateName":"PP de Galicia","url":"https:\/\/ppdegalicia.com\/es\/","logo":{"@type":"ImageObject","inLanguage":"es","@id":"https:\/\/ppdegalicia.com\/es\/#\/schema\/logo\/image\/","url":"https:\/\/ppdegalicia.com\/wp-content\/uploads\/2023\/04\/logoPP512.png","contentUrl":"https:\/\/ppdegalicia.com\/wp-content\/uploads\/2023\/04\/logoPP512.png","width":512,"height":512,"caption":"Partido Popular de Galicia"},"image":{"@id":"https:\/\/ppdegalicia.com\/es\/#\/schema\/logo\/image\/"},"sameAs":["https:\/\/www.instagram.com\/ppdegalicia\/","https:\/\/x.com\/ppdegalicia","https:\/\/www.tiktok.com\/@ppdegalicia","https:\/\/www.youtube.com\/user\/ppdegalicia"]},{"@type":"Person","@id":"https:\/\/ppdegalicia.com\/es\/#\/schema\/person\/d0f013b8388c980665d44009ab762960","name":"Super User","image":{"@type":"ImageObject","inLanguage":"es","@id":"https:\/\/secure.gravatar.com\/avatar\/1db852625ef4948f58d2739bfbc51e4b9bd5c93b8fa340b59fdb594ca0845645?s=96&d=mm&r=g","url":"https:\/\/secure.gravatar.com\/avatar\/1db852625ef4948f58d2739bfbc51e4b9bd5c93b8fa340b59fdb594ca0845645?s=96&d=mm&r=g","contentUrl":"https:\/\/secure.gravatar.com\/avatar\/1db852625ef4948f58d2739bfbc51e4b9bd5c93b8fa340b59fdb594ca0845645?s=96&d=mm&r=g","caption":"Super User"},"url":"https:\/\/ppdegalicia.com\/es\/author\/ppdegaliciagestion\/"}]}},"_links":{"self":[{"href":"https:\/\/ppdegalicia.com\/es\/wp-json\/wp\/v2\/posts\/52350","targetHints":{"allow":["GET"]}}],"collection":[{"href":"https:\/\/ppdegalicia.com\/es\/wp-json\/wp\/v2\/posts"}],"about":[{"href":"https:\/\/ppdegalicia.com\/es\/wp-json\/wp\/v2\/types\/post"}],"author":[{"embeddable":true,"href":"https:\/\/ppdegalicia.com\/es\/wp-json\/wp\/v2\/users\/37"}],"replies":[{"embeddable":true,"href":"https:\/\/ppdegalicia.com\/es\/wp-json\/wp\/v2\/comments?post=52350"}],"version-history":[{"count":0,"href":"https:\/\/ppdegalicia.com\/es\/wp-json\/wp\/v2\/posts\/52350\/revisions"}],"wp:attachment":[{"href":"https:\/\/ppdegalicia.com\/es\/wp-json\/wp\/v2\/media?parent=52350"}],"wp:term":[{"taxonomy":"category","embeddable":true,"href":"https:\/\/ppdegalicia.com\/es\/wp-json\/wp\/v2\/categories?post=52350"},{"taxonomy":"post_tag","embeddable":true,"href":"https:\/\/ppdegalicia.com\/es\/wp-json\/wp\/v2\/tags?post=52350"}],"curies":[{"name":"wp","href":"https:\/\/api.w.org\/{rel}","templated":true}]}}