{"id":52351,"date":"2019-05-14T19:31:22","date_gmt":"2019-05-14T17:31:22","guid":{"rendered":"https:\/\/ppdegalicia.com\/feijoo-pide-unir-o-voto-no-pp-para-que-unha-maioria-tena-alcaldes-que-se-deban-aos-seus-vecinos-e-nos-aos-seus-socios-de-goberno\/"},"modified":"2019-05-14T19:31:22","modified_gmt":"2019-05-14T17:31:22","slug":"feijoo-pide-unir-o-voto-no-pp-para-que-unha-maioria-tena-alcaldes-que-se-deban-aos-seus-vecinos-e-nos-aos-seus-socios-de-goberno","status":"publish","type":"post","link":"https:\/\/ppdegalicia.com\/es\/feijoo-pide-unir-o-voto-no-pp-para-que-unha-maioria-tena-alcaldes-que-se-deban-aos-seus-vecinos-e-nos-aos-seus-socios-de-goberno\/","title":{"rendered":"Feij\u00f3o pide unir o voto no PP para que unha maior\u00eda te\u00f1a alcaldes que se deban aos seus veci\u00f1os e non aos seus socios de goberno"},"content":{"rendered":"<p style=\"text-align: justify;\"><span style=\"text-decoration: underline;\">14, maio, 2019.<\/span> O presidente do PPdeG, Alberto N\u00fa\u00f1ez Feij\u00f3o, pide unir o voto no Partido Popular para que unha maior\u00eda te\u00f1a alcaldes que se deba unicamente aos seus veci\u00f1os e non aos seus socios.<\/p>\n<p>&nbsp;<\/p>\n<p style=\"text-align: justify;\">Por iso, fixo fincap\u00e9 en non dividir o voto en diferentes partidos nin quedando na casa sen ir a votar, xa que de facelo perder\u00e1n todos os veci\u00f1os que prefer\u00edan un alcalde do PP, en lugar do que saia da suma de nacionalistas, populistas e socialistas. Dixo que s\u00f3 hai unha maneira de ga\u00f1ar as elecci\u00f3ns e \u00e9 unindo o voto no Partido Popular, para as\u00ed ter, ademais, gobernos con programa e que crean na xesti\u00f3n. E \u00e9 que, tal e como incidiu, votar ao PP \u00e9 ter a certeza de que o voto acaba en gobernos que gobernen, unidos e comprometidos co seu concello.<\/p>\n<p>&nbsp;<\/p>\n<p style=\"text-align: justify;\"><strong><span style=\"text-decoration: underline;\">ELIXIMOS A UN DOS NOSOS VECI\u00d1OS<\/span><\/strong><\/p>\n<p style=\"text-align: justify;\">De cara as Municipais, Feij\u00f3o salientou que se pode cambiar o resultado do 28 de abril e convertelo en vitoria electoral. Subli\u00f1ou que o pr\u00f3ximo 26 de maio non se escolle simplemente un partido, unha ideolox\u00eda ou unhas siglas, sen\u00f3n ao veci\u00f1o que m\u00e1is escoita e resolve, co que nos identificamos m\u00e1is, o que nos representar\u00e1 mellor, o que ten m\u00e1is proxectos e m\u00e1is ganas para levalos adiante, que ten o equipo m\u00e1is preparado e con m\u00e1is capacidade para xestionar e gobernar.<\/p>\n<p>&nbsp;<\/p>\n<p style=\"text-align: justify;\">\u201cEn definitiva, o veci\u00f1o ao que lle deixar\u00edamos a chave da nosa casa\u201d, recalcou. Neste senso, subli\u00f1ou que s\u00f3 hai un xeito para que o 27 de maio o alcalde do noso concello sexa do Partido Popular: votando directamente ao PP.<\/p>\n<p>&nbsp;<\/p>\n<p style=\"text-align: justify;\">O l\u00edder do PPdeG indicou que o resultado electoral do pasado 28 de abril non lle gustou a mill\u00f3ns de espa\u00f1ois porque ga\u00f1ou un Goberno de Espa\u00f1a que non quer\u00edan. As\u00ed, asegurou que a maior\u00eda dos votantes de Ciudadanos e Vox ter\u00edan preferido un presidente do PP a un presidente do PSOE apoiado por Podemos e os nacionalistas, do mesmo xeito que prefer\u00edan unha maior\u00eda do PP no Congreso e no Senado. Por iso, Feij\u00f3o incidiu en que a \u00fanica f\u00f3rmula de conseguir uns resultados electorais que satisfagan o pr\u00f3ximo 26 de maio \u00e9 unir o voto no Partido Popular e non deixar que o azar decida.<\/p>\n<p>&nbsp;<\/p>\n<p style=\"text-align: justify;\"><strong><span style=\"text-decoration: underline;\">UNHA TRAXECTORIA ASCENDENTE QUE NON PODE PARAR<\/span><\/strong><\/p>\n<p style=\"text-align: justify;\">Durante un mitin en San Cibrao das Vi\u00f1as, o presidente salientou que o candidato popular, Manuel Pedro Fern\u00e1ndez, leva oito anos demostrando que sabe escoitar e solucionar os problemas: \u201cPor iso \u00e9 o mellor alcalde que pode ter San Cibrao para seguir crecendo, porque a traxectoria ascendente desde municipio non pode parar agora\u201d.<\/p>\n<p>&nbsp;<\/p>\n<p style=\"text-align: justify;\">Como sinalou, a\u00ednda hai moito que facer neste municipio ourens\u00e1n, e s\u00f3 o PP pode garantir que isto suceda, lembrando que os populares van cumprir con obras clave como o enlace da A-52 co pol\u00edgono industrial, na que a Xunta est\u00e1 a traballar a pleno rendemento e que estar\u00e1 lista nesta lexislatura; e con m\u00e1is medidas para a conciliaci\u00f3n da vida familiar e laboral, como as que incluir\u00e1 a futura Lei de impulso demogr\u00e1fico.<\/p>\n<p>&nbsp;<\/p>\n<p style=\"text-align: justify;\"><strong><span style=\"text-decoration: underline;\">RUB\u00c9N QUINTAS, UN ALCALDE AO SERVIZO DOS VECI\u00d1OS<\/span><\/strong><\/p>\n<p style=\"text-align: justify;\">Anteriormente, en Maceda, Feij\u00f3o apoiou ao candidato do PP para que revalide a s\u00faa maior\u00eda absoluta e siga sendo alcalde. Al\u00ed, asegurou que este concello non precisa personalismos, bailes de siglas nin dubidosos pactos electorais, sen\u00f3n que necesita ter un rumbo claro, con capacidade de xesti\u00f3n e vocaci\u00f3n de servizo p\u00fablico, \u201ce iso s\u00f3 o poden ofrecer Rub\u00e9n Quintas e o Partido Popular de Galicia\u201d.<\/p>\n<p>&nbsp;<\/p>\n<p style=\"text-align: justify;\">As\u00ed, manifestou que \u201cfronte aos que cambiaron de siglas ata tres veces nos \u00faltimos dez anos; aos que foron nacionalistas, galeguistas moderados e agora son socialistas; e aos que demostran que s\u00f3 son leais a si mesmos; est\u00e1 Rub\u00e9n Quintas\u201d, afirmando que o candidato ten moi claro que \u00e9 do PPdeG, que por riba de calquera ideolox\u00eda \u00e9 o alcalde de todos, e que ten un equipo que combina renovaci\u00f3n e veteran\u00eda ademais dun proxecto que s\u00f3 est\u00e1 ao servizo dos seus veci\u00f1os.<\/p>\n","protected":false},"excerpt":{"rendered":"<p>14, maio, 2019. O presidente do PPdeG, Alberto N\u00fa\u00f1ez Feij\u00f3o, pide unir o voto no Partido Popular para que unha maior\u00eda te\u00f1a alcaldes que se deba unicamente aos seus veci\u00f1os e non aos seus socios. &nbsp; Por iso, fixo fincap\u00e9 en non dividir o voto en diferentes partidos nin quedando na casa sen ir a [&hellip;]<\/p>\n","protected":false},"author":37,"featured_media":0,"comment_status":"open","ping_status":"open","sticky":false,"template":"","format":"standard","meta":{"_acf_changed":false,"footnotes":""},"categories":[1],"tags":[],"class_list":["post-52351","post","type-post","status-publish","format-standard","hentry","category-pp-de-galicia"],"acf":[],"yoast_head":"<!-- This site is optimized with the Yoast SEO plugin v27.3 - https:\/\/yoast.com\/product\/yoast-seo-wordpress\/ -->\n<title>Feij\u00f3o pide unir o voto no PP para que unha maior\u00eda te\u00f1a alcaldes que se deban aos seus veci\u00f1os e non aos seus socios de goberno - PP de Galicia<\/title>\n<meta name=\"robots\" content=\"index, follow, max-snippet:-1, max-image-preview:large, max-video-preview:-1\" \/>\n<link rel=\"canonical\" href=\"https:\/\/ppdegalicia.com\/es\/feijoo-pide-unir-o-voto-no-pp-para-que-unha-maioria-tena-alcaldes-que-se-deban-aos-seus-vecinos-e-nos-aos-seus-socios-de-goberno\/\" \/>\n<meta property=\"og:locale\" content=\"es_ES\" \/>\n<meta property=\"og:type\" content=\"article\" \/>\n<meta property=\"og:title\" content=\"Feij\u00f3o pide unir o voto no PP para que unha maior\u00eda te\u00f1a alcaldes que se deban aos seus veci\u00f1os e non aos seus socios de goberno - PP de Galicia\" \/>\n<meta property=\"og:description\" content=\"14, maio, 2019. O presidente do PPdeG, Alberto N\u00fa\u00f1ez Feij\u00f3o, pide unir o voto no Partido Popular para que unha maior\u00eda te\u00f1a alcaldes que se deba unicamente aos seus veci\u00f1os e non aos seus socios. &nbsp; Por iso, fixo fincap\u00e9 en non dividir o voto en diferentes partidos nin quedando na casa sen ir a [&hellip;]\" \/>\n<meta property=\"og:url\" content=\"https:\/\/ppdegalicia.com\/es\/feijoo-pide-unir-o-voto-no-pp-para-que-unha-maioria-tena-alcaldes-que-se-deban-aos-seus-vecinos-e-nos-aos-seus-socios-de-goberno\/\" \/>\n<meta property=\"og:site_name\" content=\"PP de Galicia\" \/>\n<meta property=\"article:publisher\" content=\"https:\/\/www.instagram.com\/ppdegalicia\/\" \/>\n<meta property=\"article:published_time\" content=\"2019-05-14T17:31:22+00:00\" \/>\n<meta name=\"author\" content=\"Super User\" \/>\n<meta name=\"twitter:card\" content=\"summary_large_image\" \/>\n<meta name=\"twitter:creator\" content=\"@ppdegalicia\" \/>\n<meta name=\"twitter:site\" content=\"@ppdegalicia\" \/>\n<meta name=\"twitter:label1\" content=\"Escrito por\" \/>\n\t<meta name=\"twitter:data1\" content=\"Super User\" \/>\n\t<meta name=\"twitter:label2\" content=\"Tiempo de lectura\" \/>\n\t<meta name=\"twitter:data2\" content=\"4 minutos\" \/>\n<script type=\"application\/ld+json\" class=\"yoast-schema-graph\">{\"@context\":\"https:\\\/\\\/schema.org\",\"@graph\":[{\"@type\":\"Article\",\"@id\":\"https:\\\/\\\/ppdegalicia.com\\\/es\\\/feijoo-pide-unir-o-voto-no-pp-para-que-unha-maioria-tena-alcaldes-que-se-deban-aos-seus-vecinos-e-nos-aos-seus-socios-de-goberno\\\/#article\",\"isPartOf\":{\"@id\":\"https:\\\/\\\/ppdegalicia.com\\\/es\\\/feijoo-pide-unir-o-voto-no-pp-para-que-unha-maioria-tena-alcaldes-que-se-deban-aos-seus-vecinos-e-nos-aos-seus-socios-de-goberno\\\/\"},\"author\":{\"name\":\"Super User\",\"@id\":\"https:\\\/\\\/ppdegalicia.com\\\/es\\\/#\\\/schema\\\/person\\\/d0f013b8388c980665d44009ab762960\"},\"headline\":\"Feij\u00f3o pide unir o voto no PP para que unha maior\u00eda te\u00f1a alcaldes que se deban aos seus veci\u00f1os e non aos seus socios de goberno\",\"datePublished\":\"2019-05-14T17:31:22+00:00\",\"mainEntityOfPage\":{\"@id\":\"https:\\\/\\\/ppdegalicia.com\\\/es\\\/feijoo-pide-unir-o-voto-no-pp-para-que-unha-maioria-tena-alcaldes-que-se-deban-aos-seus-vecinos-e-nos-aos-seus-socios-de-goberno\\\/\"},\"wordCount\":753,\"commentCount\":0,\"publisher\":{\"@id\":\"https:\\\/\\\/ppdegalicia.com\\\/es\\\/#organization\"},\"articleSection\":[\"PP de Galicia\"],\"inLanguage\":\"es\",\"potentialAction\":[{\"@type\":\"CommentAction\",\"name\":\"Comment\",\"target\":[\"https:\\\/\\\/ppdegalicia.com\\\/es\\\/feijoo-pide-unir-o-voto-no-pp-para-que-unha-maioria-tena-alcaldes-que-se-deban-aos-seus-vecinos-e-nos-aos-seus-socios-de-goberno\\\/#respond\"]}]},{\"@type\":\"WebPage\",\"@id\":\"https:\\\/\\\/ppdegalicia.com\\\/es\\\/feijoo-pide-unir-o-voto-no-pp-para-que-unha-maioria-tena-alcaldes-que-se-deban-aos-seus-vecinos-e-nos-aos-seus-socios-de-goberno\\\/\",\"url\":\"https:\\\/\\\/ppdegalicia.com\\\/es\\\/feijoo-pide-unir-o-voto-no-pp-para-que-unha-maioria-tena-alcaldes-que-se-deban-aos-seus-vecinos-e-nos-aos-seus-socios-de-goberno\\\/\",\"name\":\"Feij\u00f3o pide unir o voto no PP para que unha maior\u00eda te\u00f1a alcaldes que se deban aos seus veci\u00f1os e non aos seus socios de goberno - PP de Galicia\",\"isPartOf\":{\"@id\":\"https:\\\/\\\/ppdegalicia.com\\\/es\\\/#website\"},\"datePublished\":\"2019-05-14T17:31:22+00:00\",\"breadcrumb\":{\"@id\":\"https:\\\/\\\/ppdegalicia.com\\\/es\\\/feijoo-pide-unir-o-voto-no-pp-para-que-unha-maioria-tena-alcaldes-que-se-deban-aos-seus-vecinos-e-nos-aos-seus-socios-de-goberno\\\/#breadcrumb\"},\"inLanguage\":\"es\",\"potentialAction\":[{\"@type\":\"ReadAction\",\"target\":[\"https:\\\/\\\/ppdegalicia.com\\\/es\\\/feijoo-pide-unir-o-voto-no-pp-para-que-unha-maioria-tena-alcaldes-que-se-deban-aos-seus-vecinos-e-nos-aos-seus-socios-de-goberno\\\/\"]}]},{\"@type\":\"BreadcrumbList\",\"@id\":\"https:\\\/\\\/ppdegalicia.com\\\/es\\\/feijoo-pide-unir-o-voto-no-pp-para-que-unha-maioria-tena-alcaldes-que-se-deban-aos-seus-vecinos-e-nos-aos-seus-socios-de-goberno\\\/#breadcrumb\",\"itemListElement\":[{\"@type\":\"ListItem\",\"position\":1,\"name\":\"Portada\",\"item\":\"https:\\\/\\\/ppdegalicia.com\\\/es\\\/\"},{\"@type\":\"ListItem\",\"position\":2,\"name\":\"Feij\u00f3o pide unir o voto no PP para que unha maior\u00eda te\u00f1a alcaldes que se deban aos seus veci\u00f1os e non aos seus socios de goberno\"}]},{\"@type\":\"WebSite\",\"@id\":\"https:\\\/\\\/ppdegalicia.com\\\/es\\\/#website\",\"url\":\"https:\\\/\\\/ppdegalicia.com\\\/es\\\/\",\"name\":\"Partido Popular de Galicia\",\"description\":\"Partido Popular de Galicia\",\"publisher\":{\"@id\":\"https:\\\/\\\/ppdegalicia.com\\\/es\\\/#organization\"},\"alternateName\":\"PP de Galicia\",\"potentialAction\":[{\"@type\":\"SearchAction\",\"target\":{\"@type\":\"EntryPoint\",\"urlTemplate\":\"https:\\\/\\\/ppdegalicia.com\\\/es\\\/?s={search_term_string}\"},\"query-input\":{\"@type\":\"PropertyValueSpecification\",\"valueRequired\":true,\"valueName\":\"search_term_string\"}}],\"inLanguage\":\"es\"},{\"@type\":\"Organization\",\"@id\":\"https:\\\/\\\/ppdegalicia.com\\\/es\\\/#organization\",\"name\":\"Partido Popular de Galicia\",\"alternateName\":\"PP de Galicia\",\"url\":\"https:\\\/\\\/ppdegalicia.com\\\/es\\\/\",\"logo\":{\"@type\":\"ImageObject\",\"inLanguage\":\"es\",\"@id\":\"https:\\\/\\\/ppdegalicia.com\\\/es\\\/#\\\/schema\\\/logo\\\/image\\\/\",\"url\":\"https:\\\/\\\/ppdegalicia.com\\\/wp-content\\\/uploads\\\/2023\\\/04\\\/logoPP512.png\",\"contentUrl\":\"https:\\\/\\\/ppdegalicia.com\\\/wp-content\\\/uploads\\\/2023\\\/04\\\/logoPP512.png\",\"width\":512,\"height\":512,\"caption\":\"Partido Popular de Galicia\"},\"image\":{\"@id\":\"https:\\\/\\\/ppdegalicia.com\\\/es\\\/#\\\/schema\\\/logo\\\/image\\\/\"},\"sameAs\":[\"https:\\\/\\\/www.instagram.com\\\/ppdegalicia\\\/\",\"https:\\\/\\\/x.com\\\/ppdegalicia\",\"https:\\\/\\\/www.tiktok.com\\\/@ppdegalicia\",\"https:\\\/\\\/www.youtube.com\\\/user\\\/ppdegalicia\"]},{\"@type\":\"Person\",\"@id\":\"https:\\\/\\\/ppdegalicia.com\\\/es\\\/#\\\/schema\\\/person\\\/d0f013b8388c980665d44009ab762960\",\"name\":\"Super User\",\"image\":{\"@type\":\"ImageObject\",\"inLanguage\":\"es\",\"@id\":\"https:\\\/\\\/secure.gravatar.com\\\/avatar\\\/1db852625ef4948f58d2739bfbc51e4b9bd5c93b8fa340b59fdb594ca0845645?s=96&d=mm&r=g\",\"url\":\"https:\\\/\\\/secure.gravatar.com\\\/avatar\\\/1db852625ef4948f58d2739bfbc51e4b9bd5c93b8fa340b59fdb594ca0845645?s=96&d=mm&r=g\",\"contentUrl\":\"https:\\\/\\\/secure.gravatar.com\\\/avatar\\\/1db852625ef4948f58d2739bfbc51e4b9bd5c93b8fa340b59fdb594ca0845645?s=96&d=mm&r=g\",\"caption\":\"Super User\"},\"url\":\"https:\\\/\\\/ppdegalicia.com\\\/es\\\/author\\\/ppdegaliciagestion\\\/\"}]}<\/script>\n<!-- \/ Yoast SEO plugin. -->","yoast_head_json":{"title":"Feij\u00f3o pide unir o voto no PP para que unha maior\u00eda te\u00f1a alcaldes que se deban aos seus veci\u00f1os e non aos seus socios de goberno - PP de Galicia","robots":{"index":"index","follow":"follow","max-snippet":"max-snippet:-1","max-image-preview":"max-image-preview:large","max-video-preview":"max-video-preview:-1"},"canonical":"https:\/\/ppdegalicia.com\/es\/feijoo-pide-unir-o-voto-no-pp-para-que-unha-maioria-tena-alcaldes-que-se-deban-aos-seus-vecinos-e-nos-aos-seus-socios-de-goberno\/","og_locale":"es_ES","og_type":"article","og_title":"Feij\u00f3o pide unir o voto no PP para que unha maior\u00eda te\u00f1a alcaldes que se deban aos seus veci\u00f1os e non aos seus socios de goberno - PP de Galicia","og_description":"14, maio, 2019. O presidente do PPdeG, Alberto N\u00fa\u00f1ez Feij\u00f3o, pide unir o voto no Partido Popular para que unha maior\u00eda te\u00f1a alcaldes que se deba unicamente aos seus veci\u00f1os e non aos seus socios. &nbsp; Por iso, fixo fincap\u00e9 en non dividir o voto en diferentes partidos nin quedando na casa sen ir a [&hellip;]","og_url":"https:\/\/ppdegalicia.com\/es\/feijoo-pide-unir-o-voto-no-pp-para-que-unha-maioria-tena-alcaldes-que-se-deban-aos-seus-vecinos-e-nos-aos-seus-socios-de-goberno\/","og_site_name":"PP de Galicia","article_publisher":"https:\/\/www.instagram.com\/ppdegalicia\/","article_published_time":"2019-05-14T17:31:22+00:00","author":"Super User","twitter_card":"summary_large_image","twitter_creator":"@ppdegalicia","twitter_site":"@ppdegalicia","twitter_misc":{"Escrito por":"Super User","Tiempo de lectura":"4 minutos"},"schema":{"@context":"https:\/\/schema.org","@graph":[{"@type":"Article","@id":"https:\/\/ppdegalicia.com\/es\/feijoo-pide-unir-o-voto-no-pp-para-que-unha-maioria-tena-alcaldes-que-se-deban-aos-seus-vecinos-e-nos-aos-seus-socios-de-goberno\/#article","isPartOf":{"@id":"https:\/\/ppdegalicia.com\/es\/feijoo-pide-unir-o-voto-no-pp-para-que-unha-maioria-tena-alcaldes-que-se-deban-aos-seus-vecinos-e-nos-aos-seus-socios-de-goberno\/"},"author":{"name":"Super User","@id":"https:\/\/ppdegalicia.com\/es\/#\/schema\/person\/d0f013b8388c980665d44009ab762960"},"headline":"Feij\u00f3o pide unir o voto no PP para que unha maior\u00eda te\u00f1a alcaldes que se deban aos seus veci\u00f1os e non aos seus socios de goberno","datePublished":"2019-05-14T17:31:22+00:00","mainEntityOfPage":{"@id":"https:\/\/ppdegalicia.com\/es\/feijoo-pide-unir-o-voto-no-pp-para-que-unha-maioria-tena-alcaldes-que-se-deban-aos-seus-vecinos-e-nos-aos-seus-socios-de-goberno\/"},"wordCount":753,"commentCount":0,"publisher":{"@id":"https:\/\/ppdegalicia.com\/es\/#organization"},"articleSection":["PP de Galicia"],"inLanguage":"es","potentialAction":[{"@type":"CommentAction","name":"Comment","target":["https:\/\/ppdegalicia.com\/es\/feijoo-pide-unir-o-voto-no-pp-para-que-unha-maioria-tena-alcaldes-que-se-deban-aos-seus-vecinos-e-nos-aos-seus-socios-de-goberno\/#respond"]}]},{"@type":"WebPage","@id":"https:\/\/ppdegalicia.com\/es\/feijoo-pide-unir-o-voto-no-pp-para-que-unha-maioria-tena-alcaldes-que-se-deban-aos-seus-vecinos-e-nos-aos-seus-socios-de-goberno\/","url":"https:\/\/ppdegalicia.com\/es\/feijoo-pide-unir-o-voto-no-pp-para-que-unha-maioria-tena-alcaldes-que-se-deban-aos-seus-vecinos-e-nos-aos-seus-socios-de-goberno\/","name":"Feij\u00f3o pide unir o voto no PP para que unha maior\u00eda te\u00f1a alcaldes que se deban aos seus veci\u00f1os e non aos seus socios de goberno - PP de Galicia","isPartOf":{"@id":"https:\/\/ppdegalicia.com\/es\/#website"},"datePublished":"2019-05-14T17:31:22+00:00","breadcrumb":{"@id":"https:\/\/ppdegalicia.com\/es\/feijoo-pide-unir-o-voto-no-pp-para-que-unha-maioria-tena-alcaldes-que-se-deban-aos-seus-vecinos-e-nos-aos-seus-socios-de-goberno\/#breadcrumb"},"inLanguage":"es","potentialAction":[{"@type":"ReadAction","target":["https:\/\/ppdegalicia.com\/es\/feijoo-pide-unir-o-voto-no-pp-para-que-unha-maioria-tena-alcaldes-que-se-deban-aos-seus-vecinos-e-nos-aos-seus-socios-de-goberno\/"]}]},{"@type":"BreadcrumbList","@id":"https:\/\/ppdegalicia.com\/es\/feijoo-pide-unir-o-voto-no-pp-para-que-unha-maioria-tena-alcaldes-que-se-deban-aos-seus-vecinos-e-nos-aos-seus-socios-de-goberno\/#breadcrumb","itemListElement":[{"@type":"ListItem","position":1,"name":"Portada","item":"https:\/\/ppdegalicia.com\/es\/"},{"@type":"ListItem","position":2,"name":"Feij\u00f3o pide unir o voto no PP para que unha maior\u00eda te\u00f1a alcaldes que se deban aos seus veci\u00f1os e non aos seus socios de goberno"}]},{"@type":"WebSite","@id":"https:\/\/ppdegalicia.com\/es\/#website","url":"https:\/\/ppdegalicia.com\/es\/","name":"Partido Popular de Galicia","description":"Partido Popular de Galicia","publisher":{"@id":"https:\/\/ppdegalicia.com\/es\/#organization"},"alternateName":"PP de Galicia","potentialAction":[{"@type":"SearchAction","target":{"@type":"EntryPoint","urlTemplate":"https:\/\/ppdegalicia.com\/es\/?s={search_term_string}"},"query-input":{"@type":"PropertyValueSpecification","valueRequired":true,"valueName":"search_term_string"}}],"inLanguage":"es"},{"@type":"Organization","@id":"https:\/\/ppdegalicia.com\/es\/#organization","name":"Partido Popular de Galicia","alternateName":"PP de Galicia","url":"https:\/\/ppdegalicia.com\/es\/","logo":{"@type":"ImageObject","inLanguage":"es","@id":"https:\/\/ppdegalicia.com\/es\/#\/schema\/logo\/image\/","url":"https:\/\/ppdegalicia.com\/wp-content\/uploads\/2023\/04\/logoPP512.png","contentUrl":"https:\/\/ppdegalicia.com\/wp-content\/uploads\/2023\/04\/logoPP512.png","width":512,"height":512,"caption":"Partido Popular de Galicia"},"image":{"@id":"https:\/\/ppdegalicia.com\/es\/#\/schema\/logo\/image\/"},"sameAs":["https:\/\/www.instagram.com\/ppdegalicia\/","https:\/\/x.com\/ppdegalicia","https:\/\/www.tiktok.com\/@ppdegalicia","https:\/\/www.youtube.com\/user\/ppdegalicia"]},{"@type":"Person","@id":"https:\/\/ppdegalicia.com\/es\/#\/schema\/person\/d0f013b8388c980665d44009ab762960","name":"Super User","image":{"@type":"ImageObject","inLanguage":"es","@id":"https:\/\/secure.gravatar.com\/avatar\/1db852625ef4948f58d2739bfbc51e4b9bd5c93b8fa340b59fdb594ca0845645?s=96&d=mm&r=g","url":"https:\/\/secure.gravatar.com\/avatar\/1db852625ef4948f58d2739bfbc51e4b9bd5c93b8fa340b59fdb594ca0845645?s=96&d=mm&r=g","contentUrl":"https:\/\/secure.gravatar.com\/avatar\/1db852625ef4948f58d2739bfbc51e4b9bd5c93b8fa340b59fdb594ca0845645?s=96&d=mm&r=g","caption":"Super User"},"url":"https:\/\/ppdegalicia.com\/es\/author\/ppdegaliciagestion\/"}]}},"_links":{"self":[{"href":"https:\/\/ppdegalicia.com\/es\/wp-json\/wp\/v2\/posts\/52351","targetHints":{"allow":["GET"]}}],"collection":[{"href":"https:\/\/ppdegalicia.com\/es\/wp-json\/wp\/v2\/posts"}],"about":[{"href":"https:\/\/ppdegalicia.com\/es\/wp-json\/wp\/v2\/types\/post"}],"author":[{"embeddable":true,"href":"https:\/\/ppdegalicia.com\/es\/wp-json\/wp\/v2\/users\/37"}],"replies":[{"embeddable":true,"href":"https:\/\/ppdegalicia.com\/es\/wp-json\/wp\/v2\/comments?post=52351"}],"version-history":[{"count":0,"href":"https:\/\/ppdegalicia.com\/es\/wp-json\/wp\/v2\/posts\/52351\/revisions"}],"wp:attachment":[{"href":"https:\/\/ppdegalicia.com\/es\/wp-json\/wp\/v2\/media?parent=52351"}],"wp:term":[{"taxonomy":"category","embeddable":true,"href":"https:\/\/ppdegalicia.com\/es\/wp-json\/wp\/v2\/categories?post=52351"},{"taxonomy":"post_tag","embeddable":true,"href":"https:\/\/ppdegalicia.com\/es\/wp-json\/wp\/v2\/tags?post=52351"}],"curies":[{"name":"wp","href":"https:\/\/api.w.org\/{rel}","templated":true}]}}