{"id":52352,"date":"2019-05-16T07:57:05","date_gmt":"2019-05-16T05:57:05","guid":{"rendered":"https:\/\/ppdegalicia.com\/feijoo-sinala-que-votar-pp-e-votar-xestion-e-que-votar-psoe-e-votar-bng-podemos-e-mais-impostos\/"},"modified":"2019-05-16T07:57:05","modified_gmt":"2019-05-16T05:57:05","slug":"feijoo-sinala-que-votar-pp-e-votar-xestion-e-que-votar-psoe-e-votar-bng-podemos-e-mais-impostos","status":"publish","type":"post","link":"https:\/\/ppdegalicia.com\/es\/feijoo-sinala-que-votar-pp-e-votar-xestion-e-que-votar-psoe-e-votar-bng-podemos-e-mais-impostos\/","title":{"rendered":"Feij\u00f3o sinala que votar PP \u00e9 votar xesti\u00f3n e que votar PSOE \u00e9 votar BNG, Podemos e m\u00e1is impostos"},"content":{"rendered":"<p style=\"text-align: justify;\"><span style=\"text-decoration: underline;\">15, maio, 2019.<\/span> O presidente do PPdeG, Alberto N\u00fa\u00f1ez Feij\u00f3o, sinalou que votar Partido Popular \u00e9 votar xesti\u00f3n, mentres que votar PSOE \u00e9 o mesmo que votar aos nacionalistas e aos populistas e \u00e9 votar, tam\u00e9n, m\u00e1is d\u00e9beda e m\u00e1is impostos.<\/p>\n<p><!--more--><\/p>\n<p style=\"text-align: justify;\">As\u00ed, destacou que coller a papeleta do Partido Popular \u00e9 ter a certeza de que o voto acaba nun goberno cun \u00fanico responsable e cun \u00fanico equipo, as\u00ed como nun programa votado nas urnas, en menos impostos e en respostas \u00e1s necesidades dos veci\u00f1os. Por iso, avogou porque os concellos estean blindados con responsabilidade na xesti\u00f3n, ao igual que pasa en Galicia.<\/p>\n<p style=\"text-align: justify;\">As\u00ed, Fij\u00f3o fixo fincap\u00e9 en que \u00e9 mellor un goberno como o da nosa comunidade nos concellos -que cumpre coas s\u00faas obrigas, baixa impostos, incrementa as pol\u00edticas sociais e co que a econom\u00eda crece, dimin\u00fae o desemprego ou se incrementan as exportaci\u00f3ns-; que un Goberno como o de Espa\u00f1a -que incrementa o d\u00e9ficit, sobe impostos e que depende para todo dos nacionalistas, independentistas e populistas-.<\/p>\n<p style=\"text-align: justify;\"><strong><span style=\"text-decoration: underline;\">UN VOTO \u00daTIL PARA OS MUNICIPIOS<\/span><\/strong><\/p>\n<p style=\"text-align: justify;\">Do mesmo xeito, o l\u00edder dos populares galegos, que avogou pola pol\u00edtica \u00fatil, dixo que votar a outros partidos \u00e9 votar en contra do que un pensa e do que un prefire, xa que a divisi\u00f3n nas urnas acaba favorecendo ao BNG, \u00e1s Mareas de Podemos e ao PSOE. Por iso, pediu o voto para os candidatos do Partido Popular, xa que \u00e9 un apoio directo para que sexan alcaldes e porque, ademais, \u00e9 o \u00fanico xeito posible de non beneficiar a estas formaci\u00f3ns e evitar, polo tanto, gobernos multipartitos nos concellos.<\/p>\n<p style=\"text-align: justify;\">As\u00ed, indicou que, se os veci\u00f1os queren que as alcald\u00edas se repartan entre nacionalistas, populistas e socialistas, hai moitos xeitos de acadalo; pero, se pola contra, queren a un alcalde que escoite, resolva, te\u00f1a un proxecto e un equipo s\u00f3lido e preparado s\u00f3 hai unha opci\u00f3n e un \u00fanico cami\u00f1o: votar directamente ao PP.<\/p>\n<p style=\"text-align: justify;\"><strong><span style=\"text-decoration: underline;\">UN EQUIPO PREPARADO EN PADR\u00d3N<\/span><\/strong><\/p>\n<p style=\"text-align: justify;\">\u201cNing\u00fan outro equipo est\u00e1 tan preparado para xestionar nin ten un candidato que co\u00f1eza tan ben Padr\u00f3n coma Antonio Fern\u00e1ndez Angueira\u201d, aseverou Feij\u00f3o, de que dixo que acredita con feitos como se pode gobernar e que mantivo o concello a flote.<\/p>\n<p style=\"text-align: justify;\">Como sinalou, os populares acoden \u00e1s urnas o 26 de maio coa traxectoria e os resultados acumulados desde 2011; cuns gobernos, tanto en Padr\u00f3n como en Galicia, que saben solucionar os problemas dos veci\u00f1os; e dende a unidade.<\/p>\n","protected":false},"excerpt":{"rendered":"<p>15, maio, 2019. O presidente do PPdeG, Alberto N\u00fa\u00f1ez Feij\u00f3o, sinalou que votar Partido Popular \u00e9 votar xesti\u00f3n, mentres que votar PSOE \u00e9 o mesmo que votar aos nacionalistas e aos populistas e \u00e9 votar, tam\u00e9n, m\u00e1is d\u00e9beda e m\u00e1is impostos.<\/p>\n","protected":false},"author":37,"featured_media":0,"comment_status":"open","ping_status":"open","sticky":false,"template":"","format":"standard","meta":{"_acf_changed":false,"footnotes":""},"categories":[1],"tags":[],"class_list":["post-52352","post","type-post","status-publish","format-standard","hentry","category-pp-de-galicia"],"acf":[],"yoast_head":"<!-- This site is optimized with the Yoast SEO plugin v27.3 - https:\/\/yoast.com\/product\/yoast-seo-wordpress\/ -->\n<title>Feij\u00f3o sinala que votar PP \u00e9 votar xesti\u00f3n e que votar PSOE \u00e9 votar BNG, Podemos e m\u00e1is impostos - PP de Galicia<\/title>\n<meta name=\"robots\" content=\"index, follow, max-snippet:-1, max-image-preview:large, max-video-preview:-1\" \/>\n<link rel=\"canonical\" href=\"https:\/\/ppdegalicia.com\/es\/feijoo-sinala-que-votar-pp-e-votar-xestion-e-que-votar-psoe-e-votar-bng-podemos-e-mais-impostos\/\" \/>\n<meta property=\"og:locale\" content=\"es_ES\" \/>\n<meta property=\"og:type\" content=\"article\" \/>\n<meta property=\"og:title\" content=\"Feij\u00f3o sinala que votar PP \u00e9 votar xesti\u00f3n e que votar PSOE \u00e9 votar BNG, Podemos e m\u00e1is impostos - PP de Galicia\" \/>\n<meta property=\"og:description\" content=\"15, maio, 2019. O presidente do PPdeG, Alberto N\u00fa\u00f1ez Feij\u00f3o, sinalou que votar Partido Popular \u00e9 votar xesti\u00f3n, mentres que votar PSOE \u00e9 o mesmo que votar aos nacionalistas e aos populistas e \u00e9 votar, tam\u00e9n, m\u00e1is d\u00e9beda e m\u00e1is impostos.\" \/>\n<meta property=\"og:url\" content=\"https:\/\/ppdegalicia.com\/es\/feijoo-sinala-que-votar-pp-e-votar-xestion-e-que-votar-psoe-e-votar-bng-podemos-e-mais-impostos\/\" \/>\n<meta property=\"og:site_name\" content=\"PP de Galicia\" \/>\n<meta property=\"article:publisher\" content=\"https:\/\/www.instagram.com\/ppdegalicia\/\" \/>\n<meta property=\"article:published_time\" content=\"2019-05-16T05:57:05+00:00\" \/>\n<meta name=\"author\" content=\"Super User\" \/>\n<meta name=\"twitter:card\" content=\"summary_large_image\" \/>\n<meta name=\"twitter:creator\" content=\"@ppdegalicia\" \/>\n<meta name=\"twitter:site\" content=\"@ppdegalicia\" \/>\n<meta name=\"twitter:label1\" content=\"Escrito por\" \/>\n\t<meta name=\"twitter:data1\" content=\"Super User\" \/>\n\t<meta name=\"twitter:label2\" content=\"Tiempo de lectura\" \/>\n\t<meta name=\"twitter:data2\" content=\"2 minutos\" \/>\n<script type=\"application\/ld+json\" class=\"yoast-schema-graph\">{\"@context\":\"https:\\\/\\\/schema.org\",\"@graph\":[{\"@type\":\"Article\",\"@id\":\"https:\\\/\\\/ppdegalicia.com\\\/es\\\/feijoo-sinala-que-votar-pp-e-votar-xestion-e-que-votar-psoe-e-votar-bng-podemos-e-mais-impostos\\\/#article\",\"isPartOf\":{\"@id\":\"https:\\\/\\\/ppdegalicia.com\\\/es\\\/feijoo-sinala-que-votar-pp-e-votar-xestion-e-que-votar-psoe-e-votar-bng-podemos-e-mais-impostos\\\/\"},\"author\":{\"name\":\"Super User\",\"@id\":\"https:\\\/\\\/ppdegalicia.com\\\/es\\\/#\\\/schema\\\/person\\\/d0f013b8388c980665d44009ab762960\"},\"headline\":\"Feij\u00f3o sinala que votar PP \u00e9 votar xesti\u00f3n e que votar PSOE \u00e9 votar BNG, Podemos e m\u00e1is impostos\",\"datePublished\":\"2019-05-16T05:57:05+00:00\",\"mainEntityOfPage\":{\"@id\":\"https:\\\/\\\/ppdegalicia.com\\\/es\\\/feijoo-sinala-que-votar-pp-e-votar-xestion-e-que-votar-psoe-e-votar-bng-podemos-e-mais-impostos\\\/\"},\"wordCount\":447,\"commentCount\":0,\"publisher\":{\"@id\":\"https:\\\/\\\/ppdegalicia.com\\\/es\\\/#organization\"},\"articleSection\":[\"PP de Galicia\"],\"inLanguage\":\"es\",\"potentialAction\":[{\"@type\":\"CommentAction\",\"name\":\"Comment\",\"target\":[\"https:\\\/\\\/ppdegalicia.com\\\/es\\\/feijoo-sinala-que-votar-pp-e-votar-xestion-e-que-votar-psoe-e-votar-bng-podemos-e-mais-impostos\\\/#respond\"]}]},{\"@type\":\"WebPage\",\"@id\":\"https:\\\/\\\/ppdegalicia.com\\\/es\\\/feijoo-sinala-que-votar-pp-e-votar-xestion-e-que-votar-psoe-e-votar-bng-podemos-e-mais-impostos\\\/\",\"url\":\"https:\\\/\\\/ppdegalicia.com\\\/es\\\/feijoo-sinala-que-votar-pp-e-votar-xestion-e-que-votar-psoe-e-votar-bng-podemos-e-mais-impostos\\\/\",\"name\":\"Feij\u00f3o sinala que votar PP \u00e9 votar xesti\u00f3n e que votar PSOE \u00e9 votar BNG, Podemos e m\u00e1is impostos - PP de Galicia\",\"isPartOf\":{\"@id\":\"https:\\\/\\\/ppdegalicia.com\\\/es\\\/#website\"},\"datePublished\":\"2019-05-16T05:57:05+00:00\",\"breadcrumb\":{\"@id\":\"https:\\\/\\\/ppdegalicia.com\\\/es\\\/feijoo-sinala-que-votar-pp-e-votar-xestion-e-que-votar-psoe-e-votar-bng-podemos-e-mais-impostos\\\/#breadcrumb\"},\"inLanguage\":\"es\",\"potentialAction\":[{\"@type\":\"ReadAction\",\"target\":[\"https:\\\/\\\/ppdegalicia.com\\\/es\\\/feijoo-sinala-que-votar-pp-e-votar-xestion-e-que-votar-psoe-e-votar-bng-podemos-e-mais-impostos\\\/\"]}]},{\"@type\":\"BreadcrumbList\",\"@id\":\"https:\\\/\\\/ppdegalicia.com\\\/es\\\/feijoo-sinala-que-votar-pp-e-votar-xestion-e-que-votar-psoe-e-votar-bng-podemos-e-mais-impostos\\\/#breadcrumb\",\"itemListElement\":[{\"@type\":\"ListItem\",\"position\":1,\"name\":\"Portada\",\"item\":\"https:\\\/\\\/ppdegalicia.com\\\/es\\\/\"},{\"@type\":\"ListItem\",\"position\":2,\"name\":\"Feij\u00f3o sinala que votar PP \u00e9 votar xesti\u00f3n e que votar PSOE \u00e9 votar BNG, Podemos e m\u00e1is impostos\"}]},{\"@type\":\"WebSite\",\"@id\":\"https:\\\/\\\/ppdegalicia.com\\\/es\\\/#website\",\"url\":\"https:\\\/\\\/ppdegalicia.com\\\/es\\\/\",\"name\":\"Partido Popular de Galicia\",\"description\":\"Partido Popular de Galicia\",\"publisher\":{\"@id\":\"https:\\\/\\\/ppdegalicia.com\\\/es\\\/#organization\"},\"alternateName\":\"PP de Galicia\",\"potentialAction\":[{\"@type\":\"SearchAction\",\"target\":{\"@type\":\"EntryPoint\",\"urlTemplate\":\"https:\\\/\\\/ppdegalicia.com\\\/es\\\/?s={search_term_string}\"},\"query-input\":{\"@type\":\"PropertyValueSpecification\",\"valueRequired\":true,\"valueName\":\"search_term_string\"}}],\"inLanguage\":\"es\"},{\"@type\":\"Organization\",\"@id\":\"https:\\\/\\\/ppdegalicia.com\\\/es\\\/#organization\",\"name\":\"Partido Popular de Galicia\",\"alternateName\":\"PP de Galicia\",\"url\":\"https:\\\/\\\/ppdegalicia.com\\\/es\\\/\",\"logo\":{\"@type\":\"ImageObject\",\"inLanguage\":\"es\",\"@id\":\"https:\\\/\\\/ppdegalicia.com\\\/es\\\/#\\\/schema\\\/logo\\\/image\\\/\",\"url\":\"https:\\\/\\\/ppdegalicia.com\\\/wp-content\\\/uploads\\\/2023\\\/04\\\/logoPP512.png\",\"contentUrl\":\"https:\\\/\\\/ppdegalicia.com\\\/wp-content\\\/uploads\\\/2023\\\/04\\\/logoPP512.png\",\"width\":512,\"height\":512,\"caption\":\"Partido Popular de Galicia\"},\"image\":{\"@id\":\"https:\\\/\\\/ppdegalicia.com\\\/es\\\/#\\\/schema\\\/logo\\\/image\\\/\"},\"sameAs\":[\"https:\\\/\\\/www.instagram.com\\\/ppdegalicia\\\/\",\"https:\\\/\\\/x.com\\\/ppdegalicia\",\"https:\\\/\\\/www.tiktok.com\\\/@ppdegalicia\",\"https:\\\/\\\/www.youtube.com\\\/user\\\/ppdegalicia\"]},{\"@type\":\"Person\",\"@id\":\"https:\\\/\\\/ppdegalicia.com\\\/es\\\/#\\\/schema\\\/person\\\/d0f013b8388c980665d44009ab762960\",\"name\":\"Super User\",\"image\":{\"@type\":\"ImageObject\",\"inLanguage\":\"es\",\"@id\":\"https:\\\/\\\/secure.gravatar.com\\\/avatar\\\/1db852625ef4948f58d2739bfbc51e4b9bd5c93b8fa340b59fdb594ca0845645?s=96&d=mm&r=g\",\"url\":\"https:\\\/\\\/secure.gravatar.com\\\/avatar\\\/1db852625ef4948f58d2739bfbc51e4b9bd5c93b8fa340b59fdb594ca0845645?s=96&d=mm&r=g\",\"contentUrl\":\"https:\\\/\\\/secure.gravatar.com\\\/avatar\\\/1db852625ef4948f58d2739bfbc51e4b9bd5c93b8fa340b59fdb594ca0845645?s=96&d=mm&r=g\",\"caption\":\"Super User\"},\"url\":\"https:\\\/\\\/ppdegalicia.com\\\/es\\\/author\\\/ppdegaliciagestion\\\/\"}]}<\/script>\n<!-- \/ Yoast SEO plugin. -->","yoast_head_json":{"title":"Feij\u00f3o sinala que votar PP \u00e9 votar xesti\u00f3n e que votar PSOE \u00e9 votar BNG, Podemos e m\u00e1is impostos - PP de Galicia","robots":{"index":"index","follow":"follow","max-snippet":"max-snippet:-1","max-image-preview":"max-image-preview:large","max-video-preview":"max-video-preview:-1"},"canonical":"https:\/\/ppdegalicia.com\/es\/feijoo-sinala-que-votar-pp-e-votar-xestion-e-que-votar-psoe-e-votar-bng-podemos-e-mais-impostos\/","og_locale":"es_ES","og_type":"article","og_title":"Feij\u00f3o sinala que votar PP \u00e9 votar xesti\u00f3n e que votar PSOE \u00e9 votar BNG, Podemos e m\u00e1is impostos - PP de Galicia","og_description":"15, maio, 2019. O presidente do PPdeG, Alberto N\u00fa\u00f1ez Feij\u00f3o, sinalou que votar Partido Popular \u00e9 votar xesti\u00f3n, mentres que votar PSOE \u00e9 o mesmo que votar aos nacionalistas e aos populistas e \u00e9 votar, tam\u00e9n, m\u00e1is d\u00e9beda e m\u00e1is impostos.","og_url":"https:\/\/ppdegalicia.com\/es\/feijoo-sinala-que-votar-pp-e-votar-xestion-e-que-votar-psoe-e-votar-bng-podemos-e-mais-impostos\/","og_site_name":"PP de Galicia","article_publisher":"https:\/\/www.instagram.com\/ppdegalicia\/","article_published_time":"2019-05-16T05:57:05+00:00","author":"Super User","twitter_card":"summary_large_image","twitter_creator":"@ppdegalicia","twitter_site":"@ppdegalicia","twitter_misc":{"Escrito por":"Super User","Tiempo de lectura":"2 minutos"},"schema":{"@context":"https:\/\/schema.org","@graph":[{"@type":"Article","@id":"https:\/\/ppdegalicia.com\/es\/feijoo-sinala-que-votar-pp-e-votar-xestion-e-que-votar-psoe-e-votar-bng-podemos-e-mais-impostos\/#article","isPartOf":{"@id":"https:\/\/ppdegalicia.com\/es\/feijoo-sinala-que-votar-pp-e-votar-xestion-e-que-votar-psoe-e-votar-bng-podemos-e-mais-impostos\/"},"author":{"name":"Super User","@id":"https:\/\/ppdegalicia.com\/es\/#\/schema\/person\/d0f013b8388c980665d44009ab762960"},"headline":"Feij\u00f3o sinala que votar PP \u00e9 votar xesti\u00f3n e que votar PSOE \u00e9 votar BNG, Podemos e m\u00e1is impostos","datePublished":"2019-05-16T05:57:05+00:00","mainEntityOfPage":{"@id":"https:\/\/ppdegalicia.com\/es\/feijoo-sinala-que-votar-pp-e-votar-xestion-e-que-votar-psoe-e-votar-bng-podemos-e-mais-impostos\/"},"wordCount":447,"commentCount":0,"publisher":{"@id":"https:\/\/ppdegalicia.com\/es\/#organization"},"articleSection":["PP de Galicia"],"inLanguage":"es","potentialAction":[{"@type":"CommentAction","name":"Comment","target":["https:\/\/ppdegalicia.com\/es\/feijoo-sinala-que-votar-pp-e-votar-xestion-e-que-votar-psoe-e-votar-bng-podemos-e-mais-impostos\/#respond"]}]},{"@type":"WebPage","@id":"https:\/\/ppdegalicia.com\/es\/feijoo-sinala-que-votar-pp-e-votar-xestion-e-que-votar-psoe-e-votar-bng-podemos-e-mais-impostos\/","url":"https:\/\/ppdegalicia.com\/es\/feijoo-sinala-que-votar-pp-e-votar-xestion-e-que-votar-psoe-e-votar-bng-podemos-e-mais-impostos\/","name":"Feij\u00f3o sinala que votar PP \u00e9 votar xesti\u00f3n e que votar PSOE \u00e9 votar BNG, Podemos e m\u00e1is impostos - PP de Galicia","isPartOf":{"@id":"https:\/\/ppdegalicia.com\/es\/#website"},"datePublished":"2019-05-16T05:57:05+00:00","breadcrumb":{"@id":"https:\/\/ppdegalicia.com\/es\/feijoo-sinala-que-votar-pp-e-votar-xestion-e-que-votar-psoe-e-votar-bng-podemos-e-mais-impostos\/#breadcrumb"},"inLanguage":"es","potentialAction":[{"@type":"ReadAction","target":["https:\/\/ppdegalicia.com\/es\/feijoo-sinala-que-votar-pp-e-votar-xestion-e-que-votar-psoe-e-votar-bng-podemos-e-mais-impostos\/"]}]},{"@type":"BreadcrumbList","@id":"https:\/\/ppdegalicia.com\/es\/feijoo-sinala-que-votar-pp-e-votar-xestion-e-que-votar-psoe-e-votar-bng-podemos-e-mais-impostos\/#breadcrumb","itemListElement":[{"@type":"ListItem","position":1,"name":"Portada","item":"https:\/\/ppdegalicia.com\/es\/"},{"@type":"ListItem","position":2,"name":"Feij\u00f3o sinala que votar PP \u00e9 votar xesti\u00f3n e que votar PSOE \u00e9 votar BNG, Podemos e m\u00e1is impostos"}]},{"@type":"WebSite","@id":"https:\/\/ppdegalicia.com\/es\/#website","url":"https:\/\/ppdegalicia.com\/es\/","name":"Partido Popular de Galicia","description":"Partido Popular de Galicia","publisher":{"@id":"https:\/\/ppdegalicia.com\/es\/#organization"},"alternateName":"PP de Galicia","potentialAction":[{"@type":"SearchAction","target":{"@type":"EntryPoint","urlTemplate":"https:\/\/ppdegalicia.com\/es\/?s={search_term_string}"},"query-input":{"@type":"PropertyValueSpecification","valueRequired":true,"valueName":"search_term_string"}}],"inLanguage":"es"},{"@type":"Organization","@id":"https:\/\/ppdegalicia.com\/es\/#organization","name":"Partido Popular de Galicia","alternateName":"PP de Galicia","url":"https:\/\/ppdegalicia.com\/es\/","logo":{"@type":"ImageObject","inLanguage":"es","@id":"https:\/\/ppdegalicia.com\/es\/#\/schema\/logo\/image\/","url":"https:\/\/ppdegalicia.com\/wp-content\/uploads\/2023\/04\/logoPP512.png","contentUrl":"https:\/\/ppdegalicia.com\/wp-content\/uploads\/2023\/04\/logoPP512.png","width":512,"height":512,"caption":"Partido Popular de Galicia"},"image":{"@id":"https:\/\/ppdegalicia.com\/es\/#\/schema\/logo\/image\/"},"sameAs":["https:\/\/www.instagram.com\/ppdegalicia\/","https:\/\/x.com\/ppdegalicia","https:\/\/www.tiktok.com\/@ppdegalicia","https:\/\/www.youtube.com\/user\/ppdegalicia"]},{"@type":"Person","@id":"https:\/\/ppdegalicia.com\/es\/#\/schema\/person\/d0f013b8388c980665d44009ab762960","name":"Super User","image":{"@type":"ImageObject","inLanguage":"es","@id":"https:\/\/secure.gravatar.com\/avatar\/1db852625ef4948f58d2739bfbc51e4b9bd5c93b8fa340b59fdb594ca0845645?s=96&d=mm&r=g","url":"https:\/\/secure.gravatar.com\/avatar\/1db852625ef4948f58d2739bfbc51e4b9bd5c93b8fa340b59fdb594ca0845645?s=96&d=mm&r=g","contentUrl":"https:\/\/secure.gravatar.com\/avatar\/1db852625ef4948f58d2739bfbc51e4b9bd5c93b8fa340b59fdb594ca0845645?s=96&d=mm&r=g","caption":"Super User"},"url":"https:\/\/ppdegalicia.com\/es\/author\/ppdegaliciagestion\/"}]}},"_links":{"self":[{"href":"https:\/\/ppdegalicia.com\/es\/wp-json\/wp\/v2\/posts\/52352","targetHints":{"allow":["GET"]}}],"collection":[{"href":"https:\/\/ppdegalicia.com\/es\/wp-json\/wp\/v2\/posts"}],"about":[{"href":"https:\/\/ppdegalicia.com\/es\/wp-json\/wp\/v2\/types\/post"}],"author":[{"embeddable":true,"href":"https:\/\/ppdegalicia.com\/es\/wp-json\/wp\/v2\/users\/37"}],"replies":[{"embeddable":true,"href":"https:\/\/ppdegalicia.com\/es\/wp-json\/wp\/v2\/comments?post=52352"}],"version-history":[{"count":0,"href":"https:\/\/ppdegalicia.com\/es\/wp-json\/wp\/v2\/posts\/52352\/revisions"}],"wp:attachment":[{"href":"https:\/\/ppdegalicia.com\/es\/wp-json\/wp\/v2\/media?parent=52352"}],"wp:term":[{"taxonomy":"category","embeddable":true,"href":"https:\/\/ppdegalicia.com\/es\/wp-json\/wp\/v2\/categories?post=52352"},{"taxonomy":"post_tag","embeddable":true,"href":"https:\/\/ppdegalicia.com\/es\/wp-json\/wp\/v2\/tags?post=52352"}],"curies":[{"name":"wp","href":"https:\/\/api.w.org\/{rel}","templated":true}]}}