{"id":52354,"date":"2019-05-16T20:20:47","date_gmt":"2019-05-16T18:20:47","guid":{"rendered":"https:\/\/ppdegalicia.com\/feijoo-pide-o-voto-para-ter-gobernos-libres-e-para-todos-ante-un-psoe-entregado-as-mareas-e-ao-bng\/"},"modified":"2019-05-16T20:20:47","modified_gmt":"2019-05-16T18:20:47","slug":"feijoo-pide-o-voto-para-ter-gobernos-libres-e-para-todos-ante-un-psoe-entregado-as-mareas-e-ao-bng","status":"publish","type":"post","link":"https:\/\/ppdegalicia.com\/es\/feijoo-pide-o-voto-para-ter-gobernos-libres-e-para-todos-ante-un-psoe-entregado-as-mareas-e-ao-bng\/","title":{"rendered":"Feij\u00f3o pide o voto para ter gobernos libres e para todos, ante un PSOE entregado \u00e1s Mareas e ao BNG"},"content":{"rendered":"<p style=\"text-align: justify;\"><span style=\"text-decoration: underline;\">16, maio, 2019.<\/span> O presidente do PPdeG, Alberto N\u00fa\u00f1ez Feij\u00f3o, sinalou que o voto ao Partido Popular \u00e9 \u201cun voto transparente\u201d a un goberno que goberna, ante un PSOE que entrega sempre que pode os concellos \u00e1s Mareas e ao BNG: \u201cTanto monta, monta tanto, PSOE con Mareas e BNG como as Mareas con PSOE e BNG\u201d.<\/p>\n<p><!--more--><\/p>\n<p style=\"text-align: justify;\">Dixo que o \u00fanico modo de que as alcald\u00edas non se repartan entre nacionalistas, populistas e o PSOE \u00e9 votando ao Partido Popular. E \u00e9 que, tal e como salientou, a\u00ednda que Pedro S\u00e1nchez non vai dicir con quen vai pactar ata despois das Municipais, votar PSOE \u00e9 votar \u00e1s Mareas e ao BNG nos gobernos dos concellos. Por iso, Feij\u00f3o fixo fincap\u00e9 en que o \u00fanico xeito de evitar que isto suceda \u00e9 apoiando de forma maioritaria e unida nas urnas aos candidatos do Partido Popular, xa que s\u00f3 nos concellos gobernados polo PP hai gobernos para todos e libres.<\/p>\n<p>&nbsp;<\/p>\n<p style=\"text-align: justify;\">Neste senso, referiuse a que, o pasado 28 de abril, as urnas explicaron o que acontec\u00eda cando os espa\u00f1ois dividen o seu voto e incidiu en que, se a maior\u00eda de votantes de Ciudadanos e Vox tiveran unido o seu voto no PP, hoxe haber\u00eda outro Goberno de Espa\u00f1a e unha maior\u00eda do Partido Popular no Congreso e no Senado. \u201cE estar\u00edamos falando de creaci\u00f3n de emprego e recuperaci\u00f3n econ\u00f3mica\u201d, apuntou Feij\u00f3o, quen aproveitou para destacar que as portas do partido est\u00e1n abertas a todos estes votantes e, tam\u00e9n, aproveitou para facer un chamamento a non repetir o erro de dividir o voto.<\/p>\n<p>&nbsp;<\/p>\n<p style=\"text-align: justify;\">As\u00ed mesmo, fixo fincap\u00e9 en que nas Municipais se escolle m\u00e1is que unha ideolox\u00eda ou unhas siglas, sen\u00f3n a un veci\u00f1o que mire polo seu concello, con experiencia, con proxecto e que non te\u00f1a m\u00e1is compromiso que o seu concello. Por iso, avogou por unir o voto no Partido Popular, para as\u00ed unha maior\u00eda de veci\u00f1os poidan sa\u00edr ga\u00f1ando cun mellor programa, cunha mellor xesti\u00f3n e con mellores pol\u00edticas.<\/p>\n<p>&nbsp;<\/p>\n<p style=\"text-align: justify;\"><strong><span style=\"text-decoration: underline;\">UN EQUIPO PARA TRAER O CAMBIO A PORRI\u00d1O <\/span><\/strong><\/p>\n<p style=\"text-align: justify;\">Durante un mitin no Porri\u00f1o, o l\u00edder do PPdeG salientou que Alejandro Lorenzo conta cun equipo preparado, ilusionado e comprometido con traer o cambio a Porri\u00f1o, que, segundo dixo, non merece ser tratado como unha sucursal de Vigo nin estar baixo a tutela de ningu\u00e9n, sen\u00f3n que necesita un proxecto propio e cun liderado forte.<\/p>\n<p>&nbsp;<\/p>\n<p style=\"text-align: justify;\">As\u00ed, salientou que o municipio precisa dun goberno con Alejandro Lorenzo \u00e1 s\u00faa fronte, para aproveitar todas as ocasi\u00f3ns para crecer.<\/p>\n<p>&nbsp;<\/p>\n<p style=\"text-align: justify;\"><strong><span style=\"text-decoration: underline;\">UN GOBERNO AO SERVIZO EXCLUSIVO DA GUARDA<\/span><\/strong><\/p>\n<p style=\"text-align: justify;\">Posteriormente, o presidente participou nun mitin na Guarda, no que destacou a determinaci\u00f3n e o esp\u00edrito ga\u00f1ador co que Roberto Carrera se puxo \u00e1 fronte do partido, do que dixo que est\u00e1 renovado, reforzado e con toda a vontade para que este concello volva ser a referencia do Baixo Mi\u00f1o.<\/p>\n<p>&nbsp;<\/p>\n<p style=\"text-align: justify;\">As\u00ed, sinalou que Carrera presenta o programa m\u00e1is \u00fatil co que o concello, en lugar de estar sometido ao BNG e estancado polas leas internas do Executivo local, volver\u00e1 estar en marcha e ter\u00e1 ilusi\u00f3n. Para rematar, apuntou que o Goberno galego seguir\u00e1 impulsando o municipio, tal e como fixo xa co vial Tui-A Guarda, coa sa\u00edda sur do porto ou coa senda A Guarda-Camposancos.<\/p>\n","protected":false},"excerpt":{"rendered":"<p>16, maio, 2019. O presidente do PPdeG, Alberto N\u00fa\u00f1ez Feij\u00f3o, sinalou que o voto ao Partido Popular \u00e9 \u201cun voto transparente\u201d a un goberno que goberna, ante un PSOE que entrega sempre que pode os concellos \u00e1s Mareas e ao BNG: \u201cTanto monta, monta tanto, PSOE con Mareas e BNG como as Mareas con PSOE [&hellip;]<\/p>\n","protected":false},"author":37,"featured_media":0,"comment_status":"open","ping_status":"open","sticky":false,"template":"","format":"standard","meta":{"_acf_changed":false,"footnotes":""},"categories":[1],"tags":[],"class_list":["post-52354","post","type-post","status-publish","format-standard","hentry","category-pp-de-galicia"],"acf":[],"yoast_head":"<!-- This site is optimized with the Yoast SEO plugin v27.3 - https:\/\/yoast.com\/product\/yoast-seo-wordpress\/ -->\n<title>Feij\u00f3o pide o voto para ter gobernos libres e para todos, ante un PSOE entregado \u00e1s Mareas e ao BNG - PP de Galicia<\/title>\n<meta name=\"robots\" content=\"index, follow, max-snippet:-1, max-image-preview:large, max-video-preview:-1\" \/>\n<link rel=\"canonical\" href=\"https:\/\/ppdegalicia.com\/es\/feijoo-pide-o-voto-para-ter-gobernos-libres-e-para-todos-ante-un-psoe-entregado-as-mareas-e-ao-bng\/\" \/>\n<meta property=\"og:locale\" content=\"es_ES\" \/>\n<meta property=\"og:type\" content=\"article\" \/>\n<meta property=\"og:title\" content=\"Feij\u00f3o pide o voto para ter gobernos libres e para todos, ante un PSOE entregado \u00e1s Mareas e ao BNG - PP de Galicia\" \/>\n<meta property=\"og:description\" content=\"16, maio, 2019. O presidente do PPdeG, Alberto N\u00fa\u00f1ez Feij\u00f3o, sinalou que o voto ao Partido Popular \u00e9 \u201cun voto transparente\u201d a un goberno que goberna, ante un PSOE que entrega sempre que pode os concellos \u00e1s Mareas e ao BNG: \u201cTanto monta, monta tanto, PSOE con Mareas e BNG como as Mareas con PSOE [&hellip;]\" \/>\n<meta property=\"og:url\" content=\"https:\/\/ppdegalicia.com\/es\/feijoo-pide-o-voto-para-ter-gobernos-libres-e-para-todos-ante-un-psoe-entregado-as-mareas-e-ao-bng\/\" \/>\n<meta property=\"og:site_name\" content=\"PP de Galicia\" \/>\n<meta property=\"article:publisher\" content=\"https:\/\/www.instagram.com\/ppdegalicia\/\" \/>\n<meta property=\"article:published_time\" content=\"2019-05-16T18:20:47+00:00\" \/>\n<meta name=\"author\" content=\"Super User\" \/>\n<meta name=\"twitter:card\" content=\"summary_large_image\" \/>\n<meta name=\"twitter:creator\" content=\"@ppdegalicia\" \/>\n<meta name=\"twitter:site\" content=\"@ppdegalicia\" \/>\n<meta name=\"twitter:label1\" content=\"Escrito por\" \/>\n\t<meta name=\"twitter:data1\" content=\"Super User\" \/>\n\t<meta name=\"twitter:label2\" content=\"Tiempo de lectura\" \/>\n\t<meta name=\"twitter:data2\" content=\"3 minutos\" \/>\n<script type=\"application\/ld+json\" class=\"yoast-schema-graph\">{\"@context\":\"https:\\\/\\\/schema.org\",\"@graph\":[{\"@type\":\"Article\",\"@id\":\"https:\\\/\\\/ppdegalicia.com\\\/es\\\/feijoo-pide-o-voto-para-ter-gobernos-libres-e-para-todos-ante-un-psoe-entregado-as-mareas-e-ao-bng\\\/#article\",\"isPartOf\":{\"@id\":\"https:\\\/\\\/ppdegalicia.com\\\/es\\\/feijoo-pide-o-voto-para-ter-gobernos-libres-e-para-todos-ante-un-psoe-entregado-as-mareas-e-ao-bng\\\/\"},\"author\":{\"name\":\"Super User\",\"@id\":\"https:\\\/\\\/ppdegalicia.com\\\/es\\\/#\\\/schema\\\/person\\\/d0f013b8388c980665d44009ab762960\"},\"headline\":\"Feij\u00f3o pide o voto para ter gobernos libres e para todos, ante un PSOE entregado \u00e1s Mareas e ao BNG\",\"datePublished\":\"2019-05-16T18:20:47+00:00\",\"mainEntityOfPage\":{\"@id\":\"https:\\\/\\\/ppdegalicia.com\\\/es\\\/feijoo-pide-o-voto-para-ter-gobernos-libres-e-para-todos-ante-un-psoe-entregado-as-mareas-e-ao-bng\\\/\"},\"wordCount\":599,\"commentCount\":0,\"publisher\":{\"@id\":\"https:\\\/\\\/ppdegalicia.com\\\/es\\\/#organization\"},\"articleSection\":[\"PP de Galicia\"],\"inLanguage\":\"es\",\"potentialAction\":[{\"@type\":\"CommentAction\",\"name\":\"Comment\",\"target\":[\"https:\\\/\\\/ppdegalicia.com\\\/es\\\/feijoo-pide-o-voto-para-ter-gobernos-libres-e-para-todos-ante-un-psoe-entregado-as-mareas-e-ao-bng\\\/#respond\"]}]},{\"@type\":\"WebPage\",\"@id\":\"https:\\\/\\\/ppdegalicia.com\\\/es\\\/feijoo-pide-o-voto-para-ter-gobernos-libres-e-para-todos-ante-un-psoe-entregado-as-mareas-e-ao-bng\\\/\",\"url\":\"https:\\\/\\\/ppdegalicia.com\\\/es\\\/feijoo-pide-o-voto-para-ter-gobernos-libres-e-para-todos-ante-un-psoe-entregado-as-mareas-e-ao-bng\\\/\",\"name\":\"Feij\u00f3o pide o voto para ter gobernos libres e para todos, ante un PSOE entregado \u00e1s Mareas e ao BNG - PP de Galicia\",\"isPartOf\":{\"@id\":\"https:\\\/\\\/ppdegalicia.com\\\/es\\\/#website\"},\"datePublished\":\"2019-05-16T18:20:47+00:00\",\"breadcrumb\":{\"@id\":\"https:\\\/\\\/ppdegalicia.com\\\/es\\\/feijoo-pide-o-voto-para-ter-gobernos-libres-e-para-todos-ante-un-psoe-entregado-as-mareas-e-ao-bng\\\/#breadcrumb\"},\"inLanguage\":\"es\",\"potentialAction\":[{\"@type\":\"ReadAction\",\"target\":[\"https:\\\/\\\/ppdegalicia.com\\\/es\\\/feijoo-pide-o-voto-para-ter-gobernos-libres-e-para-todos-ante-un-psoe-entregado-as-mareas-e-ao-bng\\\/\"]}]},{\"@type\":\"BreadcrumbList\",\"@id\":\"https:\\\/\\\/ppdegalicia.com\\\/es\\\/feijoo-pide-o-voto-para-ter-gobernos-libres-e-para-todos-ante-un-psoe-entregado-as-mareas-e-ao-bng\\\/#breadcrumb\",\"itemListElement\":[{\"@type\":\"ListItem\",\"position\":1,\"name\":\"Portada\",\"item\":\"https:\\\/\\\/ppdegalicia.com\\\/es\\\/\"},{\"@type\":\"ListItem\",\"position\":2,\"name\":\"Feij\u00f3o pide o voto para ter gobernos libres e para todos, ante un PSOE entregado \u00e1s Mareas e ao BNG\"}]},{\"@type\":\"WebSite\",\"@id\":\"https:\\\/\\\/ppdegalicia.com\\\/es\\\/#website\",\"url\":\"https:\\\/\\\/ppdegalicia.com\\\/es\\\/\",\"name\":\"Partido Popular de Galicia\",\"description\":\"Partido Popular de Galicia\",\"publisher\":{\"@id\":\"https:\\\/\\\/ppdegalicia.com\\\/es\\\/#organization\"},\"alternateName\":\"PP de Galicia\",\"potentialAction\":[{\"@type\":\"SearchAction\",\"target\":{\"@type\":\"EntryPoint\",\"urlTemplate\":\"https:\\\/\\\/ppdegalicia.com\\\/es\\\/?s={search_term_string}\"},\"query-input\":{\"@type\":\"PropertyValueSpecification\",\"valueRequired\":true,\"valueName\":\"search_term_string\"}}],\"inLanguage\":\"es\"},{\"@type\":\"Organization\",\"@id\":\"https:\\\/\\\/ppdegalicia.com\\\/es\\\/#organization\",\"name\":\"Partido Popular de Galicia\",\"alternateName\":\"PP de Galicia\",\"url\":\"https:\\\/\\\/ppdegalicia.com\\\/es\\\/\",\"logo\":{\"@type\":\"ImageObject\",\"inLanguage\":\"es\",\"@id\":\"https:\\\/\\\/ppdegalicia.com\\\/es\\\/#\\\/schema\\\/logo\\\/image\\\/\",\"url\":\"https:\\\/\\\/ppdegalicia.com\\\/wp-content\\\/uploads\\\/2023\\\/04\\\/logoPP512.png\",\"contentUrl\":\"https:\\\/\\\/ppdegalicia.com\\\/wp-content\\\/uploads\\\/2023\\\/04\\\/logoPP512.png\",\"width\":512,\"height\":512,\"caption\":\"Partido Popular de Galicia\"},\"image\":{\"@id\":\"https:\\\/\\\/ppdegalicia.com\\\/es\\\/#\\\/schema\\\/logo\\\/image\\\/\"},\"sameAs\":[\"https:\\\/\\\/www.instagram.com\\\/ppdegalicia\\\/\",\"https:\\\/\\\/x.com\\\/ppdegalicia\",\"https:\\\/\\\/www.tiktok.com\\\/@ppdegalicia\",\"https:\\\/\\\/www.youtube.com\\\/user\\\/ppdegalicia\"]},{\"@type\":\"Person\",\"@id\":\"https:\\\/\\\/ppdegalicia.com\\\/es\\\/#\\\/schema\\\/person\\\/d0f013b8388c980665d44009ab762960\",\"name\":\"Super User\",\"image\":{\"@type\":\"ImageObject\",\"inLanguage\":\"es\",\"@id\":\"https:\\\/\\\/secure.gravatar.com\\\/avatar\\\/1db852625ef4948f58d2739bfbc51e4b9bd5c93b8fa340b59fdb594ca0845645?s=96&d=mm&r=g\",\"url\":\"https:\\\/\\\/secure.gravatar.com\\\/avatar\\\/1db852625ef4948f58d2739bfbc51e4b9bd5c93b8fa340b59fdb594ca0845645?s=96&d=mm&r=g\",\"contentUrl\":\"https:\\\/\\\/secure.gravatar.com\\\/avatar\\\/1db852625ef4948f58d2739bfbc51e4b9bd5c93b8fa340b59fdb594ca0845645?s=96&d=mm&r=g\",\"caption\":\"Super User\"},\"url\":\"https:\\\/\\\/ppdegalicia.com\\\/es\\\/author\\\/ppdegaliciagestion\\\/\"}]}<\/script>\n<!-- \/ Yoast SEO plugin. -->","yoast_head_json":{"title":"Feij\u00f3o pide o voto para ter gobernos libres e para todos, ante un PSOE entregado \u00e1s Mareas e ao BNG - PP de Galicia","robots":{"index":"index","follow":"follow","max-snippet":"max-snippet:-1","max-image-preview":"max-image-preview:large","max-video-preview":"max-video-preview:-1"},"canonical":"https:\/\/ppdegalicia.com\/es\/feijoo-pide-o-voto-para-ter-gobernos-libres-e-para-todos-ante-un-psoe-entregado-as-mareas-e-ao-bng\/","og_locale":"es_ES","og_type":"article","og_title":"Feij\u00f3o pide o voto para ter gobernos libres e para todos, ante un PSOE entregado \u00e1s Mareas e ao BNG - PP de Galicia","og_description":"16, maio, 2019. O presidente do PPdeG, Alberto N\u00fa\u00f1ez Feij\u00f3o, sinalou que o voto ao Partido Popular \u00e9 \u201cun voto transparente\u201d a un goberno que goberna, ante un PSOE que entrega sempre que pode os concellos \u00e1s Mareas e ao BNG: \u201cTanto monta, monta tanto, PSOE con Mareas e BNG como as Mareas con PSOE [&hellip;]","og_url":"https:\/\/ppdegalicia.com\/es\/feijoo-pide-o-voto-para-ter-gobernos-libres-e-para-todos-ante-un-psoe-entregado-as-mareas-e-ao-bng\/","og_site_name":"PP de Galicia","article_publisher":"https:\/\/www.instagram.com\/ppdegalicia\/","article_published_time":"2019-05-16T18:20:47+00:00","author":"Super User","twitter_card":"summary_large_image","twitter_creator":"@ppdegalicia","twitter_site":"@ppdegalicia","twitter_misc":{"Escrito por":"Super User","Tiempo de lectura":"3 minutos"},"schema":{"@context":"https:\/\/schema.org","@graph":[{"@type":"Article","@id":"https:\/\/ppdegalicia.com\/es\/feijoo-pide-o-voto-para-ter-gobernos-libres-e-para-todos-ante-un-psoe-entregado-as-mareas-e-ao-bng\/#article","isPartOf":{"@id":"https:\/\/ppdegalicia.com\/es\/feijoo-pide-o-voto-para-ter-gobernos-libres-e-para-todos-ante-un-psoe-entregado-as-mareas-e-ao-bng\/"},"author":{"name":"Super User","@id":"https:\/\/ppdegalicia.com\/es\/#\/schema\/person\/d0f013b8388c980665d44009ab762960"},"headline":"Feij\u00f3o pide o voto para ter gobernos libres e para todos, ante un PSOE entregado \u00e1s Mareas e ao BNG","datePublished":"2019-05-16T18:20:47+00:00","mainEntityOfPage":{"@id":"https:\/\/ppdegalicia.com\/es\/feijoo-pide-o-voto-para-ter-gobernos-libres-e-para-todos-ante-un-psoe-entregado-as-mareas-e-ao-bng\/"},"wordCount":599,"commentCount":0,"publisher":{"@id":"https:\/\/ppdegalicia.com\/es\/#organization"},"articleSection":["PP de Galicia"],"inLanguage":"es","potentialAction":[{"@type":"CommentAction","name":"Comment","target":["https:\/\/ppdegalicia.com\/es\/feijoo-pide-o-voto-para-ter-gobernos-libres-e-para-todos-ante-un-psoe-entregado-as-mareas-e-ao-bng\/#respond"]}]},{"@type":"WebPage","@id":"https:\/\/ppdegalicia.com\/es\/feijoo-pide-o-voto-para-ter-gobernos-libres-e-para-todos-ante-un-psoe-entregado-as-mareas-e-ao-bng\/","url":"https:\/\/ppdegalicia.com\/es\/feijoo-pide-o-voto-para-ter-gobernos-libres-e-para-todos-ante-un-psoe-entregado-as-mareas-e-ao-bng\/","name":"Feij\u00f3o pide o voto para ter gobernos libres e para todos, ante un PSOE entregado \u00e1s Mareas e ao BNG - PP de Galicia","isPartOf":{"@id":"https:\/\/ppdegalicia.com\/es\/#website"},"datePublished":"2019-05-16T18:20:47+00:00","breadcrumb":{"@id":"https:\/\/ppdegalicia.com\/es\/feijoo-pide-o-voto-para-ter-gobernos-libres-e-para-todos-ante-un-psoe-entregado-as-mareas-e-ao-bng\/#breadcrumb"},"inLanguage":"es","potentialAction":[{"@type":"ReadAction","target":["https:\/\/ppdegalicia.com\/es\/feijoo-pide-o-voto-para-ter-gobernos-libres-e-para-todos-ante-un-psoe-entregado-as-mareas-e-ao-bng\/"]}]},{"@type":"BreadcrumbList","@id":"https:\/\/ppdegalicia.com\/es\/feijoo-pide-o-voto-para-ter-gobernos-libres-e-para-todos-ante-un-psoe-entregado-as-mareas-e-ao-bng\/#breadcrumb","itemListElement":[{"@type":"ListItem","position":1,"name":"Portada","item":"https:\/\/ppdegalicia.com\/es\/"},{"@type":"ListItem","position":2,"name":"Feij\u00f3o pide o voto para ter gobernos libres e para todos, ante un PSOE entregado \u00e1s Mareas e ao BNG"}]},{"@type":"WebSite","@id":"https:\/\/ppdegalicia.com\/es\/#website","url":"https:\/\/ppdegalicia.com\/es\/","name":"Partido Popular de Galicia","description":"Partido Popular de Galicia","publisher":{"@id":"https:\/\/ppdegalicia.com\/es\/#organization"},"alternateName":"PP de Galicia","potentialAction":[{"@type":"SearchAction","target":{"@type":"EntryPoint","urlTemplate":"https:\/\/ppdegalicia.com\/es\/?s={search_term_string}"},"query-input":{"@type":"PropertyValueSpecification","valueRequired":true,"valueName":"search_term_string"}}],"inLanguage":"es"},{"@type":"Organization","@id":"https:\/\/ppdegalicia.com\/es\/#organization","name":"Partido Popular de Galicia","alternateName":"PP de Galicia","url":"https:\/\/ppdegalicia.com\/es\/","logo":{"@type":"ImageObject","inLanguage":"es","@id":"https:\/\/ppdegalicia.com\/es\/#\/schema\/logo\/image\/","url":"https:\/\/ppdegalicia.com\/wp-content\/uploads\/2023\/04\/logoPP512.png","contentUrl":"https:\/\/ppdegalicia.com\/wp-content\/uploads\/2023\/04\/logoPP512.png","width":512,"height":512,"caption":"Partido Popular de Galicia"},"image":{"@id":"https:\/\/ppdegalicia.com\/es\/#\/schema\/logo\/image\/"},"sameAs":["https:\/\/www.instagram.com\/ppdegalicia\/","https:\/\/x.com\/ppdegalicia","https:\/\/www.tiktok.com\/@ppdegalicia","https:\/\/www.youtube.com\/user\/ppdegalicia"]},{"@type":"Person","@id":"https:\/\/ppdegalicia.com\/es\/#\/schema\/person\/d0f013b8388c980665d44009ab762960","name":"Super User","image":{"@type":"ImageObject","inLanguage":"es","@id":"https:\/\/secure.gravatar.com\/avatar\/1db852625ef4948f58d2739bfbc51e4b9bd5c93b8fa340b59fdb594ca0845645?s=96&d=mm&r=g","url":"https:\/\/secure.gravatar.com\/avatar\/1db852625ef4948f58d2739bfbc51e4b9bd5c93b8fa340b59fdb594ca0845645?s=96&d=mm&r=g","contentUrl":"https:\/\/secure.gravatar.com\/avatar\/1db852625ef4948f58d2739bfbc51e4b9bd5c93b8fa340b59fdb594ca0845645?s=96&d=mm&r=g","caption":"Super User"},"url":"https:\/\/ppdegalicia.com\/es\/author\/ppdegaliciagestion\/"}]}},"_links":{"self":[{"href":"https:\/\/ppdegalicia.com\/es\/wp-json\/wp\/v2\/posts\/52354","targetHints":{"allow":["GET"]}}],"collection":[{"href":"https:\/\/ppdegalicia.com\/es\/wp-json\/wp\/v2\/posts"}],"about":[{"href":"https:\/\/ppdegalicia.com\/es\/wp-json\/wp\/v2\/types\/post"}],"author":[{"embeddable":true,"href":"https:\/\/ppdegalicia.com\/es\/wp-json\/wp\/v2\/users\/37"}],"replies":[{"embeddable":true,"href":"https:\/\/ppdegalicia.com\/es\/wp-json\/wp\/v2\/comments?post=52354"}],"version-history":[{"count":0,"href":"https:\/\/ppdegalicia.com\/es\/wp-json\/wp\/v2\/posts\/52354\/revisions"}],"wp:attachment":[{"href":"https:\/\/ppdegalicia.com\/es\/wp-json\/wp\/v2\/media?parent=52354"}],"wp:term":[{"taxonomy":"category","embeddable":true,"href":"https:\/\/ppdegalicia.com\/es\/wp-json\/wp\/v2\/categories?post=52354"},{"taxonomy":"post_tag","embeddable":true,"href":"https:\/\/ppdegalicia.com\/es\/wp-json\/wp\/v2\/tags?post=52354"}],"curies":[{"name":"wp","href":"https:\/\/api.w.org\/{rel}","templated":true}]}}