{"id":52382,"date":"2019-06-02T11:04:54","date_gmt":"2019-06-02T09:04:54","guid":{"rendered":"https:\/\/ppdegalicia.com\/tellado-a-xunta-e-o-ppdeg-temos-o-reto-de-defender-os-intereses-da-comunidade-fronte-ao-goberno-de-sanchez\/"},"modified":"2019-06-02T11:04:54","modified_gmt":"2019-06-02T09:04:54","slug":"tellado-a-xunta-e-o-ppdeg-temos-o-reto-de-defender-os-intereses-da-comunidade-fronte-ao-goberno-de-sanchez","status":"publish","type":"post","link":"https:\/\/ppdegalicia.com\/es\/tellado-a-xunta-e-o-ppdeg-temos-o-reto-de-defender-os-intereses-da-comunidade-fronte-ao-goberno-de-sanchez\/","title":{"rendered":"Tellado: \u201cA Xunta e o PPdeG temos o reto de defender os intereses da Comunidade fronte ao Goberno de S\u00e1nchez\u201d"},"content":{"rendered":"<p><span style=\"text-decoration: underline;\">2, xu\u00f1o, 2019.<\/span> O secretario xeral dos populares galegos, Miguel Tellado, afirmou que a Xunta e o PPdeG te\u00f1en o reto de defender os intereses da nosa Comunidade fronte ao Executivo de Pedro S\u00e1nchez, que agraviou constantemente a Galicia o \u00faltimo ano -cos seus PXE e co ataque claro aos nosos sectores produtivos como o das electrointesivas, as centrais t\u00e9rmicas, a automoci\u00f3n ou a par\u00e1lise dos sector naval p\u00fablico-.\u201cCada d\u00eda que pasa S\u00e1nchez enc\u00e1rgase de converter a Rajoy no mellor presidente que tivo nunca Espa\u00f1a na s\u00faa democracia\u201d, engadiu.<\/p>\n<p><!--more--><\/p>\n<p>&nbsp;<\/p>\n<p>Nunha entrevista na Radio Galega, Tellado declarou que o mellor para o pa\u00eds \u00e9 un goberno non condicionado por forzas con preocupaci\u00f3ns distintas aos da nosa Comunidade. Deste modo, lembrou que cando Podemos apoiou a S\u00e1nchez a Galicia non lle foi ben, e admitiu que Ciudadanos, coas s\u00faas declaraci\u00f3ns, tampouco parece defender os intereses dos galegos.<\/p>\n<p>&nbsp;<\/p>\n<p>As\u00ed mesmo, manifestou que \u00e1 Xunta a\u00ednda lle queda moito traballo por desenvolver ata os vindeiros comicios auton\u00f3micos, aseverando que \u201c\u00e1 Galicia de 2019 lle vai mellor que \u00e1 do 2009: crece, crea emprego e ten servizos p\u00fablicos de maior calidade\u201d.<\/p>\n<p>&nbsp;<\/p>\n<p>Nese senso, apuntou que de cara \u00e1s Elecci\u00f3ns Auton\u00f3micas \u201co debate ser\u00e1 que Galicia queremos constru\u00edr de cara ao futuro\u201d. Como precisou, por un lado estar\u00eda o modelo que Feij\u00f3o puxo en marcha dende hai dez anos, baseado na estabilidade pol\u00edtica, no crecemento, na creaci\u00f3n de emprego e na consolidaci\u00f3n dos servizos p\u00fablicos; e, do outro, tres modelos que se ter\u00edan que unir para arrebatarlle a maior\u00eda ao PP: \u201cO do PSOE, o das Mareas e de Podemos \u2013 que poder\u00edan rematar sendo dous distintos &#8211; e o do BNG\u201d.<\/p>\n<p>&nbsp;<\/p>\n<p>\u201cOs galegos, sempre que tiveron ocasi\u00f3n nos \u00faltimos dez anos, preferiron a estabilidade e non un goberno baseado nunha ensalada de siglas que non ser\u00edan capaces de po\u00f1erse de acordo nin para as decisi\u00f3ns m\u00e1is b\u00e1sicas\u201d, recordou.<\/p>\n<p>&nbsp;<\/p>\n<p><strong><span style=\"text-decoration: underline;\">ESCENARIO DE RECUPERACI\u00d3N ELECTORAL<\/span><\/strong><\/p>\n<p>Cuestionado sobre as Elecci\u00f3ns Municipais, o n\u00famero dous dos populares galegos reco\u00f1eceu que malia que \u201cnon conseguimos os resultados que agardabamos v\u00e9monos na obriga de po\u00f1elos en valor\u201d. Deste xeito, destacou que o PPdeG ga\u00f1ou no 57% dos concellos -en 179 dos 313 municipios-, obtivo 131 maior\u00edas absolutas e 48 relativas, e \u00e9 a primeira forza pol\u00edtica tanto en porcentaxe de voto como en n\u00famero de concelleiros.<\/p>\n<p>&nbsp;<\/p>\n<p>Segundo afirmou, trala chamada de atenci\u00f3n recibida nos comicios xerais, a s\u00faa formaci\u00f3n reaccionou e isto refl\u00edctese nos resultados do 26 de maio, conseguindo un 34% do voto fronte o 27% acadado en abril, un incremento de sete puntos de porcentaxe de voto en apenas catro semanas. \u201cO PP vive un proceso de remontada que debuxa un escenario de recuperaci\u00f3n electoral para o partido\u201d, subli\u00f1ou.<\/p>\n<p>&nbsp;<\/p>\n<p>Igualmente, sinalou que as Elecci\u00f3ns Xerais evidenciaron as consecuencias de dividir o voto de centro-dereita, que \u00e9 a vitoria da esquerda. As\u00ed, a\u00ednda que nas Municipais houbo menos divisi\u00f3n, lamentou que o descenso do PP en torno a 190 concelleiros s\u00f3 se traduciu nunha subida de Ciudadanos en 18 concelleiros, polo que a fragmentaci\u00f3n de voto volveu provocar que o centro-dereita perdese representaci\u00f3n. Pola contra, si se amosou satisfeito con que VOX non entrara nas corporaci\u00f3ns municipais galegas xa que \u201cnon ten espazo pol\u00edtico na Comunidade\u201d.<\/p>\n<p>&nbsp;<\/p>\n<p>\u201c\u00c9 o momento de traballar, de reflexionar sobre o que fixemos e ben e mal\u201d, resaltou o secretario xeral avanzando que o seu partido ten convocado un Comit\u00e9 de Direcci\u00f3n para este martes que ir\u00e1 seguido de Xuntas Directivas provincias para analizar os resultados tam\u00e9n a ese nivel.<\/p>\n<p>&nbsp;<\/p>\n<p><strong><span style=\"text-decoration: underline;\">A POL\u00cdTICA BEN ENTENDIDA<\/span><\/strong><\/p>\n<p>Con respecto \u00e1 dimisi\u00f3n de Elena Mu\u00f1oz, asegurou que este anuncio \u00e9 unha demostraci\u00f3n clara da s\u00faa responsabilidade, agradecendo a s\u00faa dedicaci\u00f3n e capacidade ao longo dos \u00faltimos anos posto que, independentemente dos resultados, \u201cnon \u00e9 menos meritorio o seu traballo\u201d.<\/p>\n<p>&nbsp;<\/p>\n<p>\u201cNos partidos pol\u00edticos todos estamos de paso e cumprimos unha funci\u00f3n nun proxecto com\u00fan e compartido. Aos que, nun momento determinado, son capaces de dar un paso a un lado para que sexan outros os que sigan co proxecto adiante, h\u00f3nralles\u201d, dixo recalcando que se trata dun exercicio de gran xenerosidade e do que \u00e9 a pol\u00edtica ben entendida, \u201ca que non se basea na ambici\u00f3n persoal sen\u00f3n na colectiva, que \u00e9 a de impulsar un proxecto pol\u00edtico \u00fatil en lugar de atornillarse aos cargos cando as cousas non van ben\u201d.<\/p>\n<p>&nbsp;<\/p>\n<p>Ademais, explicou que o PP de Vigo debe retomar a normalidade canto antes, e farao coa posta en marcha dunha comisi\u00f3n xestora que se encargue da xesti\u00f3n ordinaria do partido e que, nun per\u00edodo de tempo, estableza as condici\u00f3ns necesarias para convocar un congreso que garanta a plena participaci\u00f3n de toda a afiliaci\u00f3n nesta cidade.<\/p>\n","protected":false},"excerpt":{"rendered":"<p>2, xu\u00f1o, 2019. O secretario xeral dos populares galegos, Miguel Tellado, afirmou que a Xunta e o PPdeG te\u00f1en o reto de defender os intereses da nosa Comunidade fronte ao Executivo de Pedro S\u00e1nchez, que agraviou constantemente a Galicia o \u00faltimo ano -cos seus PXE e co ataque claro aos nosos sectores produtivos como o [&hellip;]<\/p>\n","protected":false},"author":37,"featured_media":0,"comment_status":"open","ping_status":"open","sticky":false,"template":"","format":"standard","meta":{"_acf_changed":false,"footnotes":""},"categories":[1],"tags":[],"class_list":["post-52382","post","type-post","status-publish","format-standard","hentry","category-pp-de-galicia"],"acf":[],"yoast_head":"<!-- This site is optimized with the Yoast SEO plugin v27.3 - https:\/\/yoast.com\/product\/yoast-seo-wordpress\/ -->\n<title>Tellado: \u201cA Xunta e o PPdeG temos o reto de defender os intereses da Comunidade fronte ao Goberno de S\u00e1nchez\u201d - PP de Galicia<\/title>\n<meta name=\"robots\" content=\"index, follow, max-snippet:-1, max-image-preview:large, max-video-preview:-1\" \/>\n<link rel=\"canonical\" href=\"https:\/\/ppdegalicia.com\/es\/tellado-a-xunta-e-o-ppdeg-temos-o-reto-de-defender-os-intereses-da-comunidade-fronte-ao-goberno-de-sanchez\/\" \/>\n<meta property=\"og:locale\" content=\"es_ES\" \/>\n<meta property=\"og:type\" content=\"article\" \/>\n<meta property=\"og:title\" content=\"Tellado: \u201cA Xunta e o PPdeG temos o reto de defender os intereses da Comunidade fronte ao Goberno de S\u00e1nchez\u201d - PP de Galicia\" \/>\n<meta property=\"og:description\" content=\"2, xu\u00f1o, 2019. O secretario xeral dos populares galegos, Miguel Tellado, afirmou que a Xunta e o PPdeG te\u00f1en o reto de defender os intereses da nosa Comunidade fronte ao Executivo de Pedro S\u00e1nchez, que agraviou constantemente a Galicia o \u00faltimo ano -cos seus PXE e co ataque claro aos nosos sectores produtivos como o [&hellip;]\" \/>\n<meta property=\"og:url\" content=\"https:\/\/ppdegalicia.com\/es\/tellado-a-xunta-e-o-ppdeg-temos-o-reto-de-defender-os-intereses-da-comunidade-fronte-ao-goberno-de-sanchez\/\" \/>\n<meta property=\"og:site_name\" content=\"PP de Galicia\" \/>\n<meta property=\"article:publisher\" content=\"https:\/\/www.instagram.com\/ppdegalicia\/\" \/>\n<meta property=\"article:published_time\" content=\"2019-06-02T09:04:54+00:00\" \/>\n<meta name=\"author\" content=\"Super User\" \/>\n<meta name=\"twitter:card\" content=\"summary_large_image\" \/>\n<meta name=\"twitter:creator\" content=\"@ppdegalicia\" \/>\n<meta name=\"twitter:site\" content=\"@ppdegalicia\" \/>\n<meta name=\"twitter:label1\" content=\"Escrito por\" \/>\n\t<meta name=\"twitter:data1\" content=\"Super User\" \/>\n\t<meta name=\"twitter:label2\" content=\"Tiempo de lectura\" \/>\n\t<meta name=\"twitter:data2\" content=\"4 minutos\" \/>\n<script type=\"application\/ld+json\" class=\"yoast-schema-graph\">{\"@context\":\"https:\\\/\\\/schema.org\",\"@graph\":[{\"@type\":\"Article\",\"@id\":\"https:\\\/\\\/ppdegalicia.com\\\/es\\\/tellado-a-xunta-e-o-ppdeg-temos-o-reto-de-defender-os-intereses-da-comunidade-fronte-ao-goberno-de-sanchez\\\/#article\",\"isPartOf\":{\"@id\":\"https:\\\/\\\/ppdegalicia.com\\\/es\\\/tellado-a-xunta-e-o-ppdeg-temos-o-reto-de-defender-os-intereses-da-comunidade-fronte-ao-goberno-de-sanchez\\\/\"},\"author\":{\"name\":\"Super User\",\"@id\":\"https:\\\/\\\/ppdegalicia.com\\\/es\\\/#\\\/schema\\\/person\\\/d0f013b8388c980665d44009ab762960\"},\"headline\":\"Tellado: \u201cA Xunta e o PPdeG temos o reto de defender os intereses da Comunidade fronte ao Goberno de S\u00e1nchez\u201d\",\"datePublished\":\"2019-06-02T09:04:54+00:00\",\"mainEntityOfPage\":{\"@id\":\"https:\\\/\\\/ppdegalicia.com\\\/es\\\/tellado-a-xunta-e-o-ppdeg-temos-o-reto-de-defender-os-intereses-da-comunidade-fronte-ao-goberno-de-sanchez\\\/\"},\"wordCount\":864,\"commentCount\":0,\"publisher\":{\"@id\":\"https:\\\/\\\/ppdegalicia.com\\\/es\\\/#organization\"},\"articleSection\":[\"PP de Galicia\"],\"inLanguage\":\"es\",\"potentialAction\":[{\"@type\":\"CommentAction\",\"name\":\"Comment\",\"target\":[\"https:\\\/\\\/ppdegalicia.com\\\/es\\\/tellado-a-xunta-e-o-ppdeg-temos-o-reto-de-defender-os-intereses-da-comunidade-fronte-ao-goberno-de-sanchez\\\/#respond\"]}]},{\"@type\":\"WebPage\",\"@id\":\"https:\\\/\\\/ppdegalicia.com\\\/es\\\/tellado-a-xunta-e-o-ppdeg-temos-o-reto-de-defender-os-intereses-da-comunidade-fronte-ao-goberno-de-sanchez\\\/\",\"url\":\"https:\\\/\\\/ppdegalicia.com\\\/es\\\/tellado-a-xunta-e-o-ppdeg-temos-o-reto-de-defender-os-intereses-da-comunidade-fronte-ao-goberno-de-sanchez\\\/\",\"name\":\"Tellado: \u201cA Xunta e o PPdeG temos o reto de defender os intereses da Comunidade fronte ao Goberno de S\u00e1nchez\u201d - PP de Galicia\",\"isPartOf\":{\"@id\":\"https:\\\/\\\/ppdegalicia.com\\\/es\\\/#website\"},\"datePublished\":\"2019-06-02T09:04:54+00:00\",\"breadcrumb\":{\"@id\":\"https:\\\/\\\/ppdegalicia.com\\\/es\\\/tellado-a-xunta-e-o-ppdeg-temos-o-reto-de-defender-os-intereses-da-comunidade-fronte-ao-goberno-de-sanchez\\\/#breadcrumb\"},\"inLanguage\":\"es\",\"potentialAction\":[{\"@type\":\"ReadAction\",\"target\":[\"https:\\\/\\\/ppdegalicia.com\\\/es\\\/tellado-a-xunta-e-o-ppdeg-temos-o-reto-de-defender-os-intereses-da-comunidade-fronte-ao-goberno-de-sanchez\\\/\"]}]},{\"@type\":\"BreadcrumbList\",\"@id\":\"https:\\\/\\\/ppdegalicia.com\\\/es\\\/tellado-a-xunta-e-o-ppdeg-temos-o-reto-de-defender-os-intereses-da-comunidade-fronte-ao-goberno-de-sanchez\\\/#breadcrumb\",\"itemListElement\":[{\"@type\":\"ListItem\",\"position\":1,\"name\":\"Portada\",\"item\":\"https:\\\/\\\/ppdegalicia.com\\\/es\\\/\"},{\"@type\":\"ListItem\",\"position\":2,\"name\":\"Tellado: \u201cA Xunta e o PPdeG temos o reto de defender os intereses da Comunidade fronte ao Goberno de S\u00e1nchez\u201d\"}]},{\"@type\":\"WebSite\",\"@id\":\"https:\\\/\\\/ppdegalicia.com\\\/es\\\/#website\",\"url\":\"https:\\\/\\\/ppdegalicia.com\\\/es\\\/\",\"name\":\"Partido Popular de Galicia\",\"description\":\"Partido Popular de Galicia\",\"publisher\":{\"@id\":\"https:\\\/\\\/ppdegalicia.com\\\/es\\\/#organization\"},\"alternateName\":\"PP de Galicia\",\"potentialAction\":[{\"@type\":\"SearchAction\",\"target\":{\"@type\":\"EntryPoint\",\"urlTemplate\":\"https:\\\/\\\/ppdegalicia.com\\\/es\\\/?s={search_term_string}\"},\"query-input\":{\"@type\":\"PropertyValueSpecification\",\"valueRequired\":true,\"valueName\":\"search_term_string\"}}],\"inLanguage\":\"es\"},{\"@type\":\"Organization\",\"@id\":\"https:\\\/\\\/ppdegalicia.com\\\/es\\\/#organization\",\"name\":\"Partido Popular de Galicia\",\"alternateName\":\"PP de Galicia\",\"url\":\"https:\\\/\\\/ppdegalicia.com\\\/es\\\/\",\"logo\":{\"@type\":\"ImageObject\",\"inLanguage\":\"es\",\"@id\":\"https:\\\/\\\/ppdegalicia.com\\\/es\\\/#\\\/schema\\\/logo\\\/image\\\/\",\"url\":\"https:\\\/\\\/ppdegalicia.com\\\/wp-content\\\/uploads\\\/2023\\\/04\\\/logoPP512.png\",\"contentUrl\":\"https:\\\/\\\/ppdegalicia.com\\\/wp-content\\\/uploads\\\/2023\\\/04\\\/logoPP512.png\",\"width\":512,\"height\":512,\"caption\":\"Partido Popular de Galicia\"},\"image\":{\"@id\":\"https:\\\/\\\/ppdegalicia.com\\\/es\\\/#\\\/schema\\\/logo\\\/image\\\/\"},\"sameAs\":[\"https:\\\/\\\/www.instagram.com\\\/ppdegalicia\\\/\",\"https:\\\/\\\/x.com\\\/ppdegalicia\",\"https:\\\/\\\/www.tiktok.com\\\/@ppdegalicia\",\"https:\\\/\\\/www.youtube.com\\\/user\\\/ppdegalicia\"]},{\"@type\":\"Person\",\"@id\":\"https:\\\/\\\/ppdegalicia.com\\\/es\\\/#\\\/schema\\\/person\\\/d0f013b8388c980665d44009ab762960\",\"name\":\"Super User\",\"image\":{\"@type\":\"ImageObject\",\"inLanguage\":\"es\",\"@id\":\"https:\\\/\\\/secure.gravatar.com\\\/avatar\\\/1db852625ef4948f58d2739bfbc51e4b9bd5c93b8fa340b59fdb594ca0845645?s=96&d=mm&r=g\",\"url\":\"https:\\\/\\\/secure.gravatar.com\\\/avatar\\\/1db852625ef4948f58d2739bfbc51e4b9bd5c93b8fa340b59fdb594ca0845645?s=96&d=mm&r=g\",\"contentUrl\":\"https:\\\/\\\/secure.gravatar.com\\\/avatar\\\/1db852625ef4948f58d2739bfbc51e4b9bd5c93b8fa340b59fdb594ca0845645?s=96&d=mm&r=g\",\"caption\":\"Super User\"},\"url\":\"https:\\\/\\\/ppdegalicia.com\\\/es\\\/author\\\/ppdegaliciagestion\\\/\"}]}<\/script>\n<!-- \/ Yoast SEO plugin. -->","yoast_head_json":{"title":"Tellado: \u201cA Xunta e o PPdeG temos o reto de defender os intereses da Comunidade fronte ao Goberno de S\u00e1nchez\u201d - PP de Galicia","robots":{"index":"index","follow":"follow","max-snippet":"max-snippet:-1","max-image-preview":"max-image-preview:large","max-video-preview":"max-video-preview:-1"},"canonical":"https:\/\/ppdegalicia.com\/es\/tellado-a-xunta-e-o-ppdeg-temos-o-reto-de-defender-os-intereses-da-comunidade-fronte-ao-goberno-de-sanchez\/","og_locale":"es_ES","og_type":"article","og_title":"Tellado: \u201cA Xunta e o PPdeG temos o reto de defender os intereses da Comunidade fronte ao Goberno de S\u00e1nchez\u201d - PP de Galicia","og_description":"2, xu\u00f1o, 2019. O secretario xeral dos populares galegos, Miguel Tellado, afirmou que a Xunta e o PPdeG te\u00f1en o reto de defender os intereses da nosa Comunidade fronte ao Executivo de Pedro S\u00e1nchez, que agraviou constantemente a Galicia o \u00faltimo ano -cos seus PXE e co ataque claro aos nosos sectores produtivos como o [&hellip;]","og_url":"https:\/\/ppdegalicia.com\/es\/tellado-a-xunta-e-o-ppdeg-temos-o-reto-de-defender-os-intereses-da-comunidade-fronte-ao-goberno-de-sanchez\/","og_site_name":"PP de Galicia","article_publisher":"https:\/\/www.instagram.com\/ppdegalicia\/","article_published_time":"2019-06-02T09:04:54+00:00","author":"Super User","twitter_card":"summary_large_image","twitter_creator":"@ppdegalicia","twitter_site":"@ppdegalicia","twitter_misc":{"Escrito por":"Super User","Tiempo de lectura":"4 minutos"},"schema":{"@context":"https:\/\/schema.org","@graph":[{"@type":"Article","@id":"https:\/\/ppdegalicia.com\/es\/tellado-a-xunta-e-o-ppdeg-temos-o-reto-de-defender-os-intereses-da-comunidade-fronte-ao-goberno-de-sanchez\/#article","isPartOf":{"@id":"https:\/\/ppdegalicia.com\/es\/tellado-a-xunta-e-o-ppdeg-temos-o-reto-de-defender-os-intereses-da-comunidade-fronte-ao-goberno-de-sanchez\/"},"author":{"name":"Super User","@id":"https:\/\/ppdegalicia.com\/es\/#\/schema\/person\/d0f013b8388c980665d44009ab762960"},"headline":"Tellado: \u201cA Xunta e o PPdeG temos o reto de defender os intereses da Comunidade fronte ao Goberno de S\u00e1nchez\u201d","datePublished":"2019-06-02T09:04:54+00:00","mainEntityOfPage":{"@id":"https:\/\/ppdegalicia.com\/es\/tellado-a-xunta-e-o-ppdeg-temos-o-reto-de-defender-os-intereses-da-comunidade-fronte-ao-goberno-de-sanchez\/"},"wordCount":864,"commentCount":0,"publisher":{"@id":"https:\/\/ppdegalicia.com\/es\/#organization"},"articleSection":["PP de Galicia"],"inLanguage":"es","potentialAction":[{"@type":"CommentAction","name":"Comment","target":["https:\/\/ppdegalicia.com\/es\/tellado-a-xunta-e-o-ppdeg-temos-o-reto-de-defender-os-intereses-da-comunidade-fronte-ao-goberno-de-sanchez\/#respond"]}]},{"@type":"WebPage","@id":"https:\/\/ppdegalicia.com\/es\/tellado-a-xunta-e-o-ppdeg-temos-o-reto-de-defender-os-intereses-da-comunidade-fronte-ao-goberno-de-sanchez\/","url":"https:\/\/ppdegalicia.com\/es\/tellado-a-xunta-e-o-ppdeg-temos-o-reto-de-defender-os-intereses-da-comunidade-fronte-ao-goberno-de-sanchez\/","name":"Tellado: \u201cA Xunta e o PPdeG temos o reto de defender os intereses da Comunidade fronte ao Goberno de S\u00e1nchez\u201d - PP de Galicia","isPartOf":{"@id":"https:\/\/ppdegalicia.com\/es\/#website"},"datePublished":"2019-06-02T09:04:54+00:00","breadcrumb":{"@id":"https:\/\/ppdegalicia.com\/es\/tellado-a-xunta-e-o-ppdeg-temos-o-reto-de-defender-os-intereses-da-comunidade-fronte-ao-goberno-de-sanchez\/#breadcrumb"},"inLanguage":"es","potentialAction":[{"@type":"ReadAction","target":["https:\/\/ppdegalicia.com\/es\/tellado-a-xunta-e-o-ppdeg-temos-o-reto-de-defender-os-intereses-da-comunidade-fronte-ao-goberno-de-sanchez\/"]}]},{"@type":"BreadcrumbList","@id":"https:\/\/ppdegalicia.com\/es\/tellado-a-xunta-e-o-ppdeg-temos-o-reto-de-defender-os-intereses-da-comunidade-fronte-ao-goberno-de-sanchez\/#breadcrumb","itemListElement":[{"@type":"ListItem","position":1,"name":"Portada","item":"https:\/\/ppdegalicia.com\/es\/"},{"@type":"ListItem","position":2,"name":"Tellado: \u201cA Xunta e o PPdeG temos o reto de defender os intereses da Comunidade fronte ao Goberno de S\u00e1nchez\u201d"}]},{"@type":"WebSite","@id":"https:\/\/ppdegalicia.com\/es\/#website","url":"https:\/\/ppdegalicia.com\/es\/","name":"Partido Popular de Galicia","description":"Partido Popular de Galicia","publisher":{"@id":"https:\/\/ppdegalicia.com\/es\/#organization"},"alternateName":"PP de Galicia","potentialAction":[{"@type":"SearchAction","target":{"@type":"EntryPoint","urlTemplate":"https:\/\/ppdegalicia.com\/es\/?s={search_term_string}"},"query-input":{"@type":"PropertyValueSpecification","valueRequired":true,"valueName":"search_term_string"}}],"inLanguage":"es"},{"@type":"Organization","@id":"https:\/\/ppdegalicia.com\/es\/#organization","name":"Partido Popular de Galicia","alternateName":"PP de Galicia","url":"https:\/\/ppdegalicia.com\/es\/","logo":{"@type":"ImageObject","inLanguage":"es","@id":"https:\/\/ppdegalicia.com\/es\/#\/schema\/logo\/image\/","url":"https:\/\/ppdegalicia.com\/wp-content\/uploads\/2023\/04\/logoPP512.png","contentUrl":"https:\/\/ppdegalicia.com\/wp-content\/uploads\/2023\/04\/logoPP512.png","width":512,"height":512,"caption":"Partido Popular de Galicia"},"image":{"@id":"https:\/\/ppdegalicia.com\/es\/#\/schema\/logo\/image\/"},"sameAs":["https:\/\/www.instagram.com\/ppdegalicia\/","https:\/\/x.com\/ppdegalicia","https:\/\/www.tiktok.com\/@ppdegalicia","https:\/\/www.youtube.com\/user\/ppdegalicia"]},{"@type":"Person","@id":"https:\/\/ppdegalicia.com\/es\/#\/schema\/person\/d0f013b8388c980665d44009ab762960","name":"Super User","image":{"@type":"ImageObject","inLanguage":"es","@id":"https:\/\/secure.gravatar.com\/avatar\/1db852625ef4948f58d2739bfbc51e4b9bd5c93b8fa340b59fdb594ca0845645?s=96&d=mm&r=g","url":"https:\/\/secure.gravatar.com\/avatar\/1db852625ef4948f58d2739bfbc51e4b9bd5c93b8fa340b59fdb594ca0845645?s=96&d=mm&r=g","contentUrl":"https:\/\/secure.gravatar.com\/avatar\/1db852625ef4948f58d2739bfbc51e4b9bd5c93b8fa340b59fdb594ca0845645?s=96&d=mm&r=g","caption":"Super User"},"url":"https:\/\/ppdegalicia.com\/es\/author\/ppdegaliciagestion\/"}]}},"_links":{"self":[{"href":"https:\/\/ppdegalicia.com\/es\/wp-json\/wp\/v2\/posts\/52382","targetHints":{"allow":["GET"]}}],"collection":[{"href":"https:\/\/ppdegalicia.com\/es\/wp-json\/wp\/v2\/posts"}],"about":[{"href":"https:\/\/ppdegalicia.com\/es\/wp-json\/wp\/v2\/types\/post"}],"author":[{"embeddable":true,"href":"https:\/\/ppdegalicia.com\/es\/wp-json\/wp\/v2\/users\/37"}],"replies":[{"embeddable":true,"href":"https:\/\/ppdegalicia.com\/es\/wp-json\/wp\/v2\/comments?post=52382"}],"version-history":[{"count":0,"href":"https:\/\/ppdegalicia.com\/es\/wp-json\/wp\/v2\/posts\/52382\/revisions"}],"wp:attachment":[{"href":"https:\/\/ppdegalicia.com\/es\/wp-json\/wp\/v2\/media?parent=52382"}],"wp:term":[{"taxonomy":"category","embeddable":true,"href":"https:\/\/ppdegalicia.com\/es\/wp-json\/wp\/v2\/categories?post=52382"},{"taxonomy":"post_tag","embeddable":true,"href":"https:\/\/ppdegalicia.com\/es\/wp-json\/wp\/v2\/tags?post=52382"}],"curies":[{"name":"wp","href":"https:\/\/api.w.org\/{rel}","templated":true}]}}