{"id":52391,"date":"2019-06-05T11:27:39","date_gmt":"2019-06-05T09:27:39","guid":{"rendered":"https:\/\/ppdegalicia.com\/o-parlamento-galego-demanda-a-creacion-dun-organo-colexiado-que-coordine-a-proteccion-dos-consumidores-entre-xunta-e-concellos\/"},"modified":"2019-06-05T11:27:39","modified_gmt":"2019-06-05T09:27:39","slug":"o-parlamento-galego-demanda-a-creacion-dun-organo-colexiado-que-coordine-a-proteccion-dos-consumidores-entre-xunta-e-concellos","status":"publish","type":"post","link":"https:\/\/ppdegalicia.com\/es\/o-parlamento-galego-demanda-a-creacion-dun-organo-colexiado-que-coordine-a-proteccion-dos-consumidores-entre-xunta-e-concellos\/","title":{"rendered":"O Parlamento galego demanda a creaci\u00f3n dun \u00f3rgano colexiado que coordine a protecci\u00f3n dos consumidores entre Xunta e concellos"},"content":{"rendered":"<p>Santiago, 5 de xu\u00f1o de 2019.- O Parlamento de Galicia aprobou hoxe a proposici\u00f3n non de lei do Grupo Popular a trav\u00e9s da que se insta \u00e1 Xunta a crear un \u00f3rgano colexiado de car\u00e1cter consultivo e participativo entre a Administraci\u00f3n Auton\u00f3mica e as entidades locais galegas co obxectivo de procurar a m\u00e1xima coordinaci\u00f3n, cooperaci\u00f3n e participaci\u00f3n nas materias que afecten \u00e1 protecci\u00f3n dos dereitos das persoas consumidoras e usuarias, desenvolvendo a Lei 2\/2012 galega de protecci\u00f3n xeral das persoas consumidoras e usuarias.<\/p>\n<p><!--more--><\/p>\n<p>&nbsp;<\/p>\n<p>&nbsp;<\/p>\n<p>A portavoz de Comercio, Cristina Romero, sinalou que \u201c\u00e9 o momento de proceder \u00e1 creaci\u00f3n dun \u00f3rgano colexiado de cooperaci\u00f3n con car\u00e1cter permanente, no que se preste especial atenci\u00f3n \u00e1s necesidades daqueles galegos e galegas que se atopen en situaci\u00f3n de vulnerabilidade, como \u00e9 o caso dos beneficiarios do Bono Social, onde debe existir unha implicaci\u00f3n por parte dos servicios sociais das entidades locais\u201d.<\/p>\n<p>&nbsp;<\/p>\n<p><strong>DESENVOLVE O RECOLLIDO NA LEI<\/strong><\/p>\n<p>&nbsp;<\/p>\n<p>Ademais, explicou que con esta iniciativa \u201cse desenvolve o establecido na Lei galega 2\/2012 de protecci\u00f3n xeral \u00e1s persoas consumidoras, que contempla a necesidade de que as administraci\u00f3ns p\u00fablicas, no exercicio das s\u00faas competencias e nos seus respectivos \u00e1mbitos territoriais, promovan e desenvolvan a defensa e protecci\u00f3n das persoas consumidoras e usuarias, actuando nas s\u00faas relaci\u00f3ns de acordo cos principios de coordinaci\u00f3n e cooperaci\u00f3n\u201d.<\/p>\n<p>&nbsp;<\/p>\n<p>En concreto, destacou o labor desenvolvido polo Instituto Galego de Consumo e da Competencia desde a aprobaci\u00f3n desta lei, e a modo de exemplo lembrou que Galicia foi pioneira en habilitar unha soluci\u00f3n gratu\u00edta para os afectados polas participaci\u00f3ns preferentes, se facilitou asesoramento a m\u00e1is de 4.500 persoas sobre as cl\u00e1usulas chan e se prestou asistencia e seguimento a todas as persoas beneficiarias do bono social el\u00e9ctrico.<\/p>\n<p>&nbsp;<\/p>\n<p>Cristina Romero salientou que o Instituto Galego de Consumo e da Competencia tramitou o pasado ano 18.167 reclamaci\u00f3ns dos consumidores, un 3,8 por cento m\u00e1is que o ano anterior; e emitiu 3.479 laudos arbitrais, un 27,9 por cento m\u00e1is que no 2017, dos que un 72 por cento recolleron total ou parcialmente as demandas dos consumidores.<\/p>\n<p>&nbsp;<\/p>\n<p><strong>UN PASO M\u00c1IS<\/strong><\/p>\n<p>&nbsp;<\/p>\n<p>Por parte dos concellos galegos, est\u00e1n a desenvolver acci\u00f3ns e funci\u00f3ns en materia de consumo en favor dos seus veci\u00f1os como \u00f3rgano administrativo m\u00e1is pr\u00f3ximo, \u201cunha actuaci\u00f3n que levan a cabo en coordinaci\u00f3n e cooperaci\u00f3n coa Xunta a trav\u00e9s das oficinas municipais de informaci\u00f3n ao consumidor e diferentes convenios coa Federaci\u00f3n Galega de Municipios e Provincias\u201d, engadiu.<\/p>\n<p>&nbsp;<\/p>\n<p>\u201cValoramos moi positivamente todas estas iniciativas desenvolvidas pola Xunta e os concellos, pero desde o Grupo Popular consideramos axeitado dar un paso m\u00e1is na procura dunha maior unidade de acci\u00f3n entre ambas administraci\u00f3ns p\u00fablicas para garantir a m\u00e1xima efectividade e cobertura \u00e1s persoas consumidoras e usuarias de Galicia\u201d, manifestou Cristina Romero.<\/p>\n","protected":false},"excerpt":{"rendered":"<p>Santiago, 5 de xu\u00f1o de 2019.- O Parlamento de Galicia aprobou hoxe a proposici\u00f3n non de lei do Grupo Popular a trav\u00e9s da que se insta \u00e1 Xunta a crear un \u00f3rgano colexiado de car\u00e1cter consultivo e participativo entre a Administraci\u00f3n Auton\u00f3mica e as entidades locais galegas co obxectivo de procurar a m\u00e1xima coordinaci\u00f3n, cooperaci\u00f3n [&hellip;]<\/p>\n","protected":false},"author":37,"featured_media":0,"comment_status":"open","ping_status":"open","sticky":false,"template":"","format":"standard","meta":{"_acf_changed":false,"footnotes":""},"categories":[1],"tags":[],"class_list":["post-52391","post","type-post","status-publish","format-standard","hentry","category-pp-de-galicia"],"acf":[],"yoast_head":"<!-- This site is optimized with the Yoast SEO plugin v27.3 - https:\/\/yoast.com\/product\/yoast-seo-wordpress\/ -->\n<title>O Parlamento galego demanda a creaci\u00f3n dun \u00f3rgano colexiado que coordine a protecci\u00f3n dos consumidores entre Xunta e concellos - PP de Galicia<\/title>\n<meta name=\"robots\" content=\"index, follow, max-snippet:-1, max-image-preview:large, max-video-preview:-1\" \/>\n<link rel=\"canonical\" href=\"https:\/\/ppdegalicia.com\/es\/o-parlamento-galego-demanda-a-creacion-dun-organo-colexiado-que-coordine-a-proteccion-dos-consumidores-entre-xunta-e-concellos\/\" \/>\n<meta property=\"og:locale\" content=\"es_ES\" \/>\n<meta property=\"og:type\" content=\"article\" \/>\n<meta property=\"og:title\" content=\"O Parlamento galego demanda a creaci\u00f3n dun \u00f3rgano colexiado que coordine a protecci\u00f3n dos consumidores entre Xunta e concellos - PP de Galicia\" \/>\n<meta property=\"og:description\" content=\"Santiago, 5 de xu\u00f1o de 2019.- O Parlamento de Galicia aprobou hoxe a proposici\u00f3n non de lei do Grupo Popular a trav\u00e9s da que se insta \u00e1 Xunta a crear un \u00f3rgano colexiado de car\u00e1cter consultivo e participativo entre a Administraci\u00f3n Auton\u00f3mica e as entidades locais galegas co obxectivo de procurar a m\u00e1xima coordinaci\u00f3n, cooperaci\u00f3n [&hellip;]\" \/>\n<meta property=\"og:url\" content=\"https:\/\/ppdegalicia.com\/es\/o-parlamento-galego-demanda-a-creacion-dun-organo-colexiado-que-coordine-a-proteccion-dos-consumidores-entre-xunta-e-concellos\/\" \/>\n<meta property=\"og:site_name\" content=\"PP de Galicia\" \/>\n<meta property=\"article:publisher\" content=\"https:\/\/www.instagram.com\/ppdegalicia\/\" \/>\n<meta property=\"article:published_time\" content=\"2019-06-05T09:27:39+00:00\" \/>\n<meta name=\"author\" content=\"Super User\" \/>\n<meta name=\"twitter:card\" content=\"summary_large_image\" \/>\n<meta name=\"twitter:creator\" content=\"@ppdegalicia\" \/>\n<meta name=\"twitter:site\" content=\"@ppdegalicia\" \/>\n<meta name=\"twitter:label1\" content=\"Escrito por\" \/>\n\t<meta name=\"twitter:data1\" content=\"Super User\" \/>\n\t<meta name=\"twitter:label2\" content=\"Tiempo de lectura\" \/>\n\t<meta name=\"twitter:data2\" content=\"2 minutos\" \/>\n<script type=\"application\/ld+json\" class=\"yoast-schema-graph\">{\"@context\":\"https:\\\/\\\/schema.org\",\"@graph\":[{\"@type\":\"Article\",\"@id\":\"https:\\\/\\\/ppdegalicia.com\\\/es\\\/o-parlamento-galego-demanda-a-creacion-dun-organo-colexiado-que-coordine-a-proteccion-dos-consumidores-entre-xunta-e-concellos\\\/#article\",\"isPartOf\":{\"@id\":\"https:\\\/\\\/ppdegalicia.com\\\/es\\\/o-parlamento-galego-demanda-a-creacion-dun-organo-colexiado-que-coordine-a-proteccion-dos-consumidores-entre-xunta-e-concellos\\\/\"},\"author\":{\"name\":\"Super User\",\"@id\":\"https:\\\/\\\/ppdegalicia.com\\\/es\\\/#\\\/schema\\\/person\\\/d0f013b8388c980665d44009ab762960\"},\"headline\":\"O Parlamento galego demanda a creaci\u00f3n dun \u00f3rgano colexiado que coordine a protecci\u00f3n dos consumidores entre Xunta e concellos\",\"datePublished\":\"2019-06-05T09:27:39+00:00\",\"mainEntityOfPage\":{\"@id\":\"https:\\\/\\\/ppdegalicia.com\\\/es\\\/o-parlamento-galego-demanda-a-creacion-dun-organo-colexiado-que-coordine-a-proteccion-dos-consumidores-entre-xunta-e-concellos\\\/\"},\"wordCount\":520,\"commentCount\":0,\"publisher\":{\"@id\":\"https:\\\/\\\/ppdegalicia.com\\\/es\\\/#organization\"},\"articleSection\":[\"PP de Galicia\"],\"inLanguage\":\"es\",\"potentialAction\":[{\"@type\":\"CommentAction\",\"name\":\"Comment\",\"target\":[\"https:\\\/\\\/ppdegalicia.com\\\/es\\\/o-parlamento-galego-demanda-a-creacion-dun-organo-colexiado-que-coordine-a-proteccion-dos-consumidores-entre-xunta-e-concellos\\\/#respond\"]}]},{\"@type\":\"WebPage\",\"@id\":\"https:\\\/\\\/ppdegalicia.com\\\/es\\\/o-parlamento-galego-demanda-a-creacion-dun-organo-colexiado-que-coordine-a-proteccion-dos-consumidores-entre-xunta-e-concellos\\\/\",\"url\":\"https:\\\/\\\/ppdegalicia.com\\\/es\\\/o-parlamento-galego-demanda-a-creacion-dun-organo-colexiado-que-coordine-a-proteccion-dos-consumidores-entre-xunta-e-concellos\\\/\",\"name\":\"O Parlamento galego demanda a creaci\u00f3n dun \u00f3rgano colexiado que coordine a protecci\u00f3n dos consumidores entre Xunta e concellos - PP de Galicia\",\"isPartOf\":{\"@id\":\"https:\\\/\\\/ppdegalicia.com\\\/es\\\/#website\"},\"datePublished\":\"2019-06-05T09:27:39+00:00\",\"breadcrumb\":{\"@id\":\"https:\\\/\\\/ppdegalicia.com\\\/es\\\/o-parlamento-galego-demanda-a-creacion-dun-organo-colexiado-que-coordine-a-proteccion-dos-consumidores-entre-xunta-e-concellos\\\/#breadcrumb\"},\"inLanguage\":\"es\",\"potentialAction\":[{\"@type\":\"ReadAction\",\"target\":[\"https:\\\/\\\/ppdegalicia.com\\\/es\\\/o-parlamento-galego-demanda-a-creacion-dun-organo-colexiado-que-coordine-a-proteccion-dos-consumidores-entre-xunta-e-concellos\\\/\"]}]},{\"@type\":\"BreadcrumbList\",\"@id\":\"https:\\\/\\\/ppdegalicia.com\\\/es\\\/o-parlamento-galego-demanda-a-creacion-dun-organo-colexiado-que-coordine-a-proteccion-dos-consumidores-entre-xunta-e-concellos\\\/#breadcrumb\",\"itemListElement\":[{\"@type\":\"ListItem\",\"position\":1,\"name\":\"Portada\",\"item\":\"https:\\\/\\\/ppdegalicia.com\\\/es\\\/\"},{\"@type\":\"ListItem\",\"position\":2,\"name\":\"O Parlamento galego demanda a creaci\u00f3n dun \u00f3rgano colexiado que coordine a protecci\u00f3n dos consumidores entre Xunta e concellos\"}]},{\"@type\":\"WebSite\",\"@id\":\"https:\\\/\\\/ppdegalicia.com\\\/es\\\/#website\",\"url\":\"https:\\\/\\\/ppdegalicia.com\\\/es\\\/\",\"name\":\"Partido Popular de Galicia\",\"description\":\"Partido Popular de Galicia\",\"publisher\":{\"@id\":\"https:\\\/\\\/ppdegalicia.com\\\/es\\\/#organization\"},\"alternateName\":\"PP de Galicia\",\"potentialAction\":[{\"@type\":\"SearchAction\",\"target\":{\"@type\":\"EntryPoint\",\"urlTemplate\":\"https:\\\/\\\/ppdegalicia.com\\\/es\\\/?s={search_term_string}\"},\"query-input\":{\"@type\":\"PropertyValueSpecification\",\"valueRequired\":true,\"valueName\":\"search_term_string\"}}],\"inLanguage\":\"es\"},{\"@type\":\"Organization\",\"@id\":\"https:\\\/\\\/ppdegalicia.com\\\/es\\\/#organization\",\"name\":\"Partido Popular de Galicia\",\"alternateName\":\"PP de Galicia\",\"url\":\"https:\\\/\\\/ppdegalicia.com\\\/es\\\/\",\"logo\":{\"@type\":\"ImageObject\",\"inLanguage\":\"es\",\"@id\":\"https:\\\/\\\/ppdegalicia.com\\\/es\\\/#\\\/schema\\\/logo\\\/image\\\/\",\"url\":\"https:\\\/\\\/ppdegalicia.com\\\/wp-content\\\/uploads\\\/2023\\\/04\\\/logoPP512.png\",\"contentUrl\":\"https:\\\/\\\/ppdegalicia.com\\\/wp-content\\\/uploads\\\/2023\\\/04\\\/logoPP512.png\",\"width\":512,\"height\":512,\"caption\":\"Partido Popular de Galicia\"},\"image\":{\"@id\":\"https:\\\/\\\/ppdegalicia.com\\\/es\\\/#\\\/schema\\\/logo\\\/image\\\/\"},\"sameAs\":[\"https:\\\/\\\/www.instagram.com\\\/ppdegalicia\\\/\",\"https:\\\/\\\/x.com\\\/ppdegalicia\",\"https:\\\/\\\/www.tiktok.com\\\/@ppdegalicia\",\"https:\\\/\\\/www.youtube.com\\\/user\\\/ppdegalicia\"]},{\"@type\":\"Person\",\"@id\":\"https:\\\/\\\/ppdegalicia.com\\\/es\\\/#\\\/schema\\\/person\\\/d0f013b8388c980665d44009ab762960\",\"name\":\"Super User\",\"image\":{\"@type\":\"ImageObject\",\"inLanguage\":\"es\",\"@id\":\"https:\\\/\\\/secure.gravatar.com\\\/avatar\\\/1db852625ef4948f58d2739bfbc51e4b9bd5c93b8fa340b59fdb594ca0845645?s=96&d=mm&r=g\",\"url\":\"https:\\\/\\\/secure.gravatar.com\\\/avatar\\\/1db852625ef4948f58d2739bfbc51e4b9bd5c93b8fa340b59fdb594ca0845645?s=96&d=mm&r=g\",\"contentUrl\":\"https:\\\/\\\/secure.gravatar.com\\\/avatar\\\/1db852625ef4948f58d2739bfbc51e4b9bd5c93b8fa340b59fdb594ca0845645?s=96&d=mm&r=g\",\"caption\":\"Super User\"},\"url\":\"https:\\\/\\\/ppdegalicia.com\\\/es\\\/author\\\/ppdegaliciagestion\\\/\"}]}<\/script>\n<!-- \/ Yoast SEO plugin. -->","yoast_head_json":{"title":"O Parlamento galego demanda a creaci\u00f3n dun \u00f3rgano colexiado que coordine a protecci\u00f3n dos consumidores entre Xunta e concellos - PP de Galicia","robots":{"index":"index","follow":"follow","max-snippet":"max-snippet:-1","max-image-preview":"max-image-preview:large","max-video-preview":"max-video-preview:-1"},"canonical":"https:\/\/ppdegalicia.com\/es\/o-parlamento-galego-demanda-a-creacion-dun-organo-colexiado-que-coordine-a-proteccion-dos-consumidores-entre-xunta-e-concellos\/","og_locale":"es_ES","og_type":"article","og_title":"O Parlamento galego demanda a creaci\u00f3n dun \u00f3rgano colexiado que coordine a protecci\u00f3n dos consumidores entre Xunta e concellos - PP de Galicia","og_description":"Santiago, 5 de xu\u00f1o de 2019.- O Parlamento de Galicia aprobou hoxe a proposici\u00f3n non de lei do Grupo Popular a trav\u00e9s da que se insta \u00e1 Xunta a crear un \u00f3rgano colexiado de car\u00e1cter consultivo e participativo entre a Administraci\u00f3n Auton\u00f3mica e as entidades locais galegas co obxectivo de procurar a m\u00e1xima coordinaci\u00f3n, cooperaci\u00f3n [&hellip;]","og_url":"https:\/\/ppdegalicia.com\/es\/o-parlamento-galego-demanda-a-creacion-dun-organo-colexiado-que-coordine-a-proteccion-dos-consumidores-entre-xunta-e-concellos\/","og_site_name":"PP de Galicia","article_publisher":"https:\/\/www.instagram.com\/ppdegalicia\/","article_published_time":"2019-06-05T09:27:39+00:00","author":"Super User","twitter_card":"summary_large_image","twitter_creator":"@ppdegalicia","twitter_site":"@ppdegalicia","twitter_misc":{"Escrito por":"Super User","Tiempo de lectura":"2 minutos"},"schema":{"@context":"https:\/\/schema.org","@graph":[{"@type":"Article","@id":"https:\/\/ppdegalicia.com\/es\/o-parlamento-galego-demanda-a-creacion-dun-organo-colexiado-que-coordine-a-proteccion-dos-consumidores-entre-xunta-e-concellos\/#article","isPartOf":{"@id":"https:\/\/ppdegalicia.com\/es\/o-parlamento-galego-demanda-a-creacion-dun-organo-colexiado-que-coordine-a-proteccion-dos-consumidores-entre-xunta-e-concellos\/"},"author":{"name":"Super User","@id":"https:\/\/ppdegalicia.com\/es\/#\/schema\/person\/d0f013b8388c980665d44009ab762960"},"headline":"O Parlamento galego demanda a creaci\u00f3n dun \u00f3rgano colexiado que coordine a protecci\u00f3n dos consumidores entre Xunta e concellos","datePublished":"2019-06-05T09:27:39+00:00","mainEntityOfPage":{"@id":"https:\/\/ppdegalicia.com\/es\/o-parlamento-galego-demanda-a-creacion-dun-organo-colexiado-que-coordine-a-proteccion-dos-consumidores-entre-xunta-e-concellos\/"},"wordCount":520,"commentCount":0,"publisher":{"@id":"https:\/\/ppdegalicia.com\/es\/#organization"},"articleSection":["PP de Galicia"],"inLanguage":"es","potentialAction":[{"@type":"CommentAction","name":"Comment","target":["https:\/\/ppdegalicia.com\/es\/o-parlamento-galego-demanda-a-creacion-dun-organo-colexiado-que-coordine-a-proteccion-dos-consumidores-entre-xunta-e-concellos\/#respond"]}]},{"@type":"WebPage","@id":"https:\/\/ppdegalicia.com\/es\/o-parlamento-galego-demanda-a-creacion-dun-organo-colexiado-que-coordine-a-proteccion-dos-consumidores-entre-xunta-e-concellos\/","url":"https:\/\/ppdegalicia.com\/es\/o-parlamento-galego-demanda-a-creacion-dun-organo-colexiado-que-coordine-a-proteccion-dos-consumidores-entre-xunta-e-concellos\/","name":"O Parlamento galego demanda a creaci\u00f3n dun \u00f3rgano colexiado que coordine a protecci\u00f3n dos consumidores entre Xunta e concellos - PP de Galicia","isPartOf":{"@id":"https:\/\/ppdegalicia.com\/es\/#website"},"datePublished":"2019-06-05T09:27:39+00:00","breadcrumb":{"@id":"https:\/\/ppdegalicia.com\/es\/o-parlamento-galego-demanda-a-creacion-dun-organo-colexiado-que-coordine-a-proteccion-dos-consumidores-entre-xunta-e-concellos\/#breadcrumb"},"inLanguage":"es","potentialAction":[{"@type":"ReadAction","target":["https:\/\/ppdegalicia.com\/es\/o-parlamento-galego-demanda-a-creacion-dun-organo-colexiado-que-coordine-a-proteccion-dos-consumidores-entre-xunta-e-concellos\/"]}]},{"@type":"BreadcrumbList","@id":"https:\/\/ppdegalicia.com\/es\/o-parlamento-galego-demanda-a-creacion-dun-organo-colexiado-que-coordine-a-proteccion-dos-consumidores-entre-xunta-e-concellos\/#breadcrumb","itemListElement":[{"@type":"ListItem","position":1,"name":"Portada","item":"https:\/\/ppdegalicia.com\/es\/"},{"@type":"ListItem","position":2,"name":"O Parlamento galego demanda a creaci\u00f3n dun \u00f3rgano colexiado que coordine a protecci\u00f3n dos consumidores entre Xunta e concellos"}]},{"@type":"WebSite","@id":"https:\/\/ppdegalicia.com\/es\/#website","url":"https:\/\/ppdegalicia.com\/es\/","name":"Partido Popular de Galicia","description":"Partido Popular de Galicia","publisher":{"@id":"https:\/\/ppdegalicia.com\/es\/#organization"},"alternateName":"PP de Galicia","potentialAction":[{"@type":"SearchAction","target":{"@type":"EntryPoint","urlTemplate":"https:\/\/ppdegalicia.com\/es\/?s={search_term_string}"},"query-input":{"@type":"PropertyValueSpecification","valueRequired":true,"valueName":"search_term_string"}}],"inLanguage":"es"},{"@type":"Organization","@id":"https:\/\/ppdegalicia.com\/es\/#organization","name":"Partido Popular de Galicia","alternateName":"PP de Galicia","url":"https:\/\/ppdegalicia.com\/es\/","logo":{"@type":"ImageObject","inLanguage":"es","@id":"https:\/\/ppdegalicia.com\/es\/#\/schema\/logo\/image\/","url":"https:\/\/ppdegalicia.com\/wp-content\/uploads\/2023\/04\/logoPP512.png","contentUrl":"https:\/\/ppdegalicia.com\/wp-content\/uploads\/2023\/04\/logoPP512.png","width":512,"height":512,"caption":"Partido Popular de Galicia"},"image":{"@id":"https:\/\/ppdegalicia.com\/es\/#\/schema\/logo\/image\/"},"sameAs":["https:\/\/www.instagram.com\/ppdegalicia\/","https:\/\/x.com\/ppdegalicia","https:\/\/www.tiktok.com\/@ppdegalicia","https:\/\/www.youtube.com\/user\/ppdegalicia"]},{"@type":"Person","@id":"https:\/\/ppdegalicia.com\/es\/#\/schema\/person\/d0f013b8388c980665d44009ab762960","name":"Super User","image":{"@type":"ImageObject","inLanguage":"es","@id":"https:\/\/secure.gravatar.com\/avatar\/1db852625ef4948f58d2739bfbc51e4b9bd5c93b8fa340b59fdb594ca0845645?s=96&d=mm&r=g","url":"https:\/\/secure.gravatar.com\/avatar\/1db852625ef4948f58d2739bfbc51e4b9bd5c93b8fa340b59fdb594ca0845645?s=96&d=mm&r=g","contentUrl":"https:\/\/secure.gravatar.com\/avatar\/1db852625ef4948f58d2739bfbc51e4b9bd5c93b8fa340b59fdb594ca0845645?s=96&d=mm&r=g","caption":"Super User"},"url":"https:\/\/ppdegalicia.com\/es\/author\/ppdegaliciagestion\/"}]}},"_links":{"self":[{"href":"https:\/\/ppdegalicia.com\/es\/wp-json\/wp\/v2\/posts\/52391","targetHints":{"allow":["GET"]}}],"collection":[{"href":"https:\/\/ppdegalicia.com\/es\/wp-json\/wp\/v2\/posts"}],"about":[{"href":"https:\/\/ppdegalicia.com\/es\/wp-json\/wp\/v2\/types\/post"}],"author":[{"embeddable":true,"href":"https:\/\/ppdegalicia.com\/es\/wp-json\/wp\/v2\/users\/37"}],"replies":[{"embeddable":true,"href":"https:\/\/ppdegalicia.com\/es\/wp-json\/wp\/v2\/comments?post=52391"}],"version-history":[{"count":0,"href":"https:\/\/ppdegalicia.com\/es\/wp-json\/wp\/v2\/posts\/52391\/revisions"}],"wp:attachment":[{"href":"https:\/\/ppdegalicia.com\/es\/wp-json\/wp\/v2\/media?parent=52391"}],"wp:term":[{"taxonomy":"category","embeddable":true,"href":"https:\/\/ppdegalicia.com\/es\/wp-json\/wp\/v2\/categories?post=52391"},{"taxonomy":"post_tag","embeddable":true,"href":"https:\/\/ppdegalicia.com\/es\/wp-json\/wp\/v2\/tags?post=52391"}],"curies":[{"name":"wp","href":"https:\/\/api.w.org\/{rel}","templated":true}]}}