{"id":52395,"date":"2019-06-07T09:34:56","date_gmt":"2019-06-07T07:34:56","guid":{"rendered":"https:\/\/ppdegalicia.com\/o-parlamento-galego-insta-a-xunta-a-elaborar-e-remitir-a-camara-nesta-lexislatura-o-plan-de-arquivos\/"},"modified":"2019-06-07T09:34:56","modified_gmt":"2019-06-07T07:34:56","slug":"o-parlamento-galego-insta-a-xunta-a-elaborar-e-remitir-a-camara-nesta-lexislatura-o-plan-de-arquivos","status":"publish","type":"post","link":"https:\/\/ppdegalicia.com\/es\/o-parlamento-galego-insta-a-xunta-a-elaborar-e-remitir-a-camara-nesta-lexislatura-o-plan-de-arquivos\/","title":{"rendered":"O Parlamento galego insta \u00e1 Xunta a elaborar e remitir \u00e1 C\u00e1mara nesta lexislatura o Plan de Arquivos"},"content":{"rendered":"<p>Santiago, 7 de xu\u00f1o de 2019.- O Parlamento de Galicia aprobou hoxe, logo dunha transacci\u00f3n entre o Grupo Popular e o BNG, unha proposici\u00f3n non de lei a trav\u00e9s da que se insta \u00e1 Xunta a remitir a esta C\u00e1mara antes de finalizar a actual lexislatura o Plan de Arquivos, previsto la Lei 7\/214 de arquivos e documentos de Galicia.<\/p>\n<p><!--more--><\/p>\n<p>&nbsp;<\/p>\n<p>&nbsp;<\/p>\n<p>Este plan incorporar\u00e1 a avaliaci\u00f3n das necesidades de persoal e de infraestruturas destas instalaci\u00f3ns en Galicia; a s\u00faa configuraci\u00f3n, organizaci\u00f3n, integraci\u00f3n, servizo e difusi\u00f3n; a incorporaci\u00f3n da perspectiva de x\u00e9nero de maneira transversal; medidas encami\u00f1adas ao uso non sexista da linguaxe; e a planificaci\u00f3n temporal para desenvolver as medidas e os compromisos orzamentarios para implementar todas estas acci\u00f3ns.<\/p>\n<p>&nbsp;<\/p>\n<p>O deputado Carlos G\u00f3mez Salgado lembrou que no d\u00eda de hoxe cel\u00e9brase o D\u00eda Mundial dos Arquivos e subli\u00f1ou que os arquivos de Galicia \u201cson unha instituci\u00f3n imprescindible polo labor que levan a cabo como garantes da conservaci\u00f3n do patrimonio documental e hist\u00f3rico galego, como soporte para a propia actividade administrativa e como recursos de informaci\u00f3n de utilidade para a sociedade\u201d.<\/p>\n<p>&nbsp;<\/p>\n<p><strong>MEDIDAS DE IMPULSO<\/strong><\/p>\n<p>&nbsp;<\/p>\n<p>\u201cA Xunta leva demostrando este compromiso con medidas como o impulso da redacci\u00f3n e aprobaci\u00f3n en 2014 da primeira lei de arquivos de Galicia, e creando dous consellos superiores que desenvolven o previsto nesta Lei: o Consello de Arquivos de Galicia e o Consello de Avaliaci\u00f3n Documental de Galicia\u201d, concretou.<\/p>\n<p>&nbsp;<\/p>\n<p>As\u00ed mesmo, engadiu a creaci\u00f3n en 2010 do Arquivo de Galicia, como cabeceira e centro de referencia do sistema de arquivos de Galicia; e do Arquivo Dixital de Galicia, unha nova estrutura tecnol\u00f3xica e organizativa que da soporte ao modelo de xesti\u00f3n de documentos electr\u00f3nicos.<\/p>\n<p>&nbsp;<\/p>\n<p>Carlos G\u00f3mez indicou que, en cumprimento da Lei de Arquivos e Documentos de Galicia, \u201co Goberno galego xa puxo en marcha a elaboraci\u00f3n do Plan de Arquivos coa creaci\u00f3n dun grupo de traballo encargado de establecer as li\u00f1as de actuaci\u00f3n e as prioridades para incorporar a este documento, que deber\u00e1 ser elaborado e consensuado desde o conxunto da estrutura da Administraci\u00f3n auton\u00f3mica\u201d.<\/p>\n","protected":false},"excerpt":{"rendered":"<p>Santiago, 7 de xu\u00f1o de 2019.- O Parlamento de Galicia aprobou hoxe, logo dunha transacci\u00f3n entre o Grupo Popular e o BNG, unha proposici\u00f3n non de lei a trav\u00e9s da que se insta \u00e1 Xunta a remitir a esta C\u00e1mara antes de finalizar a actual lexislatura o Plan de Arquivos, previsto la Lei 7\/214 de [&hellip;]<\/p>\n","protected":false},"author":37,"featured_media":0,"comment_status":"open","ping_status":"open","sticky":false,"template":"","format":"standard","meta":{"_acf_changed":false,"footnotes":""},"categories":[1],"tags":[],"class_list":["post-52395","post","type-post","status-publish","format-standard","hentry","category-pp-de-galicia"],"acf":[],"yoast_head":"<!-- This site is optimized with the Yoast SEO plugin v27.3 - https:\/\/yoast.com\/product\/yoast-seo-wordpress\/ -->\n<title>O Parlamento galego insta \u00e1 Xunta a elaborar e remitir \u00e1 C\u00e1mara nesta lexislatura o Plan de Arquivos - PP de Galicia<\/title>\n<meta name=\"robots\" content=\"index, follow, max-snippet:-1, max-image-preview:large, max-video-preview:-1\" \/>\n<link rel=\"canonical\" href=\"https:\/\/ppdegalicia.com\/es\/o-parlamento-galego-insta-a-xunta-a-elaborar-e-remitir-a-camara-nesta-lexislatura-o-plan-de-arquivos\/\" \/>\n<meta property=\"og:locale\" content=\"es_ES\" \/>\n<meta property=\"og:type\" content=\"article\" \/>\n<meta property=\"og:title\" content=\"O Parlamento galego insta \u00e1 Xunta a elaborar e remitir \u00e1 C\u00e1mara nesta lexislatura o Plan de Arquivos - PP de Galicia\" \/>\n<meta property=\"og:description\" content=\"Santiago, 7 de xu\u00f1o de 2019.- O Parlamento de Galicia aprobou hoxe, logo dunha transacci\u00f3n entre o Grupo Popular e o BNG, unha proposici\u00f3n non de lei a trav\u00e9s da que se insta \u00e1 Xunta a remitir a esta C\u00e1mara antes de finalizar a actual lexislatura o Plan de Arquivos, previsto la Lei 7\/214 de [&hellip;]\" \/>\n<meta property=\"og:url\" content=\"https:\/\/ppdegalicia.com\/es\/o-parlamento-galego-insta-a-xunta-a-elaborar-e-remitir-a-camara-nesta-lexislatura-o-plan-de-arquivos\/\" \/>\n<meta property=\"og:site_name\" content=\"PP de Galicia\" \/>\n<meta property=\"article:publisher\" content=\"https:\/\/www.instagram.com\/ppdegalicia\/\" \/>\n<meta property=\"article:published_time\" content=\"2019-06-07T07:34:56+00:00\" \/>\n<meta name=\"author\" content=\"Super User\" \/>\n<meta name=\"twitter:card\" content=\"summary_large_image\" \/>\n<meta name=\"twitter:creator\" content=\"@ppdegalicia\" \/>\n<meta name=\"twitter:site\" content=\"@ppdegalicia\" \/>\n<meta name=\"twitter:label1\" content=\"Escrito por\" \/>\n\t<meta name=\"twitter:data1\" content=\"Super User\" \/>\n\t<meta name=\"twitter:label2\" content=\"Tiempo de lectura\" \/>\n\t<meta name=\"twitter:data2\" content=\"2 minutos\" \/>\n<script type=\"application\/ld+json\" class=\"yoast-schema-graph\">{\"@context\":\"https:\\\/\\\/schema.org\",\"@graph\":[{\"@type\":\"Article\",\"@id\":\"https:\\\/\\\/ppdegalicia.com\\\/es\\\/o-parlamento-galego-insta-a-xunta-a-elaborar-e-remitir-a-camara-nesta-lexislatura-o-plan-de-arquivos\\\/#article\",\"isPartOf\":{\"@id\":\"https:\\\/\\\/ppdegalicia.com\\\/es\\\/o-parlamento-galego-insta-a-xunta-a-elaborar-e-remitir-a-camara-nesta-lexislatura-o-plan-de-arquivos\\\/\"},\"author\":{\"name\":\"Super User\",\"@id\":\"https:\\\/\\\/ppdegalicia.com\\\/es\\\/#\\\/schema\\\/person\\\/d0f013b8388c980665d44009ab762960\"},\"headline\":\"O Parlamento galego insta \u00e1 Xunta a elaborar e remitir \u00e1 C\u00e1mara nesta lexislatura o Plan de Arquivos\",\"datePublished\":\"2019-06-07T07:34:56+00:00\",\"mainEntityOfPage\":{\"@id\":\"https:\\\/\\\/ppdegalicia.com\\\/es\\\/o-parlamento-galego-insta-a-xunta-a-elaborar-e-remitir-a-camara-nesta-lexislatura-o-plan-de-arquivos\\\/\"},\"wordCount\":398,\"commentCount\":0,\"publisher\":{\"@id\":\"https:\\\/\\\/ppdegalicia.com\\\/es\\\/#organization\"},\"articleSection\":[\"PP de Galicia\"],\"inLanguage\":\"es\",\"potentialAction\":[{\"@type\":\"CommentAction\",\"name\":\"Comment\",\"target\":[\"https:\\\/\\\/ppdegalicia.com\\\/es\\\/o-parlamento-galego-insta-a-xunta-a-elaborar-e-remitir-a-camara-nesta-lexislatura-o-plan-de-arquivos\\\/#respond\"]}]},{\"@type\":\"WebPage\",\"@id\":\"https:\\\/\\\/ppdegalicia.com\\\/es\\\/o-parlamento-galego-insta-a-xunta-a-elaborar-e-remitir-a-camara-nesta-lexislatura-o-plan-de-arquivos\\\/\",\"url\":\"https:\\\/\\\/ppdegalicia.com\\\/es\\\/o-parlamento-galego-insta-a-xunta-a-elaborar-e-remitir-a-camara-nesta-lexislatura-o-plan-de-arquivos\\\/\",\"name\":\"O Parlamento galego insta \u00e1 Xunta a elaborar e remitir \u00e1 C\u00e1mara nesta lexislatura o Plan de Arquivos - PP de Galicia\",\"isPartOf\":{\"@id\":\"https:\\\/\\\/ppdegalicia.com\\\/es\\\/#website\"},\"datePublished\":\"2019-06-07T07:34:56+00:00\",\"breadcrumb\":{\"@id\":\"https:\\\/\\\/ppdegalicia.com\\\/es\\\/o-parlamento-galego-insta-a-xunta-a-elaborar-e-remitir-a-camara-nesta-lexislatura-o-plan-de-arquivos\\\/#breadcrumb\"},\"inLanguage\":\"es\",\"potentialAction\":[{\"@type\":\"ReadAction\",\"target\":[\"https:\\\/\\\/ppdegalicia.com\\\/es\\\/o-parlamento-galego-insta-a-xunta-a-elaborar-e-remitir-a-camara-nesta-lexislatura-o-plan-de-arquivos\\\/\"]}]},{\"@type\":\"BreadcrumbList\",\"@id\":\"https:\\\/\\\/ppdegalicia.com\\\/es\\\/o-parlamento-galego-insta-a-xunta-a-elaborar-e-remitir-a-camara-nesta-lexislatura-o-plan-de-arquivos\\\/#breadcrumb\",\"itemListElement\":[{\"@type\":\"ListItem\",\"position\":1,\"name\":\"Portada\",\"item\":\"https:\\\/\\\/ppdegalicia.com\\\/es\\\/\"},{\"@type\":\"ListItem\",\"position\":2,\"name\":\"O Parlamento galego insta \u00e1 Xunta a elaborar e remitir \u00e1 C\u00e1mara nesta lexislatura o Plan de Arquivos\"}]},{\"@type\":\"WebSite\",\"@id\":\"https:\\\/\\\/ppdegalicia.com\\\/es\\\/#website\",\"url\":\"https:\\\/\\\/ppdegalicia.com\\\/es\\\/\",\"name\":\"Partido Popular de Galicia\",\"description\":\"Partido Popular de Galicia\",\"publisher\":{\"@id\":\"https:\\\/\\\/ppdegalicia.com\\\/es\\\/#organization\"},\"alternateName\":\"PP de Galicia\",\"potentialAction\":[{\"@type\":\"SearchAction\",\"target\":{\"@type\":\"EntryPoint\",\"urlTemplate\":\"https:\\\/\\\/ppdegalicia.com\\\/es\\\/?s={search_term_string}\"},\"query-input\":{\"@type\":\"PropertyValueSpecification\",\"valueRequired\":true,\"valueName\":\"search_term_string\"}}],\"inLanguage\":\"es\"},{\"@type\":\"Organization\",\"@id\":\"https:\\\/\\\/ppdegalicia.com\\\/es\\\/#organization\",\"name\":\"Partido Popular de Galicia\",\"alternateName\":\"PP de Galicia\",\"url\":\"https:\\\/\\\/ppdegalicia.com\\\/es\\\/\",\"logo\":{\"@type\":\"ImageObject\",\"inLanguage\":\"es\",\"@id\":\"https:\\\/\\\/ppdegalicia.com\\\/es\\\/#\\\/schema\\\/logo\\\/image\\\/\",\"url\":\"https:\\\/\\\/ppdegalicia.com\\\/wp-content\\\/uploads\\\/2023\\\/04\\\/logoPP512.png\",\"contentUrl\":\"https:\\\/\\\/ppdegalicia.com\\\/wp-content\\\/uploads\\\/2023\\\/04\\\/logoPP512.png\",\"width\":512,\"height\":512,\"caption\":\"Partido Popular de Galicia\"},\"image\":{\"@id\":\"https:\\\/\\\/ppdegalicia.com\\\/es\\\/#\\\/schema\\\/logo\\\/image\\\/\"},\"sameAs\":[\"https:\\\/\\\/www.instagram.com\\\/ppdegalicia\\\/\",\"https:\\\/\\\/x.com\\\/ppdegalicia\",\"https:\\\/\\\/www.tiktok.com\\\/@ppdegalicia\",\"https:\\\/\\\/www.youtube.com\\\/user\\\/ppdegalicia\"]},{\"@type\":\"Person\",\"@id\":\"https:\\\/\\\/ppdegalicia.com\\\/es\\\/#\\\/schema\\\/person\\\/d0f013b8388c980665d44009ab762960\",\"name\":\"Super User\",\"image\":{\"@type\":\"ImageObject\",\"inLanguage\":\"es\",\"@id\":\"https:\\\/\\\/secure.gravatar.com\\\/avatar\\\/1db852625ef4948f58d2739bfbc51e4b9bd5c93b8fa340b59fdb594ca0845645?s=96&d=mm&r=g\",\"url\":\"https:\\\/\\\/secure.gravatar.com\\\/avatar\\\/1db852625ef4948f58d2739bfbc51e4b9bd5c93b8fa340b59fdb594ca0845645?s=96&d=mm&r=g\",\"contentUrl\":\"https:\\\/\\\/secure.gravatar.com\\\/avatar\\\/1db852625ef4948f58d2739bfbc51e4b9bd5c93b8fa340b59fdb594ca0845645?s=96&d=mm&r=g\",\"caption\":\"Super User\"},\"url\":\"https:\\\/\\\/ppdegalicia.com\\\/es\\\/author\\\/ppdegaliciagestion\\\/\"}]}<\/script>\n<!-- \/ Yoast SEO plugin. -->","yoast_head_json":{"title":"O Parlamento galego insta \u00e1 Xunta a elaborar e remitir \u00e1 C\u00e1mara nesta lexislatura o Plan de Arquivos - PP de Galicia","robots":{"index":"index","follow":"follow","max-snippet":"max-snippet:-1","max-image-preview":"max-image-preview:large","max-video-preview":"max-video-preview:-1"},"canonical":"https:\/\/ppdegalicia.com\/es\/o-parlamento-galego-insta-a-xunta-a-elaborar-e-remitir-a-camara-nesta-lexislatura-o-plan-de-arquivos\/","og_locale":"es_ES","og_type":"article","og_title":"O Parlamento galego insta \u00e1 Xunta a elaborar e remitir \u00e1 C\u00e1mara nesta lexislatura o Plan de Arquivos - PP de Galicia","og_description":"Santiago, 7 de xu\u00f1o de 2019.- O Parlamento de Galicia aprobou hoxe, logo dunha transacci\u00f3n entre o Grupo Popular e o BNG, unha proposici\u00f3n non de lei a trav\u00e9s da que se insta \u00e1 Xunta a remitir a esta C\u00e1mara antes de finalizar a actual lexislatura o Plan de Arquivos, previsto la Lei 7\/214 de [&hellip;]","og_url":"https:\/\/ppdegalicia.com\/es\/o-parlamento-galego-insta-a-xunta-a-elaborar-e-remitir-a-camara-nesta-lexislatura-o-plan-de-arquivos\/","og_site_name":"PP de Galicia","article_publisher":"https:\/\/www.instagram.com\/ppdegalicia\/","article_published_time":"2019-06-07T07:34:56+00:00","author":"Super User","twitter_card":"summary_large_image","twitter_creator":"@ppdegalicia","twitter_site":"@ppdegalicia","twitter_misc":{"Escrito por":"Super User","Tiempo de lectura":"2 minutos"},"schema":{"@context":"https:\/\/schema.org","@graph":[{"@type":"Article","@id":"https:\/\/ppdegalicia.com\/es\/o-parlamento-galego-insta-a-xunta-a-elaborar-e-remitir-a-camara-nesta-lexislatura-o-plan-de-arquivos\/#article","isPartOf":{"@id":"https:\/\/ppdegalicia.com\/es\/o-parlamento-galego-insta-a-xunta-a-elaborar-e-remitir-a-camara-nesta-lexislatura-o-plan-de-arquivos\/"},"author":{"name":"Super User","@id":"https:\/\/ppdegalicia.com\/es\/#\/schema\/person\/d0f013b8388c980665d44009ab762960"},"headline":"O Parlamento galego insta \u00e1 Xunta a elaborar e remitir \u00e1 C\u00e1mara nesta lexislatura o Plan de Arquivos","datePublished":"2019-06-07T07:34:56+00:00","mainEntityOfPage":{"@id":"https:\/\/ppdegalicia.com\/es\/o-parlamento-galego-insta-a-xunta-a-elaborar-e-remitir-a-camara-nesta-lexislatura-o-plan-de-arquivos\/"},"wordCount":398,"commentCount":0,"publisher":{"@id":"https:\/\/ppdegalicia.com\/es\/#organization"},"articleSection":["PP de Galicia"],"inLanguage":"es","potentialAction":[{"@type":"CommentAction","name":"Comment","target":["https:\/\/ppdegalicia.com\/es\/o-parlamento-galego-insta-a-xunta-a-elaborar-e-remitir-a-camara-nesta-lexislatura-o-plan-de-arquivos\/#respond"]}]},{"@type":"WebPage","@id":"https:\/\/ppdegalicia.com\/es\/o-parlamento-galego-insta-a-xunta-a-elaborar-e-remitir-a-camara-nesta-lexislatura-o-plan-de-arquivos\/","url":"https:\/\/ppdegalicia.com\/es\/o-parlamento-galego-insta-a-xunta-a-elaborar-e-remitir-a-camara-nesta-lexislatura-o-plan-de-arquivos\/","name":"O Parlamento galego insta \u00e1 Xunta a elaborar e remitir \u00e1 C\u00e1mara nesta lexislatura o Plan de Arquivos - PP de Galicia","isPartOf":{"@id":"https:\/\/ppdegalicia.com\/es\/#website"},"datePublished":"2019-06-07T07:34:56+00:00","breadcrumb":{"@id":"https:\/\/ppdegalicia.com\/es\/o-parlamento-galego-insta-a-xunta-a-elaborar-e-remitir-a-camara-nesta-lexislatura-o-plan-de-arquivos\/#breadcrumb"},"inLanguage":"es","potentialAction":[{"@type":"ReadAction","target":["https:\/\/ppdegalicia.com\/es\/o-parlamento-galego-insta-a-xunta-a-elaborar-e-remitir-a-camara-nesta-lexislatura-o-plan-de-arquivos\/"]}]},{"@type":"BreadcrumbList","@id":"https:\/\/ppdegalicia.com\/es\/o-parlamento-galego-insta-a-xunta-a-elaborar-e-remitir-a-camara-nesta-lexislatura-o-plan-de-arquivos\/#breadcrumb","itemListElement":[{"@type":"ListItem","position":1,"name":"Portada","item":"https:\/\/ppdegalicia.com\/es\/"},{"@type":"ListItem","position":2,"name":"O Parlamento galego insta \u00e1 Xunta a elaborar e remitir \u00e1 C\u00e1mara nesta lexislatura o Plan de Arquivos"}]},{"@type":"WebSite","@id":"https:\/\/ppdegalicia.com\/es\/#website","url":"https:\/\/ppdegalicia.com\/es\/","name":"Partido Popular de Galicia","description":"Partido Popular de Galicia","publisher":{"@id":"https:\/\/ppdegalicia.com\/es\/#organization"},"alternateName":"PP de Galicia","potentialAction":[{"@type":"SearchAction","target":{"@type":"EntryPoint","urlTemplate":"https:\/\/ppdegalicia.com\/es\/?s={search_term_string}"},"query-input":{"@type":"PropertyValueSpecification","valueRequired":true,"valueName":"search_term_string"}}],"inLanguage":"es"},{"@type":"Organization","@id":"https:\/\/ppdegalicia.com\/es\/#organization","name":"Partido Popular de Galicia","alternateName":"PP de Galicia","url":"https:\/\/ppdegalicia.com\/es\/","logo":{"@type":"ImageObject","inLanguage":"es","@id":"https:\/\/ppdegalicia.com\/es\/#\/schema\/logo\/image\/","url":"https:\/\/ppdegalicia.com\/wp-content\/uploads\/2023\/04\/logoPP512.png","contentUrl":"https:\/\/ppdegalicia.com\/wp-content\/uploads\/2023\/04\/logoPP512.png","width":512,"height":512,"caption":"Partido Popular de Galicia"},"image":{"@id":"https:\/\/ppdegalicia.com\/es\/#\/schema\/logo\/image\/"},"sameAs":["https:\/\/www.instagram.com\/ppdegalicia\/","https:\/\/x.com\/ppdegalicia","https:\/\/www.tiktok.com\/@ppdegalicia","https:\/\/www.youtube.com\/user\/ppdegalicia"]},{"@type":"Person","@id":"https:\/\/ppdegalicia.com\/es\/#\/schema\/person\/d0f013b8388c980665d44009ab762960","name":"Super User","image":{"@type":"ImageObject","inLanguage":"es","@id":"https:\/\/secure.gravatar.com\/avatar\/1db852625ef4948f58d2739bfbc51e4b9bd5c93b8fa340b59fdb594ca0845645?s=96&d=mm&r=g","url":"https:\/\/secure.gravatar.com\/avatar\/1db852625ef4948f58d2739bfbc51e4b9bd5c93b8fa340b59fdb594ca0845645?s=96&d=mm&r=g","contentUrl":"https:\/\/secure.gravatar.com\/avatar\/1db852625ef4948f58d2739bfbc51e4b9bd5c93b8fa340b59fdb594ca0845645?s=96&d=mm&r=g","caption":"Super User"},"url":"https:\/\/ppdegalicia.com\/es\/author\/ppdegaliciagestion\/"}]}},"_links":{"self":[{"href":"https:\/\/ppdegalicia.com\/es\/wp-json\/wp\/v2\/posts\/52395","targetHints":{"allow":["GET"]}}],"collection":[{"href":"https:\/\/ppdegalicia.com\/es\/wp-json\/wp\/v2\/posts"}],"about":[{"href":"https:\/\/ppdegalicia.com\/es\/wp-json\/wp\/v2\/types\/post"}],"author":[{"embeddable":true,"href":"https:\/\/ppdegalicia.com\/es\/wp-json\/wp\/v2\/users\/37"}],"replies":[{"embeddable":true,"href":"https:\/\/ppdegalicia.com\/es\/wp-json\/wp\/v2\/comments?post=52395"}],"version-history":[{"count":0,"href":"https:\/\/ppdegalicia.com\/es\/wp-json\/wp\/v2\/posts\/52395\/revisions"}],"wp:attachment":[{"href":"https:\/\/ppdegalicia.com\/es\/wp-json\/wp\/v2\/media?parent=52395"}],"wp:term":[{"taxonomy":"category","embeddable":true,"href":"https:\/\/ppdegalicia.com\/es\/wp-json\/wp\/v2\/categories?post=52395"},{"taxonomy":"post_tag","embeddable":true,"href":"https:\/\/ppdegalicia.com\/es\/wp-json\/wp\/v2\/tags?post=52395"}],"curies":[{"name":"wp","href":"https:\/\/api.w.org\/{rel}","templated":true}]}}