{"id":52402,"date":"2019-06-11T15:55:20","date_gmt":"2019-06-11T13:55:20","guid":{"rendered":"https:\/\/ppdegalicia.com\/o-grupo-popular-demanda-maxima-prudencia-sobre-a-situacion-de-isowat-en-a-coruna-ata-que-se-poida-avanzar-nunha-solucion-definitiva\/"},"modified":"2019-06-11T15:55:20","modified_gmt":"2019-06-11T13:55:20","slug":"o-grupo-popular-demanda-maxima-prudencia-sobre-a-situacion-de-isowat-en-a-coruna-ata-que-se-poida-avanzar-nunha-solucion-definitiva","status":"publish","type":"post","link":"https:\/\/ppdegalicia.com\/es\/o-grupo-popular-demanda-maxima-prudencia-sobre-a-situacion-de-isowat-en-a-coruna-ata-que-se-poida-avanzar-nunha-solucion-definitiva\/","title":{"rendered":"O Grupo Popular demanda \u201cm\u00e1xima prudencia\u201d sobre a situaci\u00f3n de Isowat en a Coru\u00f1a ata que se poida avanzar nunha soluci\u00f3n definitiva"},"content":{"rendered":"<p>Santiago, 11 de xu\u00f1o de 2019.- A portavoz de Enerx\u00eda do Grupo Popular, Marta N\u00f3voa, demandou hoxe no Pleno \u201cm\u00e1xima prudencia\u201d respecto da situaci\u00f3n que est\u00e1 a pasar a empresa Isowat Made de A Coru\u00f1a, \u201cporque o que se precisa neste momento \u00e9 actuar con m\u00e1xima responsabilidade ata que se poida avanzar unha soluci\u00f3n definitiva\u201d.<\/p>\n<p><!--more--><\/p>\n<p>&nbsp;<\/p>\n<p>\u201cA Xunta mant\u00e9n un contacto permanente co comit\u00e9 de empresa de Isowat Made, polo que os traballadores saben desde o primeiro momento que est\u00e1 fora de toda d\u00fabida o compromiso deste Goberno galego de apoiar calquera proxecto que poida supo\u00f1er o mantemento da actividade\u201d, asegurou.<\/p>\n<p>&nbsp;<\/p>\n<p>Marta N\u00f3voa lembrou que \u201chai uns meses xa chegamos no Parlamento galego a un acordo un\u00e1nime, que sigue plenamente vixente e no que o Goberno galego est\u00e1 traballando\u201d. \u201cNos gustar\u00eda que a soluci\u00f3n para esta empresa tivera chegado xa, pero as ofertas recibidas non foron suficientes para cumprir os obxectivos fixados\u201d, indicou.<\/p>\n<p>&nbsp;<\/p>\n<p>Na s\u00faa intervenci\u00f3n, a portavoz popular saudou que no d\u00eda de onte, cando remataban os tres meses do expediente de regulaci\u00f3n temporal de emprego, \u201cco\u00f1ec\u00edamos que existe un potencial comprador, un empresario espa\u00f1ol do sector industrial, interesado en comprar todo: o inmoble e a unidade produtiva\u201d. \u201cAgardamos que se consiga, para que os case 70 traballadores de Isowat poidan recuperar o seu traballo e incluso a mesma actividade na que estaban\u201d, apuntou.<\/p>\n<p>&nbsp;<\/p>\n<p><strong>TODOS OS EMPREGOS VALEN O MESMO<\/strong><\/p>\n<p>&nbsp;<\/p>\n<p>Na s\u00faa intervenci\u00f3n, N\u00f3voa demandou aos grupos da oposici\u00f3n \u201ca mesma responsabilidade e solidariedade que amosan cos traballadores de Isowat con todos e cada dos traballadores afectados polas decisi\u00f3ns adoptadas polo Goberno socialista respecto a Ence, Alcoa ou as centrais t\u00e9rmicas galegas\u201d. \u201cPara o Goberno galego e o PPdeG todos os empregos valen o mesmo, polo que defendemos a todos os traballadores por igual\u201d, asegurou.<\/p>\n<p>&nbsp;<\/p>\n<p>Ademais, criticou que \u201cen nove meses de goberno socialista puxeron en risco a centos de traballadores da industria electrointensiva e do sector enerx\u00e9tico galego, co seu anuncio de peche anticipado de centrais e coa s\u00faa total inacci\u00f3n ante o posible peche de Alcoa; a milleiros de traballadores directos e indirectos de Ence; e a centos de traballadores do sector da automoci\u00f3n, co anuncio irresponsable da fin do di\u00e9sel\u201d.<\/p>\n<p>&nbsp;<\/p>\n<p>\u201cVostedes, se\u00f1ores de En Marea e do BNG, son c\u00f3mplices de todo este desprop\u00f3sito na industria de Galicia, porque, por unha banda, contin\u00faan a pedir cadeiras no Goberno de Pedro Sanchez e, pola outra, van a sentarse xuntos en todos os gobernos municipais onde poidan, co \u00fanico fin de desbancar ao PP que ga\u00f1ou en moitos deses concellos\u201d, explicou.<\/p>\n","protected":false},"excerpt":{"rendered":"<p>Santiago, 11 de xu\u00f1o de 2019.- A portavoz de Enerx\u00eda do Grupo Popular, Marta N\u00f3voa, demandou hoxe no Pleno \u201cm\u00e1xima prudencia\u201d respecto da situaci\u00f3n que est\u00e1 a pasar a empresa Isowat Made de A Coru\u00f1a, \u201cporque o que se precisa neste momento \u00e9 actuar con m\u00e1xima responsabilidade ata que se poida avanzar unha soluci\u00f3n definitiva\u201d.<\/p>\n","protected":false},"author":37,"featured_media":0,"comment_status":"open","ping_status":"open","sticky":false,"template":"","format":"standard","meta":{"_acf_changed":false,"footnotes":""},"categories":[1],"tags":[],"class_list":["post-52402","post","type-post","status-publish","format-standard","hentry","category-pp-de-galicia"],"acf":[],"yoast_head":"<!-- This site is optimized with the Yoast SEO plugin v27.3 - https:\/\/yoast.com\/product\/yoast-seo-wordpress\/ -->\n<title>O Grupo Popular demanda \u201cm\u00e1xima prudencia\u201d sobre a situaci\u00f3n de Isowat en a Coru\u00f1a ata que se poida avanzar nunha soluci\u00f3n definitiva - PP de Galicia<\/title>\n<meta name=\"robots\" content=\"index, follow, max-snippet:-1, max-image-preview:large, max-video-preview:-1\" \/>\n<link rel=\"canonical\" href=\"https:\/\/ppdegalicia.com\/es\/o-grupo-popular-demanda-maxima-prudencia-sobre-a-situacion-de-isowat-en-a-coruna-ata-que-se-poida-avanzar-nunha-solucion-definitiva\/\" \/>\n<meta property=\"og:locale\" content=\"es_ES\" \/>\n<meta property=\"og:type\" content=\"article\" \/>\n<meta property=\"og:title\" content=\"O Grupo Popular demanda \u201cm\u00e1xima prudencia\u201d sobre a situaci\u00f3n de Isowat en a Coru\u00f1a ata que se poida avanzar nunha soluci\u00f3n definitiva - PP de Galicia\" \/>\n<meta property=\"og:description\" content=\"Santiago, 11 de xu\u00f1o de 2019.- A portavoz de Enerx\u00eda do Grupo Popular, Marta N\u00f3voa, demandou hoxe no Pleno \u201cm\u00e1xima prudencia\u201d respecto da situaci\u00f3n que est\u00e1 a pasar a empresa Isowat Made de A Coru\u00f1a, \u201cporque o que se precisa neste momento \u00e9 actuar con m\u00e1xima responsabilidade ata que se poida avanzar unha soluci\u00f3n definitiva\u201d.\" \/>\n<meta property=\"og:url\" content=\"https:\/\/ppdegalicia.com\/es\/o-grupo-popular-demanda-maxima-prudencia-sobre-a-situacion-de-isowat-en-a-coruna-ata-que-se-poida-avanzar-nunha-solucion-definitiva\/\" \/>\n<meta property=\"og:site_name\" content=\"PP de Galicia\" \/>\n<meta property=\"article:publisher\" content=\"https:\/\/www.instagram.com\/ppdegalicia\/\" \/>\n<meta property=\"article:published_time\" content=\"2019-06-11T13:55:20+00:00\" \/>\n<meta name=\"author\" content=\"Super User\" \/>\n<meta name=\"twitter:card\" content=\"summary_large_image\" \/>\n<meta name=\"twitter:creator\" content=\"@ppdegalicia\" \/>\n<meta name=\"twitter:site\" content=\"@ppdegalicia\" \/>\n<meta name=\"twitter:label1\" content=\"Escrito por\" \/>\n\t<meta name=\"twitter:data1\" content=\"Super User\" \/>\n\t<meta name=\"twitter:label2\" content=\"Tiempo de lectura\" \/>\n\t<meta name=\"twitter:data2\" content=\"2 minutos\" \/>\n<script type=\"application\/ld+json\" class=\"yoast-schema-graph\">{\"@context\":\"https:\\\/\\\/schema.org\",\"@graph\":[{\"@type\":\"Article\",\"@id\":\"https:\\\/\\\/ppdegalicia.com\\\/es\\\/o-grupo-popular-demanda-maxima-prudencia-sobre-a-situacion-de-isowat-en-a-coruna-ata-que-se-poida-avanzar-nunha-solucion-definitiva\\\/#article\",\"isPartOf\":{\"@id\":\"https:\\\/\\\/ppdegalicia.com\\\/es\\\/o-grupo-popular-demanda-maxima-prudencia-sobre-a-situacion-de-isowat-en-a-coruna-ata-que-se-poida-avanzar-nunha-solucion-definitiva\\\/\"},\"author\":{\"name\":\"Super User\",\"@id\":\"https:\\\/\\\/ppdegalicia.com\\\/es\\\/#\\\/schema\\\/person\\\/d0f013b8388c980665d44009ab762960\"},\"headline\":\"O Grupo Popular demanda \u201cm\u00e1xima prudencia\u201d sobre a situaci\u00f3n de Isowat en a Coru\u00f1a ata que se poida avanzar nunha soluci\u00f3n definitiva\",\"datePublished\":\"2019-06-11T13:55:20+00:00\",\"mainEntityOfPage\":{\"@id\":\"https:\\\/\\\/ppdegalicia.com\\\/es\\\/o-grupo-popular-demanda-maxima-prudencia-sobre-a-situacion-de-isowat-en-a-coruna-ata-que-se-poida-avanzar-nunha-solucion-definitiva\\\/\"},\"wordCount\":490,\"commentCount\":0,\"publisher\":{\"@id\":\"https:\\\/\\\/ppdegalicia.com\\\/es\\\/#organization\"},\"articleSection\":[\"PP de Galicia\"],\"inLanguage\":\"es\",\"potentialAction\":[{\"@type\":\"CommentAction\",\"name\":\"Comment\",\"target\":[\"https:\\\/\\\/ppdegalicia.com\\\/es\\\/o-grupo-popular-demanda-maxima-prudencia-sobre-a-situacion-de-isowat-en-a-coruna-ata-que-se-poida-avanzar-nunha-solucion-definitiva\\\/#respond\"]}]},{\"@type\":\"WebPage\",\"@id\":\"https:\\\/\\\/ppdegalicia.com\\\/es\\\/o-grupo-popular-demanda-maxima-prudencia-sobre-a-situacion-de-isowat-en-a-coruna-ata-que-se-poida-avanzar-nunha-solucion-definitiva\\\/\",\"url\":\"https:\\\/\\\/ppdegalicia.com\\\/es\\\/o-grupo-popular-demanda-maxima-prudencia-sobre-a-situacion-de-isowat-en-a-coruna-ata-que-se-poida-avanzar-nunha-solucion-definitiva\\\/\",\"name\":\"O Grupo Popular demanda \u201cm\u00e1xima prudencia\u201d sobre a situaci\u00f3n de Isowat en a Coru\u00f1a ata que se poida avanzar nunha soluci\u00f3n definitiva - PP de Galicia\",\"isPartOf\":{\"@id\":\"https:\\\/\\\/ppdegalicia.com\\\/es\\\/#website\"},\"datePublished\":\"2019-06-11T13:55:20+00:00\",\"breadcrumb\":{\"@id\":\"https:\\\/\\\/ppdegalicia.com\\\/es\\\/o-grupo-popular-demanda-maxima-prudencia-sobre-a-situacion-de-isowat-en-a-coruna-ata-que-se-poida-avanzar-nunha-solucion-definitiva\\\/#breadcrumb\"},\"inLanguage\":\"es\",\"potentialAction\":[{\"@type\":\"ReadAction\",\"target\":[\"https:\\\/\\\/ppdegalicia.com\\\/es\\\/o-grupo-popular-demanda-maxima-prudencia-sobre-a-situacion-de-isowat-en-a-coruna-ata-que-se-poida-avanzar-nunha-solucion-definitiva\\\/\"]}]},{\"@type\":\"BreadcrumbList\",\"@id\":\"https:\\\/\\\/ppdegalicia.com\\\/es\\\/o-grupo-popular-demanda-maxima-prudencia-sobre-a-situacion-de-isowat-en-a-coruna-ata-que-se-poida-avanzar-nunha-solucion-definitiva\\\/#breadcrumb\",\"itemListElement\":[{\"@type\":\"ListItem\",\"position\":1,\"name\":\"Portada\",\"item\":\"https:\\\/\\\/ppdegalicia.com\\\/es\\\/\"},{\"@type\":\"ListItem\",\"position\":2,\"name\":\"O Grupo Popular demanda \u201cm\u00e1xima prudencia\u201d sobre a situaci\u00f3n de Isowat en a Coru\u00f1a ata que se poida avanzar nunha soluci\u00f3n definitiva\"}]},{\"@type\":\"WebSite\",\"@id\":\"https:\\\/\\\/ppdegalicia.com\\\/es\\\/#website\",\"url\":\"https:\\\/\\\/ppdegalicia.com\\\/es\\\/\",\"name\":\"Partido Popular de Galicia\",\"description\":\"Partido Popular de Galicia\",\"publisher\":{\"@id\":\"https:\\\/\\\/ppdegalicia.com\\\/es\\\/#organization\"},\"alternateName\":\"PP de Galicia\",\"potentialAction\":[{\"@type\":\"SearchAction\",\"target\":{\"@type\":\"EntryPoint\",\"urlTemplate\":\"https:\\\/\\\/ppdegalicia.com\\\/es\\\/?s={search_term_string}\"},\"query-input\":{\"@type\":\"PropertyValueSpecification\",\"valueRequired\":true,\"valueName\":\"search_term_string\"}}],\"inLanguage\":\"es\"},{\"@type\":\"Organization\",\"@id\":\"https:\\\/\\\/ppdegalicia.com\\\/es\\\/#organization\",\"name\":\"Partido Popular de Galicia\",\"alternateName\":\"PP de Galicia\",\"url\":\"https:\\\/\\\/ppdegalicia.com\\\/es\\\/\",\"logo\":{\"@type\":\"ImageObject\",\"inLanguage\":\"es\",\"@id\":\"https:\\\/\\\/ppdegalicia.com\\\/es\\\/#\\\/schema\\\/logo\\\/image\\\/\",\"url\":\"https:\\\/\\\/ppdegalicia.com\\\/wp-content\\\/uploads\\\/2023\\\/04\\\/logoPP512.png\",\"contentUrl\":\"https:\\\/\\\/ppdegalicia.com\\\/wp-content\\\/uploads\\\/2023\\\/04\\\/logoPP512.png\",\"width\":512,\"height\":512,\"caption\":\"Partido Popular de Galicia\"},\"image\":{\"@id\":\"https:\\\/\\\/ppdegalicia.com\\\/es\\\/#\\\/schema\\\/logo\\\/image\\\/\"},\"sameAs\":[\"https:\\\/\\\/www.instagram.com\\\/ppdegalicia\\\/\",\"https:\\\/\\\/x.com\\\/ppdegalicia\",\"https:\\\/\\\/www.tiktok.com\\\/@ppdegalicia\",\"https:\\\/\\\/www.youtube.com\\\/user\\\/ppdegalicia\"]},{\"@type\":\"Person\",\"@id\":\"https:\\\/\\\/ppdegalicia.com\\\/es\\\/#\\\/schema\\\/person\\\/d0f013b8388c980665d44009ab762960\",\"name\":\"Super User\",\"image\":{\"@type\":\"ImageObject\",\"inLanguage\":\"es\",\"@id\":\"https:\\\/\\\/secure.gravatar.com\\\/avatar\\\/1db852625ef4948f58d2739bfbc51e4b9bd5c93b8fa340b59fdb594ca0845645?s=96&d=mm&r=g\",\"url\":\"https:\\\/\\\/secure.gravatar.com\\\/avatar\\\/1db852625ef4948f58d2739bfbc51e4b9bd5c93b8fa340b59fdb594ca0845645?s=96&d=mm&r=g\",\"contentUrl\":\"https:\\\/\\\/secure.gravatar.com\\\/avatar\\\/1db852625ef4948f58d2739bfbc51e4b9bd5c93b8fa340b59fdb594ca0845645?s=96&d=mm&r=g\",\"caption\":\"Super User\"},\"url\":\"https:\\\/\\\/ppdegalicia.com\\\/es\\\/author\\\/ppdegaliciagestion\\\/\"}]}<\/script>\n<!-- \/ Yoast SEO plugin. -->","yoast_head_json":{"title":"O Grupo Popular demanda \u201cm\u00e1xima prudencia\u201d sobre a situaci\u00f3n de Isowat en a Coru\u00f1a ata que se poida avanzar nunha soluci\u00f3n definitiva - PP de Galicia","robots":{"index":"index","follow":"follow","max-snippet":"max-snippet:-1","max-image-preview":"max-image-preview:large","max-video-preview":"max-video-preview:-1"},"canonical":"https:\/\/ppdegalicia.com\/es\/o-grupo-popular-demanda-maxima-prudencia-sobre-a-situacion-de-isowat-en-a-coruna-ata-que-se-poida-avanzar-nunha-solucion-definitiva\/","og_locale":"es_ES","og_type":"article","og_title":"O Grupo Popular demanda \u201cm\u00e1xima prudencia\u201d sobre a situaci\u00f3n de Isowat en a Coru\u00f1a ata que se poida avanzar nunha soluci\u00f3n definitiva - PP de Galicia","og_description":"Santiago, 11 de xu\u00f1o de 2019.- A portavoz de Enerx\u00eda do Grupo Popular, Marta N\u00f3voa, demandou hoxe no Pleno \u201cm\u00e1xima prudencia\u201d respecto da situaci\u00f3n que est\u00e1 a pasar a empresa Isowat Made de A Coru\u00f1a, \u201cporque o que se precisa neste momento \u00e9 actuar con m\u00e1xima responsabilidade ata que se poida avanzar unha soluci\u00f3n definitiva\u201d.","og_url":"https:\/\/ppdegalicia.com\/es\/o-grupo-popular-demanda-maxima-prudencia-sobre-a-situacion-de-isowat-en-a-coruna-ata-que-se-poida-avanzar-nunha-solucion-definitiva\/","og_site_name":"PP de Galicia","article_publisher":"https:\/\/www.instagram.com\/ppdegalicia\/","article_published_time":"2019-06-11T13:55:20+00:00","author":"Super User","twitter_card":"summary_large_image","twitter_creator":"@ppdegalicia","twitter_site":"@ppdegalicia","twitter_misc":{"Escrito por":"Super User","Tiempo de lectura":"2 minutos"},"schema":{"@context":"https:\/\/schema.org","@graph":[{"@type":"Article","@id":"https:\/\/ppdegalicia.com\/es\/o-grupo-popular-demanda-maxima-prudencia-sobre-a-situacion-de-isowat-en-a-coruna-ata-que-se-poida-avanzar-nunha-solucion-definitiva\/#article","isPartOf":{"@id":"https:\/\/ppdegalicia.com\/es\/o-grupo-popular-demanda-maxima-prudencia-sobre-a-situacion-de-isowat-en-a-coruna-ata-que-se-poida-avanzar-nunha-solucion-definitiva\/"},"author":{"name":"Super User","@id":"https:\/\/ppdegalicia.com\/es\/#\/schema\/person\/d0f013b8388c980665d44009ab762960"},"headline":"O Grupo Popular demanda \u201cm\u00e1xima prudencia\u201d sobre a situaci\u00f3n de Isowat en a Coru\u00f1a ata que se poida avanzar nunha soluci\u00f3n definitiva","datePublished":"2019-06-11T13:55:20+00:00","mainEntityOfPage":{"@id":"https:\/\/ppdegalicia.com\/es\/o-grupo-popular-demanda-maxima-prudencia-sobre-a-situacion-de-isowat-en-a-coruna-ata-que-se-poida-avanzar-nunha-solucion-definitiva\/"},"wordCount":490,"commentCount":0,"publisher":{"@id":"https:\/\/ppdegalicia.com\/es\/#organization"},"articleSection":["PP de Galicia"],"inLanguage":"es","potentialAction":[{"@type":"CommentAction","name":"Comment","target":["https:\/\/ppdegalicia.com\/es\/o-grupo-popular-demanda-maxima-prudencia-sobre-a-situacion-de-isowat-en-a-coruna-ata-que-se-poida-avanzar-nunha-solucion-definitiva\/#respond"]}]},{"@type":"WebPage","@id":"https:\/\/ppdegalicia.com\/es\/o-grupo-popular-demanda-maxima-prudencia-sobre-a-situacion-de-isowat-en-a-coruna-ata-que-se-poida-avanzar-nunha-solucion-definitiva\/","url":"https:\/\/ppdegalicia.com\/es\/o-grupo-popular-demanda-maxima-prudencia-sobre-a-situacion-de-isowat-en-a-coruna-ata-que-se-poida-avanzar-nunha-solucion-definitiva\/","name":"O Grupo Popular demanda \u201cm\u00e1xima prudencia\u201d sobre a situaci\u00f3n de Isowat en a Coru\u00f1a ata que se poida avanzar nunha soluci\u00f3n definitiva - PP de Galicia","isPartOf":{"@id":"https:\/\/ppdegalicia.com\/es\/#website"},"datePublished":"2019-06-11T13:55:20+00:00","breadcrumb":{"@id":"https:\/\/ppdegalicia.com\/es\/o-grupo-popular-demanda-maxima-prudencia-sobre-a-situacion-de-isowat-en-a-coruna-ata-que-se-poida-avanzar-nunha-solucion-definitiva\/#breadcrumb"},"inLanguage":"es","potentialAction":[{"@type":"ReadAction","target":["https:\/\/ppdegalicia.com\/es\/o-grupo-popular-demanda-maxima-prudencia-sobre-a-situacion-de-isowat-en-a-coruna-ata-que-se-poida-avanzar-nunha-solucion-definitiva\/"]}]},{"@type":"BreadcrumbList","@id":"https:\/\/ppdegalicia.com\/es\/o-grupo-popular-demanda-maxima-prudencia-sobre-a-situacion-de-isowat-en-a-coruna-ata-que-se-poida-avanzar-nunha-solucion-definitiva\/#breadcrumb","itemListElement":[{"@type":"ListItem","position":1,"name":"Portada","item":"https:\/\/ppdegalicia.com\/es\/"},{"@type":"ListItem","position":2,"name":"O Grupo Popular demanda \u201cm\u00e1xima prudencia\u201d sobre a situaci\u00f3n de Isowat en a Coru\u00f1a ata que se poida avanzar nunha soluci\u00f3n definitiva"}]},{"@type":"WebSite","@id":"https:\/\/ppdegalicia.com\/es\/#website","url":"https:\/\/ppdegalicia.com\/es\/","name":"Partido Popular de Galicia","description":"Partido Popular de Galicia","publisher":{"@id":"https:\/\/ppdegalicia.com\/es\/#organization"},"alternateName":"PP de Galicia","potentialAction":[{"@type":"SearchAction","target":{"@type":"EntryPoint","urlTemplate":"https:\/\/ppdegalicia.com\/es\/?s={search_term_string}"},"query-input":{"@type":"PropertyValueSpecification","valueRequired":true,"valueName":"search_term_string"}}],"inLanguage":"es"},{"@type":"Organization","@id":"https:\/\/ppdegalicia.com\/es\/#organization","name":"Partido Popular de Galicia","alternateName":"PP de Galicia","url":"https:\/\/ppdegalicia.com\/es\/","logo":{"@type":"ImageObject","inLanguage":"es","@id":"https:\/\/ppdegalicia.com\/es\/#\/schema\/logo\/image\/","url":"https:\/\/ppdegalicia.com\/wp-content\/uploads\/2023\/04\/logoPP512.png","contentUrl":"https:\/\/ppdegalicia.com\/wp-content\/uploads\/2023\/04\/logoPP512.png","width":512,"height":512,"caption":"Partido Popular de Galicia"},"image":{"@id":"https:\/\/ppdegalicia.com\/es\/#\/schema\/logo\/image\/"},"sameAs":["https:\/\/www.instagram.com\/ppdegalicia\/","https:\/\/x.com\/ppdegalicia","https:\/\/www.tiktok.com\/@ppdegalicia","https:\/\/www.youtube.com\/user\/ppdegalicia"]},{"@type":"Person","@id":"https:\/\/ppdegalicia.com\/es\/#\/schema\/person\/d0f013b8388c980665d44009ab762960","name":"Super User","image":{"@type":"ImageObject","inLanguage":"es","@id":"https:\/\/secure.gravatar.com\/avatar\/1db852625ef4948f58d2739bfbc51e4b9bd5c93b8fa340b59fdb594ca0845645?s=96&d=mm&r=g","url":"https:\/\/secure.gravatar.com\/avatar\/1db852625ef4948f58d2739bfbc51e4b9bd5c93b8fa340b59fdb594ca0845645?s=96&d=mm&r=g","contentUrl":"https:\/\/secure.gravatar.com\/avatar\/1db852625ef4948f58d2739bfbc51e4b9bd5c93b8fa340b59fdb594ca0845645?s=96&d=mm&r=g","caption":"Super User"},"url":"https:\/\/ppdegalicia.com\/es\/author\/ppdegaliciagestion\/"}]}},"_links":{"self":[{"href":"https:\/\/ppdegalicia.com\/es\/wp-json\/wp\/v2\/posts\/52402","targetHints":{"allow":["GET"]}}],"collection":[{"href":"https:\/\/ppdegalicia.com\/es\/wp-json\/wp\/v2\/posts"}],"about":[{"href":"https:\/\/ppdegalicia.com\/es\/wp-json\/wp\/v2\/types\/post"}],"author":[{"embeddable":true,"href":"https:\/\/ppdegalicia.com\/es\/wp-json\/wp\/v2\/users\/37"}],"replies":[{"embeddable":true,"href":"https:\/\/ppdegalicia.com\/es\/wp-json\/wp\/v2\/comments?post=52402"}],"version-history":[{"count":0,"href":"https:\/\/ppdegalicia.com\/es\/wp-json\/wp\/v2\/posts\/52402\/revisions"}],"wp:attachment":[{"href":"https:\/\/ppdegalicia.com\/es\/wp-json\/wp\/v2\/media?parent=52402"}],"wp:term":[{"taxonomy":"category","embeddable":true,"href":"https:\/\/ppdegalicia.com\/es\/wp-json\/wp\/v2\/categories?post=52402"},{"taxonomy":"post_tag","embeddable":true,"href":"https:\/\/ppdegalicia.com\/es\/wp-json\/wp\/v2\/tags?post=52402"}],"curies":[{"name":"wp","href":"https:\/\/api.w.org\/{rel}","templated":true}]}}