{"id":52416,"date":"2019-06-18T16:24:25","date_gmt":"2019-06-18T14:24:25","guid":{"rendered":"https:\/\/ppdegalicia.com\/o-grupo-popular-pedira-no-pleno-o-fomento-das-vivendas-de-alugueiro-social-nos-concellos-de-menos-de-20-000-habitantes\/"},"modified":"2019-06-18T16:24:25","modified_gmt":"2019-06-18T14:24:25","slug":"o-grupo-popular-pedira-no-pleno-o-fomento-das-vivendas-de-alugueiro-social-nos-concellos-de-menos-de-20-000-habitantes","status":"publish","type":"post","link":"https:\/\/ppdegalicia.com\/es\/o-grupo-popular-pedira-no-pleno-o-fomento-das-vivendas-de-alugueiro-social-nos-concellos-de-menos-de-20-000-habitantes\/","title":{"rendered":"O Grupo Popular pedir\u00e1 no Pleno o fomento das vivendas de alugueiro social nos concellos de menos de 20.000 habitantes"},"content":{"rendered":"<p><span style=\"text-decoration: underline;\">Santiago, 18 de xu\u00f1o de 2019.-<\/span> O Grupo Popular defender\u00e1 no Pleno da vindeira semana d\u00faas proposici\u00f3ns non de lei a trav\u00e9s das que se demanda \u00e1 Xunta para que, en colaboraci\u00f3n coa Fegamp, fomente a constituci\u00f3n de parques p\u00fablicos de vivenda en alugueiro social nos concellos de menos de 20.000 habitantes; e se manifesta o apoio do Parlamento galego \u00e1 proposici\u00f3n de lei org\u00e1nica contra a ocupaci\u00f3n ilegal e para a convivencia veci\u00f1al rexistrada polo PP no Congreso. As\u00ed mesmo, a Xunta de Portavoces acordou a celebraci\u00f3n dun Pleno extraordinario para a elecci\u00f3n dos senadores en representaci\u00f3n da Comunidade galega, fixando de prazo ata o vindeiro venres, 21 de xu\u00f1o, para o rexistro de candidatos por parte do Grupo Popular e En Marea.<\/p>\n<p><!--more--><\/p>\n<p>&nbsp;<\/p>\n<p>Ao remate da Xunta de Portavoces, o viceportavoz do Grupo Popular, Miguel Tellado, explicou que nun Pleno extraordinario designaranse os dous senadores en representaci\u00f3n auton\u00f3mica que corresponden ao Grupo Popular e outro ao grupo de En Marea, a quen demandou que \u201cnon converta o seu conflito interno nun conflito institucional que dane a imaxe deste Parlamento\u201d.<\/p>\n<p>&nbsp;<\/p>\n<p>A continuaci\u00f3n ter\u00e1 lugar o Pleno ordinario, que dar\u00e1 comezo co debate para a s\u00faa aprobaci\u00f3n do proxecto de lei de ordenaci\u00f3n farmac\u00e9utica e co debate de totalidade do proxecto de lei de patrimonio natural de Galicia, aos que seguir\u00e1 a comparecencia da conselleira de Educaci\u00f3n, Universidade e Formaci\u00f3n Profesional para informar sobre a situaci\u00f3n do ensino e da universidade na Comunidade galega ao remate do curso 2018-2019.<\/p>\n<p>&nbsp;<\/p>\n<p>Miguel Tellado apuntou que nesta comparecencia incidirase na posici\u00f3n da Xunta respecto das probas de acceso \u00e1 universidade. \u201cDemandamos igualdade de oportunidades e de trato para os estudantes galegos e os doutras comunidades aut\u00f3nomas, xa que non parece l\u00f3xico que as comunidades que presentan un maior nivel no informe PISA estean despois por baixo da media nas notas da selectividade\u201d, indicou.<\/p>\n<p>&nbsp;<\/p>\n<p><strong>VIVENDAS DE ALUGUEIRO E LEI <em>ANTIOKUPAS<\/em><\/strong><\/p>\n<p>Dentro do apartado de proposici\u00f3ns non de lei, o Grupo Popular defender\u00e1 que a Xunta, en colaboraci\u00f3n coa Federaci\u00f3n Galega de Municipios e Provincias (Fegamp) fomente a constituci\u00f3n de parques p\u00fablicos de vivenda en alugueiro social nos concellos de menos de 20.000 habitantes, co emprego simult\u00e1neo das li\u00f1as de axuda que disp\u00f3n o Goberno galego para a rehabilitaci\u00f3n de vivendas de titularidade municipal.<\/p>\n<p>&nbsp;<\/p>\n<p>O viceportavoz popular explicou que \u201ca Xunta ten competencia exclusiva en materia de pol\u00edtica de vivenda en Galicia, pero a Lei reguladora de bases de r\u00e9xime local establece entre as competencias dos concellos promover e xestionar vivenda de protecci\u00f3n p\u00fablica con criterios de sostenibilidade financeira\u201d. \u201cPor\u00e9n, a meirande parte dos concellos galegos non exercen esta competencia, polo que consideramos importante que adopten medidas, en colaboraci\u00f3n coa Xunta, para levar adiante actuaci\u00f3ns de reurbanizaci\u00f3n de espazos p\u00fablicos e adoptar medidas orientadas a facilitar a rehabilitaci\u00f3n de vivendas\u201d, engadiu.<\/p>\n<p>&nbsp;<\/p>\n<p>A segunda proposici\u00f3n non de lei do Grupo Popular ten como obxectivo que o Parlamento galego manifeste o seu firme apoio \u00e1 proposici\u00f3n de lei org\u00e1nica contra a ocupaci\u00f3n ilegal e para a convivencia veci\u00f1al e a protecci\u00f3n de seguridade das persoas e cousas nas comunidades de propietarios, que o Grupo Popular ten presentado no Congreso.<\/p>\n<p>&nbsp;<\/p>\n<p>\u201cDeste xeito, reclamamos dos grupos parlamentarios galegos que apoien esta iniciativa lexislativa <em>antiokupa<\/em> pioneira en Espa\u00f1a, por ser de interese xeral e necesaria para corrixir un grave problema social e de convivencia xerado por mor desas actividades ilegais contrarias ao dereito \u00e1 propiedade e \u00e1 seguridade das persoas e as cousas\u201d, manifestou.<\/p>\n<p>&nbsp;<\/p>\n<p>Por \u00faltimo, o Grupo Popular preguntar\u00e1 na sesi\u00f3n plenaria ao Goberno galego sobre as actuaci\u00f3ns desenvolvidas pola Unidade de Polic\u00eda Adscrita en materia de protecci\u00f3n das v\u00edtimas de violencia de x\u00e9nero; sobre as obras de conservaci\u00f3n executadas nos \u00faltimos dous anos na Muralla Romana de Lugo; e sobre o impacto que est\u00e1 a ter en Galicia a actuaci\u00f3n do Goberno de Espa\u00f1a en relaci\u00f3n coa continuidade de <em>Alcoa<\/em> en A Coru\u00f1a e o futuro da industria electrointensiva galega.<\/p>\n<p>&nbsp;<\/p>\n<p><strong><span style=\"text-decoration: underline;\">FELICITACI\u00d3N CORPOS E FORZAS DO ESTADO<\/span><\/strong><\/p>\n<p>Miguel Tellado tam\u00e9n anunciou a intenci\u00f3n do Grupo Popular de presentar aos demais grupos parlamentarios unha proposta de declaraci\u00f3n institucional para felicitar \u00e1s forzas e corpos de seguridade do Estado pola recente detenci\u00f3n de dous membros de Resistencia Galega que estaban fuxidos da Xustiza.<\/p>\n<p>&nbsp;<\/p>\n<p>\u201cNos gustar\u00eda que todos os grupos parlamentarios fosen firmes e contundentes na defensa do Estado de Dereito e das forzas de seguridade do Estado, porque ante estas persoas non caben as tibiezas nin os conchabeos como as declaraci\u00f3ns realizadas pola portavoz do BNG sobre as s\u00faas detenci\u00f3ns\u201d, indicou Tellado.<\/p>\n","protected":false},"excerpt":{"rendered":"<p>Santiago, 18 de xu\u00f1o de 2019.- O Grupo Popular defender\u00e1 no Pleno da vindeira semana d\u00faas proposici\u00f3ns non de lei a trav\u00e9s das que se demanda \u00e1 Xunta para que, en colaboraci\u00f3n coa Fegamp, fomente a constituci\u00f3n de parques p\u00fablicos de vivenda en alugueiro social nos concellos de menos de 20.000 habitantes; e se manifesta [&hellip;]<\/p>\n","protected":false},"author":37,"featured_media":0,"comment_status":"open","ping_status":"open","sticky":false,"template":"","format":"standard","meta":{"_acf_changed":false,"footnotes":""},"categories":[1],"tags":[],"class_list":["post-52416","post","type-post","status-publish","format-standard","hentry","category-pp-de-galicia"],"acf":[],"yoast_head":"<!-- This site is optimized with the Yoast SEO plugin v27.3 - https:\/\/yoast.com\/product\/yoast-seo-wordpress\/ -->\n<title>O Grupo Popular pedir\u00e1 no Pleno o fomento das vivendas de alugueiro social nos concellos de menos de 20.000 habitantes - PP de Galicia<\/title>\n<meta name=\"robots\" content=\"index, follow, max-snippet:-1, max-image-preview:large, max-video-preview:-1\" \/>\n<link rel=\"canonical\" href=\"https:\/\/ppdegalicia.com\/es\/o-grupo-popular-pedira-no-pleno-o-fomento-das-vivendas-de-alugueiro-social-nos-concellos-de-menos-de-20-000-habitantes\/\" \/>\n<meta property=\"og:locale\" content=\"es_ES\" \/>\n<meta property=\"og:type\" content=\"article\" \/>\n<meta property=\"og:title\" content=\"O Grupo Popular pedir\u00e1 no Pleno o fomento das vivendas de alugueiro social nos concellos de menos de 20.000 habitantes - PP de Galicia\" \/>\n<meta property=\"og:description\" content=\"Santiago, 18 de xu\u00f1o de 2019.- O Grupo Popular defender\u00e1 no Pleno da vindeira semana d\u00faas proposici\u00f3ns non de lei a trav\u00e9s das que se demanda \u00e1 Xunta para que, en colaboraci\u00f3n coa Fegamp, fomente a constituci\u00f3n de parques p\u00fablicos de vivenda en alugueiro social nos concellos de menos de 20.000 habitantes; e se manifesta [&hellip;]\" \/>\n<meta property=\"og:url\" content=\"https:\/\/ppdegalicia.com\/es\/o-grupo-popular-pedira-no-pleno-o-fomento-das-vivendas-de-alugueiro-social-nos-concellos-de-menos-de-20-000-habitantes\/\" \/>\n<meta property=\"og:site_name\" content=\"PP de Galicia\" \/>\n<meta property=\"article:publisher\" content=\"https:\/\/www.instagram.com\/ppdegalicia\/\" \/>\n<meta property=\"article:published_time\" content=\"2019-06-18T14:24:25+00:00\" \/>\n<meta name=\"author\" content=\"Super User\" \/>\n<meta name=\"twitter:card\" content=\"summary_large_image\" \/>\n<meta name=\"twitter:creator\" content=\"@ppdegalicia\" \/>\n<meta name=\"twitter:site\" content=\"@ppdegalicia\" \/>\n<meta name=\"twitter:label1\" content=\"Escrito por\" \/>\n\t<meta name=\"twitter:data1\" content=\"Super User\" \/>\n\t<meta name=\"twitter:label2\" content=\"Tiempo de lectura\" \/>\n\t<meta name=\"twitter:data2\" content=\"4 minutos\" \/>\n<script type=\"application\/ld+json\" class=\"yoast-schema-graph\">{\"@context\":\"https:\\\/\\\/schema.org\",\"@graph\":[{\"@type\":\"Article\",\"@id\":\"https:\\\/\\\/ppdegalicia.com\\\/es\\\/o-grupo-popular-pedira-no-pleno-o-fomento-das-vivendas-de-alugueiro-social-nos-concellos-de-menos-de-20-000-habitantes\\\/#article\",\"isPartOf\":{\"@id\":\"https:\\\/\\\/ppdegalicia.com\\\/es\\\/o-grupo-popular-pedira-no-pleno-o-fomento-das-vivendas-de-alugueiro-social-nos-concellos-de-menos-de-20-000-habitantes\\\/\"},\"author\":{\"name\":\"Super User\",\"@id\":\"https:\\\/\\\/ppdegalicia.com\\\/es\\\/#\\\/schema\\\/person\\\/d0f013b8388c980665d44009ab762960\"},\"headline\":\"O Grupo Popular pedir\u00e1 no Pleno o fomento das vivendas de alugueiro social nos concellos de menos de 20.000 habitantes\",\"datePublished\":\"2019-06-18T14:24:25+00:00\",\"mainEntityOfPage\":{\"@id\":\"https:\\\/\\\/ppdegalicia.com\\\/es\\\/o-grupo-popular-pedira-no-pleno-o-fomento-das-vivendas-de-alugueiro-social-nos-concellos-de-menos-de-20-000-habitantes\\\/\"},\"wordCount\":843,\"commentCount\":0,\"publisher\":{\"@id\":\"https:\\\/\\\/ppdegalicia.com\\\/es\\\/#organization\"},\"articleSection\":[\"PP de Galicia\"],\"inLanguage\":\"es\",\"potentialAction\":[{\"@type\":\"CommentAction\",\"name\":\"Comment\",\"target\":[\"https:\\\/\\\/ppdegalicia.com\\\/es\\\/o-grupo-popular-pedira-no-pleno-o-fomento-das-vivendas-de-alugueiro-social-nos-concellos-de-menos-de-20-000-habitantes\\\/#respond\"]}]},{\"@type\":\"WebPage\",\"@id\":\"https:\\\/\\\/ppdegalicia.com\\\/es\\\/o-grupo-popular-pedira-no-pleno-o-fomento-das-vivendas-de-alugueiro-social-nos-concellos-de-menos-de-20-000-habitantes\\\/\",\"url\":\"https:\\\/\\\/ppdegalicia.com\\\/es\\\/o-grupo-popular-pedira-no-pleno-o-fomento-das-vivendas-de-alugueiro-social-nos-concellos-de-menos-de-20-000-habitantes\\\/\",\"name\":\"O Grupo Popular pedir\u00e1 no Pleno o fomento das vivendas de alugueiro social nos concellos de menos de 20.000 habitantes - PP de Galicia\",\"isPartOf\":{\"@id\":\"https:\\\/\\\/ppdegalicia.com\\\/es\\\/#website\"},\"datePublished\":\"2019-06-18T14:24:25+00:00\",\"breadcrumb\":{\"@id\":\"https:\\\/\\\/ppdegalicia.com\\\/es\\\/o-grupo-popular-pedira-no-pleno-o-fomento-das-vivendas-de-alugueiro-social-nos-concellos-de-menos-de-20-000-habitantes\\\/#breadcrumb\"},\"inLanguage\":\"es\",\"potentialAction\":[{\"@type\":\"ReadAction\",\"target\":[\"https:\\\/\\\/ppdegalicia.com\\\/es\\\/o-grupo-popular-pedira-no-pleno-o-fomento-das-vivendas-de-alugueiro-social-nos-concellos-de-menos-de-20-000-habitantes\\\/\"]}]},{\"@type\":\"BreadcrumbList\",\"@id\":\"https:\\\/\\\/ppdegalicia.com\\\/es\\\/o-grupo-popular-pedira-no-pleno-o-fomento-das-vivendas-de-alugueiro-social-nos-concellos-de-menos-de-20-000-habitantes\\\/#breadcrumb\",\"itemListElement\":[{\"@type\":\"ListItem\",\"position\":1,\"name\":\"Portada\",\"item\":\"https:\\\/\\\/ppdegalicia.com\\\/es\\\/\"},{\"@type\":\"ListItem\",\"position\":2,\"name\":\"O Grupo Popular pedir\u00e1 no Pleno o fomento das vivendas de alugueiro social nos concellos de menos de 20.000 habitantes\"}]},{\"@type\":\"WebSite\",\"@id\":\"https:\\\/\\\/ppdegalicia.com\\\/es\\\/#website\",\"url\":\"https:\\\/\\\/ppdegalicia.com\\\/es\\\/\",\"name\":\"Partido Popular de Galicia\",\"description\":\"Partido Popular de Galicia\",\"publisher\":{\"@id\":\"https:\\\/\\\/ppdegalicia.com\\\/es\\\/#organization\"},\"alternateName\":\"PP de Galicia\",\"potentialAction\":[{\"@type\":\"SearchAction\",\"target\":{\"@type\":\"EntryPoint\",\"urlTemplate\":\"https:\\\/\\\/ppdegalicia.com\\\/es\\\/?s={search_term_string}\"},\"query-input\":{\"@type\":\"PropertyValueSpecification\",\"valueRequired\":true,\"valueName\":\"search_term_string\"}}],\"inLanguage\":\"es\"},{\"@type\":\"Organization\",\"@id\":\"https:\\\/\\\/ppdegalicia.com\\\/es\\\/#organization\",\"name\":\"Partido Popular de Galicia\",\"alternateName\":\"PP de Galicia\",\"url\":\"https:\\\/\\\/ppdegalicia.com\\\/es\\\/\",\"logo\":{\"@type\":\"ImageObject\",\"inLanguage\":\"es\",\"@id\":\"https:\\\/\\\/ppdegalicia.com\\\/es\\\/#\\\/schema\\\/logo\\\/image\\\/\",\"url\":\"https:\\\/\\\/ppdegalicia.com\\\/wp-content\\\/uploads\\\/2023\\\/04\\\/logoPP512.png\",\"contentUrl\":\"https:\\\/\\\/ppdegalicia.com\\\/wp-content\\\/uploads\\\/2023\\\/04\\\/logoPP512.png\",\"width\":512,\"height\":512,\"caption\":\"Partido Popular de Galicia\"},\"image\":{\"@id\":\"https:\\\/\\\/ppdegalicia.com\\\/es\\\/#\\\/schema\\\/logo\\\/image\\\/\"},\"sameAs\":[\"https:\\\/\\\/www.instagram.com\\\/ppdegalicia\\\/\",\"https:\\\/\\\/x.com\\\/ppdegalicia\",\"https:\\\/\\\/www.tiktok.com\\\/@ppdegalicia\",\"https:\\\/\\\/www.youtube.com\\\/user\\\/ppdegalicia\"]},{\"@type\":\"Person\",\"@id\":\"https:\\\/\\\/ppdegalicia.com\\\/es\\\/#\\\/schema\\\/person\\\/d0f013b8388c980665d44009ab762960\",\"name\":\"Super User\",\"image\":{\"@type\":\"ImageObject\",\"inLanguage\":\"es\",\"@id\":\"https:\\\/\\\/secure.gravatar.com\\\/avatar\\\/1db852625ef4948f58d2739bfbc51e4b9bd5c93b8fa340b59fdb594ca0845645?s=96&d=mm&r=g\",\"url\":\"https:\\\/\\\/secure.gravatar.com\\\/avatar\\\/1db852625ef4948f58d2739bfbc51e4b9bd5c93b8fa340b59fdb594ca0845645?s=96&d=mm&r=g\",\"contentUrl\":\"https:\\\/\\\/secure.gravatar.com\\\/avatar\\\/1db852625ef4948f58d2739bfbc51e4b9bd5c93b8fa340b59fdb594ca0845645?s=96&d=mm&r=g\",\"caption\":\"Super User\"},\"url\":\"https:\\\/\\\/ppdegalicia.com\\\/es\\\/author\\\/ppdegaliciagestion\\\/\"}]}<\/script>\n<!-- \/ Yoast SEO plugin. -->","yoast_head_json":{"title":"O Grupo Popular pedir\u00e1 no Pleno o fomento das vivendas de alugueiro social nos concellos de menos de 20.000 habitantes - PP de Galicia","robots":{"index":"index","follow":"follow","max-snippet":"max-snippet:-1","max-image-preview":"max-image-preview:large","max-video-preview":"max-video-preview:-1"},"canonical":"https:\/\/ppdegalicia.com\/es\/o-grupo-popular-pedira-no-pleno-o-fomento-das-vivendas-de-alugueiro-social-nos-concellos-de-menos-de-20-000-habitantes\/","og_locale":"es_ES","og_type":"article","og_title":"O Grupo Popular pedir\u00e1 no Pleno o fomento das vivendas de alugueiro social nos concellos de menos de 20.000 habitantes - PP de Galicia","og_description":"Santiago, 18 de xu\u00f1o de 2019.- O Grupo Popular defender\u00e1 no Pleno da vindeira semana d\u00faas proposici\u00f3ns non de lei a trav\u00e9s das que se demanda \u00e1 Xunta para que, en colaboraci\u00f3n coa Fegamp, fomente a constituci\u00f3n de parques p\u00fablicos de vivenda en alugueiro social nos concellos de menos de 20.000 habitantes; e se manifesta [&hellip;]","og_url":"https:\/\/ppdegalicia.com\/es\/o-grupo-popular-pedira-no-pleno-o-fomento-das-vivendas-de-alugueiro-social-nos-concellos-de-menos-de-20-000-habitantes\/","og_site_name":"PP de Galicia","article_publisher":"https:\/\/www.instagram.com\/ppdegalicia\/","article_published_time":"2019-06-18T14:24:25+00:00","author":"Super User","twitter_card":"summary_large_image","twitter_creator":"@ppdegalicia","twitter_site":"@ppdegalicia","twitter_misc":{"Escrito por":"Super User","Tiempo de lectura":"4 minutos"},"schema":{"@context":"https:\/\/schema.org","@graph":[{"@type":"Article","@id":"https:\/\/ppdegalicia.com\/es\/o-grupo-popular-pedira-no-pleno-o-fomento-das-vivendas-de-alugueiro-social-nos-concellos-de-menos-de-20-000-habitantes\/#article","isPartOf":{"@id":"https:\/\/ppdegalicia.com\/es\/o-grupo-popular-pedira-no-pleno-o-fomento-das-vivendas-de-alugueiro-social-nos-concellos-de-menos-de-20-000-habitantes\/"},"author":{"name":"Super User","@id":"https:\/\/ppdegalicia.com\/es\/#\/schema\/person\/d0f013b8388c980665d44009ab762960"},"headline":"O Grupo Popular pedir\u00e1 no Pleno o fomento das vivendas de alugueiro social nos concellos de menos de 20.000 habitantes","datePublished":"2019-06-18T14:24:25+00:00","mainEntityOfPage":{"@id":"https:\/\/ppdegalicia.com\/es\/o-grupo-popular-pedira-no-pleno-o-fomento-das-vivendas-de-alugueiro-social-nos-concellos-de-menos-de-20-000-habitantes\/"},"wordCount":843,"commentCount":0,"publisher":{"@id":"https:\/\/ppdegalicia.com\/es\/#organization"},"articleSection":["PP de Galicia"],"inLanguage":"es","potentialAction":[{"@type":"CommentAction","name":"Comment","target":["https:\/\/ppdegalicia.com\/es\/o-grupo-popular-pedira-no-pleno-o-fomento-das-vivendas-de-alugueiro-social-nos-concellos-de-menos-de-20-000-habitantes\/#respond"]}]},{"@type":"WebPage","@id":"https:\/\/ppdegalicia.com\/es\/o-grupo-popular-pedira-no-pleno-o-fomento-das-vivendas-de-alugueiro-social-nos-concellos-de-menos-de-20-000-habitantes\/","url":"https:\/\/ppdegalicia.com\/es\/o-grupo-popular-pedira-no-pleno-o-fomento-das-vivendas-de-alugueiro-social-nos-concellos-de-menos-de-20-000-habitantes\/","name":"O Grupo Popular pedir\u00e1 no Pleno o fomento das vivendas de alugueiro social nos concellos de menos de 20.000 habitantes - PP de Galicia","isPartOf":{"@id":"https:\/\/ppdegalicia.com\/es\/#website"},"datePublished":"2019-06-18T14:24:25+00:00","breadcrumb":{"@id":"https:\/\/ppdegalicia.com\/es\/o-grupo-popular-pedira-no-pleno-o-fomento-das-vivendas-de-alugueiro-social-nos-concellos-de-menos-de-20-000-habitantes\/#breadcrumb"},"inLanguage":"es","potentialAction":[{"@type":"ReadAction","target":["https:\/\/ppdegalicia.com\/es\/o-grupo-popular-pedira-no-pleno-o-fomento-das-vivendas-de-alugueiro-social-nos-concellos-de-menos-de-20-000-habitantes\/"]}]},{"@type":"BreadcrumbList","@id":"https:\/\/ppdegalicia.com\/es\/o-grupo-popular-pedira-no-pleno-o-fomento-das-vivendas-de-alugueiro-social-nos-concellos-de-menos-de-20-000-habitantes\/#breadcrumb","itemListElement":[{"@type":"ListItem","position":1,"name":"Portada","item":"https:\/\/ppdegalicia.com\/es\/"},{"@type":"ListItem","position":2,"name":"O Grupo Popular pedir\u00e1 no Pleno o fomento das vivendas de alugueiro social nos concellos de menos de 20.000 habitantes"}]},{"@type":"WebSite","@id":"https:\/\/ppdegalicia.com\/es\/#website","url":"https:\/\/ppdegalicia.com\/es\/","name":"Partido Popular de Galicia","description":"Partido Popular de Galicia","publisher":{"@id":"https:\/\/ppdegalicia.com\/es\/#organization"},"alternateName":"PP de Galicia","potentialAction":[{"@type":"SearchAction","target":{"@type":"EntryPoint","urlTemplate":"https:\/\/ppdegalicia.com\/es\/?s={search_term_string}"},"query-input":{"@type":"PropertyValueSpecification","valueRequired":true,"valueName":"search_term_string"}}],"inLanguage":"es"},{"@type":"Organization","@id":"https:\/\/ppdegalicia.com\/es\/#organization","name":"Partido Popular de Galicia","alternateName":"PP de Galicia","url":"https:\/\/ppdegalicia.com\/es\/","logo":{"@type":"ImageObject","inLanguage":"es","@id":"https:\/\/ppdegalicia.com\/es\/#\/schema\/logo\/image\/","url":"https:\/\/ppdegalicia.com\/wp-content\/uploads\/2023\/04\/logoPP512.png","contentUrl":"https:\/\/ppdegalicia.com\/wp-content\/uploads\/2023\/04\/logoPP512.png","width":512,"height":512,"caption":"Partido Popular de Galicia"},"image":{"@id":"https:\/\/ppdegalicia.com\/es\/#\/schema\/logo\/image\/"},"sameAs":["https:\/\/www.instagram.com\/ppdegalicia\/","https:\/\/x.com\/ppdegalicia","https:\/\/www.tiktok.com\/@ppdegalicia","https:\/\/www.youtube.com\/user\/ppdegalicia"]},{"@type":"Person","@id":"https:\/\/ppdegalicia.com\/es\/#\/schema\/person\/d0f013b8388c980665d44009ab762960","name":"Super User","image":{"@type":"ImageObject","inLanguage":"es","@id":"https:\/\/secure.gravatar.com\/avatar\/1db852625ef4948f58d2739bfbc51e4b9bd5c93b8fa340b59fdb594ca0845645?s=96&d=mm&r=g","url":"https:\/\/secure.gravatar.com\/avatar\/1db852625ef4948f58d2739bfbc51e4b9bd5c93b8fa340b59fdb594ca0845645?s=96&d=mm&r=g","contentUrl":"https:\/\/secure.gravatar.com\/avatar\/1db852625ef4948f58d2739bfbc51e4b9bd5c93b8fa340b59fdb594ca0845645?s=96&d=mm&r=g","caption":"Super User"},"url":"https:\/\/ppdegalicia.com\/es\/author\/ppdegaliciagestion\/"}]}},"_links":{"self":[{"href":"https:\/\/ppdegalicia.com\/es\/wp-json\/wp\/v2\/posts\/52416","targetHints":{"allow":["GET"]}}],"collection":[{"href":"https:\/\/ppdegalicia.com\/es\/wp-json\/wp\/v2\/posts"}],"about":[{"href":"https:\/\/ppdegalicia.com\/es\/wp-json\/wp\/v2\/types\/post"}],"author":[{"embeddable":true,"href":"https:\/\/ppdegalicia.com\/es\/wp-json\/wp\/v2\/users\/37"}],"replies":[{"embeddable":true,"href":"https:\/\/ppdegalicia.com\/es\/wp-json\/wp\/v2\/comments?post=52416"}],"version-history":[{"count":0,"href":"https:\/\/ppdegalicia.com\/es\/wp-json\/wp\/v2\/posts\/52416\/revisions"}],"wp:attachment":[{"href":"https:\/\/ppdegalicia.com\/es\/wp-json\/wp\/v2\/media?parent=52416"}],"wp:term":[{"taxonomy":"category","embeddable":true,"href":"https:\/\/ppdegalicia.com\/es\/wp-json\/wp\/v2\/categories?post=52416"},{"taxonomy":"post_tag","embeddable":true,"href":"https:\/\/ppdegalicia.com\/es\/wp-json\/wp\/v2\/tags?post=52416"}],"curies":[{"name":"wp","href":"https:\/\/api.w.org\/{rel}","templated":true}]}}