{"id":52417,"date":"2019-06-19T11:45:56","date_gmt":"2019-06-19T09:45:56","guid":{"rendered":"https:\/\/ppdegalicia.com\/adrian-pardo-destaca-que-galicia-e-a-comunidade-co-sistema-universitario-mais-accesible-de-espana\/"},"modified":"2019-06-19T11:45:56","modified_gmt":"2019-06-19T09:45:56","slug":"adrian-pardo-destaca-que-galicia-e-a-comunidade-co-sistema-universitario-mais-accesible-de-espana","status":"publish","type":"post","link":"https:\/\/ppdegalicia.com\/es\/adrian-pardo-destaca-que-galicia-e-a-comunidade-co-sistema-universitario-mais-accesible-de-espana\/","title":{"rendered":"Adri\u00e1n Pardo destaca que Galicia \u00e9 a comunidade co Sistema Universitario m\u00e1is accesible de Espa\u00f1a"},"content":{"rendered":"<p><strong>Santiago, 19 de xu\u00f1o de 2019. <\/strong>O presidente de Novas Xeraci\u00f3ns, Adri\u00e1n Pardo, destacou hoxe en rolda de prensa que a nosa Comunidade \u00e9 a que presenta maior accesibilidade no seu Sistema Universitario, sinalando que \u201cGalicia conxela por noveno ano consecutivo os prezos das matr\u00edculas universitarias de graos e de m\u00e1steres habilitantes\u201d.<\/p>\n<p><!--more--><\/p>\n<p>&nbsp;<\/p>\n<p>As\u00ed, recalcou que \u201cmentres outros s\u00f3 poden sacar a pasear colch\u00f3ns, os mozos galegos poden sacar con orgullo \u00e1 r\u00faa os prezos p\u00fablicos das universidades galegas\u201d, en clara referencia \u00e1 forma de xestionar a educaci\u00f3n entre os gobernos do Partido Popular e o do bipartito, \u201cque destrozou a educaci\u00f3n p\u00fablica galega cunha taxa de fracaso escolar que dobra a actual\u201d.<\/p>\n<p>&nbsp;<\/p>\n<p>Nese senso, recomendoulles a socialistas e nacionalistas \u201cdeixar de pisar \u00e1s alfombras para pisar m\u00e1is o c\u00e9spede dos campus universitarios e as\u00ed entender a mocidade galega\u201d.<\/p>\n<p>&nbsp;<\/p>\n<p>Como precisou, o sistema educativo de Galicia \u201cnunca estivo tan ben como agora\u201d, explicando que iso \u00e9 garant\u00eda do futuro da nosa Comunidade e da creaci\u00f3n de emprego. Igualmente, puxo en valor que a mocidade galega nunca estivo tan formada e preparada como na actualidade, polo que fixo fincap\u00e9 na importancia de seguir ofrecendo unha educaci\u00f3n de calidade, que traballa na equidade, na inclusividade e na igualdade, e apostando polas TICs, pola FP dual ou polo co\u00f1ecemento de idiomas.<\/p>\n<p><strong><span style=\"text-decoration: underline;\"><\/span><\/strong><\/p>\n<p>&nbsp;<\/p>\n<p><strong><span style=\"text-decoration: underline;\">UNIFICAR AS PROBAS DA ABAU<\/span><\/strong><\/p>\n<p>Por outra banda, Adri\u00e1n Pardo declarou a necesidade de unificar as probas da ABAU para garantir a igualdade de oportunidades entre o estudantado espa\u00f1ol.<\/p>\n<p>&nbsp;<\/p>\n<p>Segundo manifestou, \u201co actual sistema de acceso a universidade s\u00f3 xera desigualdades entre os estudantes das diferentes autonom\u00edas\u201d e non considera l\u00f3xico \u201cque no balance das notas da ABAU as comunidades cun maior nivel acad\u00e9mico, como acontece con Galicia, estean por debaixo da media\u201d.<\/p>\n<p>&nbsp;<\/p>\n<p>Deste xeito, Novas Xeraci\u00f3ns de Galicia entende que con este sistema \u00e1s autonom\u00edas con mellores \u00edndices acad\u00e9micos resultan moi prexudicadas nun sistema que conta cun distrito \u00fanico na mobilidade en funci\u00f3n das notas das probas, pero non no dese\u00f1o das mesmas e nos seus niveis de esixencia.<\/p>\n<p>&nbsp;<\/p>\n<p>As mocidades do PPdeG po\u00f1en como exemplo as probas do MIR ou o exame de acceso a avogac\u00eda que te\u00f1en car\u00e1cter unificado en todo o territorio nacional, e critican ao Goberno de S\u00e1nchez porque, malia contar con dous ministerios para temas educativos, \u00e9 incapaz de presentar unha proposta que atalle o problema.<\/p>\n","protected":false},"excerpt":{"rendered":"<p>Santiago, 19 de xu\u00f1o de 2019. O presidente de Novas Xeraci\u00f3ns, Adri\u00e1n Pardo, destacou hoxe en rolda de prensa que a nosa Comunidade \u00e9 a que presenta maior accesibilidade no seu Sistema Universitario, sinalando que \u201cGalicia conxela por noveno ano consecutivo os prezos das matr\u00edculas universitarias de graos e de m\u00e1steres habilitantes\u201d.<\/p>\n","protected":false},"author":37,"featured_media":0,"comment_status":"open","ping_status":"open","sticky":false,"template":"","format":"standard","meta":{"_acf_changed":false,"footnotes":""},"categories":[1],"tags":[],"class_list":["post-52417","post","type-post","status-publish","format-standard","hentry","category-pp-de-galicia"],"acf":[],"yoast_head":"<!-- This site is optimized with the Yoast SEO plugin v27.3 - https:\/\/yoast.com\/product\/yoast-seo-wordpress\/ -->\n<title>Adri\u00e1n Pardo destaca que Galicia \u00e9 a comunidade co Sistema Universitario m\u00e1is accesible de Espa\u00f1a - PP de Galicia<\/title>\n<meta name=\"robots\" content=\"index, follow, max-snippet:-1, max-image-preview:large, max-video-preview:-1\" \/>\n<link rel=\"canonical\" href=\"https:\/\/ppdegalicia.com\/es\/adrian-pardo-destaca-que-galicia-e-a-comunidade-co-sistema-universitario-mais-accesible-de-espana\/\" \/>\n<meta property=\"og:locale\" content=\"es_ES\" \/>\n<meta property=\"og:type\" content=\"article\" \/>\n<meta property=\"og:title\" content=\"Adri\u00e1n Pardo destaca que Galicia \u00e9 a comunidade co Sistema Universitario m\u00e1is accesible de Espa\u00f1a - PP de Galicia\" \/>\n<meta property=\"og:description\" content=\"Santiago, 19 de xu\u00f1o de 2019. O presidente de Novas Xeraci\u00f3ns, Adri\u00e1n Pardo, destacou hoxe en rolda de prensa que a nosa Comunidade \u00e9 a que presenta maior accesibilidade no seu Sistema Universitario, sinalando que \u201cGalicia conxela por noveno ano consecutivo os prezos das matr\u00edculas universitarias de graos e de m\u00e1steres habilitantes\u201d.\" \/>\n<meta property=\"og:url\" content=\"https:\/\/ppdegalicia.com\/es\/adrian-pardo-destaca-que-galicia-e-a-comunidade-co-sistema-universitario-mais-accesible-de-espana\/\" \/>\n<meta property=\"og:site_name\" content=\"PP de Galicia\" \/>\n<meta property=\"article:publisher\" content=\"https:\/\/www.instagram.com\/ppdegalicia\/\" \/>\n<meta property=\"article:published_time\" content=\"2019-06-19T09:45:56+00:00\" \/>\n<meta name=\"author\" content=\"Super User\" \/>\n<meta name=\"twitter:card\" content=\"summary_large_image\" \/>\n<meta name=\"twitter:creator\" content=\"@ppdegalicia\" \/>\n<meta name=\"twitter:site\" content=\"@ppdegalicia\" \/>\n<meta name=\"twitter:label1\" content=\"Escrito por\" \/>\n\t<meta name=\"twitter:data1\" content=\"Super User\" \/>\n\t<meta name=\"twitter:label2\" content=\"Tiempo de lectura\" \/>\n\t<meta name=\"twitter:data2\" content=\"2 minutos\" \/>\n<script type=\"application\/ld+json\" class=\"yoast-schema-graph\">{\"@context\":\"https:\\\/\\\/schema.org\",\"@graph\":[{\"@type\":\"Article\",\"@id\":\"https:\\\/\\\/ppdegalicia.com\\\/es\\\/adrian-pardo-destaca-que-galicia-e-a-comunidade-co-sistema-universitario-mais-accesible-de-espana\\\/#article\",\"isPartOf\":{\"@id\":\"https:\\\/\\\/ppdegalicia.com\\\/es\\\/adrian-pardo-destaca-que-galicia-e-a-comunidade-co-sistema-universitario-mais-accesible-de-espana\\\/\"},\"author\":{\"name\":\"Super User\",\"@id\":\"https:\\\/\\\/ppdegalicia.com\\\/es\\\/#\\\/schema\\\/person\\\/d0f013b8388c980665d44009ab762960\"},\"headline\":\"Adri\u00e1n Pardo destaca que Galicia \u00e9 a comunidade co Sistema Universitario m\u00e1is accesible de Espa\u00f1a\",\"datePublished\":\"2019-06-19T09:45:56+00:00\",\"mainEntityOfPage\":{\"@id\":\"https:\\\/\\\/ppdegalicia.com\\\/es\\\/adrian-pardo-destaca-que-galicia-e-a-comunidade-co-sistema-universitario-mais-accesible-de-espana\\\/\"},\"wordCount\":438,\"commentCount\":0,\"publisher\":{\"@id\":\"https:\\\/\\\/ppdegalicia.com\\\/es\\\/#organization\"},\"articleSection\":[\"PP de Galicia\"],\"inLanguage\":\"es\",\"potentialAction\":[{\"@type\":\"CommentAction\",\"name\":\"Comment\",\"target\":[\"https:\\\/\\\/ppdegalicia.com\\\/es\\\/adrian-pardo-destaca-que-galicia-e-a-comunidade-co-sistema-universitario-mais-accesible-de-espana\\\/#respond\"]}]},{\"@type\":\"WebPage\",\"@id\":\"https:\\\/\\\/ppdegalicia.com\\\/es\\\/adrian-pardo-destaca-que-galicia-e-a-comunidade-co-sistema-universitario-mais-accesible-de-espana\\\/\",\"url\":\"https:\\\/\\\/ppdegalicia.com\\\/es\\\/adrian-pardo-destaca-que-galicia-e-a-comunidade-co-sistema-universitario-mais-accesible-de-espana\\\/\",\"name\":\"Adri\u00e1n Pardo destaca que Galicia \u00e9 a comunidade co Sistema Universitario m\u00e1is accesible de Espa\u00f1a - PP de Galicia\",\"isPartOf\":{\"@id\":\"https:\\\/\\\/ppdegalicia.com\\\/es\\\/#website\"},\"datePublished\":\"2019-06-19T09:45:56+00:00\",\"breadcrumb\":{\"@id\":\"https:\\\/\\\/ppdegalicia.com\\\/es\\\/adrian-pardo-destaca-que-galicia-e-a-comunidade-co-sistema-universitario-mais-accesible-de-espana\\\/#breadcrumb\"},\"inLanguage\":\"es\",\"potentialAction\":[{\"@type\":\"ReadAction\",\"target\":[\"https:\\\/\\\/ppdegalicia.com\\\/es\\\/adrian-pardo-destaca-que-galicia-e-a-comunidade-co-sistema-universitario-mais-accesible-de-espana\\\/\"]}]},{\"@type\":\"BreadcrumbList\",\"@id\":\"https:\\\/\\\/ppdegalicia.com\\\/es\\\/adrian-pardo-destaca-que-galicia-e-a-comunidade-co-sistema-universitario-mais-accesible-de-espana\\\/#breadcrumb\",\"itemListElement\":[{\"@type\":\"ListItem\",\"position\":1,\"name\":\"Portada\",\"item\":\"https:\\\/\\\/ppdegalicia.com\\\/es\\\/\"},{\"@type\":\"ListItem\",\"position\":2,\"name\":\"Adri\u00e1n Pardo destaca que Galicia \u00e9 a comunidade co Sistema Universitario m\u00e1is accesible de Espa\u00f1a\"}]},{\"@type\":\"WebSite\",\"@id\":\"https:\\\/\\\/ppdegalicia.com\\\/es\\\/#website\",\"url\":\"https:\\\/\\\/ppdegalicia.com\\\/es\\\/\",\"name\":\"Partido Popular de Galicia\",\"description\":\"Partido Popular de Galicia\",\"publisher\":{\"@id\":\"https:\\\/\\\/ppdegalicia.com\\\/es\\\/#organization\"},\"alternateName\":\"PP de Galicia\",\"potentialAction\":[{\"@type\":\"SearchAction\",\"target\":{\"@type\":\"EntryPoint\",\"urlTemplate\":\"https:\\\/\\\/ppdegalicia.com\\\/es\\\/?s={search_term_string}\"},\"query-input\":{\"@type\":\"PropertyValueSpecification\",\"valueRequired\":true,\"valueName\":\"search_term_string\"}}],\"inLanguage\":\"es\"},{\"@type\":\"Organization\",\"@id\":\"https:\\\/\\\/ppdegalicia.com\\\/es\\\/#organization\",\"name\":\"Partido Popular de Galicia\",\"alternateName\":\"PP de Galicia\",\"url\":\"https:\\\/\\\/ppdegalicia.com\\\/es\\\/\",\"logo\":{\"@type\":\"ImageObject\",\"inLanguage\":\"es\",\"@id\":\"https:\\\/\\\/ppdegalicia.com\\\/es\\\/#\\\/schema\\\/logo\\\/image\\\/\",\"url\":\"https:\\\/\\\/ppdegalicia.com\\\/wp-content\\\/uploads\\\/2023\\\/04\\\/logoPP512.png\",\"contentUrl\":\"https:\\\/\\\/ppdegalicia.com\\\/wp-content\\\/uploads\\\/2023\\\/04\\\/logoPP512.png\",\"width\":512,\"height\":512,\"caption\":\"Partido Popular de Galicia\"},\"image\":{\"@id\":\"https:\\\/\\\/ppdegalicia.com\\\/es\\\/#\\\/schema\\\/logo\\\/image\\\/\"},\"sameAs\":[\"https:\\\/\\\/www.instagram.com\\\/ppdegalicia\\\/\",\"https:\\\/\\\/x.com\\\/ppdegalicia\",\"https:\\\/\\\/www.tiktok.com\\\/@ppdegalicia\",\"https:\\\/\\\/www.youtube.com\\\/user\\\/ppdegalicia\"]},{\"@type\":\"Person\",\"@id\":\"https:\\\/\\\/ppdegalicia.com\\\/es\\\/#\\\/schema\\\/person\\\/d0f013b8388c980665d44009ab762960\",\"name\":\"Super User\",\"image\":{\"@type\":\"ImageObject\",\"inLanguage\":\"es\",\"@id\":\"https:\\\/\\\/secure.gravatar.com\\\/avatar\\\/1db852625ef4948f58d2739bfbc51e4b9bd5c93b8fa340b59fdb594ca0845645?s=96&d=mm&r=g\",\"url\":\"https:\\\/\\\/secure.gravatar.com\\\/avatar\\\/1db852625ef4948f58d2739bfbc51e4b9bd5c93b8fa340b59fdb594ca0845645?s=96&d=mm&r=g\",\"contentUrl\":\"https:\\\/\\\/secure.gravatar.com\\\/avatar\\\/1db852625ef4948f58d2739bfbc51e4b9bd5c93b8fa340b59fdb594ca0845645?s=96&d=mm&r=g\",\"caption\":\"Super User\"},\"url\":\"https:\\\/\\\/ppdegalicia.com\\\/es\\\/author\\\/ppdegaliciagestion\\\/\"}]}<\/script>\n<!-- \/ Yoast SEO plugin. -->","yoast_head_json":{"title":"Adri\u00e1n Pardo destaca que Galicia \u00e9 a comunidade co Sistema Universitario m\u00e1is accesible de Espa\u00f1a - PP de Galicia","robots":{"index":"index","follow":"follow","max-snippet":"max-snippet:-1","max-image-preview":"max-image-preview:large","max-video-preview":"max-video-preview:-1"},"canonical":"https:\/\/ppdegalicia.com\/es\/adrian-pardo-destaca-que-galicia-e-a-comunidade-co-sistema-universitario-mais-accesible-de-espana\/","og_locale":"es_ES","og_type":"article","og_title":"Adri\u00e1n Pardo destaca que Galicia \u00e9 a comunidade co Sistema Universitario m\u00e1is accesible de Espa\u00f1a - PP de Galicia","og_description":"Santiago, 19 de xu\u00f1o de 2019. O presidente de Novas Xeraci\u00f3ns, Adri\u00e1n Pardo, destacou hoxe en rolda de prensa que a nosa Comunidade \u00e9 a que presenta maior accesibilidade no seu Sistema Universitario, sinalando que \u201cGalicia conxela por noveno ano consecutivo os prezos das matr\u00edculas universitarias de graos e de m\u00e1steres habilitantes\u201d.","og_url":"https:\/\/ppdegalicia.com\/es\/adrian-pardo-destaca-que-galicia-e-a-comunidade-co-sistema-universitario-mais-accesible-de-espana\/","og_site_name":"PP de Galicia","article_publisher":"https:\/\/www.instagram.com\/ppdegalicia\/","article_published_time":"2019-06-19T09:45:56+00:00","author":"Super User","twitter_card":"summary_large_image","twitter_creator":"@ppdegalicia","twitter_site":"@ppdegalicia","twitter_misc":{"Escrito por":"Super User","Tiempo de lectura":"2 minutos"},"schema":{"@context":"https:\/\/schema.org","@graph":[{"@type":"Article","@id":"https:\/\/ppdegalicia.com\/es\/adrian-pardo-destaca-que-galicia-e-a-comunidade-co-sistema-universitario-mais-accesible-de-espana\/#article","isPartOf":{"@id":"https:\/\/ppdegalicia.com\/es\/adrian-pardo-destaca-que-galicia-e-a-comunidade-co-sistema-universitario-mais-accesible-de-espana\/"},"author":{"name":"Super User","@id":"https:\/\/ppdegalicia.com\/es\/#\/schema\/person\/d0f013b8388c980665d44009ab762960"},"headline":"Adri\u00e1n Pardo destaca que Galicia \u00e9 a comunidade co Sistema Universitario m\u00e1is accesible de Espa\u00f1a","datePublished":"2019-06-19T09:45:56+00:00","mainEntityOfPage":{"@id":"https:\/\/ppdegalicia.com\/es\/adrian-pardo-destaca-que-galicia-e-a-comunidade-co-sistema-universitario-mais-accesible-de-espana\/"},"wordCount":438,"commentCount":0,"publisher":{"@id":"https:\/\/ppdegalicia.com\/es\/#organization"},"articleSection":["PP de Galicia"],"inLanguage":"es","potentialAction":[{"@type":"CommentAction","name":"Comment","target":["https:\/\/ppdegalicia.com\/es\/adrian-pardo-destaca-que-galicia-e-a-comunidade-co-sistema-universitario-mais-accesible-de-espana\/#respond"]}]},{"@type":"WebPage","@id":"https:\/\/ppdegalicia.com\/es\/adrian-pardo-destaca-que-galicia-e-a-comunidade-co-sistema-universitario-mais-accesible-de-espana\/","url":"https:\/\/ppdegalicia.com\/es\/adrian-pardo-destaca-que-galicia-e-a-comunidade-co-sistema-universitario-mais-accesible-de-espana\/","name":"Adri\u00e1n Pardo destaca que Galicia \u00e9 a comunidade co Sistema Universitario m\u00e1is accesible de Espa\u00f1a - PP de Galicia","isPartOf":{"@id":"https:\/\/ppdegalicia.com\/es\/#website"},"datePublished":"2019-06-19T09:45:56+00:00","breadcrumb":{"@id":"https:\/\/ppdegalicia.com\/es\/adrian-pardo-destaca-que-galicia-e-a-comunidade-co-sistema-universitario-mais-accesible-de-espana\/#breadcrumb"},"inLanguage":"es","potentialAction":[{"@type":"ReadAction","target":["https:\/\/ppdegalicia.com\/es\/adrian-pardo-destaca-que-galicia-e-a-comunidade-co-sistema-universitario-mais-accesible-de-espana\/"]}]},{"@type":"BreadcrumbList","@id":"https:\/\/ppdegalicia.com\/es\/adrian-pardo-destaca-que-galicia-e-a-comunidade-co-sistema-universitario-mais-accesible-de-espana\/#breadcrumb","itemListElement":[{"@type":"ListItem","position":1,"name":"Portada","item":"https:\/\/ppdegalicia.com\/es\/"},{"@type":"ListItem","position":2,"name":"Adri\u00e1n Pardo destaca que Galicia \u00e9 a comunidade co Sistema Universitario m\u00e1is accesible de Espa\u00f1a"}]},{"@type":"WebSite","@id":"https:\/\/ppdegalicia.com\/es\/#website","url":"https:\/\/ppdegalicia.com\/es\/","name":"Partido Popular de Galicia","description":"Partido Popular de Galicia","publisher":{"@id":"https:\/\/ppdegalicia.com\/es\/#organization"},"alternateName":"PP de Galicia","potentialAction":[{"@type":"SearchAction","target":{"@type":"EntryPoint","urlTemplate":"https:\/\/ppdegalicia.com\/es\/?s={search_term_string}"},"query-input":{"@type":"PropertyValueSpecification","valueRequired":true,"valueName":"search_term_string"}}],"inLanguage":"es"},{"@type":"Organization","@id":"https:\/\/ppdegalicia.com\/es\/#organization","name":"Partido Popular de Galicia","alternateName":"PP de Galicia","url":"https:\/\/ppdegalicia.com\/es\/","logo":{"@type":"ImageObject","inLanguage":"es","@id":"https:\/\/ppdegalicia.com\/es\/#\/schema\/logo\/image\/","url":"https:\/\/ppdegalicia.com\/wp-content\/uploads\/2023\/04\/logoPP512.png","contentUrl":"https:\/\/ppdegalicia.com\/wp-content\/uploads\/2023\/04\/logoPP512.png","width":512,"height":512,"caption":"Partido Popular de Galicia"},"image":{"@id":"https:\/\/ppdegalicia.com\/es\/#\/schema\/logo\/image\/"},"sameAs":["https:\/\/www.instagram.com\/ppdegalicia\/","https:\/\/x.com\/ppdegalicia","https:\/\/www.tiktok.com\/@ppdegalicia","https:\/\/www.youtube.com\/user\/ppdegalicia"]},{"@type":"Person","@id":"https:\/\/ppdegalicia.com\/es\/#\/schema\/person\/d0f013b8388c980665d44009ab762960","name":"Super User","image":{"@type":"ImageObject","inLanguage":"es","@id":"https:\/\/secure.gravatar.com\/avatar\/1db852625ef4948f58d2739bfbc51e4b9bd5c93b8fa340b59fdb594ca0845645?s=96&d=mm&r=g","url":"https:\/\/secure.gravatar.com\/avatar\/1db852625ef4948f58d2739bfbc51e4b9bd5c93b8fa340b59fdb594ca0845645?s=96&d=mm&r=g","contentUrl":"https:\/\/secure.gravatar.com\/avatar\/1db852625ef4948f58d2739bfbc51e4b9bd5c93b8fa340b59fdb594ca0845645?s=96&d=mm&r=g","caption":"Super User"},"url":"https:\/\/ppdegalicia.com\/es\/author\/ppdegaliciagestion\/"}]}},"_links":{"self":[{"href":"https:\/\/ppdegalicia.com\/es\/wp-json\/wp\/v2\/posts\/52417","targetHints":{"allow":["GET"]}}],"collection":[{"href":"https:\/\/ppdegalicia.com\/es\/wp-json\/wp\/v2\/posts"}],"about":[{"href":"https:\/\/ppdegalicia.com\/es\/wp-json\/wp\/v2\/types\/post"}],"author":[{"embeddable":true,"href":"https:\/\/ppdegalicia.com\/es\/wp-json\/wp\/v2\/users\/37"}],"replies":[{"embeddable":true,"href":"https:\/\/ppdegalicia.com\/es\/wp-json\/wp\/v2\/comments?post=52417"}],"version-history":[{"count":0,"href":"https:\/\/ppdegalicia.com\/es\/wp-json\/wp\/v2\/posts\/52417\/revisions"}],"wp:attachment":[{"href":"https:\/\/ppdegalicia.com\/es\/wp-json\/wp\/v2\/media?parent=52417"}],"wp:term":[{"taxonomy":"category","embeddable":true,"href":"https:\/\/ppdegalicia.com\/es\/wp-json\/wp\/v2\/categories?post=52417"},{"taxonomy":"post_tag","embeddable":true,"href":"https:\/\/ppdegalicia.com\/es\/wp-json\/wp\/v2\/tags?post=52417"}],"curies":[{"name":"wp","href":"https:\/\/api.w.org\/{rel}","templated":true}]}}