{"id":52422,"date":"2019-06-24T15:07:47","date_gmt":"2019-06-24T13:07:47","guid":{"rendered":"https:\/\/ppdegalicia.com\/o-pleno-aprobara-mana-a-nova-lei-de-ordenacion-farmaceutica-e-debate-a-totalidade-do-proxecto-de-lei-de-patrimonio-natural-de-galicia\/"},"modified":"2019-06-24T15:07:47","modified_gmt":"2019-06-24T13:07:47","slug":"o-pleno-aprobara-mana-a-nova-lei-de-ordenacion-farmaceutica-e-debate-a-totalidade-do-proxecto-de-lei-de-patrimonio-natural-de-galicia","status":"publish","type":"post","link":"https:\/\/ppdegalicia.com\/es\/o-pleno-aprobara-mana-a-nova-lei-de-ordenacion-farmaceutica-e-debate-a-totalidade-do-proxecto-de-lei-de-patrimonio-natural-de-galicia\/","title":{"rendered":"O Pleno aprobar\u00e1 ma\u00f1\u00e1 a nova lei de ordenaci\u00f3n farmac\u00e9utica e debate a totalidade do proxecto de lei de patrimonio natural de Galicia"},"content":{"rendered":"<p>Santiago, 24 de xu\u00f1o de 2019.- O Pleno do Parlamento de Galicia debater\u00e1 ma\u00f1\u00e1 para a s\u00faa aprobaci\u00f3n o proxecto de lei de ordenaci\u00f3n farmac\u00e9utica de Galicia, as\u00ed como a totalidade do proxecto de lei de patrimonio natural. A sesi\u00f3n incl\u00fae, ademais, a toma de posesi\u00f3n da nova deputada do Grupo Popular, Jackeline Fern\u00e1ndez Mac\u00edas, e, previamente nun Pleno espec\u00edfico, designarase aos senadores en representaci\u00f3n da Comunidade galega.<\/p>\n<p><!--more--><\/p>\n<p>&nbsp;<\/p>\n<p>O portavoz popular, Pedro Puy, iniciou a s\u00faa comparecencia ante os medios de comunicaci\u00f3n trasladando de novo o \u201cfondo pesar\u201d polo pasamento do deputado socialista Raul Fern\u00e1ndez. \u201cQueremos trasladar \u00e1 s\u00faa familia, amigos e aos socialistas en xeral, o noso p\u00e9same, que compartimos despois de que no Grupo Popular pas\u00e1ramos por unha situaci\u00f3n semellante hai uns meses\u201d.<\/p>\n<p>&nbsp;<\/p>\n<p><strong>EXPERIENCIA PROFESIONAL E POL\u00cdTICA CONTRASTADA<\/strong><\/p>\n<p>&nbsp;<\/p>\n<p>Respecto da sesi\u00f3n plenaria espec\u00edfica para a elecci\u00f3n de senadores en representaci\u00f3n da Comunidade galega, Puy lembrou que os candidatos do Grupo Popular son Elena Mu\u00f1oz Fonteriz e Jes\u00fas V\u00e1zquez Abad. Neste sentido, Puy destacou a decisi\u00f3n \u201cpac\u00edfica\u201d adoptada polo PPdeG para propo\u00f1er estas d\u00faas persoas \u201ccon experiencia profesional e pol\u00edtica contrastada\u201d.<\/p>\n<p>&nbsp;<\/p>\n<p>Dentro do Pleno ordinario, o portavoz popular destacou o debate para a aprobaci\u00f3n do proxecto de lei de ordenaci\u00f3n farmac\u00e9utica, que chega \u00e1 sesi\u00f3n plenaria con 56 dos 80 artigos cunha redacci\u00f3n coa que est\u00e1 conforme un ou varios grupos da oposici\u00f3n. Neste sentido, lembrar que o Grupo Popular aceptou ou transaccionou no debate en ponencia e comisi\u00f3n&nbsp; o 40 por cento das propostas socialistas.<\/p>\n<p>&nbsp;<\/p>\n<p>As\u00ed mesmo, na sesi\u00f3n plenaria tam\u00e9n est\u00e1 previsto o debate de totalidade do proxecto de lei de patrimonio natural de Galicia, \u201cque unha ampla maior\u00eda do Parlamento ve oportuna xa que s\u00f3 se presentou unha emenda \u00e1 totalidade\u201d.<\/p>\n<p>&nbsp;<\/p>\n<p><strong>PARQUES P\u00daBLICOS DE VIVENDA E CONVIVENCIA VECI\u00d1AL<\/strong><\/p>\n<p>&nbsp;<\/p>\n<p>Pedro Puy tam\u00e9n recordou que o&nbsp; Grupo Popular defender\u00e1 no Pleno d\u00faas proposici\u00f3ns non de lei. Unha primeira, solicita que a Xunta, en colaboraci\u00f3n coa Fegamp, fomente&nbsp; a constituci\u00f3n de parques p\u00fablicos de vivenda en alugueiro social nos concellos de menos de 20.000 habitantes, co emprego simult\u00e1neo das li\u00f1as de axuda de que disp\u00f3n o Goberno galego para a rehabilitaci\u00f3n de vivendas de titularidade municipal.<\/p>\n<p>&nbsp;<\/p>\n<p>A segunda proposici\u00f3n non de lei ten como obxectivo que o Parlamento galego amose o seu firme apoio \u00e1 proposici\u00f3n de lei org\u00e1nica rexistrada polo Grupo Popular no Congreso contra a ocupaci\u00f3n ilegal e para a convivencia veci\u00f1al e a protecci\u00f3n da seguridade das persoas e cousas nas comunidades de propietarios.<\/p>\n<p>&nbsp;<\/p>\n<p>Respecto da constituci\u00f3n do Grupo Mixto no Parlamento galego, Puy considerou que \u201cnon \u00e9 unha boa noticia esta escisi\u00f3n no principal grupo da oposici\u00f3n\u201d e apuntou que \u201clamentamos que o espazo rupturista te\u00f1a feito honor ao seu nome\u201d. Neste sentido, lembrou que \u201cxa co\u00f1ecemos da pasada lexislatura os problemas que se xeran e a distorsi\u00f3n que sup\u00f3n para os tempos, espazos f\u00edsicos e o n\u00famero de iniciativas que se poden presentar\u201d, pero avanzou que desde o Grupo Popular \u201cimos facer o que digan os servizos xur\u00eddicos en relaci\u00f3n con estas cuesti\u00f3ns para permitir \u00e1 oposici\u00f3n seguir facendo o seu traballo e non prexudicar o traballo da C\u00e1mara como consecuencia da escisi\u00f3n.<\/p>\n","protected":false},"excerpt":{"rendered":"<p>Santiago, 24 de xu\u00f1o de 2019.- O Pleno do Parlamento de Galicia debater\u00e1 ma\u00f1\u00e1 para a s\u00faa aprobaci\u00f3n o proxecto de lei de ordenaci\u00f3n farmac\u00e9utica de Galicia, as\u00ed como a totalidade do proxecto de lei de patrimonio natural. A sesi\u00f3n incl\u00fae, ademais, a toma de posesi\u00f3n da nova deputada do Grupo Popular, Jackeline Fern\u00e1ndez Mac\u00edas, [&hellip;]<\/p>\n","protected":false},"author":37,"featured_media":0,"comment_status":"open","ping_status":"open","sticky":false,"template":"","format":"standard","meta":{"_acf_changed":false,"footnotes":""},"categories":[1],"tags":[],"class_list":["post-52422","post","type-post","status-publish","format-standard","hentry","category-pp-de-galicia"],"acf":[],"yoast_head":"<!-- This site is optimized with the Yoast SEO plugin v27.3 - https:\/\/yoast.com\/product\/yoast-seo-wordpress\/ -->\n<title>O Pleno aprobar\u00e1 ma\u00f1\u00e1 a nova lei de ordenaci\u00f3n farmac\u00e9utica e debate a totalidade do proxecto de lei de patrimonio natural de Galicia - PP de Galicia<\/title>\n<meta name=\"robots\" content=\"index, follow, max-snippet:-1, max-image-preview:large, max-video-preview:-1\" \/>\n<link rel=\"canonical\" href=\"https:\/\/ppdegalicia.com\/es\/o-pleno-aprobara-mana-a-nova-lei-de-ordenacion-farmaceutica-e-debate-a-totalidade-do-proxecto-de-lei-de-patrimonio-natural-de-galicia\/\" \/>\n<meta property=\"og:locale\" content=\"es_ES\" \/>\n<meta property=\"og:type\" content=\"article\" \/>\n<meta property=\"og:title\" content=\"O Pleno aprobar\u00e1 ma\u00f1\u00e1 a nova lei de ordenaci\u00f3n farmac\u00e9utica e debate a totalidade do proxecto de lei de patrimonio natural de Galicia - PP de Galicia\" \/>\n<meta property=\"og:description\" content=\"Santiago, 24 de xu\u00f1o de 2019.- O Pleno do Parlamento de Galicia debater\u00e1 ma\u00f1\u00e1 para a s\u00faa aprobaci\u00f3n o proxecto de lei de ordenaci\u00f3n farmac\u00e9utica de Galicia, as\u00ed como a totalidade do proxecto de lei de patrimonio natural. A sesi\u00f3n incl\u00fae, ademais, a toma de posesi\u00f3n da nova deputada do Grupo Popular, Jackeline Fern\u00e1ndez Mac\u00edas, [&hellip;]\" \/>\n<meta property=\"og:url\" content=\"https:\/\/ppdegalicia.com\/es\/o-pleno-aprobara-mana-a-nova-lei-de-ordenacion-farmaceutica-e-debate-a-totalidade-do-proxecto-de-lei-de-patrimonio-natural-de-galicia\/\" \/>\n<meta property=\"og:site_name\" content=\"PP de Galicia\" \/>\n<meta property=\"article:publisher\" content=\"https:\/\/www.instagram.com\/ppdegalicia\/\" \/>\n<meta property=\"article:published_time\" content=\"2019-06-24T13:07:47+00:00\" \/>\n<meta name=\"author\" content=\"Super User\" \/>\n<meta name=\"twitter:card\" content=\"summary_large_image\" \/>\n<meta name=\"twitter:creator\" content=\"@ppdegalicia\" \/>\n<meta name=\"twitter:site\" content=\"@ppdegalicia\" \/>\n<meta name=\"twitter:label1\" content=\"Escrito por\" \/>\n\t<meta name=\"twitter:data1\" content=\"Super User\" \/>\n\t<meta name=\"twitter:label2\" content=\"Tiempo de lectura\" \/>\n\t<meta name=\"twitter:data2\" content=\"3 minutos\" \/>\n<script type=\"application\/ld+json\" class=\"yoast-schema-graph\">{\"@context\":\"https:\\\/\\\/schema.org\",\"@graph\":[{\"@type\":\"Article\",\"@id\":\"https:\\\/\\\/ppdegalicia.com\\\/es\\\/o-pleno-aprobara-mana-a-nova-lei-de-ordenacion-farmaceutica-e-debate-a-totalidade-do-proxecto-de-lei-de-patrimonio-natural-de-galicia\\\/#article\",\"isPartOf\":{\"@id\":\"https:\\\/\\\/ppdegalicia.com\\\/es\\\/o-pleno-aprobara-mana-a-nova-lei-de-ordenacion-farmaceutica-e-debate-a-totalidade-do-proxecto-de-lei-de-patrimonio-natural-de-galicia\\\/\"},\"author\":{\"name\":\"Super User\",\"@id\":\"https:\\\/\\\/ppdegalicia.com\\\/es\\\/#\\\/schema\\\/person\\\/d0f013b8388c980665d44009ab762960\"},\"headline\":\"O Pleno aprobar\u00e1 ma\u00f1\u00e1 a nova lei de ordenaci\u00f3n farmac\u00e9utica e debate a totalidade do proxecto de lei de patrimonio natural de Galicia\",\"datePublished\":\"2019-06-24T13:07:47+00:00\",\"mainEntityOfPage\":{\"@id\":\"https:\\\/\\\/ppdegalicia.com\\\/es\\\/o-pleno-aprobara-mana-a-nova-lei-de-ordenacion-farmaceutica-e-debate-a-totalidade-do-proxecto-de-lei-de-patrimonio-natural-de-galicia\\\/\"},\"wordCount\":620,\"commentCount\":0,\"publisher\":{\"@id\":\"https:\\\/\\\/ppdegalicia.com\\\/es\\\/#organization\"},\"articleSection\":[\"PP de Galicia\"],\"inLanguage\":\"es\",\"potentialAction\":[{\"@type\":\"CommentAction\",\"name\":\"Comment\",\"target\":[\"https:\\\/\\\/ppdegalicia.com\\\/es\\\/o-pleno-aprobara-mana-a-nova-lei-de-ordenacion-farmaceutica-e-debate-a-totalidade-do-proxecto-de-lei-de-patrimonio-natural-de-galicia\\\/#respond\"]}]},{\"@type\":\"WebPage\",\"@id\":\"https:\\\/\\\/ppdegalicia.com\\\/es\\\/o-pleno-aprobara-mana-a-nova-lei-de-ordenacion-farmaceutica-e-debate-a-totalidade-do-proxecto-de-lei-de-patrimonio-natural-de-galicia\\\/\",\"url\":\"https:\\\/\\\/ppdegalicia.com\\\/es\\\/o-pleno-aprobara-mana-a-nova-lei-de-ordenacion-farmaceutica-e-debate-a-totalidade-do-proxecto-de-lei-de-patrimonio-natural-de-galicia\\\/\",\"name\":\"O Pleno aprobar\u00e1 ma\u00f1\u00e1 a nova lei de ordenaci\u00f3n farmac\u00e9utica e debate a totalidade do proxecto de lei de patrimonio natural de Galicia - PP de Galicia\",\"isPartOf\":{\"@id\":\"https:\\\/\\\/ppdegalicia.com\\\/es\\\/#website\"},\"datePublished\":\"2019-06-24T13:07:47+00:00\",\"breadcrumb\":{\"@id\":\"https:\\\/\\\/ppdegalicia.com\\\/es\\\/o-pleno-aprobara-mana-a-nova-lei-de-ordenacion-farmaceutica-e-debate-a-totalidade-do-proxecto-de-lei-de-patrimonio-natural-de-galicia\\\/#breadcrumb\"},\"inLanguage\":\"es\",\"potentialAction\":[{\"@type\":\"ReadAction\",\"target\":[\"https:\\\/\\\/ppdegalicia.com\\\/es\\\/o-pleno-aprobara-mana-a-nova-lei-de-ordenacion-farmaceutica-e-debate-a-totalidade-do-proxecto-de-lei-de-patrimonio-natural-de-galicia\\\/\"]}]},{\"@type\":\"BreadcrumbList\",\"@id\":\"https:\\\/\\\/ppdegalicia.com\\\/es\\\/o-pleno-aprobara-mana-a-nova-lei-de-ordenacion-farmaceutica-e-debate-a-totalidade-do-proxecto-de-lei-de-patrimonio-natural-de-galicia\\\/#breadcrumb\",\"itemListElement\":[{\"@type\":\"ListItem\",\"position\":1,\"name\":\"Portada\",\"item\":\"https:\\\/\\\/ppdegalicia.com\\\/es\\\/\"},{\"@type\":\"ListItem\",\"position\":2,\"name\":\"O Pleno aprobar\u00e1 ma\u00f1\u00e1 a nova lei de ordenaci\u00f3n farmac\u00e9utica e debate a totalidade do proxecto de lei de patrimonio natural de Galicia\"}]},{\"@type\":\"WebSite\",\"@id\":\"https:\\\/\\\/ppdegalicia.com\\\/es\\\/#website\",\"url\":\"https:\\\/\\\/ppdegalicia.com\\\/es\\\/\",\"name\":\"Partido Popular de Galicia\",\"description\":\"Partido Popular de Galicia\",\"publisher\":{\"@id\":\"https:\\\/\\\/ppdegalicia.com\\\/es\\\/#organization\"},\"alternateName\":\"PP de Galicia\",\"potentialAction\":[{\"@type\":\"SearchAction\",\"target\":{\"@type\":\"EntryPoint\",\"urlTemplate\":\"https:\\\/\\\/ppdegalicia.com\\\/es\\\/?s={search_term_string}\"},\"query-input\":{\"@type\":\"PropertyValueSpecification\",\"valueRequired\":true,\"valueName\":\"search_term_string\"}}],\"inLanguage\":\"es\"},{\"@type\":\"Organization\",\"@id\":\"https:\\\/\\\/ppdegalicia.com\\\/es\\\/#organization\",\"name\":\"Partido Popular de Galicia\",\"alternateName\":\"PP de Galicia\",\"url\":\"https:\\\/\\\/ppdegalicia.com\\\/es\\\/\",\"logo\":{\"@type\":\"ImageObject\",\"inLanguage\":\"es\",\"@id\":\"https:\\\/\\\/ppdegalicia.com\\\/es\\\/#\\\/schema\\\/logo\\\/image\\\/\",\"url\":\"https:\\\/\\\/ppdegalicia.com\\\/wp-content\\\/uploads\\\/2023\\\/04\\\/logoPP512.png\",\"contentUrl\":\"https:\\\/\\\/ppdegalicia.com\\\/wp-content\\\/uploads\\\/2023\\\/04\\\/logoPP512.png\",\"width\":512,\"height\":512,\"caption\":\"Partido Popular de Galicia\"},\"image\":{\"@id\":\"https:\\\/\\\/ppdegalicia.com\\\/es\\\/#\\\/schema\\\/logo\\\/image\\\/\"},\"sameAs\":[\"https:\\\/\\\/www.instagram.com\\\/ppdegalicia\\\/\",\"https:\\\/\\\/x.com\\\/ppdegalicia\",\"https:\\\/\\\/www.tiktok.com\\\/@ppdegalicia\",\"https:\\\/\\\/www.youtube.com\\\/user\\\/ppdegalicia\"]},{\"@type\":\"Person\",\"@id\":\"https:\\\/\\\/ppdegalicia.com\\\/es\\\/#\\\/schema\\\/person\\\/d0f013b8388c980665d44009ab762960\",\"name\":\"Super User\",\"image\":{\"@type\":\"ImageObject\",\"inLanguage\":\"es\",\"@id\":\"https:\\\/\\\/secure.gravatar.com\\\/avatar\\\/1db852625ef4948f58d2739bfbc51e4b9bd5c93b8fa340b59fdb594ca0845645?s=96&d=mm&r=g\",\"url\":\"https:\\\/\\\/secure.gravatar.com\\\/avatar\\\/1db852625ef4948f58d2739bfbc51e4b9bd5c93b8fa340b59fdb594ca0845645?s=96&d=mm&r=g\",\"contentUrl\":\"https:\\\/\\\/secure.gravatar.com\\\/avatar\\\/1db852625ef4948f58d2739bfbc51e4b9bd5c93b8fa340b59fdb594ca0845645?s=96&d=mm&r=g\",\"caption\":\"Super User\"},\"url\":\"https:\\\/\\\/ppdegalicia.com\\\/es\\\/author\\\/ppdegaliciagestion\\\/\"}]}<\/script>\n<!-- \/ Yoast SEO plugin. -->","yoast_head_json":{"title":"O Pleno aprobar\u00e1 ma\u00f1\u00e1 a nova lei de ordenaci\u00f3n farmac\u00e9utica e debate a totalidade do proxecto de lei de patrimonio natural de Galicia - PP de Galicia","robots":{"index":"index","follow":"follow","max-snippet":"max-snippet:-1","max-image-preview":"max-image-preview:large","max-video-preview":"max-video-preview:-1"},"canonical":"https:\/\/ppdegalicia.com\/es\/o-pleno-aprobara-mana-a-nova-lei-de-ordenacion-farmaceutica-e-debate-a-totalidade-do-proxecto-de-lei-de-patrimonio-natural-de-galicia\/","og_locale":"es_ES","og_type":"article","og_title":"O Pleno aprobar\u00e1 ma\u00f1\u00e1 a nova lei de ordenaci\u00f3n farmac\u00e9utica e debate a totalidade do proxecto de lei de patrimonio natural de Galicia - PP de Galicia","og_description":"Santiago, 24 de xu\u00f1o de 2019.- O Pleno do Parlamento de Galicia debater\u00e1 ma\u00f1\u00e1 para a s\u00faa aprobaci\u00f3n o proxecto de lei de ordenaci\u00f3n farmac\u00e9utica de Galicia, as\u00ed como a totalidade do proxecto de lei de patrimonio natural. A sesi\u00f3n incl\u00fae, ademais, a toma de posesi\u00f3n da nova deputada do Grupo Popular, Jackeline Fern\u00e1ndez Mac\u00edas, [&hellip;]","og_url":"https:\/\/ppdegalicia.com\/es\/o-pleno-aprobara-mana-a-nova-lei-de-ordenacion-farmaceutica-e-debate-a-totalidade-do-proxecto-de-lei-de-patrimonio-natural-de-galicia\/","og_site_name":"PP de Galicia","article_publisher":"https:\/\/www.instagram.com\/ppdegalicia\/","article_published_time":"2019-06-24T13:07:47+00:00","author":"Super User","twitter_card":"summary_large_image","twitter_creator":"@ppdegalicia","twitter_site":"@ppdegalicia","twitter_misc":{"Escrito por":"Super User","Tiempo de lectura":"3 minutos"},"schema":{"@context":"https:\/\/schema.org","@graph":[{"@type":"Article","@id":"https:\/\/ppdegalicia.com\/es\/o-pleno-aprobara-mana-a-nova-lei-de-ordenacion-farmaceutica-e-debate-a-totalidade-do-proxecto-de-lei-de-patrimonio-natural-de-galicia\/#article","isPartOf":{"@id":"https:\/\/ppdegalicia.com\/es\/o-pleno-aprobara-mana-a-nova-lei-de-ordenacion-farmaceutica-e-debate-a-totalidade-do-proxecto-de-lei-de-patrimonio-natural-de-galicia\/"},"author":{"name":"Super User","@id":"https:\/\/ppdegalicia.com\/es\/#\/schema\/person\/d0f013b8388c980665d44009ab762960"},"headline":"O Pleno aprobar\u00e1 ma\u00f1\u00e1 a nova lei de ordenaci\u00f3n farmac\u00e9utica e debate a totalidade do proxecto de lei de patrimonio natural de Galicia","datePublished":"2019-06-24T13:07:47+00:00","mainEntityOfPage":{"@id":"https:\/\/ppdegalicia.com\/es\/o-pleno-aprobara-mana-a-nova-lei-de-ordenacion-farmaceutica-e-debate-a-totalidade-do-proxecto-de-lei-de-patrimonio-natural-de-galicia\/"},"wordCount":620,"commentCount":0,"publisher":{"@id":"https:\/\/ppdegalicia.com\/es\/#organization"},"articleSection":["PP de Galicia"],"inLanguage":"es","potentialAction":[{"@type":"CommentAction","name":"Comment","target":["https:\/\/ppdegalicia.com\/es\/o-pleno-aprobara-mana-a-nova-lei-de-ordenacion-farmaceutica-e-debate-a-totalidade-do-proxecto-de-lei-de-patrimonio-natural-de-galicia\/#respond"]}]},{"@type":"WebPage","@id":"https:\/\/ppdegalicia.com\/es\/o-pleno-aprobara-mana-a-nova-lei-de-ordenacion-farmaceutica-e-debate-a-totalidade-do-proxecto-de-lei-de-patrimonio-natural-de-galicia\/","url":"https:\/\/ppdegalicia.com\/es\/o-pleno-aprobara-mana-a-nova-lei-de-ordenacion-farmaceutica-e-debate-a-totalidade-do-proxecto-de-lei-de-patrimonio-natural-de-galicia\/","name":"O Pleno aprobar\u00e1 ma\u00f1\u00e1 a nova lei de ordenaci\u00f3n farmac\u00e9utica e debate a totalidade do proxecto de lei de patrimonio natural de Galicia - PP de Galicia","isPartOf":{"@id":"https:\/\/ppdegalicia.com\/es\/#website"},"datePublished":"2019-06-24T13:07:47+00:00","breadcrumb":{"@id":"https:\/\/ppdegalicia.com\/es\/o-pleno-aprobara-mana-a-nova-lei-de-ordenacion-farmaceutica-e-debate-a-totalidade-do-proxecto-de-lei-de-patrimonio-natural-de-galicia\/#breadcrumb"},"inLanguage":"es","potentialAction":[{"@type":"ReadAction","target":["https:\/\/ppdegalicia.com\/es\/o-pleno-aprobara-mana-a-nova-lei-de-ordenacion-farmaceutica-e-debate-a-totalidade-do-proxecto-de-lei-de-patrimonio-natural-de-galicia\/"]}]},{"@type":"BreadcrumbList","@id":"https:\/\/ppdegalicia.com\/es\/o-pleno-aprobara-mana-a-nova-lei-de-ordenacion-farmaceutica-e-debate-a-totalidade-do-proxecto-de-lei-de-patrimonio-natural-de-galicia\/#breadcrumb","itemListElement":[{"@type":"ListItem","position":1,"name":"Portada","item":"https:\/\/ppdegalicia.com\/es\/"},{"@type":"ListItem","position":2,"name":"O Pleno aprobar\u00e1 ma\u00f1\u00e1 a nova lei de ordenaci\u00f3n farmac\u00e9utica e debate a totalidade do proxecto de lei de patrimonio natural de Galicia"}]},{"@type":"WebSite","@id":"https:\/\/ppdegalicia.com\/es\/#website","url":"https:\/\/ppdegalicia.com\/es\/","name":"Partido Popular de Galicia","description":"Partido Popular de Galicia","publisher":{"@id":"https:\/\/ppdegalicia.com\/es\/#organization"},"alternateName":"PP de Galicia","potentialAction":[{"@type":"SearchAction","target":{"@type":"EntryPoint","urlTemplate":"https:\/\/ppdegalicia.com\/es\/?s={search_term_string}"},"query-input":{"@type":"PropertyValueSpecification","valueRequired":true,"valueName":"search_term_string"}}],"inLanguage":"es"},{"@type":"Organization","@id":"https:\/\/ppdegalicia.com\/es\/#organization","name":"Partido Popular de Galicia","alternateName":"PP de Galicia","url":"https:\/\/ppdegalicia.com\/es\/","logo":{"@type":"ImageObject","inLanguage":"es","@id":"https:\/\/ppdegalicia.com\/es\/#\/schema\/logo\/image\/","url":"https:\/\/ppdegalicia.com\/wp-content\/uploads\/2023\/04\/logoPP512.png","contentUrl":"https:\/\/ppdegalicia.com\/wp-content\/uploads\/2023\/04\/logoPP512.png","width":512,"height":512,"caption":"Partido Popular de Galicia"},"image":{"@id":"https:\/\/ppdegalicia.com\/es\/#\/schema\/logo\/image\/"},"sameAs":["https:\/\/www.instagram.com\/ppdegalicia\/","https:\/\/x.com\/ppdegalicia","https:\/\/www.tiktok.com\/@ppdegalicia","https:\/\/www.youtube.com\/user\/ppdegalicia"]},{"@type":"Person","@id":"https:\/\/ppdegalicia.com\/es\/#\/schema\/person\/d0f013b8388c980665d44009ab762960","name":"Super User","image":{"@type":"ImageObject","inLanguage":"es","@id":"https:\/\/secure.gravatar.com\/avatar\/1db852625ef4948f58d2739bfbc51e4b9bd5c93b8fa340b59fdb594ca0845645?s=96&d=mm&r=g","url":"https:\/\/secure.gravatar.com\/avatar\/1db852625ef4948f58d2739bfbc51e4b9bd5c93b8fa340b59fdb594ca0845645?s=96&d=mm&r=g","contentUrl":"https:\/\/secure.gravatar.com\/avatar\/1db852625ef4948f58d2739bfbc51e4b9bd5c93b8fa340b59fdb594ca0845645?s=96&d=mm&r=g","caption":"Super User"},"url":"https:\/\/ppdegalicia.com\/es\/author\/ppdegaliciagestion\/"}]}},"_links":{"self":[{"href":"https:\/\/ppdegalicia.com\/es\/wp-json\/wp\/v2\/posts\/52422","targetHints":{"allow":["GET"]}}],"collection":[{"href":"https:\/\/ppdegalicia.com\/es\/wp-json\/wp\/v2\/posts"}],"about":[{"href":"https:\/\/ppdegalicia.com\/es\/wp-json\/wp\/v2\/types\/post"}],"author":[{"embeddable":true,"href":"https:\/\/ppdegalicia.com\/es\/wp-json\/wp\/v2\/users\/37"}],"replies":[{"embeddable":true,"href":"https:\/\/ppdegalicia.com\/es\/wp-json\/wp\/v2\/comments?post=52422"}],"version-history":[{"count":0,"href":"https:\/\/ppdegalicia.com\/es\/wp-json\/wp\/v2\/posts\/52422\/revisions"}],"wp:attachment":[{"href":"https:\/\/ppdegalicia.com\/es\/wp-json\/wp\/v2\/media?parent=52422"}],"wp:term":[{"taxonomy":"category","embeddable":true,"href":"https:\/\/ppdegalicia.com\/es\/wp-json\/wp\/v2\/categories?post=52422"},{"taxonomy":"post_tag","embeddable":true,"href":"https:\/\/ppdegalicia.com\/es\/wp-json\/wp\/v2\/tags?post=52422"}],"curies":[{"name":"wp","href":"https:\/\/api.w.org\/{rel}","templated":true}]}}