{"id":52433,"date":"2019-06-26T15:35:09","date_gmt":"2019-06-26T13:35:09","guid":{"rendered":"https:\/\/ppdegalicia.com\/o-parlamento-demanda-que-os-concellos-valoren-a-calidade-arquitectonica-en-canto-ao-cumprimento-das-condicions-de-edificacion\/"},"modified":"2019-06-26T15:35:09","modified_gmt":"2019-06-26T13:35:09","slug":"o-parlamento-demanda-que-os-concellos-valoren-a-calidade-arquitectonica-en-canto-ao-cumprimento-das-condicions-de-edificacion","status":"publish","type":"post","link":"https:\/\/ppdegalicia.com\/es\/o-parlamento-demanda-que-os-concellos-valoren-a-calidade-arquitectonica-en-canto-ao-cumprimento-das-condicions-de-edificacion\/","title":{"rendered":"O Parlamento demanda que os concellos valoren a calidade arquitect\u00f3nica en canto ao cumprimento das condici\u00f3ns de edificaci\u00f3n"},"content":{"rendered":"<p>Santiago, 26 de xu\u00f1o de 2019.- O Pleno do Parlamento de Galicia aprobou hoxe unha proposici\u00f3n non de lei, logo dunha transacci\u00f3n entre o Grupo Popular e o Grupo Socialista, a trav\u00e9s da que se insta \u00e1 Xunta para que se dirixa a todos os concellos co fin de facilitar a aplicaci\u00f3n do recollido na Lei do Solo de Galicia no referente \u00e1s propostas que se xustifiquen pola s\u00faa calidade arquitect\u00f3nica en canto ao cumprimento das condici\u00f3ns de edificaci\u00f3n.<\/p>\n<p><!--more--><\/p>\n<p>&nbsp;<\/p>\n<p>O portavoz de Vivenda do Grupo Popular, Jaime Casti\u00f1eira, salientou que a Lei do Solo \u201crespecta plenamente a autonom\u00eda e as competencias municipais\u201d.<\/p>\n<p>&nbsp;<\/p>\n<p>\u201cEste Goberno galego foi quen de redactar, coa participaci\u00f3n de todos os axentes, unha lei do solo que a oposici\u00f3n votou en contra e que contempla a posibilidade de valorar a calidade arquitect\u00f3nica das edificaci\u00f3ns\u201d, manifestou.<\/p>\n<p>&nbsp;<\/p>\n<p>Deste xeito, Casti\u00f1eira avogou porque \u201cnon podemos po\u00f1er portas \u00e1 creatividade\u201d en materia de arquitectura urban\u00edstica, \u201crespectando sempre as competencias municipais porque as administraci\u00f3ns locais non son subordinadas da Xunta\u201d.<\/p>\n","protected":false},"excerpt":{"rendered":"<p>Santiago, 26 de xu\u00f1o de 2019.- O Pleno do Parlamento de Galicia aprobou hoxe unha proposici\u00f3n non de lei, logo dunha transacci\u00f3n entre o Grupo Popular e o Grupo Socialista, a trav\u00e9s da que se insta \u00e1 Xunta para que se dirixa a todos os concellos co fin de facilitar a aplicaci\u00f3n do recollido na [&hellip;]<\/p>\n","protected":false},"author":37,"featured_media":0,"comment_status":"open","ping_status":"open","sticky":false,"template":"","format":"standard","meta":{"_acf_changed":false,"footnotes":""},"categories":[1],"tags":[],"class_list":["post-52433","post","type-post","status-publish","format-standard","hentry","category-pp-de-galicia"],"acf":[],"yoast_head":"<!-- This site is optimized with the Yoast SEO plugin v27.3 - https:\/\/yoast.com\/product\/yoast-seo-wordpress\/ -->\n<title>O Parlamento demanda que os concellos valoren a calidade arquitect\u00f3nica en canto ao cumprimento das condici\u00f3ns de edificaci\u00f3n - PP de Galicia<\/title>\n<meta name=\"robots\" content=\"index, follow, max-snippet:-1, max-image-preview:large, max-video-preview:-1\" \/>\n<link rel=\"canonical\" href=\"https:\/\/ppdegalicia.com\/es\/o-parlamento-demanda-que-os-concellos-valoren-a-calidade-arquitectonica-en-canto-ao-cumprimento-das-condicions-de-edificacion\/\" \/>\n<meta property=\"og:locale\" content=\"es_ES\" \/>\n<meta property=\"og:type\" content=\"article\" \/>\n<meta property=\"og:title\" content=\"O Parlamento demanda que os concellos valoren a calidade arquitect\u00f3nica en canto ao cumprimento das condici\u00f3ns de edificaci\u00f3n - PP de Galicia\" \/>\n<meta property=\"og:description\" content=\"Santiago, 26 de xu\u00f1o de 2019.- O Pleno do Parlamento de Galicia aprobou hoxe unha proposici\u00f3n non de lei, logo dunha transacci\u00f3n entre o Grupo Popular e o Grupo Socialista, a trav\u00e9s da que se insta \u00e1 Xunta para que se dirixa a todos os concellos co fin de facilitar a aplicaci\u00f3n do recollido na [&hellip;]\" \/>\n<meta property=\"og:url\" content=\"https:\/\/ppdegalicia.com\/es\/o-parlamento-demanda-que-os-concellos-valoren-a-calidade-arquitectonica-en-canto-ao-cumprimento-das-condicions-de-edificacion\/\" \/>\n<meta property=\"og:site_name\" content=\"PP de Galicia\" \/>\n<meta property=\"article:publisher\" content=\"https:\/\/www.instagram.com\/ppdegalicia\/\" \/>\n<meta property=\"article:published_time\" content=\"2019-06-26T13:35:09+00:00\" \/>\n<meta name=\"author\" content=\"Super User\" \/>\n<meta name=\"twitter:card\" content=\"summary_large_image\" \/>\n<meta name=\"twitter:creator\" content=\"@ppdegalicia\" \/>\n<meta name=\"twitter:site\" content=\"@ppdegalicia\" \/>\n<meta name=\"twitter:label1\" content=\"Escrito por\" \/>\n\t<meta name=\"twitter:data1\" content=\"Super User\" \/>\n\t<meta name=\"twitter:label2\" content=\"Tiempo de lectura\" \/>\n\t<meta name=\"twitter:data2\" content=\"1 minuto\" \/>\n<script type=\"application\/ld+json\" class=\"yoast-schema-graph\">{\"@context\":\"https:\\\/\\\/schema.org\",\"@graph\":[{\"@type\":\"Article\",\"@id\":\"https:\\\/\\\/ppdegalicia.com\\\/es\\\/o-parlamento-demanda-que-os-concellos-valoren-a-calidade-arquitectonica-en-canto-ao-cumprimento-das-condicions-de-edificacion\\\/#article\",\"isPartOf\":{\"@id\":\"https:\\\/\\\/ppdegalicia.com\\\/es\\\/o-parlamento-demanda-que-os-concellos-valoren-a-calidade-arquitectonica-en-canto-ao-cumprimento-das-condicions-de-edificacion\\\/\"},\"author\":{\"name\":\"Super User\",\"@id\":\"https:\\\/\\\/ppdegalicia.com\\\/es\\\/#\\\/schema\\\/person\\\/d0f013b8388c980665d44009ab762960\"},\"headline\":\"O Parlamento demanda que os concellos valoren a calidade arquitect\u00f3nica en canto ao cumprimento das condici\u00f3ns de edificaci\u00f3n\",\"datePublished\":\"2019-06-26T13:35:09+00:00\",\"mainEntityOfPage\":{\"@id\":\"https:\\\/\\\/ppdegalicia.com\\\/es\\\/o-parlamento-demanda-que-os-concellos-valoren-a-calidade-arquitectonica-en-canto-ao-cumprimento-das-condicions-de-edificacion\\\/\"},\"wordCount\":208,\"commentCount\":0,\"publisher\":{\"@id\":\"https:\\\/\\\/ppdegalicia.com\\\/es\\\/#organization\"},\"articleSection\":[\"PP de Galicia\"],\"inLanguage\":\"es\",\"potentialAction\":[{\"@type\":\"CommentAction\",\"name\":\"Comment\",\"target\":[\"https:\\\/\\\/ppdegalicia.com\\\/es\\\/o-parlamento-demanda-que-os-concellos-valoren-a-calidade-arquitectonica-en-canto-ao-cumprimento-das-condicions-de-edificacion\\\/#respond\"]}]},{\"@type\":\"WebPage\",\"@id\":\"https:\\\/\\\/ppdegalicia.com\\\/es\\\/o-parlamento-demanda-que-os-concellos-valoren-a-calidade-arquitectonica-en-canto-ao-cumprimento-das-condicions-de-edificacion\\\/\",\"url\":\"https:\\\/\\\/ppdegalicia.com\\\/es\\\/o-parlamento-demanda-que-os-concellos-valoren-a-calidade-arquitectonica-en-canto-ao-cumprimento-das-condicions-de-edificacion\\\/\",\"name\":\"O Parlamento demanda que os concellos valoren a calidade arquitect\u00f3nica en canto ao cumprimento das condici\u00f3ns de edificaci\u00f3n - PP de Galicia\",\"isPartOf\":{\"@id\":\"https:\\\/\\\/ppdegalicia.com\\\/es\\\/#website\"},\"datePublished\":\"2019-06-26T13:35:09+00:00\",\"breadcrumb\":{\"@id\":\"https:\\\/\\\/ppdegalicia.com\\\/es\\\/o-parlamento-demanda-que-os-concellos-valoren-a-calidade-arquitectonica-en-canto-ao-cumprimento-das-condicions-de-edificacion\\\/#breadcrumb\"},\"inLanguage\":\"es\",\"potentialAction\":[{\"@type\":\"ReadAction\",\"target\":[\"https:\\\/\\\/ppdegalicia.com\\\/es\\\/o-parlamento-demanda-que-os-concellos-valoren-a-calidade-arquitectonica-en-canto-ao-cumprimento-das-condicions-de-edificacion\\\/\"]}]},{\"@type\":\"BreadcrumbList\",\"@id\":\"https:\\\/\\\/ppdegalicia.com\\\/es\\\/o-parlamento-demanda-que-os-concellos-valoren-a-calidade-arquitectonica-en-canto-ao-cumprimento-das-condicions-de-edificacion\\\/#breadcrumb\",\"itemListElement\":[{\"@type\":\"ListItem\",\"position\":1,\"name\":\"Portada\",\"item\":\"https:\\\/\\\/ppdegalicia.com\\\/es\\\/\"},{\"@type\":\"ListItem\",\"position\":2,\"name\":\"O Parlamento demanda que os concellos valoren a calidade arquitect\u00f3nica en canto ao cumprimento das condici\u00f3ns de edificaci\u00f3n\"}]},{\"@type\":\"WebSite\",\"@id\":\"https:\\\/\\\/ppdegalicia.com\\\/es\\\/#website\",\"url\":\"https:\\\/\\\/ppdegalicia.com\\\/es\\\/\",\"name\":\"Partido Popular de Galicia\",\"description\":\"Partido Popular de Galicia\",\"publisher\":{\"@id\":\"https:\\\/\\\/ppdegalicia.com\\\/es\\\/#organization\"},\"alternateName\":\"PP de Galicia\",\"potentialAction\":[{\"@type\":\"SearchAction\",\"target\":{\"@type\":\"EntryPoint\",\"urlTemplate\":\"https:\\\/\\\/ppdegalicia.com\\\/es\\\/?s={search_term_string}\"},\"query-input\":{\"@type\":\"PropertyValueSpecification\",\"valueRequired\":true,\"valueName\":\"search_term_string\"}}],\"inLanguage\":\"es\"},{\"@type\":\"Organization\",\"@id\":\"https:\\\/\\\/ppdegalicia.com\\\/es\\\/#organization\",\"name\":\"Partido Popular de Galicia\",\"alternateName\":\"PP de Galicia\",\"url\":\"https:\\\/\\\/ppdegalicia.com\\\/es\\\/\",\"logo\":{\"@type\":\"ImageObject\",\"inLanguage\":\"es\",\"@id\":\"https:\\\/\\\/ppdegalicia.com\\\/es\\\/#\\\/schema\\\/logo\\\/image\\\/\",\"url\":\"https:\\\/\\\/ppdegalicia.com\\\/wp-content\\\/uploads\\\/2023\\\/04\\\/logoPP512.png\",\"contentUrl\":\"https:\\\/\\\/ppdegalicia.com\\\/wp-content\\\/uploads\\\/2023\\\/04\\\/logoPP512.png\",\"width\":512,\"height\":512,\"caption\":\"Partido Popular de Galicia\"},\"image\":{\"@id\":\"https:\\\/\\\/ppdegalicia.com\\\/es\\\/#\\\/schema\\\/logo\\\/image\\\/\"},\"sameAs\":[\"https:\\\/\\\/www.instagram.com\\\/ppdegalicia\\\/\",\"https:\\\/\\\/x.com\\\/ppdegalicia\",\"https:\\\/\\\/www.tiktok.com\\\/@ppdegalicia\",\"https:\\\/\\\/www.youtube.com\\\/user\\\/ppdegalicia\"]},{\"@type\":\"Person\",\"@id\":\"https:\\\/\\\/ppdegalicia.com\\\/es\\\/#\\\/schema\\\/person\\\/d0f013b8388c980665d44009ab762960\",\"name\":\"Super User\",\"image\":{\"@type\":\"ImageObject\",\"inLanguage\":\"es\",\"@id\":\"https:\\\/\\\/secure.gravatar.com\\\/avatar\\\/1db852625ef4948f58d2739bfbc51e4b9bd5c93b8fa340b59fdb594ca0845645?s=96&d=mm&r=g\",\"url\":\"https:\\\/\\\/secure.gravatar.com\\\/avatar\\\/1db852625ef4948f58d2739bfbc51e4b9bd5c93b8fa340b59fdb594ca0845645?s=96&d=mm&r=g\",\"contentUrl\":\"https:\\\/\\\/secure.gravatar.com\\\/avatar\\\/1db852625ef4948f58d2739bfbc51e4b9bd5c93b8fa340b59fdb594ca0845645?s=96&d=mm&r=g\",\"caption\":\"Super User\"},\"url\":\"https:\\\/\\\/ppdegalicia.com\\\/es\\\/author\\\/ppdegaliciagestion\\\/\"}]}<\/script>\n<!-- \/ Yoast SEO plugin. -->","yoast_head_json":{"title":"O Parlamento demanda que os concellos valoren a calidade arquitect\u00f3nica en canto ao cumprimento das condici\u00f3ns de edificaci\u00f3n - PP de Galicia","robots":{"index":"index","follow":"follow","max-snippet":"max-snippet:-1","max-image-preview":"max-image-preview:large","max-video-preview":"max-video-preview:-1"},"canonical":"https:\/\/ppdegalicia.com\/es\/o-parlamento-demanda-que-os-concellos-valoren-a-calidade-arquitectonica-en-canto-ao-cumprimento-das-condicions-de-edificacion\/","og_locale":"es_ES","og_type":"article","og_title":"O Parlamento demanda que os concellos valoren a calidade arquitect\u00f3nica en canto ao cumprimento das condici\u00f3ns de edificaci\u00f3n - PP de Galicia","og_description":"Santiago, 26 de xu\u00f1o de 2019.- O Pleno do Parlamento de Galicia aprobou hoxe unha proposici\u00f3n non de lei, logo dunha transacci\u00f3n entre o Grupo Popular e o Grupo Socialista, a trav\u00e9s da que se insta \u00e1 Xunta para que se dirixa a todos os concellos co fin de facilitar a aplicaci\u00f3n do recollido na [&hellip;]","og_url":"https:\/\/ppdegalicia.com\/es\/o-parlamento-demanda-que-os-concellos-valoren-a-calidade-arquitectonica-en-canto-ao-cumprimento-das-condicions-de-edificacion\/","og_site_name":"PP de Galicia","article_publisher":"https:\/\/www.instagram.com\/ppdegalicia\/","article_published_time":"2019-06-26T13:35:09+00:00","author":"Super User","twitter_card":"summary_large_image","twitter_creator":"@ppdegalicia","twitter_site":"@ppdegalicia","twitter_misc":{"Escrito por":"Super User","Tiempo de lectura":"1 minuto"},"schema":{"@context":"https:\/\/schema.org","@graph":[{"@type":"Article","@id":"https:\/\/ppdegalicia.com\/es\/o-parlamento-demanda-que-os-concellos-valoren-a-calidade-arquitectonica-en-canto-ao-cumprimento-das-condicions-de-edificacion\/#article","isPartOf":{"@id":"https:\/\/ppdegalicia.com\/es\/o-parlamento-demanda-que-os-concellos-valoren-a-calidade-arquitectonica-en-canto-ao-cumprimento-das-condicions-de-edificacion\/"},"author":{"name":"Super User","@id":"https:\/\/ppdegalicia.com\/es\/#\/schema\/person\/d0f013b8388c980665d44009ab762960"},"headline":"O Parlamento demanda que os concellos valoren a calidade arquitect\u00f3nica en canto ao cumprimento das condici\u00f3ns de edificaci\u00f3n","datePublished":"2019-06-26T13:35:09+00:00","mainEntityOfPage":{"@id":"https:\/\/ppdegalicia.com\/es\/o-parlamento-demanda-que-os-concellos-valoren-a-calidade-arquitectonica-en-canto-ao-cumprimento-das-condicions-de-edificacion\/"},"wordCount":208,"commentCount":0,"publisher":{"@id":"https:\/\/ppdegalicia.com\/es\/#organization"},"articleSection":["PP de Galicia"],"inLanguage":"es","potentialAction":[{"@type":"CommentAction","name":"Comment","target":["https:\/\/ppdegalicia.com\/es\/o-parlamento-demanda-que-os-concellos-valoren-a-calidade-arquitectonica-en-canto-ao-cumprimento-das-condicions-de-edificacion\/#respond"]}]},{"@type":"WebPage","@id":"https:\/\/ppdegalicia.com\/es\/o-parlamento-demanda-que-os-concellos-valoren-a-calidade-arquitectonica-en-canto-ao-cumprimento-das-condicions-de-edificacion\/","url":"https:\/\/ppdegalicia.com\/es\/o-parlamento-demanda-que-os-concellos-valoren-a-calidade-arquitectonica-en-canto-ao-cumprimento-das-condicions-de-edificacion\/","name":"O Parlamento demanda que os concellos valoren a calidade arquitect\u00f3nica en canto ao cumprimento das condici\u00f3ns de edificaci\u00f3n - PP de Galicia","isPartOf":{"@id":"https:\/\/ppdegalicia.com\/es\/#website"},"datePublished":"2019-06-26T13:35:09+00:00","breadcrumb":{"@id":"https:\/\/ppdegalicia.com\/es\/o-parlamento-demanda-que-os-concellos-valoren-a-calidade-arquitectonica-en-canto-ao-cumprimento-das-condicions-de-edificacion\/#breadcrumb"},"inLanguage":"es","potentialAction":[{"@type":"ReadAction","target":["https:\/\/ppdegalicia.com\/es\/o-parlamento-demanda-que-os-concellos-valoren-a-calidade-arquitectonica-en-canto-ao-cumprimento-das-condicions-de-edificacion\/"]}]},{"@type":"BreadcrumbList","@id":"https:\/\/ppdegalicia.com\/es\/o-parlamento-demanda-que-os-concellos-valoren-a-calidade-arquitectonica-en-canto-ao-cumprimento-das-condicions-de-edificacion\/#breadcrumb","itemListElement":[{"@type":"ListItem","position":1,"name":"Portada","item":"https:\/\/ppdegalicia.com\/es\/"},{"@type":"ListItem","position":2,"name":"O Parlamento demanda que os concellos valoren a calidade arquitect\u00f3nica en canto ao cumprimento das condici\u00f3ns de edificaci\u00f3n"}]},{"@type":"WebSite","@id":"https:\/\/ppdegalicia.com\/es\/#website","url":"https:\/\/ppdegalicia.com\/es\/","name":"Partido Popular de Galicia","description":"Partido Popular de Galicia","publisher":{"@id":"https:\/\/ppdegalicia.com\/es\/#organization"},"alternateName":"PP de Galicia","potentialAction":[{"@type":"SearchAction","target":{"@type":"EntryPoint","urlTemplate":"https:\/\/ppdegalicia.com\/es\/?s={search_term_string}"},"query-input":{"@type":"PropertyValueSpecification","valueRequired":true,"valueName":"search_term_string"}}],"inLanguage":"es"},{"@type":"Organization","@id":"https:\/\/ppdegalicia.com\/es\/#organization","name":"Partido Popular de Galicia","alternateName":"PP de Galicia","url":"https:\/\/ppdegalicia.com\/es\/","logo":{"@type":"ImageObject","inLanguage":"es","@id":"https:\/\/ppdegalicia.com\/es\/#\/schema\/logo\/image\/","url":"https:\/\/ppdegalicia.com\/wp-content\/uploads\/2023\/04\/logoPP512.png","contentUrl":"https:\/\/ppdegalicia.com\/wp-content\/uploads\/2023\/04\/logoPP512.png","width":512,"height":512,"caption":"Partido Popular de Galicia"},"image":{"@id":"https:\/\/ppdegalicia.com\/es\/#\/schema\/logo\/image\/"},"sameAs":["https:\/\/www.instagram.com\/ppdegalicia\/","https:\/\/x.com\/ppdegalicia","https:\/\/www.tiktok.com\/@ppdegalicia","https:\/\/www.youtube.com\/user\/ppdegalicia"]},{"@type":"Person","@id":"https:\/\/ppdegalicia.com\/es\/#\/schema\/person\/d0f013b8388c980665d44009ab762960","name":"Super User","image":{"@type":"ImageObject","inLanguage":"es","@id":"https:\/\/secure.gravatar.com\/avatar\/1db852625ef4948f58d2739bfbc51e4b9bd5c93b8fa340b59fdb594ca0845645?s=96&d=mm&r=g","url":"https:\/\/secure.gravatar.com\/avatar\/1db852625ef4948f58d2739bfbc51e4b9bd5c93b8fa340b59fdb594ca0845645?s=96&d=mm&r=g","contentUrl":"https:\/\/secure.gravatar.com\/avatar\/1db852625ef4948f58d2739bfbc51e4b9bd5c93b8fa340b59fdb594ca0845645?s=96&d=mm&r=g","caption":"Super User"},"url":"https:\/\/ppdegalicia.com\/es\/author\/ppdegaliciagestion\/"}]}},"_links":{"self":[{"href":"https:\/\/ppdegalicia.com\/es\/wp-json\/wp\/v2\/posts\/52433","targetHints":{"allow":["GET"]}}],"collection":[{"href":"https:\/\/ppdegalicia.com\/es\/wp-json\/wp\/v2\/posts"}],"about":[{"href":"https:\/\/ppdegalicia.com\/es\/wp-json\/wp\/v2\/types\/post"}],"author":[{"embeddable":true,"href":"https:\/\/ppdegalicia.com\/es\/wp-json\/wp\/v2\/users\/37"}],"replies":[{"embeddable":true,"href":"https:\/\/ppdegalicia.com\/es\/wp-json\/wp\/v2\/comments?post=52433"}],"version-history":[{"count":0,"href":"https:\/\/ppdegalicia.com\/es\/wp-json\/wp\/v2\/posts\/52433\/revisions"}],"wp:attachment":[{"href":"https:\/\/ppdegalicia.com\/es\/wp-json\/wp\/v2\/media?parent=52433"}],"wp:term":[{"taxonomy":"category","embeddable":true,"href":"https:\/\/ppdegalicia.com\/es\/wp-json\/wp\/v2\/categories?post=52433"},{"taxonomy":"post_tag","embeddable":true,"href":"https:\/\/ppdegalicia.com\/es\/wp-json\/wp\/v2\/tags?post=52433"}],"curies":[{"name":"wp","href":"https:\/\/api.w.org\/{rel}","templated":true}]}}