{"id":52434,"date":"2019-06-26T16:09:21","date_gmt":"2019-06-26T14:09:21","guid":{"rendered":"https:\/\/ppdegalicia.com\/o-parlamento-demanda-a-xunta-fomentar-parques-publicos-de-vivendas-en-alugueiro-social-nos-concellos-de-menos-de-20-000-habitantes\/"},"modified":"2019-06-26T16:09:21","modified_gmt":"2019-06-26T14:09:21","slug":"o-parlamento-demanda-a-xunta-fomentar-parques-publicos-de-vivendas-en-alugueiro-social-nos-concellos-de-menos-de-20-000-habitantes","status":"publish","type":"post","link":"https:\/\/ppdegalicia.com\/es\/o-parlamento-demanda-a-xunta-fomentar-parques-publicos-de-vivendas-en-alugueiro-social-nos-concellos-de-menos-de-20-000-habitantes\/","title":{"rendered":"O Parlamento demanda \u00e1 Xunta fomentar parques p\u00fablicos de vivendas en alugueiro social nos concellos de menos de 20.000 habitantes"},"content":{"rendered":"<p>Santiago, 26 de xu\u00f1o de 2019.- O Parlamento de Galicia aprobou hoxe a proposici\u00f3n non de lei impulsada polo Grupo Popular a trav\u00e9s da que se insta \u00e1 Xunta a fomentar, en colaboraci\u00f3n coa Fegamp, a constituci\u00f3n de parques p\u00fablicos de vivenda en alugueiro social nos concellos de menos de 20.000 habitantes, co emprego simult\u00e1neo das li\u00f1as de axudas de que disp\u00f3n a Xunta de Galicia para a rehabilitaci\u00f3n de vivendas de titularidade municipal.<\/p>\n<p><!--more--><\/p>\n<p>\u201cO obxectivo desta iniciativa \u00e9 dobre: por unha parte, ampliar o parque p\u00fablico de vivendas e, por outra, fixar poboaci\u00f3n nestes municipios de menor poboaci\u00f3n\u201d, sinalou o portavoz de Vivenda, Jaime Casti\u00f1eira.<\/p>\n<p>&nbsp;<\/p>\n<p>As\u00ed mesmo, o Grupo Popular aceptou como adici\u00f3n a emenda presentada polo Grupo Socialista \u00e1 trav\u00e9s da que se insta \u00e1 Xunta a aumentar, en colaboraci\u00f3n con todos os concellos de Galicia, o parque p\u00fablico de vivenda en alugueiro social facendo uso de todas as li\u00f1as de axudas e investimentos destinadas a vivendas de promoci\u00f3n p\u00fablica, tanto para a nova creaci\u00f3n como para a rehabilitaci\u00f3n de vivendas de titularidade municipal, as\u00ed como a posta a disposici\u00f3n de vivendas por parte de particulares a trav\u00e9s dos programas pertinentes.<\/p>\n<p>&nbsp;<\/p>\n<p>Na s\u00faa intervenci\u00f3n, Casti\u00f1eira lembrou que a Xunta ten competencia exclusiva en materia de pol\u00edtica de vivenda en Galicia, \u201cpero entre as competencias dos concellos tam\u00e9n se atopa a promoci\u00f3n e xesti\u00f3n da vivenda de protecci\u00f3n p\u00fablica con criterios de sostibilidade financeira\u201d. Por\u00e9n, lamentou que \u201ca meirande parte dos concellos galegos non exercen esta competencia, unha situaci\u00f3n que resulta incomprensible naqueles de menor poboaci\u00f3n e recursos insuficientes para dotarse dun parque p\u00fablico de vivendas\u201d.<\/p>\n<p>&nbsp;<\/p>\n<p>Jaime Casti\u00f1eira indicou que a Xunta conta cun parque p\u00fablico de 3.600 vivendas en alugueiro, as\u00ed como axudas destinadas aos concellos para facilitar a constituci\u00f3n dun parque p\u00fablico de vivenda en alugueiro destinadas a familias con menos recursos, como o Fondo de Cooperaci\u00f3n, o programa de rehabilitaci\u00f3n de vivendas de mestres ou as axudas para infravivenda rural.<\/p>\n<p>&nbsp;<\/p>\n<p><strong>D\u00c9BEDA NAS XESTURES DO GOBERNO BIPARTITO<\/strong><\/p>\n<p>&nbsp;<\/p>\n<p>As\u00ed mesmo, criticou que \u201co anterior Goberno bipartito da Xunta deixou unha d\u00e9beda nas Xestures galegas de 280 mill\u00f3ns de euros, que o actual Goberno galego tivo que abonar ao longo destes \u00faltimos anos\u201d. \u201cCon estes cartos, se poder\u00edan ter constru\u00eddo arredor de 280.000 metros cadrados de vivenda, o que se traducir\u00eda nunhas 3.000 novas vivendas p\u00fablicas que non se puideron constru\u00edr pola d\u00e9beda deixada polo bipartito\u201d, lamentou.<\/p>\n<p>&nbsp;<\/p>\n<p>\u201cNeste momento, vivos de celebrar a constituci\u00f3n das novas corporaci\u00f3ns locais, polo que entendemos que \u00e9 un momento importante para que os concellos se acollan a estes programas da Xunta e, ao mesmo tempo, adoptar medidas dirixidas \u00e1 estabilidade da poboaci\u00f3n nestes concellos con menor poboaci\u00f3n\u201d, sinalou o portavoz popular.<\/p>\n","protected":false},"excerpt":{"rendered":"<p>Santiago, 26 de xu\u00f1o de 2019.- O Parlamento de Galicia aprobou hoxe a proposici\u00f3n non de lei impulsada polo Grupo Popular a trav\u00e9s da que se insta \u00e1 Xunta a fomentar, en colaboraci\u00f3n coa Fegamp, a constituci\u00f3n de parques p\u00fablicos de vivenda en alugueiro social nos concellos de menos de 20.000 habitantes, co emprego simult\u00e1neo [&hellip;]<\/p>\n","protected":false},"author":37,"featured_media":0,"comment_status":"open","ping_status":"open","sticky":false,"template":"","format":"standard","meta":{"_acf_changed":false,"footnotes":""},"categories":[1],"tags":[],"class_list":["post-52434","post","type-post","status-publish","format-standard","hentry","category-pp-de-galicia"],"acf":[],"yoast_head":"<!-- This site is optimized with the Yoast SEO plugin v27.3 - https:\/\/yoast.com\/product\/yoast-seo-wordpress\/ -->\n<title>O Parlamento demanda \u00e1 Xunta fomentar parques p\u00fablicos de vivendas en alugueiro social nos concellos de menos de 20.000 habitantes - PP de Galicia<\/title>\n<meta name=\"robots\" content=\"index, follow, max-snippet:-1, max-image-preview:large, max-video-preview:-1\" \/>\n<link rel=\"canonical\" href=\"https:\/\/ppdegalicia.com\/es\/o-parlamento-demanda-a-xunta-fomentar-parques-publicos-de-vivendas-en-alugueiro-social-nos-concellos-de-menos-de-20-000-habitantes\/\" \/>\n<meta property=\"og:locale\" content=\"es_ES\" \/>\n<meta property=\"og:type\" content=\"article\" \/>\n<meta property=\"og:title\" content=\"O Parlamento demanda \u00e1 Xunta fomentar parques p\u00fablicos de vivendas en alugueiro social nos concellos de menos de 20.000 habitantes - PP de Galicia\" \/>\n<meta property=\"og:description\" content=\"Santiago, 26 de xu\u00f1o de 2019.- O Parlamento de Galicia aprobou hoxe a proposici\u00f3n non de lei impulsada polo Grupo Popular a trav\u00e9s da que se insta \u00e1 Xunta a fomentar, en colaboraci\u00f3n coa Fegamp, a constituci\u00f3n de parques p\u00fablicos de vivenda en alugueiro social nos concellos de menos de 20.000 habitantes, co emprego simult\u00e1neo [&hellip;]\" \/>\n<meta property=\"og:url\" content=\"https:\/\/ppdegalicia.com\/es\/o-parlamento-demanda-a-xunta-fomentar-parques-publicos-de-vivendas-en-alugueiro-social-nos-concellos-de-menos-de-20-000-habitantes\/\" \/>\n<meta property=\"og:site_name\" content=\"PP de Galicia\" \/>\n<meta property=\"article:publisher\" content=\"https:\/\/www.instagram.com\/ppdegalicia\/\" \/>\n<meta property=\"article:published_time\" content=\"2019-06-26T14:09:21+00:00\" \/>\n<meta name=\"author\" content=\"Super User\" \/>\n<meta name=\"twitter:card\" content=\"summary_large_image\" \/>\n<meta name=\"twitter:creator\" content=\"@ppdegalicia\" \/>\n<meta name=\"twitter:site\" content=\"@ppdegalicia\" \/>\n<meta name=\"twitter:label1\" content=\"Escrito por\" \/>\n\t<meta name=\"twitter:data1\" content=\"Super User\" \/>\n\t<meta name=\"twitter:label2\" content=\"Tiempo de lectura\" \/>\n\t<meta name=\"twitter:data2\" content=\"2 minutos\" \/>\n<script type=\"application\/ld+json\" class=\"yoast-schema-graph\">{\"@context\":\"https:\\\/\\\/schema.org\",\"@graph\":[{\"@type\":\"Article\",\"@id\":\"https:\\\/\\\/ppdegalicia.com\\\/es\\\/o-parlamento-demanda-a-xunta-fomentar-parques-publicos-de-vivendas-en-alugueiro-social-nos-concellos-de-menos-de-20-000-habitantes\\\/#article\",\"isPartOf\":{\"@id\":\"https:\\\/\\\/ppdegalicia.com\\\/es\\\/o-parlamento-demanda-a-xunta-fomentar-parques-publicos-de-vivendas-en-alugueiro-social-nos-concellos-de-menos-de-20-000-habitantes\\\/\"},\"author\":{\"name\":\"Super User\",\"@id\":\"https:\\\/\\\/ppdegalicia.com\\\/es\\\/#\\\/schema\\\/person\\\/d0f013b8388c980665d44009ab762960\"},\"headline\":\"O Parlamento demanda \u00e1 Xunta fomentar parques p\u00fablicos de vivendas en alugueiro social nos concellos de menos de 20.000 habitantes\",\"datePublished\":\"2019-06-26T14:09:21+00:00\",\"mainEntityOfPage\":{\"@id\":\"https:\\\/\\\/ppdegalicia.com\\\/es\\\/o-parlamento-demanda-a-xunta-fomentar-parques-publicos-de-vivendas-en-alugueiro-social-nos-concellos-de-menos-de-20-000-habitantes\\\/\"},\"wordCount\":518,\"commentCount\":0,\"publisher\":{\"@id\":\"https:\\\/\\\/ppdegalicia.com\\\/es\\\/#organization\"},\"articleSection\":[\"PP de Galicia\"],\"inLanguage\":\"es\",\"potentialAction\":[{\"@type\":\"CommentAction\",\"name\":\"Comment\",\"target\":[\"https:\\\/\\\/ppdegalicia.com\\\/es\\\/o-parlamento-demanda-a-xunta-fomentar-parques-publicos-de-vivendas-en-alugueiro-social-nos-concellos-de-menos-de-20-000-habitantes\\\/#respond\"]}]},{\"@type\":\"WebPage\",\"@id\":\"https:\\\/\\\/ppdegalicia.com\\\/es\\\/o-parlamento-demanda-a-xunta-fomentar-parques-publicos-de-vivendas-en-alugueiro-social-nos-concellos-de-menos-de-20-000-habitantes\\\/\",\"url\":\"https:\\\/\\\/ppdegalicia.com\\\/es\\\/o-parlamento-demanda-a-xunta-fomentar-parques-publicos-de-vivendas-en-alugueiro-social-nos-concellos-de-menos-de-20-000-habitantes\\\/\",\"name\":\"O Parlamento demanda \u00e1 Xunta fomentar parques p\u00fablicos de vivendas en alugueiro social nos concellos de menos de 20.000 habitantes - PP de Galicia\",\"isPartOf\":{\"@id\":\"https:\\\/\\\/ppdegalicia.com\\\/es\\\/#website\"},\"datePublished\":\"2019-06-26T14:09:21+00:00\",\"breadcrumb\":{\"@id\":\"https:\\\/\\\/ppdegalicia.com\\\/es\\\/o-parlamento-demanda-a-xunta-fomentar-parques-publicos-de-vivendas-en-alugueiro-social-nos-concellos-de-menos-de-20-000-habitantes\\\/#breadcrumb\"},\"inLanguage\":\"es\",\"potentialAction\":[{\"@type\":\"ReadAction\",\"target\":[\"https:\\\/\\\/ppdegalicia.com\\\/es\\\/o-parlamento-demanda-a-xunta-fomentar-parques-publicos-de-vivendas-en-alugueiro-social-nos-concellos-de-menos-de-20-000-habitantes\\\/\"]}]},{\"@type\":\"BreadcrumbList\",\"@id\":\"https:\\\/\\\/ppdegalicia.com\\\/es\\\/o-parlamento-demanda-a-xunta-fomentar-parques-publicos-de-vivendas-en-alugueiro-social-nos-concellos-de-menos-de-20-000-habitantes\\\/#breadcrumb\",\"itemListElement\":[{\"@type\":\"ListItem\",\"position\":1,\"name\":\"Portada\",\"item\":\"https:\\\/\\\/ppdegalicia.com\\\/es\\\/\"},{\"@type\":\"ListItem\",\"position\":2,\"name\":\"O Parlamento demanda \u00e1 Xunta fomentar parques p\u00fablicos de vivendas en alugueiro social nos concellos de menos de 20.000 habitantes\"}]},{\"@type\":\"WebSite\",\"@id\":\"https:\\\/\\\/ppdegalicia.com\\\/es\\\/#website\",\"url\":\"https:\\\/\\\/ppdegalicia.com\\\/es\\\/\",\"name\":\"Partido Popular de Galicia\",\"description\":\"Partido Popular de Galicia\",\"publisher\":{\"@id\":\"https:\\\/\\\/ppdegalicia.com\\\/es\\\/#organization\"},\"alternateName\":\"PP de Galicia\",\"potentialAction\":[{\"@type\":\"SearchAction\",\"target\":{\"@type\":\"EntryPoint\",\"urlTemplate\":\"https:\\\/\\\/ppdegalicia.com\\\/es\\\/?s={search_term_string}\"},\"query-input\":{\"@type\":\"PropertyValueSpecification\",\"valueRequired\":true,\"valueName\":\"search_term_string\"}}],\"inLanguage\":\"es\"},{\"@type\":\"Organization\",\"@id\":\"https:\\\/\\\/ppdegalicia.com\\\/es\\\/#organization\",\"name\":\"Partido Popular de Galicia\",\"alternateName\":\"PP de Galicia\",\"url\":\"https:\\\/\\\/ppdegalicia.com\\\/es\\\/\",\"logo\":{\"@type\":\"ImageObject\",\"inLanguage\":\"es\",\"@id\":\"https:\\\/\\\/ppdegalicia.com\\\/es\\\/#\\\/schema\\\/logo\\\/image\\\/\",\"url\":\"https:\\\/\\\/ppdegalicia.com\\\/wp-content\\\/uploads\\\/2023\\\/04\\\/logoPP512.png\",\"contentUrl\":\"https:\\\/\\\/ppdegalicia.com\\\/wp-content\\\/uploads\\\/2023\\\/04\\\/logoPP512.png\",\"width\":512,\"height\":512,\"caption\":\"Partido Popular de Galicia\"},\"image\":{\"@id\":\"https:\\\/\\\/ppdegalicia.com\\\/es\\\/#\\\/schema\\\/logo\\\/image\\\/\"},\"sameAs\":[\"https:\\\/\\\/www.instagram.com\\\/ppdegalicia\\\/\",\"https:\\\/\\\/x.com\\\/ppdegalicia\",\"https:\\\/\\\/www.tiktok.com\\\/@ppdegalicia\",\"https:\\\/\\\/www.youtube.com\\\/user\\\/ppdegalicia\"]},{\"@type\":\"Person\",\"@id\":\"https:\\\/\\\/ppdegalicia.com\\\/es\\\/#\\\/schema\\\/person\\\/d0f013b8388c980665d44009ab762960\",\"name\":\"Super User\",\"image\":{\"@type\":\"ImageObject\",\"inLanguage\":\"es\",\"@id\":\"https:\\\/\\\/secure.gravatar.com\\\/avatar\\\/1db852625ef4948f58d2739bfbc51e4b9bd5c93b8fa340b59fdb594ca0845645?s=96&d=mm&r=g\",\"url\":\"https:\\\/\\\/secure.gravatar.com\\\/avatar\\\/1db852625ef4948f58d2739bfbc51e4b9bd5c93b8fa340b59fdb594ca0845645?s=96&d=mm&r=g\",\"contentUrl\":\"https:\\\/\\\/secure.gravatar.com\\\/avatar\\\/1db852625ef4948f58d2739bfbc51e4b9bd5c93b8fa340b59fdb594ca0845645?s=96&d=mm&r=g\",\"caption\":\"Super User\"},\"url\":\"https:\\\/\\\/ppdegalicia.com\\\/es\\\/author\\\/ppdegaliciagestion\\\/\"}]}<\/script>\n<!-- \/ Yoast SEO plugin. -->","yoast_head_json":{"title":"O Parlamento demanda \u00e1 Xunta fomentar parques p\u00fablicos de vivendas en alugueiro social nos concellos de menos de 20.000 habitantes - PP de Galicia","robots":{"index":"index","follow":"follow","max-snippet":"max-snippet:-1","max-image-preview":"max-image-preview:large","max-video-preview":"max-video-preview:-1"},"canonical":"https:\/\/ppdegalicia.com\/es\/o-parlamento-demanda-a-xunta-fomentar-parques-publicos-de-vivendas-en-alugueiro-social-nos-concellos-de-menos-de-20-000-habitantes\/","og_locale":"es_ES","og_type":"article","og_title":"O Parlamento demanda \u00e1 Xunta fomentar parques p\u00fablicos de vivendas en alugueiro social nos concellos de menos de 20.000 habitantes - PP de Galicia","og_description":"Santiago, 26 de xu\u00f1o de 2019.- O Parlamento de Galicia aprobou hoxe a proposici\u00f3n non de lei impulsada polo Grupo Popular a trav\u00e9s da que se insta \u00e1 Xunta a fomentar, en colaboraci\u00f3n coa Fegamp, a constituci\u00f3n de parques p\u00fablicos de vivenda en alugueiro social nos concellos de menos de 20.000 habitantes, co emprego simult\u00e1neo [&hellip;]","og_url":"https:\/\/ppdegalicia.com\/es\/o-parlamento-demanda-a-xunta-fomentar-parques-publicos-de-vivendas-en-alugueiro-social-nos-concellos-de-menos-de-20-000-habitantes\/","og_site_name":"PP de Galicia","article_publisher":"https:\/\/www.instagram.com\/ppdegalicia\/","article_published_time":"2019-06-26T14:09:21+00:00","author":"Super User","twitter_card":"summary_large_image","twitter_creator":"@ppdegalicia","twitter_site":"@ppdegalicia","twitter_misc":{"Escrito por":"Super User","Tiempo de lectura":"2 minutos"},"schema":{"@context":"https:\/\/schema.org","@graph":[{"@type":"Article","@id":"https:\/\/ppdegalicia.com\/es\/o-parlamento-demanda-a-xunta-fomentar-parques-publicos-de-vivendas-en-alugueiro-social-nos-concellos-de-menos-de-20-000-habitantes\/#article","isPartOf":{"@id":"https:\/\/ppdegalicia.com\/es\/o-parlamento-demanda-a-xunta-fomentar-parques-publicos-de-vivendas-en-alugueiro-social-nos-concellos-de-menos-de-20-000-habitantes\/"},"author":{"name":"Super User","@id":"https:\/\/ppdegalicia.com\/es\/#\/schema\/person\/d0f013b8388c980665d44009ab762960"},"headline":"O Parlamento demanda \u00e1 Xunta fomentar parques p\u00fablicos de vivendas en alugueiro social nos concellos de menos de 20.000 habitantes","datePublished":"2019-06-26T14:09:21+00:00","mainEntityOfPage":{"@id":"https:\/\/ppdegalicia.com\/es\/o-parlamento-demanda-a-xunta-fomentar-parques-publicos-de-vivendas-en-alugueiro-social-nos-concellos-de-menos-de-20-000-habitantes\/"},"wordCount":518,"commentCount":0,"publisher":{"@id":"https:\/\/ppdegalicia.com\/es\/#organization"},"articleSection":["PP de Galicia"],"inLanguage":"es","potentialAction":[{"@type":"CommentAction","name":"Comment","target":["https:\/\/ppdegalicia.com\/es\/o-parlamento-demanda-a-xunta-fomentar-parques-publicos-de-vivendas-en-alugueiro-social-nos-concellos-de-menos-de-20-000-habitantes\/#respond"]}]},{"@type":"WebPage","@id":"https:\/\/ppdegalicia.com\/es\/o-parlamento-demanda-a-xunta-fomentar-parques-publicos-de-vivendas-en-alugueiro-social-nos-concellos-de-menos-de-20-000-habitantes\/","url":"https:\/\/ppdegalicia.com\/es\/o-parlamento-demanda-a-xunta-fomentar-parques-publicos-de-vivendas-en-alugueiro-social-nos-concellos-de-menos-de-20-000-habitantes\/","name":"O Parlamento demanda \u00e1 Xunta fomentar parques p\u00fablicos de vivendas en alugueiro social nos concellos de menos de 20.000 habitantes - PP de Galicia","isPartOf":{"@id":"https:\/\/ppdegalicia.com\/es\/#website"},"datePublished":"2019-06-26T14:09:21+00:00","breadcrumb":{"@id":"https:\/\/ppdegalicia.com\/es\/o-parlamento-demanda-a-xunta-fomentar-parques-publicos-de-vivendas-en-alugueiro-social-nos-concellos-de-menos-de-20-000-habitantes\/#breadcrumb"},"inLanguage":"es","potentialAction":[{"@type":"ReadAction","target":["https:\/\/ppdegalicia.com\/es\/o-parlamento-demanda-a-xunta-fomentar-parques-publicos-de-vivendas-en-alugueiro-social-nos-concellos-de-menos-de-20-000-habitantes\/"]}]},{"@type":"BreadcrumbList","@id":"https:\/\/ppdegalicia.com\/es\/o-parlamento-demanda-a-xunta-fomentar-parques-publicos-de-vivendas-en-alugueiro-social-nos-concellos-de-menos-de-20-000-habitantes\/#breadcrumb","itemListElement":[{"@type":"ListItem","position":1,"name":"Portada","item":"https:\/\/ppdegalicia.com\/es\/"},{"@type":"ListItem","position":2,"name":"O Parlamento demanda \u00e1 Xunta fomentar parques p\u00fablicos de vivendas en alugueiro social nos concellos de menos de 20.000 habitantes"}]},{"@type":"WebSite","@id":"https:\/\/ppdegalicia.com\/es\/#website","url":"https:\/\/ppdegalicia.com\/es\/","name":"Partido Popular de Galicia","description":"Partido Popular de Galicia","publisher":{"@id":"https:\/\/ppdegalicia.com\/es\/#organization"},"alternateName":"PP de Galicia","potentialAction":[{"@type":"SearchAction","target":{"@type":"EntryPoint","urlTemplate":"https:\/\/ppdegalicia.com\/es\/?s={search_term_string}"},"query-input":{"@type":"PropertyValueSpecification","valueRequired":true,"valueName":"search_term_string"}}],"inLanguage":"es"},{"@type":"Organization","@id":"https:\/\/ppdegalicia.com\/es\/#organization","name":"Partido Popular de Galicia","alternateName":"PP de Galicia","url":"https:\/\/ppdegalicia.com\/es\/","logo":{"@type":"ImageObject","inLanguage":"es","@id":"https:\/\/ppdegalicia.com\/es\/#\/schema\/logo\/image\/","url":"https:\/\/ppdegalicia.com\/wp-content\/uploads\/2023\/04\/logoPP512.png","contentUrl":"https:\/\/ppdegalicia.com\/wp-content\/uploads\/2023\/04\/logoPP512.png","width":512,"height":512,"caption":"Partido Popular de Galicia"},"image":{"@id":"https:\/\/ppdegalicia.com\/es\/#\/schema\/logo\/image\/"},"sameAs":["https:\/\/www.instagram.com\/ppdegalicia\/","https:\/\/x.com\/ppdegalicia","https:\/\/www.tiktok.com\/@ppdegalicia","https:\/\/www.youtube.com\/user\/ppdegalicia"]},{"@type":"Person","@id":"https:\/\/ppdegalicia.com\/es\/#\/schema\/person\/d0f013b8388c980665d44009ab762960","name":"Super User","image":{"@type":"ImageObject","inLanguage":"es","@id":"https:\/\/secure.gravatar.com\/avatar\/1db852625ef4948f58d2739bfbc51e4b9bd5c93b8fa340b59fdb594ca0845645?s=96&d=mm&r=g","url":"https:\/\/secure.gravatar.com\/avatar\/1db852625ef4948f58d2739bfbc51e4b9bd5c93b8fa340b59fdb594ca0845645?s=96&d=mm&r=g","contentUrl":"https:\/\/secure.gravatar.com\/avatar\/1db852625ef4948f58d2739bfbc51e4b9bd5c93b8fa340b59fdb594ca0845645?s=96&d=mm&r=g","caption":"Super User"},"url":"https:\/\/ppdegalicia.com\/es\/author\/ppdegaliciagestion\/"}]}},"_links":{"self":[{"href":"https:\/\/ppdegalicia.com\/es\/wp-json\/wp\/v2\/posts\/52434","targetHints":{"allow":["GET"]}}],"collection":[{"href":"https:\/\/ppdegalicia.com\/es\/wp-json\/wp\/v2\/posts"}],"about":[{"href":"https:\/\/ppdegalicia.com\/es\/wp-json\/wp\/v2\/types\/post"}],"author":[{"embeddable":true,"href":"https:\/\/ppdegalicia.com\/es\/wp-json\/wp\/v2\/users\/37"}],"replies":[{"embeddable":true,"href":"https:\/\/ppdegalicia.com\/es\/wp-json\/wp\/v2\/comments?post=52434"}],"version-history":[{"count":0,"href":"https:\/\/ppdegalicia.com\/es\/wp-json\/wp\/v2\/posts\/52434\/revisions"}],"wp:attachment":[{"href":"https:\/\/ppdegalicia.com\/es\/wp-json\/wp\/v2\/media?parent=52434"}],"wp:term":[{"taxonomy":"category","embeddable":true,"href":"https:\/\/ppdegalicia.com\/es\/wp-json\/wp\/v2\/categories?post=52434"},{"taxonomy":"post_tag","embeddable":true,"href":"https:\/\/ppdegalicia.com\/es\/wp-json\/wp\/v2\/tags?post=52434"}],"curies":[{"name":"wp","href":"https:\/\/api.w.org\/{rel}","templated":true}]}}