{"id":52439,"date":"2019-06-28T11:06:49","date_gmt":"2019-06-28T09:06:49","guid":{"rendered":"https:\/\/ppdegalicia.com\/o-ppdeg-afirma-que-a-nova-lei-de-administracion-dixital-consegue-unha-relacion-cos-galegos-mais-eficaz-transparente-e-de-maior-calidade\/"},"modified":"2019-06-28T11:06:49","modified_gmt":"2019-06-28T09:06:49","slug":"o-ppdeg-afirma-que-a-nova-lei-de-administracion-dixital-consegue-unha-relacion-cos-galegos-mais-eficaz-transparente-e-de-maior-calidade","status":"publish","type":"post","link":"https:\/\/ppdegalicia.com\/es\/o-ppdeg-afirma-que-a-nova-lei-de-administracion-dixital-consegue-unha-relacion-cos-galegos-mais-eficaz-transparente-e-de-maior-calidade\/","title":{"rendered":"O PPdeG afirma que a nova lei de administraci\u00f3n dixital  \u201cconsegue unha relaci\u00f3n cos galegos m\u00e1is eficaz, transparente e de maior calidade\u201d"},"content":{"rendered":"<p>Santiago, 28 de xu\u00f1o de 2019.- A portavoz de Novas Tecnolox\u00edas do Grupo Popular, Sandra V\u00e1zquez, afirmou hoxe no Parlamento que a nova lei de administraci\u00f3n dixital de Galicia, cuxo ditame foi aprobado hoxe en Comisi\u00f3n e queda pendente do seu debate definitivo en Pleno, \u201cconsegue unha relaci\u00f3n con todos os galegos m\u00e1is eficaz, eficiente, transparente e de maior calidade\u201d.<\/p>\n<p><!--more--><\/p>\n<p>&nbsp;<\/p>\n<p>Sandra V\u00e1zquez indicou que este proxecto de lei \u201cera a peza que faltaba para conseguir a reforma integral da administraci\u00f3n p\u00fablica galega, po\u00f1\u00e9ndoa m\u00e1is en contacto directo e pr\u00f3ximo con todos os galegos\u201d.<\/p>\n<p>&nbsp;<\/p>\n<p>Na s\u00faa intervenci\u00f3n, a portavoz popular lembrou que este proxecto de lei \u201cconta coa participaci\u00f3n dos diferentes departamentos da Xunta de Galicia e, o que \u00e9 m\u00e1is importante, co voto favorable de todas as organizaci\u00f3ns sindicais\u201d.<\/p>\n<p>&nbsp;<\/p>\n<p><strong>NOVE PRINCIPIOS B\u00c1SICOS<\/strong><\/p>\n<p>&nbsp;<\/p>\n<p>\u201cEste proxecto de lei&nbsp; pivota sobre nove principios b\u00e1sicos: calidade, transparencia e boa administraci\u00f3n; principio de igualdade e non discriminaci\u00f3n; optimizaci\u00f3n de recursos; seguridade da informaci\u00f3n; autenticidade e confidencialidade; garant\u00eda dos dereitos dixitais; maior eficacia e eficiencia; garantir o uso da lingua galega; e a participaci\u00f3n plena da cidadan\u00eda\u201d.<\/p>\n<p>&nbsp;<\/p>\n<p>M\u00e1is en concreto, Sandra V\u00e1zquez salientou que a nova lei \u201ccontempla na carpeta cidad\u00e1 facilitar o acceso \u00e1 cidadan\u00eda e \u00e1s empresas tanto informaci\u00f3n de car\u00e1cter persoal, como a informaci\u00f3n de car\u00e1cter administrativo ou de prestaci\u00f3n de servizos, as\u00ed como manter permanentemente actualizados e vixentes aqueles outros datos ou documentaci\u00f3n que a persoa interesada poida achegar\u201d.<\/p>\n<p>&nbsp;<\/p>\n<p>\u201cQueremos avanzar cara un novo modelo de relaci\u00f3n da cidadan\u00eda coa administraci\u00f3n p\u00fablica, establecendo un marco regulatorio cos provedores tecnol\u00f3xicos que garanta a m\u00e1xima transparencia e o desenvolvemento de boas pr\u00e1cticas na s\u00faa relaci\u00f3n coa administraci\u00f3n\u201d, manifestou.<\/p>\n","protected":false},"excerpt":{"rendered":"<p>Santiago, 28 de xu\u00f1o de 2019.- A portavoz de Novas Tecnolox\u00edas do Grupo Popular, Sandra V\u00e1zquez, afirmou hoxe no Parlamento que a nova lei de administraci\u00f3n dixital de Galicia, cuxo ditame foi aprobado hoxe en Comisi\u00f3n e queda pendente do seu debate definitivo en Pleno, \u201cconsegue unha relaci\u00f3n con todos os galegos m\u00e1is eficaz, eficiente, [&hellip;]<\/p>\n","protected":false},"author":37,"featured_media":0,"comment_status":"open","ping_status":"open","sticky":false,"template":"","format":"standard","meta":{"_acf_changed":false,"footnotes":""},"categories":[1],"tags":[],"class_list":["post-52439","post","type-post","status-publish","format-standard","hentry","category-pp-de-galicia"],"acf":[],"yoast_head":"<!-- This site is optimized with the Yoast SEO plugin v27.3 - https:\/\/yoast.com\/product\/yoast-seo-wordpress\/ -->\n<title>O PPdeG afirma que a nova lei de administraci\u00f3n dixital \u201cconsegue unha relaci\u00f3n cos galegos m\u00e1is eficaz, transparente e de maior calidade\u201d - PP de Galicia<\/title>\n<meta name=\"robots\" content=\"index, follow, max-snippet:-1, max-image-preview:large, max-video-preview:-1\" \/>\n<link rel=\"canonical\" href=\"https:\/\/ppdegalicia.com\/es\/o-ppdeg-afirma-que-a-nova-lei-de-administracion-dixital-consegue-unha-relacion-cos-galegos-mais-eficaz-transparente-e-de-maior-calidade\/\" \/>\n<meta property=\"og:locale\" content=\"es_ES\" \/>\n<meta property=\"og:type\" content=\"article\" \/>\n<meta property=\"og:title\" content=\"O PPdeG afirma que a nova lei de administraci\u00f3n dixital \u201cconsegue unha relaci\u00f3n cos galegos m\u00e1is eficaz, transparente e de maior calidade\u201d - PP de Galicia\" \/>\n<meta property=\"og:description\" content=\"Santiago, 28 de xu\u00f1o de 2019.- A portavoz de Novas Tecnolox\u00edas do Grupo Popular, Sandra V\u00e1zquez, afirmou hoxe no Parlamento que a nova lei de administraci\u00f3n dixital de Galicia, cuxo ditame foi aprobado hoxe en Comisi\u00f3n e queda pendente do seu debate definitivo en Pleno, \u201cconsegue unha relaci\u00f3n con todos os galegos m\u00e1is eficaz, eficiente, [&hellip;]\" \/>\n<meta property=\"og:url\" content=\"https:\/\/ppdegalicia.com\/es\/o-ppdeg-afirma-que-a-nova-lei-de-administracion-dixital-consegue-unha-relacion-cos-galegos-mais-eficaz-transparente-e-de-maior-calidade\/\" \/>\n<meta property=\"og:site_name\" content=\"PP de Galicia\" \/>\n<meta property=\"article:publisher\" content=\"https:\/\/www.instagram.com\/ppdegalicia\/\" \/>\n<meta property=\"article:published_time\" content=\"2019-06-28T09:06:49+00:00\" \/>\n<meta name=\"author\" content=\"Super User\" \/>\n<meta name=\"twitter:card\" content=\"summary_large_image\" \/>\n<meta name=\"twitter:creator\" content=\"@ppdegalicia\" \/>\n<meta name=\"twitter:site\" content=\"@ppdegalicia\" \/>\n<meta name=\"twitter:label1\" content=\"Escrito por\" \/>\n\t<meta name=\"twitter:data1\" content=\"Super User\" \/>\n\t<meta name=\"twitter:label2\" content=\"Tiempo de lectura\" \/>\n\t<meta name=\"twitter:data2\" content=\"2 minutos\" \/>\n<script type=\"application\/ld+json\" class=\"yoast-schema-graph\">{\"@context\":\"https:\\\/\\\/schema.org\",\"@graph\":[{\"@type\":\"Article\",\"@id\":\"https:\\\/\\\/ppdegalicia.com\\\/es\\\/o-ppdeg-afirma-que-a-nova-lei-de-administracion-dixital-consegue-unha-relacion-cos-galegos-mais-eficaz-transparente-e-de-maior-calidade\\\/#article\",\"isPartOf\":{\"@id\":\"https:\\\/\\\/ppdegalicia.com\\\/es\\\/o-ppdeg-afirma-que-a-nova-lei-de-administracion-dixital-consegue-unha-relacion-cos-galegos-mais-eficaz-transparente-e-de-maior-calidade\\\/\"},\"author\":{\"name\":\"Super User\",\"@id\":\"https:\\\/\\\/ppdegalicia.com\\\/es\\\/#\\\/schema\\\/person\\\/d0f013b8388c980665d44009ab762960\"},\"headline\":\"O PPdeG afirma que a nova lei de administraci\u00f3n dixital \u201cconsegue unha relaci\u00f3n cos galegos m\u00e1is eficaz, transparente e de maior calidade\u201d\",\"datePublished\":\"2019-06-28T09:06:49+00:00\",\"mainEntityOfPage\":{\"@id\":\"https:\\\/\\\/ppdegalicia.com\\\/es\\\/o-ppdeg-afirma-que-a-nova-lei-de-administracion-dixital-consegue-unha-relacion-cos-galegos-mais-eficaz-transparente-e-de-maior-calidade\\\/\"},\"wordCount\":349,\"commentCount\":0,\"publisher\":{\"@id\":\"https:\\\/\\\/ppdegalicia.com\\\/es\\\/#organization\"},\"articleSection\":[\"PP de Galicia\"],\"inLanguage\":\"es\",\"potentialAction\":[{\"@type\":\"CommentAction\",\"name\":\"Comment\",\"target\":[\"https:\\\/\\\/ppdegalicia.com\\\/es\\\/o-ppdeg-afirma-que-a-nova-lei-de-administracion-dixital-consegue-unha-relacion-cos-galegos-mais-eficaz-transparente-e-de-maior-calidade\\\/#respond\"]}]},{\"@type\":\"WebPage\",\"@id\":\"https:\\\/\\\/ppdegalicia.com\\\/es\\\/o-ppdeg-afirma-que-a-nova-lei-de-administracion-dixital-consegue-unha-relacion-cos-galegos-mais-eficaz-transparente-e-de-maior-calidade\\\/\",\"url\":\"https:\\\/\\\/ppdegalicia.com\\\/es\\\/o-ppdeg-afirma-que-a-nova-lei-de-administracion-dixital-consegue-unha-relacion-cos-galegos-mais-eficaz-transparente-e-de-maior-calidade\\\/\",\"name\":\"O PPdeG afirma que a nova lei de administraci\u00f3n dixital \u201cconsegue unha relaci\u00f3n cos galegos m\u00e1is eficaz, transparente e de maior calidade\u201d - PP de Galicia\",\"isPartOf\":{\"@id\":\"https:\\\/\\\/ppdegalicia.com\\\/es\\\/#website\"},\"datePublished\":\"2019-06-28T09:06:49+00:00\",\"breadcrumb\":{\"@id\":\"https:\\\/\\\/ppdegalicia.com\\\/es\\\/o-ppdeg-afirma-que-a-nova-lei-de-administracion-dixital-consegue-unha-relacion-cos-galegos-mais-eficaz-transparente-e-de-maior-calidade\\\/#breadcrumb\"},\"inLanguage\":\"es\",\"potentialAction\":[{\"@type\":\"ReadAction\",\"target\":[\"https:\\\/\\\/ppdegalicia.com\\\/es\\\/o-ppdeg-afirma-que-a-nova-lei-de-administracion-dixital-consegue-unha-relacion-cos-galegos-mais-eficaz-transparente-e-de-maior-calidade\\\/\"]}]},{\"@type\":\"BreadcrumbList\",\"@id\":\"https:\\\/\\\/ppdegalicia.com\\\/es\\\/o-ppdeg-afirma-que-a-nova-lei-de-administracion-dixital-consegue-unha-relacion-cos-galegos-mais-eficaz-transparente-e-de-maior-calidade\\\/#breadcrumb\",\"itemListElement\":[{\"@type\":\"ListItem\",\"position\":1,\"name\":\"Portada\",\"item\":\"https:\\\/\\\/ppdegalicia.com\\\/es\\\/\"},{\"@type\":\"ListItem\",\"position\":2,\"name\":\"O PPdeG afirma que a nova lei de administraci\u00f3n dixital \u201cconsegue unha relaci\u00f3n cos galegos m\u00e1is eficaz, transparente e de maior calidade\u201d\"}]},{\"@type\":\"WebSite\",\"@id\":\"https:\\\/\\\/ppdegalicia.com\\\/es\\\/#website\",\"url\":\"https:\\\/\\\/ppdegalicia.com\\\/es\\\/\",\"name\":\"Partido Popular de Galicia\",\"description\":\"Partido Popular de Galicia\",\"publisher\":{\"@id\":\"https:\\\/\\\/ppdegalicia.com\\\/es\\\/#organization\"},\"alternateName\":\"PP de Galicia\",\"potentialAction\":[{\"@type\":\"SearchAction\",\"target\":{\"@type\":\"EntryPoint\",\"urlTemplate\":\"https:\\\/\\\/ppdegalicia.com\\\/es\\\/?s={search_term_string}\"},\"query-input\":{\"@type\":\"PropertyValueSpecification\",\"valueRequired\":true,\"valueName\":\"search_term_string\"}}],\"inLanguage\":\"es\"},{\"@type\":\"Organization\",\"@id\":\"https:\\\/\\\/ppdegalicia.com\\\/es\\\/#organization\",\"name\":\"Partido Popular de Galicia\",\"alternateName\":\"PP de Galicia\",\"url\":\"https:\\\/\\\/ppdegalicia.com\\\/es\\\/\",\"logo\":{\"@type\":\"ImageObject\",\"inLanguage\":\"es\",\"@id\":\"https:\\\/\\\/ppdegalicia.com\\\/es\\\/#\\\/schema\\\/logo\\\/image\\\/\",\"url\":\"https:\\\/\\\/ppdegalicia.com\\\/wp-content\\\/uploads\\\/2023\\\/04\\\/logoPP512.png\",\"contentUrl\":\"https:\\\/\\\/ppdegalicia.com\\\/wp-content\\\/uploads\\\/2023\\\/04\\\/logoPP512.png\",\"width\":512,\"height\":512,\"caption\":\"Partido Popular de Galicia\"},\"image\":{\"@id\":\"https:\\\/\\\/ppdegalicia.com\\\/es\\\/#\\\/schema\\\/logo\\\/image\\\/\"},\"sameAs\":[\"https:\\\/\\\/www.instagram.com\\\/ppdegalicia\\\/\",\"https:\\\/\\\/x.com\\\/ppdegalicia\",\"https:\\\/\\\/www.tiktok.com\\\/@ppdegalicia\",\"https:\\\/\\\/www.youtube.com\\\/user\\\/ppdegalicia\"]},{\"@type\":\"Person\",\"@id\":\"https:\\\/\\\/ppdegalicia.com\\\/es\\\/#\\\/schema\\\/person\\\/d0f013b8388c980665d44009ab762960\",\"name\":\"Super User\",\"image\":{\"@type\":\"ImageObject\",\"inLanguage\":\"es\",\"@id\":\"https:\\\/\\\/secure.gravatar.com\\\/avatar\\\/1db852625ef4948f58d2739bfbc51e4b9bd5c93b8fa340b59fdb594ca0845645?s=96&d=mm&r=g\",\"url\":\"https:\\\/\\\/secure.gravatar.com\\\/avatar\\\/1db852625ef4948f58d2739bfbc51e4b9bd5c93b8fa340b59fdb594ca0845645?s=96&d=mm&r=g\",\"contentUrl\":\"https:\\\/\\\/secure.gravatar.com\\\/avatar\\\/1db852625ef4948f58d2739bfbc51e4b9bd5c93b8fa340b59fdb594ca0845645?s=96&d=mm&r=g\",\"caption\":\"Super User\"},\"url\":\"https:\\\/\\\/ppdegalicia.com\\\/es\\\/author\\\/ppdegaliciagestion\\\/\"}]}<\/script>\n<!-- \/ Yoast SEO plugin. -->","yoast_head_json":{"title":"O PPdeG afirma que a nova lei de administraci\u00f3n dixital \u201cconsegue unha relaci\u00f3n cos galegos m\u00e1is eficaz, transparente e de maior calidade\u201d - PP de Galicia","robots":{"index":"index","follow":"follow","max-snippet":"max-snippet:-1","max-image-preview":"max-image-preview:large","max-video-preview":"max-video-preview:-1"},"canonical":"https:\/\/ppdegalicia.com\/es\/o-ppdeg-afirma-que-a-nova-lei-de-administracion-dixital-consegue-unha-relacion-cos-galegos-mais-eficaz-transparente-e-de-maior-calidade\/","og_locale":"es_ES","og_type":"article","og_title":"O PPdeG afirma que a nova lei de administraci\u00f3n dixital \u201cconsegue unha relaci\u00f3n cos galegos m\u00e1is eficaz, transparente e de maior calidade\u201d - PP de Galicia","og_description":"Santiago, 28 de xu\u00f1o de 2019.- A portavoz de Novas Tecnolox\u00edas do Grupo Popular, Sandra V\u00e1zquez, afirmou hoxe no Parlamento que a nova lei de administraci\u00f3n dixital de Galicia, cuxo ditame foi aprobado hoxe en Comisi\u00f3n e queda pendente do seu debate definitivo en Pleno, \u201cconsegue unha relaci\u00f3n con todos os galegos m\u00e1is eficaz, eficiente, [&hellip;]","og_url":"https:\/\/ppdegalicia.com\/es\/o-ppdeg-afirma-que-a-nova-lei-de-administracion-dixital-consegue-unha-relacion-cos-galegos-mais-eficaz-transparente-e-de-maior-calidade\/","og_site_name":"PP de Galicia","article_publisher":"https:\/\/www.instagram.com\/ppdegalicia\/","article_published_time":"2019-06-28T09:06:49+00:00","author":"Super User","twitter_card":"summary_large_image","twitter_creator":"@ppdegalicia","twitter_site":"@ppdegalicia","twitter_misc":{"Escrito por":"Super User","Tiempo de lectura":"2 minutos"},"schema":{"@context":"https:\/\/schema.org","@graph":[{"@type":"Article","@id":"https:\/\/ppdegalicia.com\/es\/o-ppdeg-afirma-que-a-nova-lei-de-administracion-dixital-consegue-unha-relacion-cos-galegos-mais-eficaz-transparente-e-de-maior-calidade\/#article","isPartOf":{"@id":"https:\/\/ppdegalicia.com\/es\/o-ppdeg-afirma-que-a-nova-lei-de-administracion-dixital-consegue-unha-relacion-cos-galegos-mais-eficaz-transparente-e-de-maior-calidade\/"},"author":{"name":"Super User","@id":"https:\/\/ppdegalicia.com\/es\/#\/schema\/person\/d0f013b8388c980665d44009ab762960"},"headline":"O PPdeG afirma que a nova lei de administraci\u00f3n dixital \u201cconsegue unha relaci\u00f3n cos galegos m\u00e1is eficaz, transparente e de maior calidade\u201d","datePublished":"2019-06-28T09:06:49+00:00","mainEntityOfPage":{"@id":"https:\/\/ppdegalicia.com\/es\/o-ppdeg-afirma-que-a-nova-lei-de-administracion-dixital-consegue-unha-relacion-cos-galegos-mais-eficaz-transparente-e-de-maior-calidade\/"},"wordCount":349,"commentCount":0,"publisher":{"@id":"https:\/\/ppdegalicia.com\/es\/#organization"},"articleSection":["PP de Galicia"],"inLanguage":"es","potentialAction":[{"@type":"CommentAction","name":"Comment","target":["https:\/\/ppdegalicia.com\/es\/o-ppdeg-afirma-que-a-nova-lei-de-administracion-dixital-consegue-unha-relacion-cos-galegos-mais-eficaz-transparente-e-de-maior-calidade\/#respond"]}]},{"@type":"WebPage","@id":"https:\/\/ppdegalicia.com\/es\/o-ppdeg-afirma-que-a-nova-lei-de-administracion-dixital-consegue-unha-relacion-cos-galegos-mais-eficaz-transparente-e-de-maior-calidade\/","url":"https:\/\/ppdegalicia.com\/es\/o-ppdeg-afirma-que-a-nova-lei-de-administracion-dixital-consegue-unha-relacion-cos-galegos-mais-eficaz-transparente-e-de-maior-calidade\/","name":"O PPdeG afirma que a nova lei de administraci\u00f3n dixital \u201cconsegue unha relaci\u00f3n cos galegos m\u00e1is eficaz, transparente e de maior calidade\u201d - PP de Galicia","isPartOf":{"@id":"https:\/\/ppdegalicia.com\/es\/#website"},"datePublished":"2019-06-28T09:06:49+00:00","breadcrumb":{"@id":"https:\/\/ppdegalicia.com\/es\/o-ppdeg-afirma-que-a-nova-lei-de-administracion-dixital-consegue-unha-relacion-cos-galegos-mais-eficaz-transparente-e-de-maior-calidade\/#breadcrumb"},"inLanguage":"es","potentialAction":[{"@type":"ReadAction","target":["https:\/\/ppdegalicia.com\/es\/o-ppdeg-afirma-que-a-nova-lei-de-administracion-dixital-consegue-unha-relacion-cos-galegos-mais-eficaz-transparente-e-de-maior-calidade\/"]}]},{"@type":"BreadcrumbList","@id":"https:\/\/ppdegalicia.com\/es\/o-ppdeg-afirma-que-a-nova-lei-de-administracion-dixital-consegue-unha-relacion-cos-galegos-mais-eficaz-transparente-e-de-maior-calidade\/#breadcrumb","itemListElement":[{"@type":"ListItem","position":1,"name":"Portada","item":"https:\/\/ppdegalicia.com\/es\/"},{"@type":"ListItem","position":2,"name":"O PPdeG afirma que a nova lei de administraci\u00f3n dixital \u201cconsegue unha relaci\u00f3n cos galegos m\u00e1is eficaz, transparente e de maior calidade\u201d"}]},{"@type":"WebSite","@id":"https:\/\/ppdegalicia.com\/es\/#website","url":"https:\/\/ppdegalicia.com\/es\/","name":"Partido Popular de Galicia","description":"Partido Popular de Galicia","publisher":{"@id":"https:\/\/ppdegalicia.com\/es\/#organization"},"alternateName":"PP de Galicia","potentialAction":[{"@type":"SearchAction","target":{"@type":"EntryPoint","urlTemplate":"https:\/\/ppdegalicia.com\/es\/?s={search_term_string}"},"query-input":{"@type":"PropertyValueSpecification","valueRequired":true,"valueName":"search_term_string"}}],"inLanguage":"es"},{"@type":"Organization","@id":"https:\/\/ppdegalicia.com\/es\/#organization","name":"Partido Popular de Galicia","alternateName":"PP de Galicia","url":"https:\/\/ppdegalicia.com\/es\/","logo":{"@type":"ImageObject","inLanguage":"es","@id":"https:\/\/ppdegalicia.com\/es\/#\/schema\/logo\/image\/","url":"https:\/\/ppdegalicia.com\/wp-content\/uploads\/2023\/04\/logoPP512.png","contentUrl":"https:\/\/ppdegalicia.com\/wp-content\/uploads\/2023\/04\/logoPP512.png","width":512,"height":512,"caption":"Partido Popular de Galicia"},"image":{"@id":"https:\/\/ppdegalicia.com\/es\/#\/schema\/logo\/image\/"},"sameAs":["https:\/\/www.instagram.com\/ppdegalicia\/","https:\/\/x.com\/ppdegalicia","https:\/\/www.tiktok.com\/@ppdegalicia","https:\/\/www.youtube.com\/user\/ppdegalicia"]},{"@type":"Person","@id":"https:\/\/ppdegalicia.com\/es\/#\/schema\/person\/d0f013b8388c980665d44009ab762960","name":"Super User","image":{"@type":"ImageObject","inLanguage":"es","@id":"https:\/\/secure.gravatar.com\/avatar\/1db852625ef4948f58d2739bfbc51e4b9bd5c93b8fa340b59fdb594ca0845645?s=96&d=mm&r=g","url":"https:\/\/secure.gravatar.com\/avatar\/1db852625ef4948f58d2739bfbc51e4b9bd5c93b8fa340b59fdb594ca0845645?s=96&d=mm&r=g","contentUrl":"https:\/\/secure.gravatar.com\/avatar\/1db852625ef4948f58d2739bfbc51e4b9bd5c93b8fa340b59fdb594ca0845645?s=96&d=mm&r=g","caption":"Super User"},"url":"https:\/\/ppdegalicia.com\/es\/author\/ppdegaliciagestion\/"}]}},"_links":{"self":[{"href":"https:\/\/ppdegalicia.com\/es\/wp-json\/wp\/v2\/posts\/52439","targetHints":{"allow":["GET"]}}],"collection":[{"href":"https:\/\/ppdegalicia.com\/es\/wp-json\/wp\/v2\/posts"}],"about":[{"href":"https:\/\/ppdegalicia.com\/es\/wp-json\/wp\/v2\/types\/post"}],"author":[{"embeddable":true,"href":"https:\/\/ppdegalicia.com\/es\/wp-json\/wp\/v2\/users\/37"}],"replies":[{"embeddable":true,"href":"https:\/\/ppdegalicia.com\/es\/wp-json\/wp\/v2\/comments?post=52439"}],"version-history":[{"count":0,"href":"https:\/\/ppdegalicia.com\/es\/wp-json\/wp\/v2\/posts\/52439\/revisions"}],"wp:attachment":[{"href":"https:\/\/ppdegalicia.com\/es\/wp-json\/wp\/v2\/media?parent=52439"}],"wp:term":[{"taxonomy":"category","embeddable":true,"href":"https:\/\/ppdegalicia.com\/es\/wp-json\/wp\/v2\/categories?post=52439"},{"taxonomy":"post_tag","embeddable":true,"href":"https:\/\/ppdegalicia.com\/es\/wp-json\/wp\/v2\/tags?post=52439"}],"curies":[{"name":"wp","href":"https:\/\/api.w.org\/{rel}","templated":true}]}}