{"id":52450,"date":"2019-07-05T11:18:58","date_gmt":"2019-07-05T09:18:58","guid":{"rendered":"https:\/\/ppdegalicia.com\/tellado-cre-que-gonzalo-caballero-quere-entrar-no-parlamento-no-veran-porque-o-ve-como-unhas-vacacions\/"},"modified":"2019-07-05T11:18:58","modified_gmt":"2019-07-05T09:18:58","slug":"tellado-cre-que-gonzalo-caballero-quere-entrar-no-parlamento-no-veran-porque-o-ve-como-unhas-vacacions","status":"publish","type":"post","link":"https:\/\/ppdegalicia.com\/es\/tellado-cre-que-gonzalo-caballero-quere-entrar-no-parlamento-no-veran-porque-o-ve-como-unhas-vacacions\/","title":{"rendered":"Tellado cre que Gonzalo Caballero quere entrar no Parlamento no ver\u00e1n \u00abporque o ve como unhas vacaci\u00f3ns\u00bb"},"content":{"rendered":"<p><span style=\"text-decoration: underline;\">5, xullo, 2019.<\/span> O secretario xeral do PPdeG, Miguel Tellado, reco\u00f1eceu que a suposta entrada de Gonzalo Caballero no H\u00f3rreo este ver\u00e1n \u00e9 un s\u00edmbolo do que el entende que vai facer no Parlamento: \u201cIr de vacaci\u00f3ns mentres hai un partido e un goberno que traballa por Galicia, que son o partido e o Goberno que lidera Alberto N\u00fa\u00f1ez Feij\u00f3o\u201d.<\/p>\n<p><!--more--><\/p>\n<p>&nbsp;<\/p>\n<p>As\u00ed se expresaba nunha comparecencia en rolda de prensa na que manifestaba que a esquerda galega ten demostrado en innumerables ocasi\u00f3ns a s\u00faa total incapacidade de conformar unha alternativa seria e solvente de goberno nesta Comunidade, algo que evidencia a s\u00faa actividade parlamentaria.<\/p>\n<p>&nbsp;<\/p>\n<p>Nese senso, apuntou que hoxe en d\u00eda \u201ctemos a un BNG que est\u00e1 m\u00e1is preocupado do que lle acontece aos presos de Resistencia Galega, ou do que sucede co independentismo vasco e catal\u00e1n, que do que pasa en Galicia; a unhas Mareas de Podemos cuxa \u00fanica motivaci\u00f3n \u00e9 ver de que lado quedan do Tel\u00f3n de Pladur que se vai colocar no Parlamento; e a un PSdeG cuxo l\u00edder non se atreve a ir \u00e1 C\u00e1mara por medo a medirse co presidente da Xunta\u201d.<\/p>\n<p>&nbsp;<\/p>\n<p>Por todo isto, o n\u00famero dous dos populares galegos subli\u00f1ou que \u201cGalicia non merece partidos e l\u00edderes que entendan as s\u00faas instituci\u00f3ns como instrumentos de t\u00e1ctica pol\u00edtica da peor, sen\u00f3n que merece pol\u00edticos que se comprometan con ela e traballen para mellorala d\u00eda a d\u00eda\u201d.<\/p>\n<p>&nbsp;<\/p>\n<p><strong><span style=\"text-decoration: underline;\">UN PROXECTO DE ESTABILIDADE E CRECEMENTO<\/span><\/strong><\/p>\n<p>Por outra banda, Tellado avanzou que o PPdeG vai constitu\u00edr esta tarde o seu Comit\u00e9 de Cidades, \u201cun \u00f3rgano que serve para compartir experiencias, m\u00e9todos de traballo e crear sinerxias entre as diferentes urbes; e que demostra que o PP traballa en todas as instituci\u00f3ns desde o minuto seguinte \u00e1s elecci\u00f3ns\u201d.<\/p>\n<p>&nbsp;<\/p>\n<p>\u201cHoxe en d\u00eda a\u00ednda hai cidades que case non saben se van ter un goberno de coalici\u00f3n ou un en solitario, que \u00e1reas vai levar cada concelleiro nin se van dar aprobado un Orzamento municipal\u201d, lamentou asegurando que, fronte a esta situaci\u00f3n, os populares demostrar\u00e1n en cada urbe que te\u00f1en un proxecto claro centrado na estabilidade institucional, no crecemento e nos servizos p\u00fablicos.<\/p>\n<p>&nbsp;<\/p>\n<p><strong><span style=\"text-decoration: underline;\">A DESIDIA DO GOBERNO DE S\u00c1NCHEZ<\/span><\/strong><\/p>\n<p>O secretario xeral tam\u00e9n destacou que a estabilidade institucional \u00e9 a clave da boa marcha da econom\u00eda galega, lembrando que esta semana se co\u00f1ec\u00eda que a nosa econom\u00eda crece ao 2,3% no primeiro trimestre do ano, e que Galicia crea emprego e baixa o paro, sendo a Comunidade que mellor se comportou nos \u00faltimos 12 meses.<\/p>\n<p>&nbsp;<\/p>\n<p>Malia isto, reco\u00f1eceu que hai unha pequena desaceleraci\u00f3n do ritmo de crecemento, que se explica na situaci\u00f3n que est\u00e1 a atravesar a nosa industria. Como sinalou, os dous casos m\u00e1is graves son o do naval e o de Alcoa: \u201cA desidia de Pedro S\u00e1nchez retrasou a orde de execuci\u00f3n das Fragatas F-110 para asinala en periodo electoral, deixando o estaleiros ferrol\u00e1ns sen carga de traballo durante meses; e tam\u00e9n levou a Alcoa \u00e1 s\u00faa marcha da Coru\u00f1a, o que pode supo\u00f1er un efecto contaxio en m\u00e1is industrias da nosa Comunidade\u201d.<\/p>\n<p>&nbsp;<\/p>\n<p>Segundo precisou, o Executivo socialista ten boa parte da culpa dos datos negativos da nosa industria nestes meses \u201ce o peor \u00e9 que non vemos ningunha intenci\u00f3n de po\u00f1er soluci\u00f3ns enriba da mesa\u201d.<\/p>\n","protected":false},"excerpt":{"rendered":"<p>5, xullo, 2019. O secretario xeral do PPdeG, Miguel Tellado, reco\u00f1eceu que a suposta entrada de Gonzalo Caballero no H\u00f3rreo este ver\u00e1n \u00e9 un s\u00edmbolo do que el entende que vai facer no Parlamento: \u201cIr de vacaci\u00f3ns mentres hai un partido e un goberno que traballa por Galicia, que son o partido e o Goberno [&hellip;]<\/p>\n","protected":false},"author":37,"featured_media":0,"comment_status":"open","ping_status":"open","sticky":false,"template":"","format":"standard","meta":{"_acf_changed":false,"footnotes":""},"categories":[1],"tags":[],"class_list":["post-52450","post","type-post","status-publish","format-standard","hentry","category-pp-de-galicia"],"acf":[],"yoast_head":"<!-- This site is optimized with the Yoast SEO plugin v27.3 - https:\/\/yoast.com\/product\/yoast-seo-wordpress\/ -->\n<title>Tellado cre que Gonzalo Caballero quere entrar no Parlamento no ver\u00e1n &quot;porque o ve como unhas vacaci\u00f3ns&quot; - PP de Galicia<\/title>\n<meta name=\"robots\" content=\"index, follow, max-snippet:-1, max-image-preview:large, max-video-preview:-1\" \/>\n<link rel=\"canonical\" href=\"https:\/\/ppdegalicia.com\/es\/tellado-cre-que-gonzalo-caballero-quere-entrar-no-parlamento-no-veran-porque-o-ve-como-unhas-vacacions\/\" \/>\n<meta property=\"og:locale\" content=\"es_ES\" \/>\n<meta property=\"og:type\" content=\"article\" \/>\n<meta property=\"og:title\" content=\"Tellado cre que Gonzalo Caballero quere entrar no Parlamento no ver\u00e1n &quot;porque o ve como unhas vacaci\u00f3ns&quot; - PP de Galicia\" \/>\n<meta property=\"og:description\" content=\"5, xullo, 2019. O secretario xeral do PPdeG, Miguel Tellado, reco\u00f1eceu que a suposta entrada de Gonzalo Caballero no H\u00f3rreo este ver\u00e1n \u00e9 un s\u00edmbolo do que el entende que vai facer no Parlamento: \u201cIr de vacaci\u00f3ns mentres hai un partido e un goberno que traballa por Galicia, que son o partido e o Goberno [&hellip;]\" \/>\n<meta property=\"og:url\" content=\"https:\/\/ppdegalicia.com\/es\/tellado-cre-que-gonzalo-caballero-quere-entrar-no-parlamento-no-veran-porque-o-ve-como-unhas-vacacions\/\" \/>\n<meta property=\"og:site_name\" content=\"PP de Galicia\" \/>\n<meta property=\"article:publisher\" content=\"https:\/\/www.instagram.com\/ppdegalicia\/\" \/>\n<meta property=\"article:published_time\" content=\"2019-07-05T09:18:58+00:00\" \/>\n<meta name=\"author\" content=\"Super User\" \/>\n<meta name=\"twitter:card\" content=\"summary_large_image\" \/>\n<meta name=\"twitter:creator\" content=\"@ppdegalicia\" \/>\n<meta name=\"twitter:site\" content=\"@ppdegalicia\" \/>\n<meta name=\"twitter:label1\" content=\"Escrito por\" \/>\n\t<meta name=\"twitter:data1\" content=\"Super User\" \/>\n\t<meta name=\"twitter:label2\" content=\"Tiempo de lectura\" \/>\n\t<meta name=\"twitter:data2\" content=\"3 minutos\" \/>\n<script type=\"application\/ld+json\" class=\"yoast-schema-graph\">{\"@context\":\"https:\\\/\\\/schema.org\",\"@graph\":[{\"@type\":\"Article\",\"@id\":\"https:\\\/\\\/ppdegalicia.com\\\/es\\\/tellado-cre-que-gonzalo-caballero-quere-entrar-no-parlamento-no-veran-porque-o-ve-como-unhas-vacacions\\\/#article\",\"isPartOf\":{\"@id\":\"https:\\\/\\\/ppdegalicia.com\\\/es\\\/tellado-cre-que-gonzalo-caballero-quere-entrar-no-parlamento-no-veran-porque-o-ve-como-unhas-vacacions\\\/\"},\"author\":{\"name\":\"Super User\",\"@id\":\"https:\\\/\\\/ppdegalicia.com\\\/es\\\/#\\\/schema\\\/person\\\/d0f013b8388c980665d44009ab762960\"},\"headline\":\"Tellado cre que Gonzalo Caballero quere entrar no Parlamento no ver\u00e1n \u00abporque o ve como unhas vacaci\u00f3ns\u00bb\",\"datePublished\":\"2019-07-05T09:18:58+00:00\",\"mainEntityOfPage\":{\"@id\":\"https:\\\/\\\/ppdegalicia.com\\\/es\\\/tellado-cre-que-gonzalo-caballero-quere-entrar-no-parlamento-no-veran-porque-o-ve-como-unhas-vacacions\\\/\"},\"wordCount\":614,\"commentCount\":0,\"publisher\":{\"@id\":\"https:\\\/\\\/ppdegalicia.com\\\/es\\\/#organization\"},\"articleSection\":[\"PP de Galicia\"],\"inLanguage\":\"es\",\"potentialAction\":[{\"@type\":\"CommentAction\",\"name\":\"Comment\",\"target\":[\"https:\\\/\\\/ppdegalicia.com\\\/es\\\/tellado-cre-que-gonzalo-caballero-quere-entrar-no-parlamento-no-veran-porque-o-ve-como-unhas-vacacions\\\/#respond\"]}]},{\"@type\":\"WebPage\",\"@id\":\"https:\\\/\\\/ppdegalicia.com\\\/es\\\/tellado-cre-que-gonzalo-caballero-quere-entrar-no-parlamento-no-veran-porque-o-ve-como-unhas-vacacions\\\/\",\"url\":\"https:\\\/\\\/ppdegalicia.com\\\/es\\\/tellado-cre-que-gonzalo-caballero-quere-entrar-no-parlamento-no-veran-porque-o-ve-como-unhas-vacacions\\\/\",\"name\":\"Tellado cre que Gonzalo Caballero quere entrar no Parlamento no ver\u00e1n \\\"porque o ve como unhas vacaci\u00f3ns\\\" - PP de Galicia\",\"isPartOf\":{\"@id\":\"https:\\\/\\\/ppdegalicia.com\\\/es\\\/#website\"},\"datePublished\":\"2019-07-05T09:18:58+00:00\",\"breadcrumb\":{\"@id\":\"https:\\\/\\\/ppdegalicia.com\\\/es\\\/tellado-cre-que-gonzalo-caballero-quere-entrar-no-parlamento-no-veran-porque-o-ve-como-unhas-vacacions\\\/#breadcrumb\"},\"inLanguage\":\"es\",\"potentialAction\":[{\"@type\":\"ReadAction\",\"target\":[\"https:\\\/\\\/ppdegalicia.com\\\/es\\\/tellado-cre-que-gonzalo-caballero-quere-entrar-no-parlamento-no-veran-porque-o-ve-como-unhas-vacacions\\\/\"]}]},{\"@type\":\"BreadcrumbList\",\"@id\":\"https:\\\/\\\/ppdegalicia.com\\\/es\\\/tellado-cre-que-gonzalo-caballero-quere-entrar-no-parlamento-no-veran-porque-o-ve-como-unhas-vacacions\\\/#breadcrumb\",\"itemListElement\":[{\"@type\":\"ListItem\",\"position\":1,\"name\":\"Portada\",\"item\":\"https:\\\/\\\/ppdegalicia.com\\\/es\\\/\"},{\"@type\":\"ListItem\",\"position\":2,\"name\":\"Tellado cre que Gonzalo Caballero quere entrar no Parlamento no ver\u00e1n &#8220;porque o ve como unhas vacaci\u00f3ns&#8221;\"}]},{\"@type\":\"WebSite\",\"@id\":\"https:\\\/\\\/ppdegalicia.com\\\/es\\\/#website\",\"url\":\"https:\\\/\\\/ppdegalicia.com\\\/es\\\/\",\"name\":\"Partido Popular de Galicia\",\"description\":\"Partido Popular de Galicia\",\"publisher\":{\"@id\":\"https:\\\/\\\/ppdegalicia.com\\\/es\\\/#organization\"},\"alternateName\":\"PP de Galicia\",\"potentialAction\":[{\"@type\":\"SearchAction\",\"target\":{\"@type\":\"EntryPoint\",\"urlTemplate\":\"https:\\\/\\\/ppdegalicia.com\\\/es\\\/?s={search_term_string}\"},\"query-input\":{\"@type\":\"PropertyValueSpecification\",\"valueRequired\":true,\"valueName\":\"search_term_string\"}}],\"inLanguage\":\"es\"},{\"@type\":\"Organization\",\"@id\":\"https:\\\/\\\/ppdegalicia.com\\\/es\\\/#organization\",\"name\":\"Partido Popular de Galicia\",\"alternateName\":\"PP de Galicia\",\"url\":\"https:\\\/\\\/ppdegalicia.com\\\/es\\\/\",\"logo\":{\"@type\":\"ImageObject\",\"inLanguage\":\"es\",\"@id\":\"https:\\\/\\\/ppdegalicia.com\\\/es\\\/#\\\/schema\\\/logo\\\/image\\\/\",\"url\":\"https:\\\/\\\/ppdegalicia.com\\\/wp-content\\\/uploads\\\/2023\\\/04\\\/logoPP512.png\",\"contentUrl\":\"https:\\\/\\\/ppdegalicia.com\\\/wp-content\\\/uploads\\\/2023\\\/04\\\/logoPP512.png\",\"width\":512,\"height\":512,\"caption\":\"Partido Popular de Galicia\"},\"image\":{\"@id\":\"https:\\\/\\\/ppdegalicia.com\\\/es\\\/#\\\/schema\\\/logo\\\/image\\\/\"},\"sameAs\":[\"https:\\\/\\\/www.instagram.com\\\/ppdegalicia\\\/\",\"https:\\\/\\\/x.com\\\/ppdegalicia\",\"https:\\\/\\\/www.tiktok.com\\\/@ppdegalicia\",\"https:\\\/\\\/www.youtube.com\\\/user\\\/ppdegalicia\"]},{\"@type\":\"Person\",\"@id\":\"https:\\\/\\\/ppdegalicia.com\\\/es\\\/#\\\/schema\\\/person\\\/d0f013b8388c980665d44009ab762960\",\"name\":\"Super User\",\"image\":{\"@type\":\"ImageObject\",\"inLanguage\":\"es\",\"@id\":\"https:\\\/\\\/secure.gravatar.com\\\/avatar\\\/1db852625ef4948f58d2739bfbc51e4b9bd5c93b8fa340b59fdb594ca0845645?s=96&d=mm&r=g\",\"url\":\"https:\\\/\\\/secure.gravatar.com\\\/avatar\\\/1db852625ef4948f58d2739bfbc51e4b9bd5c93b8fa340b59fdb594ca0845645?s=96&d=mm&r=g\",\"contentUrl\":\"https:\\\/\\\/secure.gravatar.com\\\/avatar\\\/1db852625ef4948f58d2739bfbc51e4b9bd5c93b8fa340b59fdb594ca0845645?s=96&d=mm&r=g\",\"caption\":\"Super User\"},\"url\":\"https:\\\/\\\/ppdegalicia.com\\\/es\\\/author\\\/ppdegaliciagestion\\\/\"}]}<\/script>\n<!-- \/ Yoast SEO plugin. -->","yoast_head_json":{"title":"Tellado cre que Gonzalo Caballero quere entrar no Parlamento no ver\u00e1n \"porque o ve como unhas vacaci\u00f3ns\" - PP de Galicia","robots":{"index":"index","follow":"follow","max-snippet":"max-snippet:-1","max-image-preview":"max-image-preview:large","max-video-preview":"max-video-preview:-1"},"canonical":"https:\/\/ppdegalicia.com\/es\/tellado-cre-que-gonzalo-caballero-quere-entrar-no-parlamento-no-veran-porque-o-ve-como-unhas-vacacions\/","og_locale":"es_ES","og_type":"article","og_title":"Tellado cre que Gonzalo Caballero quere entrar no Parlamento no ver\u00e1n \"porque o ve como unhas vacaci\u00f3ns\" - PP de Galicia","og_description":"5, xullo, 2019. O secretario xeral do PPdeG, Miguel Tellado, reco\u00f1eceu que a suposta entrada de Gonzalo Caballero no H\u00f3rreo este ver\u00e1n \u00e9 un s\u00edmbolo do que el entende que vai facer no Parlamento: \u201cIr de vacaci\u00f3ns mentres hai un partido e un goberno que traballa por Galicia, que son o partido e o Goberno [&hellip;]","og_url":"https:\/\/ppdegalicia.com\/es\/tellado-cre-que-gonzalo-caballero-quere-entrar-no-parlamento-no-veran-porque-o-ve-como-unhas-vacacions\/","og_site_name":"PP de Galicia","article_publisher":"https:\/\/www.instagram.com\/ppdegalicia\/","article_published_time":"2019-07-05T09:18:58+00:00","author":"Super User","twitter_card":"summary_large_image","twitter_creator":"@ppdegalicia","twitter_site":"@ppdegalicia","twitter_misc":{"Escrito por":"Super User","Tiempo de lectura":"3 minutos"},"schema":{"@context":"https:\/\/schema.org","@graph":[{"@type":"Article","@id":"https:\/\/ppdegalicia.com\/es\/tellado-cre-que-gonzalo-caballero-quere-entrar-no-parlamento-no-veran-porque-o-ve-como-unhas-vacacions\/#article","isPartOf":{"@id":"https:\/\/ppdegalicia.com\/es\/tellado-cre-que-gonzalo-caballero-quere-entrar-no-parlamento-no-veran-porque-o-ve-como-unhas-vacacions\/"},"author":{"name":"Super User","@id":"https:\/\/ppdegalicia.com\/es\/#\/schema\/person\/d0f013b8388c980665d44009ab762960"},"headline":"Tellado cre que Gonzalo Caballero quere entrar no Parlamento no ver\u00e1n \u00abporque o ve como unhas vacaci\u00f3ns\u00bb","datePublished":"2019-07-05T09:18:58+00:00","mainEntityOfPage":{"@id":"https:\/\/ppdegalicia.com\/es\/tellado-cre-que-gonzalo-caballero-quere-entrar-no-parlamento-no-veran-porque-o-ve-como-unhas-vacacions\/"},"wordCount":614,"commentCount":0,"publisher":{"@id":"https:\/\/ppdegalicia.com\/es\/#organization"},"articleSection":["PP de Galicia"],"inLanguage":"es","potentialAction":[{"@type":"CommentAction","name":"Comment","target":["https:\/\/ppdegalicia.com\/es\/tellado-cre-que-gonzalo-caballero-quere-entrar-no-parlamento-no-veran-porque-o-ve-como-unhas-vacacions\/#respond"]}]},{"@type":"WebPage","@id":"https:\/\/ppdegalicia.com\/es\/tellado-cre-que-gonzalo-caballero-quere-entrar-no-parlamento-no-veran-porque-o-ve-como-unhas-vacacions\/","url":"https:\/\/ppdegalicia.com\/es\/tellado-cre-que-gonzalo-caballero-quere-entrar-no-parlamento-no-veran-porque-o-ve-como-unhas-vacacions\/","name":"Tellado cre que Gonzalo Caballero quere entrar no Parlamento no ver\u00e1n \"porque o ve como unhas vacaci\u00f3ns\" - PP de Galicia","isPartOf":{"@id":"https:\/\/ppdegalicia.com\/es\/#website"},"datePublished":"2019-07-05T09:18:58+00:00","breadcrumb":{"@id":"https:\/\/ppdegalicia.com\/es\/tellado-cre-que-gonzalo-caballero-quere-entrar-no-parlamento-no-veran-porque-o-ve-como-unhas-vacacions\/#breadcrumb"},"inLanguage":"es","potentialAction":[{"@type":"ReadAction","target":["https:\/\/ppdegalicia.com\/es\/tellado-cre-que-gonzalo-caballero-quere-entrar-no-parlamento-no-veran-porque-o-ve-como-unhas-vacacions\/"]}]},{"@type":"BreadcrumbList","@id":"https:\/\/ppdegalicia.com\/es\/tellado-cre-que-gonzalo-caballero-quere-entrar-no-parlamento-no-veran-porque-o-ve-como-unhas-vacacions\/#breadcrumb","itemListElement":[{"@type":"ListItem","position":1,"name":"Portada","item":"https:\/\/ppdegalicia.com\/es\/"},{"@type":"ListItem","position":2,"name":"Tellado cre que Gonzalo Caballero quere entrar no Parlamento no ver\u00e1n &#8220;porque o ve como unhas vacaci\u00f3ns&#8221;"}]},{"@type":"WebSite","@id":"https:\/\/ppdegalicia.com\/es\/#website","url":"https:\/\/ppdegalicia.com\/es\/","name":"Partido Popular de Galicia","description":"Partido Popular de Galicia","publisher":{"@id":"https:\/\/ppdegalicia.com\/es\/#organization"},"alternateName":"PP de Galicia","potentialAction":[{"@type":"SearchAction","target":{"@type":"EntryPoint","urlTemplate":"https:\/\/ppdegalicia.com\/es\/?s={search_term_string}"},"query-input":{"@type":"PropertyValueSpecification","valueRequired":true,"valueName":"search_term_string"}}],"inLanguage":"es"},{"@type":"Organization","@id":"https:\/\/ppdegalicia.com\/es\/#organization","name":"Partido Popular de Galicia","alternateName":"PP de Galicia","url":"https:\/\/ppdegalicia.com\/es\/","logo":{"@type":"ImageObject","inLanguage":"es","@id":"https:\/\/ppdegalicia.com\/es\/#\/schema\/logo\/image\/","url":"https:\/\/ppdegalicia.com\/wp-content\/uploads\/2023\/04\/logoPP512.png","contentUrl":"https:\/\/ppdegalicia.com\/wp-content\/uploads\/2023\/04\/logoPP512.png","width":512,"height":512,"caption":"Partido Popular de Galicia"},"image":{"@id":"https:\/\/ppdegalicia.com\/es\/#\/schema\/logo\/image\/"},"sameAs":["https:\/\/www.instagram.com\/ppdegalicia\/","https:\/\/x.com\/ppdegalicia","https:\/\/www.tiktok.com\/@ppdegalicia","https:\/\/www.youtube.com\/user\/ppdegalicia"]},{"@type":"Person","@id":"https:\/\/ppdegalicia.com\/es\/#\/schema\/person\/d0f013b8388c980665d44009ab762960","name":"Super User","image":{"@type":"ImageObject","inLanguage":"es","@id":"https:\/\/secure.gravatar.com\/avatar\/1db852625ef4948f58d2739bfbc51e4b9bd5c93b8fa340b59fdb594ca0845645?s=96&d=mm&r=g","url":"https:\/\/secure.gravatar.com\/avatar\/1db852625ef4948f58d2739bfbc51e4b9bd5c93b8fa340b59fdb594ca0845645?s=96&d=mm&r=g","contentUrl":"https:\/\/secure.gravatar.com\/avatar\/1db852625ef4948f58d2739bfbc51e4b9bd5c93b8fa340b59fdb594ca0845645?s=96&d=mm&r=g","caption":"Super User"},"url":"https:\/\/ppdegalicia.com\/es\/author\/ppdegaliciagestion\/"}]}},"_links":{"self":[{"href":"https:\/\/ppdegalicia.com\/es\/wp-json\/wp\/v2\/posts\/52450","targetHints":{"allow":["GET"]}}],"collection":[{"href":"https:\/\/ppdegalicia.com\/es\/wp-json\/wp\/v2\/posts"}],"about":[{"href":"https:\/\/ppdegalicia.com\/es\/wp-json\/wp\/v2\/types\/post"}],"author":[{"embeddable":true,"href":"https:\/\/ppdegalicia.com\/es\/wp-json\/wp\/v2\/users\/37"}],"replies":[{"embeddable":true,"href":"https:\/\/ppdegalicia.com\/es\/wp-json\/wp\/v2\/comments?post=52450"}],"version-history":[{"count":0,"href":"https:\/\/ppdegalicia.com\/es\/wp-json\/wp\/v2\/posts\/52450\/revisions"}],"wp:attachment":[{"href":"https:\/\/ppdegalicia.com\/es\/wp-json\/wp\/v2\/media?parent=52450"}],"wp:term":[{"taxonomy":"category","embeddable":true,"href":"https:\/\/ppdegalicia.com\/es\/wp-json\/wp\/v2\/categories?post=52450"},{"taxonomy":"post_tag","embeddable":true,"href":"https:\/\/ppdegalicia.com\/es\/wp-json\/wp\/v2\/tags?post=52450"}],"curies":[{"name":"wp","href":"https:\/\/api.w.org\/{rel}","templated":true}]}}