{"id":52453,"date":"2019-07-09T11:21:13","date_gmt":"2019-07-09T09:21:13","guid":{"rendered":"https:\/\/ppdegalicia.com\/o-grupo-popular-asegura-que-en-galicia-estase-a-cumprir-a-lei-de-saude-sexual-e-reprodutiva\/"},"modified":"2019-07-09T11:21:13","modified_gmt":"2019-07-09T09:21:13","slug":"o-grupo-popular-asegura-que-en-galicia-estase-a-cumprir-a-lei-de-saude-sexual-e-reprodutiva","status":"publish","type":"post","link":"https:\/\/ppdegalicia.com\/es\/o-grupo-popular-asegura-que-en-galicia-estase-a-cumprir-a-lei-de-saude-sexual-e-reprodutiva\/","title":{"rendered":"O Grupo Popular asegura que en Galicia estase a cumprir a Lei de sa\u00fade sexual e reprodutiva"},"content":{"rendered":"<p>Santiago, 9 de xullo de 2019.- A deputada do Grupo Popular Marta Rodr\u00edguez-Vispo afirmou hoxe no Pleno que desde o PPdeG \u201capoiamos inequivocamente a liberdade da muller e que elixan ou non ser nais\u201d. As\u00ed mesmo, asegurou que en Galicia estase a cumprir a Lei de sa\u00fade sexual e reprodutiva, \u201ccomo supo\u00f1emos que se fai no resto das comunidades aut\u00f3nomas, porque as leis est\u00e1n para cumprilas por todos os gobernos\u201d.<\/p>\n<p><!--more--><\/p>\n<p>&nbsp;<\/p>\n<p>&nbsp;<\/p>\n<p>Marta Rodr\u00edguez-Vispo manifestou que no PPdeG \u201csomos plenamente conscientes de que na sociedade galega conviven m\u00faltiples sensibilidades que deben ser respectadas\u201d, polo que incidiu que \u201cn\u00f3s apoiamos \u00e1s mulleres sempre en todo o que decidan sen facer excepci\u00f3ns\u201d.<\/p>\n<p>&nbsp;<\/p>\n<p><strong>LIBRE ELECCI\u00d3N<\/strong><\/p>\n<p>&nbsp;<\/p>\n<p>\u201cNos preocupa enormemente a atenci\u00f3n que se lles da \u00e1s mulleres no caso de ter que someterse a unha interrupci\u00f3n voluntaria do embarazo, porque sabemos que \u00e9 unha situaci\u00f3n que calquera muller evitar\u00eda se puidese e, por iso e por respecto \u00e1 propia muller, non queremos xerar conflitos onde non os hai\u201d, sinalou.<\/p>\n<p>&nbsp;<\/p>\n<p>As\u00ed mesmo, a deputada popular salientou que \u201ca muller pode elixir onde facer a interrupci\u00f3n\u201d, tanto nun centro p\u00fablico como privado, \u201calgo que nos parece moi importante para respectar a liberdade da muller\u201d. \u201cN\u00f3s somos democr\u00e1ticos e nos gusta ademais que os dereitos se exerzan individualmente, non por imposici\u00f3n\u201d, anotou.<\/p>\n","protected":false},"excerpt":{"rendered":"<p>Santiago, 9 de xullo de 2019.- A deputada do Grupo Popular Marta Rodr\u00edguez-Vispo afirmou hoxe no Pleno que desde o PPdeG \u201capoiamos inequivocamente a liberdade da muller e que elixan ou non ser nais\u201d. As\u00ed mesmo, asegurou que en Galicia estase a cumprir a Lei de sa\u00fade sexual e reprodutiva, \u201ccomo supo\u00f1emos que se fai [&hellip;]<\/p>\n","protected":false},"author":37,"featured_media":0,"comment_status":"open","ping_status":"open","sticky":false,"template":"","format":"standard","meta":{"_acf_changed":false,"footnotes":""},"categories":[1],"tags":[],"class_list":["post-52453","post","type-post","status-publish","format-standard","hentry","category-pp-de-galicia"],"acf":[],"yoast_head":"<!-- This site is optimized with the Yoast SEO plugin v27.3 - https:\/\/yoast.com\/product\/yoast-seo-wordpress\/ -->\n<title>O Grupo Popular asegura que en Galicia estase a cumprir a Lei de sa\u00fade sexual e reprodutiva - PP de Galicia<\/title>\n<meta name=\"robots\" content=\"index, follow, max-snippet:-1, max-image-preview:large, max-video-preview:-1\" \/>\n<link rel=\"canonical\" href=\"https:\/\/ppdegalicia.com\/es\/o-grupo-popular-asegura-que-en-galicia-estase-a-cumprir-a-lei-de-saude-sexual-e-reprodutiva\/\" \/>\n<meta property=\"og:locale\" content=\"es_ES\" \/>\n<meta property=\"og:type\" content=\"article\" \/>\n<meta property=\"og:title\" content=\"O Grupo Popular asegura que en Galicia estase a cumprir a Lei de sa\u00fade sexual e reprodutiva - PP de Galicia\" \/>\n<meta property=\"og:description\" content=\"Santiago, 9 de xullo de 2019.- A deputada do Grupo Popular Marta Rodr\u00edguez-Vispo afirmou hoxe no Pleno que desde o PPdeG \u201capoiamos inequivocamente a liberdade da muller e que elixan ou non ser nais\u201d. As\u00ed mesmo, asegurou que en Galicia estase a cumprir a Lei de sa\u00fade sexual e reprodutiva, \u201ccomo supo\u00f1emos que se fai [&hellip;]\" \/>\n<meta property=\"og:url\" content=\"https:\/\/ppdegalicia.com\/es\/o-grupo-popular-asegura-que-en-galicia-estase-a-cumprir-a-lei-de-saude-sexual-e-reprodutiva\/\" \/>\n<meta property=\"og:site_name\" content=\"PP de Galicia\" \/>\n<meta property=\"article:publisher\" content=\"https:\/\/www.instagram.com\/ppdegalicia\/\" \/>\n<meta property=\"article:published_time\" content=\"2019-07-09T09:21:13+00:00\" \/>\n<meta name=\"author\" content=\"Super User\" \/>\n<meta name=\"twitter:card\" content=\"summary_large_image\" \/>\n<meta name=\"twitter:creator\" content=\"@ppdegalicia\" \/>\n<meta name=\"twitter:site\" content=\"@ppdegalicia\" \/>\n<meta name=\"twitter:label1\" content=\"Escrito por\" \/>\n\t<meta name=\"twitter:data1\" content=\"Super User\" \/>\n\t<meta name=\"twitter:label2\" content=\"Tiempo de lectura\" \/>\n\t<meta name=\"twitter:data2\" content=\"1 minuto\" \/>\n<script type=\"application\/ld+json\" class=\"yoast-schema-graph\">{\"@context\":\"https:\\\/\\\/schema.org\",\"@graph\":[{\"@type\":\"Article\",\"@id\":\"https:\\\/\\\/ppdegalicia.com\\\/es\\\/o-grupo-popular-asegura-que-en-galicia-estase-a-cumprir-a-lei-de-saude-sexual-e-reprodutiva\\\/#article\",\"isPartOf\":{\"@id\":\"https:\\\/\\\/ppdegalicia.com\\\/es\\\/o-grupo-popular-asegura-que-en-galicia-estase-a-cumprir-a-lei-de-saude-sexual-e-reprodutiva\\\/\"},\"author\":{\"name\":\"Super User\",\"@id\":\"https:\\\/\\\/ppdegalicia.com\\\/es\\\/#\\\/schema\\\/person\\\/d0f013b8388c980665d44009ab762960\"},\"headline\":\"O Grupo Popular asegura que en Galicia estase a cumprir a Lei de sa\u00fade sexual e reprodutiva\",\"datePublished\":\"2019-07-09T09:21:13+00:00\",\"mainEntityOfPage\":{\"@id\":\"https:\\\/\\\/ppdegalicia.com\\\/es\\\/o-grupo-popular-asegura-que-en-galicia-estase-a-cumprir-a-lei-de-saude-sexual-e-reprodutiva\\\/\"},\"wordCount\":252,\"commentCount\":0,\"publisher\":{\"@id\":\"https:\\\/\\\/ppdegalicia.com\\\/es\\\/#organization\"},\"articleSection\":[\"PP de Galicia\"],\"inLanguage\":\"es\",\"potentialAction\":[{\"@type\":\"CommentAction\",\"name\":\"Comment\",\"target\":[\"https:\\\/\\\/ppdegalicia.com\\\/es\\\/o-grupo-popular-asegura-que-en-galicia-estase-a-cumprir-a-lei-de-saude-sexual-e-reprodutiva\\\/#respond\"]}]},{\"@type\":\"WebPage\",\"@id\":\"https:\\\/\\\/ppdegalicia.com\\\/es\\\/o-grupo-popular-asegura-que-en-galicia-estase-a-cumprir-a-lei-de-saude-sexual-e-reprodutiva\\\/\",\"url\":\"https:\\\/\\\/ppdegalicia.com\\\/es\\\/o-grupo-popular-asegura-que-en-galicia-estase-a-cumprir-a-lei-de-saude-sexual-e-reprodutiva\\\/\",\"name\":\"O Grupo Popular asegura que en Galicia estase a cumprir a Lei de sa\u00fade sexual e reprodutiva - PP de Galicia\",\"isPartOf\":{\"@id\":\"https:\\\/\\\/ppdegalicia.com\\\/es\\\/#website\"},\"datePublished\":\"2019-07-09T09:21:13+00:00\",\"breadcrumb\":{\"@id\":\"https:\\\/\\\/ppdegalicia.com\\\/es\\\/o-grupo-popular-asegura-que-en-galicia-estase-a-cumprir-a-lei-de-saude-sexual-e-reprodutiva\\\/#breadcrumb\"},\"inLanguage\":\"es\",\"potentialAction\":[{\"@type\":\"ReadAction\",\"target\":[\"https:\\\/\\\/ppdegalicia.com\\\/es\\\/o-grupo-popular-asegura-que-en-galicia-estase-a-cumprir-a-lei-de-saude-sexual-e-reprodutiva\\\/\"]}]},{\"@type\":\"BreadcrumbList\",\"@id\":\"https:\\\/\\\/ppdegalicia.com\\\/es\\\/o-grupo-popular-asegura-que-en-galicia-estase-a-cumprir-a-lei-de-saude-sexual-e-reprodutiva\\\/#breadcrumb\",\"itemListElement\":[{\"@type\":\"ListItem\",\"position\":1,\"name\":\"Portada\",\"item\":\"https:\\\/\\\/ppdegalicia.com\\\/es\\\/\"},{\"@type\":\"ListItem\",\"position\":2,\"name\":\"O Grupo Popular asegura que en Galicia estase a cumprir a Lei de sa\u00fade sexual e reprodutiva\"}]},{\"@type\":\"WebSite\",\"@id\":\"https:\\\/\\\/ppdegalicia.com\\\/es\\\/#website\",\"url\":\"https:\\\/\\\/ppdegalicia.com\\\/es\\\/\",\"name\":\"Partido Popular de Galicia\",\"description\":\"Partido Popular de Galicia\",\"publisher\":{\"@id\":\"https:\\\/\\\/ppdegalicia.com\\\/es\\\/#organization\"},\"alternateName\":\"PP de Galicia\",\"potentialAction\":[{\"@type\":\"SearchAction\",\"target\":{\"@type\":\"EntryPoint\",\"urlTemplate\":\"https:\\\/\\\/ppdegalicia.com\\\/es\\\/?s={search_term_string}\"},\"query-input\":{\"@type\":\"PropertyValueSpecification\",\"valueRequired\":true,\"valueName\":\"search_term_string\"}}],\"inLanguage\":\"es\"},{\"@type\":\"Organization\",\"@id\":\"https:\\\/\\\/ppdegalicia.com\\\/es\\\/#organization\",\"name\":\"Partido Popular de Galicia\",\"alternateName\":\"PP de Galicia\",\"url\":\"https:\\\/\\\/ppdegalicia.com\\\/es\\\/\",\"logo\":{\"@type\":\"ImageObject\",\"inLanguage\":\"es\",\"@id\":\"https:\\\/\\\/ppdegalicia.com\\\/es\\\/#\\\/schema\\\/logo\\\/image\\\/\",\"url\":\"https:\\\/\\\/ppdegalicia.com\\\/wp-content\\\/uploads\\\/2023\\\/04\\\/logoPP512.png\",\"contentUrl\":\"https:\\\/\\\/ppdegalicia.com\\\/wp-content\\\/uploads\\\/2023\\\/04\\\/logoPP512.png\",\"width\":512,\"height\":512,\"caption\":\"Partido Popular de Galicia\"},\"image\":{\"@id\":\"https:\\\/\\\/ppdegalicia.com\\\/es\\\/#\\\/schema\\\/logo\\\/image\\\/\"},\"sameAs\":[\"https:\\\/\\\/www.instagram.com\\\/ppdegalicia\\\/\",\"https:\\\/\\\/x.com\\\/ppdegalicia\",\"https:\\\/\\\/www.tiktok.com\\\/@ppdegalicia\",\"https:\\\/\\\/www.youtube.com\\\/user\\\/ppdegalicia\"]},{\"@type\":\"Person\",\"@id\":\"https:\\\/\\\/ppdegalicia.com\\\/es\\\/#\\\/schema\\\/person\\\/d0f013b8388c980665d44009ab762960\",\"name\":\"Super User\",\"image\":{\"@type\":\"ImageObject\",\"inLanguage\":\"es\",\"@id\":\"https:\\\/\\\/secure.gravatar.com\\\/avatar\\\/1db852625ef4948f58d2739bfbc51e4b9bd5c93b8fa340b59fdb594ca0845645?s=96&d=mm&r=g\",\"url\":\"https:\\\/\\\/secure.gravatar.com\\\/avatar\\\/1db852625ef4948f58d2739bfbc51e4b9bd5c93b8fa340b59fdb594ca0845645?s=96&d=mm&r=g\",\"contentUrl\":\"https:\\\/\\\/secure.gravatar.com\\\/avatar\\\/1db852625ef4948f58d2739bfbc51e4b9bd5c93b8fa340b59fdb594ca0845645?s=96&d=mm&r=g\",\"caption\":\"Super User\"},\"url\":\"https:\\\/\\\/ppdegalicia.com\\\/es\\\/author\\\/ppdegaliciagestion\\\/\"}]}<\/script>\n<!-- \/ Yoast SEO plugin. -->","yoast_head_json":{"title":"O Grupo Popular asegura que en Galicia estase a cumprir a Lei de sa\u00fade sexual e reprodutiva - PP de Galicia","robots":{"index":"index","follow":"follow","max-snippet":"max-snippet:-1","max-image-preview":"max-image-preview:large","max-video-preview":"max-video-preview:-1"},"canonical":"https:\/\/ppdegalicia.com\/es\/o-grupo-popular-asegura-que-en-galicia-estase-a-cumprir-a-lei-de-saude-sexual-e-reprodutiva\/","og_locale":"es_ES","og_type":"article","og_title":"O Grupo Popular asegura que en Galicia estase a cumprir a Lei de sa\u00fade sexual e reprodutiva - PP de Galicia","og_description":"Santiago, 9 de xullo de 2019.- A deputada do Grupo Popular Marta Rodr\u00edguez-Vispo afirmou hoxe no Pleno que desde o PPdeG \u201capoiamos inequivocamente a liberdade da muller e que elixan ou non ser nais\u201d. As\u00ed mesmo, asegurou que en Galicia estase a cumprir a Lei de sa\u00fade sexual e reprodutiva, \u201ccomo supo\u00f1emos que se fai [&hellip;]","og_url":"https:\/\/ppdegalicia.com\/es\/o-grupo-popular-asegura-que-en-galicia-estase-a-cumprir-a-lei-de-saude-sexual-e-reprodutiva\/","og_site_name":"PP de Galicia","article_publisher":"https:\/\/www.instagram.com\/ppdegalicia\/","article_published_time":"2019-07-09T09:21:13+00:00","author":"Super User","twitter_card":"summary_large_image","twitter_creator":"@ppdegalicia","twitter_site":"@ppdegalicia","twitter_misc":{"Escrito por":"Super User","Tiempo de lectura":"1 minuto"},"schema":{"@context":"https:\/\/schema.org","@graph":[{"@type":"Article","@id":"https:\/\/ppdegalicia.com\/es\/o-grupo-popular-asegura-que-en-galicia-estase-a-cumprir-a-lei-de-saude-sexual-e-reprodutiva\/#article","isPartOf":{"@id":"https:\/\/ppdegalicia.com\/es\/o-grupo-popular-asegura-que-en-galicia-estase-a-cumprir-a-lei-de-saude-sexual-e-reprodutiva\/"},"author":{"name":"Super User","@id":"https:\/\/ppdegalicia.com\/es\/#\/schema\/person\/d0f013b8388c980665d44009ab762960"},"headline":"O Grupo Popular asegura que en Galicia estase a cumprir a Lei de sa\u00fade sexual e reprodutiva","datePublished":"2019-07-09T09:21:13+00:00","mainEntityOfPage":{"@id":"https:\/\/ppdegalicia.com\/es\/o-grupo-popular-asegura-que-en-galicia-estase-a-cumprir-a-lei-de-saude-sexual-e-reprodutiva\/"},"wordCount":252,"commentCount":0,"publisher":{"@id":"https:\/\/ppdegalicia.com\/es\/#organization"},"articleSection":["PP de Galicia"],"inLanguage":"es","potentialAction":[{"@type":"CommentAction","name":"Comment","target":["https:\/\/ppdegalicia.com\/es\/o-grupo-popular-asegura-que-en-galicia-estase-a-cumprir-a-lei-de-saude-sexual-e-reprodutiva\/#respond"]}]},{"@type":"WebPage","@id":"https:\/\/ppdegalicia.com\/es\/o-grupo-popular-asegura-que-en-galicia-estase-a-cumprir-a-lei-de-saude-sexual-e-reprodutiva\/","url":"https:\/\/ppdegalicia.com\/es\/o-grupo-popular-asegura-que-en-galicia-estase-a-cumprir-a-lei-de-saude-sexual-e-reprodutiva\/","name":"O Grupo Popular asegura que en Galicia estase a cumprir a Lei de sa\u00fade sexual e reprodutiva - PP de Galicia","isPartOf":{"@id":"https:\/\/ppdegalicia.com\/es\/#website"},"datePublished":"2019-07-09T09:21:13+00:00","breadcrumb":{"@id":"https:\/\/ppdegalicia.com\/es\/o-grupo-popular-asegura-que-en-galicia-estase-a-cumprir-a-lei-de-saude-sexual-e-reprodutiva\/#breadcrumb"},"inLanguage":"es","potentialAction":[{"@type":"ReadAction","target":["https:\/\/ppdegalicia.com\/es\/o-grupo-popular-asegura-que-en-galicia-estase-a-cumprir-a-lei-de-saude-sexual-e-reprodutiva\/"]}]},{"@type":"BreadcrumbList","@id":"https:\/\/ppdegalicia.com\/es\/o-grupo-popular-asegura-que-en-galicia-estase-a-cumprir-a-lei-de-saude-sexual-e-reprodutiva\/#breadcrumb","itemListElement":[{"@type":"ListItem","position":1,"name":"Portada","item":"https:\/\/ppdegalicia.com\/es\/"},{"@type":"ListItem","position":2,"name":"O Grupo Popular asegura que en Galicia estase a cumprir a Lei de sa\u00fade sexual e reprodutiva"}]},{"@type":"WebSite","@id":"https:\/\/ppdegalicia.com\/es\/#website","url":"https:\/\/ppdegalicia.com\/es\/","name":"Partido Popular de Galicia","description":"Partido Popular de Galicia","publisher":{"@id":"https:\/\/ppdegalicia.com\/es\/#organization"},"alternateName":"PP de Galicia","potentialAction":[{"@type":"SearchAction","target":{"@type":"EntryPoint","urlTemplate":"https:\/\/ppdegalicia.com\/es\/?s={search_term_string}"},"query-input":{"@type":"PropertyValueSpecification","valueRequired":true,"valueName":"search_term_string"}}],"inLanguage":"es"},{"@type":"Organization","@id":"https:\/\/ppdegalicia.com\/es\/#organization","name":"Partido Popular de Galicia","alternateName":"PP de Galicia","url":"https:\/\/ppdegalicia.com\/es\/","logo":{"@type":"ImageObject","inLanguage":"es","@id":"https:\/\/ppdegalicia.com\/es\/#\/schema\/logo\/image\/","url":"https:\/\/ppdegalicia.com\/wp-content\/uploads\/2023\/04\/logoPP512.png","contentUrl":"https:\/\/ppdegalicia.com\/wp-content\/uploads\/2023\/04\/logoPP512.png","width":512,"height":512,"caption":"Partido Popular de Galicia"},"image":{"@id":"https:\/\/ppdegalicia.com\/es\/#\/schema\/logo\/image\/"},"sameAs":["https:\/\/www.instagram.com\/ppdegalicia\/","https:\/\/x.com\/ppdegalicia","https:\/\/www.tiktok.com\/@ppdegalicia","https:\/\/www.youtube.com\/user\/ppdegalicia"]},{"@type":"Person","@id":"https:\/\/ppdegalicia.com\/es\/#\/schema\/person\/d0f013b8388c980665d44009ab762960","name":"Super User","image":{"@type":"ImageObject","inLanguage":"es","@id":"https:\/\/secure.gravatar.com\/avatar\/1db852625ef4948f58d2739bfbc51e4b9bd5c93b8fa340b59fdb594ca0845645?s=96&d=mm&r=g","url":"https:\/\/secure.gravatar.com\/avatar\/1db852625ef4948f58d2739bfbc51e4b9bd5c93b8fa340b59fdb594ca0845645?s=96&d=mm&r=g","contentUrl":"https:\/\/secure.gravatar.com\/avatar\/1db852625ef4948f58d2739bfbc51e4b9bd5c93b8fa340b59fdb594ca0845645?s=96&d=mm&r=g","caption":"Super User"},"url":"https:\/\/ppdegalicia.com\/es\/author\/ppdegaliciagestion\/"}]}},"_links":{"self":[{"href":"https:\/\/ppdegalicia.com\/es\/wp-json\/wp\/v2\/posts\/52453","targetHints":{"allow":["GET"]}}],"collection":[{"href":"https:\/\/ppdegalicia.com\/es\/wp-json\/wp\/v2\/posts"}],"about":[{"href":"https:\/\/ppdegalicia.com\/es\/wp-json\/wp\/v2\/types\/post"}],"author":[{"embeddable":true,"href":"https:\/\/ppdegalicia.com\/es\/wp-json\/wp\/v2\/users\/37"}],"replies":[{"embeddable":true,"href":"https:\/\/ppdegalicia.com\/es\/wp-json\/wp\/v2\/comments?post=52453"}],"version-history":[{"count":0,"href":"https:\/\/ppdegalicia.com\/es\/wp-json\/wp\/v2\/posts\/52453\/revisions"}],"wp:attachment":[{"href":"https:\/\/ppdegalicia.com\/es\/wp-json\/wp\/v2\/media?parent=52453"}],"wp:term":[{"taxonomy":"category","embeddable":true,"href":"https:\/\/ppdegalicia.com\/es\/wp-json\/wp\/v2\/categories?post=52453"},{"taxonomy":"post_tag","embeddable":true,"href":"https:\/\/ppdegalicia.com\/es\/wp-json\/wp\/v2\/tags?post=52453"}],"curies":[{"name":"wp","href":"https:\/\/api.w.org\/{rel}","templated":true}]}}