{"id":52454,"date":"2019-07-09T16:21:14","date_gmt":"2019-07-09T14:21:14","guid":{"rendered":"https:\/\/ppdegalicia.com\/o-grupo-popular-demanda-retomar-a-mesa-de-dialogo-das-artes-escenicas-para-tratar-a-situacion-do-centro-dramatico-galego\/"},"modified":"2019-07-09T16:21:14","modified_gmt":"2019-07-09T14:21:14","slug":"o-grupo-popular-demanda-retomar-a-mesa-de-dialogo-das-artes-escenicas-para-tratar-a-situacion-do-centro-dramatico-galego","status":"publish","type":"post","link":"https:\/\/ppdegalicia.com\/es\/o-grupo-popular-demanda-retomar-a-mesa-de-dialogo-das-artes-escenicas-para-tratar-a-situacion-do-centro-dramatico-galego\/","title":{"rendered":"O Grupo Popular demanda retomar a mesa de di\u00e1logo das artes esc\u00e9nicas para tratar a situaci\u00f3n do Centro Dram\u00e1tico Galego"},"content":{"rendered":"<p>Santiago, 9 de xullo de 2019.- A deputada do Grupo Popular Maribel Novo Fari\u00f1a demandou hoxe no Pleno do Parlamento que se retome a mesa de di\u00e1logo, creada en 2017 coa participaci\u00f3n das principais entidades do \u00e1mbito das artes esc\u00e9nicas galegas, para tratar da situaci\u00f3n actual do Centro Dram\u00e1tico Galego (CDG) e do papel dunha compa\u00f1\u00eda p\u00fablica de produci\u00f3n teatral no contexto da Galicia do s\u00e9culo XXI.<\/p>\n<p><!--more--><\/p>\n<p>&nbsp;<\/p>\n<p>Maribel Novo manifestou que \u201ctemos que afrontar novos retos e cambios sociais, pero sen esquecernos da importancia do papel do Centro Dram\u00e1tico Galego, que tanto aportou e contribu\u00edu ao sector esc\u00e9nico galego e que seguro que o seguir\u00e1 facendo\u201d.<\/p>\n<p>&nbsp;<\/p>\n<p><strong>DENTRO DA LEGALIDADE<\/strong><\/p>\n<p>&nbsp;<\/p>\n<p>Na s\u00faa intervenci\u00f3n, a deputada popular lembrou que o CDG \u201c\u00e9 unha compa\u00f1\u00eda p\u00fablica que ten que asegurar as condici\u00f3ns de contrataci\u00f3n dentro da legalidade\u201d, polo que avogou por \u201cbuscar soluci\u00f3ns dentro da legalidade respectando sempre que se trata dun centro libre, plural e aberto\u201d.<\/p>\n<p>&nbsp;<\/p>\n<p>\u201cTemos unha estratexia para o sector cultural, traballando man a man co sector, co obxectivo de garantir que os galegos te\u00f1an unha oferta cultural o m\u00e1is rica posible co desenvolvemento e progreso das artes esc\u00e9nicas, buscando un acordo e un consenso que garanta o futuro do Centro Dram\u00e1tico Galego\u201d, sinalou.<\/p>\n","protected":false},"excerpt":{"rendered":"<p>Santiago, 9 de xullo de 2019.- A deputada do Grupo Popular Maribel Novo Fari\u00f1a demandou hoxe no Pleno do Parlamento que se retome a mesa de di\u00e1logo, creada en 2017 coa participaci\u00f3n das principais entidades do \u00e1mbito das artes esc\u00e9nicas galegas, para tratar da situaci\u00f3n actual do Centro Dram\u00e1tico Galego (CDG) e do papel dunha [&hellip;]<\/p>\n","protected":false},"author":37,"featured_media":0,"comment_status":"open","ping_status":"open","sticky":false,"template":"","format":"standard","meta":{"_acf_changed":false,"footnotes":""},"categories":[1],"tags":[],"class_list":["post-52454","post","type-post","status-publish","format-standard","hentry","category-pp-de-galicia"],"acf":[],"yoast_head":"<!-- This site is optimized with the Yoast SEO plugin v27.3 - https:\/\/yoast.com\/product\/yoast-seo-wordpress\/ -->\n<title>O Grupo Popular demanda retomar a mesa de di\u00e1logo das artes esc\u00e9nicas para tratar a situaci\u00f3n do Centro Dram\u00e1tico Galego - PP de Galicia<\/title>\n<meta name=\"robots\" content=\"index, follow, max-snippet:-1, max-image-preview:large, max-video-preview:-1\" \/>\n<link rel=\"canonical\" href=\"https:\/\/ppdegalicia.com\/es\/o-grupo-popular-demanda-retomar-a-mesa-de-dialogo-das-artes-escenicas-para-tratar-a-situacion-do-centro-dramatico-galego\/\" \/>\n<meta property=\"og:locale\" content=\"es_ES\" \/>\n<meta property=\"og:type\" content=\"article\" \/>\n<meta property=\"og:title\" content=\"O Grupo Popular demanda retomar a mesa de di\u00e1logo das artes esc\u00e9nicas para tratar a situaci\u00f3n do Centro Dram\u00e1tico Galego - PP de Galicia\" \/>\n<meta property=\"og:description\" content=\"Santiago, 9 de xullo de 2019.- A deputada do Grupo Popular Maribel Novo Fari\u00f1a demandou hoxe no Pleno do Parlamento que se retome a mesa de di\u00e1logo, creada en 2017 coa participaci\u00f3n das principais entidades do \u00e1mbito das artes esc\u00e9nicas galegas, para tratar da situaci\u00f3n actual do Centro Dram\u00e1tico Galego (CDG) e do papel dunha [&hellip;]\" \/>\n<meta property=\"og:url\" content=\"https:\/\/ppdegalicia.com\/es\/o-grupo-popular-demanda-retomar-a-mesa-de-dialogo-das-artes-escenicas-para-tratar-a-situacion-do-centro-dramatico-galego\/\" \/>\n<meta property=\"og:site_name\" content=\"PP de Galicia\" \/>\n<meta property=\"article:publisher\" content=\"https:\/\/www.instagram.com\/ppdegalicia\/\" \/>\n<meta property=\"article:published_time\" content=\"2019-07-09T14:21:14+00:00\" \/>\n<meta name=\"author\" content=\"Super User\" \/>\n<meta name=\"twitter:card\" content=\"summary_large_image\" \/>\n<meta name=\"twitter:creator\" content=\"@ppdegalicia\" \/>\n<meta name=\"twitter:site\" content=\"@ppdegalicia\" \/>\n<meta name=\"twitter:label1\" content=\"Escrito por\" \/>\n\t<meta name=\"twitter:data1\" content=\"Super User\" \/>\n\t<meta name=\"twitter:label2\" content=\"Tiempo de lectura\" \/>\n\t<meta name=\"twitter:data2\" content=\"1 minuto\" \/>\n<script type=\"application\/ld+json\" class=\"yoast-schema-graph\">{\"@context\":\"https:\\\/\\\/schema.org\",\"@graph\":[{\"@type\":\"Article\",\"@id\":\"https:\\\/\\\/ppdegalicia.com\\\/es\\\/o-grupo-popular-demanda-retomar-a-mesa-de-dialogo-das-artes-escenicas-para-tratar-a-situacion-do-centro-dramatico-galego\\\/#article\",\"isPartOf\":{\"@id\":\"https:\\\/\\\/ppdegalicia.com\\\/es\\\/o-grupo-popular-demanda-retomar-a-mesa-de-dialogo-das-artes-escenicas-para-tratar-a-situacion-do-centro-dramatico-galego\\\/\"},\"author\":{\"name\":\"Super User\",\"@id\":\"https:\\\/\\\/ppdegalicia.com\\\/es\\\/#\\\/schema\\\/person\\\/d0f013b8388c980665d44009ab762960\"},\"headline\":\"O Grupo Popular demanda retomar a mesa de di\u00e1logo das artes esc\u00e9nicas para tratar a situaci\u00f3n do Centro Dram\u00e1tico Galego\",\"datePublished\":\"2019-07-09T14:21:14+00:00\",\"mainEntityOfPage\":{\"@id\":\"https:\\\/\\\/ppdegalicia.com\\\/es\\\/o-grupo-popular-demanda-retomar-a-mesa-de-dialogo-das-artes-escenicas-para-tratar-a-situacion-do-centro-dramatico-galego\\\/\"},\"wordCount\":253,\"commentCount\":0,\"publisher\":{\"@id\":\"https:\\\/\\\/ppdegalicia.com\\\/es\\\/#organization\"},\"articleSection\":[\"PP de Galicia\"],\"inLanguage\":\"es\",\"potentialAction\":[{\"@type\":\"CommentAction\",\"name\":\"Comment\",\"target\":[\"https:\\\/\\\/ppdegalicia.com\\\/es\\\/o-grupo-popular-demanda-retomar-a-mesa-de-dialogo-das-artes-escenicas-para-tratar-a-situacion-do-centro-dramatico-galego\\\/#respond\"]}]},{\"@type\":\"WebPage\",\"@id\":\"https:\\\/\\\/ppdegalicia.com\\\/es\\\/o-grupo-popular-demanda-retomar-a-mesa-de-dialogo-das-artes-escenicas-para-tratar-a-situacion-do-centro-dramatico-galego\\\/\",\"url\":\"https:\\\/\\\/ppdegalicia.com\\\/es\\\/o-grupo-popular-demanda-retomar-a-mesa-de-dialogo-das-artes-escenicas-para-tratar-a-situacion-do-centro-dramatico-galego\\\/\",\"name\":\"O Grupo Popular demanda retomar a mesa de di\u00e1logo das artes esc\u00e9nicas para tratar a situaci\u00f3n do Centro Dram\u00e1tico Galego - PP de Galicia\",\"isPartOf\":{\"@id\":\"https:\\\/\\\/ppdegalicia.com\\\/es\\\/#website\"},\"datePublished\":\"2019-07-09T14:21:14+00:00\",\"breadcrumb\":{\"@id\":\"https:\\\/\\\/ppdegalicia.com\\\/es\\\/o-grupo-popular-demanda-retomar-a-mesa-de-dialogo-das-artes-escenicas-para-tratar-a-situacion-do-centro-dramatico-galego\\\/#breadcrumb\"},\"inLanguage\":\"es\",\"potentialAction\":[{\"@type\":\"ReadAction\",\"target\":[\"https:\\\/\\\/ppdegalicia.com\\\/es\\\/o-grupo-popular-demanda-retomar-a-mesa-de-dialogo-das-artes-escenicas-para-tratar-a-situacion-do-centro-dramatico-galego\\\/\"]}]},{\"@type\":\"BreadcrumbList\",\"@id\":\"https:\\\/\\\/ppdegalicia.com\\\/es\\\/o-grupo-popular-demanda-retomar-a-mesa-de-dialogo-das-artes-escenicas-para-tratar-a-situacion-do-centro-dramatico-galego\\\/#breadcrumb\",\"itemListElement\":[{\"@type\":\"ListItem\",\"position\":1,\"name\":\"Portada\",\"item\":\"https:\\\/\\\/ppdegalicia.com\\\/es\\\/\"},{\"@type\":\"ListItem\",\"position\":2,\"name\":\"O Grupo Popular demanda retomar a mesa de di\u00e1logo das artes esc\u00e9nicas para tratar a situaci\u00f3n do Centro Dram\u00e1tico Galego\"}]},{\"@type\":\"WebSite\",\"@id\":\"https:\\\/\\\/ppdegalicia.com\\\/es\\\/#website\",\"url\":\"https:\\\/\\\/ppdegalicia.com\\\/es\\\/\",\"name\":\"Partido Popular de Galicia\",\"description\":\"Partido Popular de Galicia\",\"publisher\":{\"@id\":\"https:\\\/\\\/ppdegalicia.com\\\/es\\\/#organization\"},\"alternateName\":\"PP de Galicia\",\"potentialAction\":[{\"@type\":\"SearchAction\",\"target\":{\"@type\":\"EntryPoint\",\"urlTemplate\":\"https:\\\/\\\/ppdegalicia.com\\\/es\\\/?s={search_term_string}\"},\"query-input\":{\"@type\":\"PropertyValueSpecification\",\"valueRequired\":true,\"valueName\":\"search_term_string\"}}],\"inLanguage\":\"es\"},{\"@type\":\"Organization\",\"@id\":\"https:\\\/\\\/ppdegalicia.com\\\/es\\\/#organization\",\"name\":\"Partido Popular de Galicia\",\"alternateName\":\"PP de Galicia\",\"url\":\"https:\\\/\\\/ppdegalicia.com\\\/es\\\/\",\"logo\":{\"@type\":\"ImageObject\",\"inLanguage\":\"es\",\"@id\":\"https:\\\/\\\/ppdegalicia.com\\\/es\\\/#\\\/schema\\\/logo\\\/image\\\/\",\"url\":\"https:\\\/\\\/ppdegalicia.com\\\/wp-content\\\/uploads\\\/2023\\\/04\\\/logoPP512.png\",\"contentUrl\":\"https:\\\/\\\/ppdegalicia.com\\\/wp-content\\\/uploads\\\/2023\\\/04\\\/logoPP512.png\",\"width\":512,\"height\":512,\"caption\":\"Partido Popular de Galicia\"},\"image\":{\"@id\":\"https:\\\/\\\/ppdegalicia.com\\\/es\\\/#\\\/schema\\\/logo\\\/image\\\/\"},\"sameAs\":[\"https:\\\/\\\/www.instagram.com\\\/ppdegalicia\\\/\",\"https:\\\/\\\/x.com\\\/ppdegalicia\",\"https:\\\/\\\/www.tiktok.com\\\/@ppdegalicia\",\"https:\\\/\\\/www.youtube.com\\\/user\\\/ppdegalicia\"]},{\"@type\":\"Person\",\"@id\":\"https:\\\/\\\/ppdegalicia.com\\\/es\\\/#\\\/schema\\\/person\\\/d0f013b8388c980665d44009ab762960\",\"name\":\"Super User\",\"image\":{\"@type\":\"ImageObject\",\"inLanguage\":\"es\",\"@id\":\"https:\\\/\\\/secure.gravatar.com\\\/avatar\\\/1db852625ef4948f58d2739bfbc51e4b9bd5c93b8fa340b59fdb594ca0845645?s=96&d=mm&r=g\",\"url\":\"https:\\\/\\\/secure.gravatar.com\\\/avatar\\\/1db852625ef4948f58d2739bfbc51e4b9bd5c93b8fa340b59fdb594ca0845645?s=96&d=mm&r=g\",\"contentUrl\":\"https:\\\/\\\/secure.gravatar.com\\\/avatar\\\/1db852625ef4948f58d2739bfbc51e4b9bd5c93b8fa340b59fdb594ca0845645?s=96&d=mm&r=g\",\"caption\":\"Super User\"},\"url\":\"https:\\\/\\\/ppdegalicia.com\\\/es\\\/author\\\/ppdegaliciagestion\\\/\"}]}<\/script>\n<!-- \/ Yoast SEO plugin. -->","yoast_head_json":{"title":"O Grupo Popular demanda retomar a mesa de di\u00e1logo das artes esc\u00e9nicas para tratar a situaci\u00f3n do Centro Dram\u00e1tico Galego - PP de Galicia","robots":{"index":"index","follow":"follow","max-snippet":"max-snippet:-1","max-image-preview":"max-image-preview:large","max-video-preview":"max-video-preview:-1"},"canonical":"https:\/\/ppdegalicia.com\/es\/o-grupo-popular-demanda-retomar-a-mesa-de-dialogo-das-artes-escenicas-para-tratar-a-situacion-do-centro-dramatico-galego\/","og_locale":"es_ES","og_type":"article","og_title":"O Grupo Popular demanda retomar a mesa de di\u00e1logo das artes esc\u00e9nicas para tratar a situaci\u00f3n do Centro Dram\u00e1tico Galego - PP de Galicia","og_description":"Santiago, 9 de xullo de 2019.- A deputada do Grupo Popular Maribel Novo Fari\u00f1a demandou hoxe no Pleno do Parlamento que se retome a mesa de di\u00e1logo, creada en 2017 coa participaci\u00f3n das principais entidades do \u00e1mbito das artes esc\u00e9nicas galegas, para tratar da situaci\u00f3n actual do Centro Dram\u00e1tico Galego (CDG) e do papel dunha [&hellip;]","og_url":"https:\/\/ppdegalicia.com\/es\/o-grupo-popular-demanda-retomar-a-mesa-de-dialogo-das-artes-escenicas-para-tratar-a-situacion-do-centro-dramatico-galego\/","og_site_name":"PP de Galicia","article_publisher":"https:\/\/www.instagram.com\/ppdegalicia\/","article_published_time":"2019-07-09T14:21:14+00:00","author":"Super User","twitter_card":"summary_large_image","twitter_creator":"@ppdegalicia","twitter_site":"@ppdegalicia","twitter_misc":{"Escrito por":"Super User","Tiempo de lectura":"1 minuto"},"schema":{"@context":"https:\/\/schema.org","@graph":[{"@type":"Article","@id":"https:\/\/ppdegalicia.com\/es\/o-grupo-popular-demanda-retomar-a-mesa-de-dialogo-das-artes-escenicas-para-tratar-a-situacion-do-centro-dramatico-galego\/#article","isPartOf":{"@id":"https:\/\/ppdegalicia.com\/es\/o-grupo-popular-demanda-retomar-a-mesa-de-dialogo-das-artes-escenicas-para-tratar-a-situacion-do-centro-dramatico-galego\/"},"author":{"name":"Super User","@id":"https:\/\/ppdegalicia.com\/es\/#\/schema\/person\/d0f013b8388c980665d44009ab762960"},"headline":"O Grupo Popular demanda retomar a mesa de di\u00e1logo das artes esc\u00e9nicas para tratar a situaci\u00f3n do Centro Dram\u00e1tico Galego","datePublished":"2019-07-09T14:21:14+00:00","mainEntityOfPage":{"@id":"https:\/\/ppdegalicia.com\/es\/o-grupo-popular-demanda-retomar-a-mesa-de-dialogo-das-artes-escenicas-para-tratar-a-situacion-do-centro-dramatico-galego\/"},"wordCount":253,"commentCount":0,"publisher":{"@id":"https:\/\/ppdegalicia.com\/es\/#organization"},"articleSection":["PP de Galicia"],"inLanguage":"es","potentialAction":[{"@type":"CommentAction","name":"Comment","target":["https:\/\/ppdegalicia.com\/es\/o-grupo-popular-demanda-retomar-a-mesa-de-dialogo-das-artes-escenicas-para-tratar-a-situacion-do-centro-dramatico-galego\/#respond"]}]},{"@type":"WebPage","@id":"https:\/\/ppdegalicia.com\/es\/o-grupo-popular-demanda-retomar-a-mesa-de-dialogo-das-artes-escenicas-para-tratar-a-situacion-do-centro-dramatico-galego\/","url":"https:\/\/ppdegalicia.com\/es\/o-grupo-popular-demanda-retomar-a-mesa-de-dialogo-das-artes-escenicas-para-tratar-a-situacion-do-centro-dramatico-galego\/","name":"O Grupo Popular demanda retomar a mesa de di\u00e1logo das artes esc\u00e9nicas para tratar a situaci\u00f3n do Centro Dram\u00e1tico Galego - PP de Galicia","isPartOf":{"@id":"https:\/\/ppdegalicia.com\/es\/#website"},"datePublished":"2019-07-09T14:21:14+00:00","breadcrumb":{"@id":"https:\/\/ppdegalicia.com\/es\/o-grupo-popular-demanda-retomar-a-mesa-de-dialogo-das-artes-escenicas-para-tratar-a-situacion-do-centro-dramatico-galego\/#breadcrumb"},"inLanguage":"es","potentialAction":[{"@type":"ReadAction","target":["https:\/\/ppdegalicia.com\/es\/o-grupo-popular-demanda-retomar-a-mesa-de-dialogo-das-artes-escenicas-para-tratar-a-situacion-do-centro-dramatico-galego\/"]}]},{"@type":"BreadcrumbList","@id":"https:\/\/ppdegalicia.com\/es\/o-grupo-popular-demanda-retomar-a-mesa-de-dialogo-das-artes-escenicas-para-tratar-a-situacion-do-centro-dramatico-galego\/#breadcrumb","itemListElement":[{"@type":"ListItem","position":1,"name":"Portada","item":"https:\/\/ppdegalicia.com\/es\/"},{"@type":"ListItem","position":2,"name":"O Grupo Popular demanda retomar a mesa de di\u00e1logo das artes esc\u00e9nicas para tratar a situaci\u00f3n do Centro Dram\u00e1tico Galego"}]},{"@type":"WebSite","@id":"https:\/\/ppdegalicia.com\/es\/#website","url":"https:\/\/ppdegalicia.com\/es\/","name":"Partido Popular de Galicia","description":"Partido Popular de Galicia","publisher":{"@id":"https:\/\/ppdegalicia.com\/es\/#organization"},"alternateName":"PP de Galicia","potentialAction":[{"@type":"SearchAction","target":{"@type":"EntryPoint","urlTemplate":"https:\/\/ppdegalicia.com\/es\/?s={search_term_string}"},"query-input":{"@type":"PropertyValueSpecification","valueRequired":true,"valueName":"search_term_string"}}],"inLanguage":"es"},{"@type":"Organization","@id":"https:\/\/ppdegalicia.com\/es\/#organization","name":"Partido Popular de Galicia","alternateName":"PP de Galicia","url":"https:\/\/ppdegalicia.com\/es\/","logo":{"@type":"ImageObject","inLanguage":"es","@id":"https:\/\/ppdegalicia.com\/es\/#\/schema\/logo\/image\/","url":"https:\/\/ppdegalicia.com\/wp-content\/uploads\/2023\/04\/logoPP512.png","contentUrl":"https:\/\/ppdegalicia.com\/wp-content\/uploads\/2023\/04\/logoPP512.png","width":512,"height":512,"caption":"Partido Popular de Galicia"},"image":{"@id":"https:\/\/ppdegalicia.com\/es\/#\/schema\/logo\/image\/"},"sameAs":["https:\/\/www.instagram.com\/ppdegalicia\/","https:\/\/x.com\/ppdegalicia","https:\/\/www.tiktok.com\/@ppdegalicia","https:\/\/www.youtube.com\/user\/ppdegalicia"]},{"@type":"Person","@id":"https:\/\/ppdegalicia.com\/es\/#\/schema\/person\/d0f013b8388c980665d44009ab762960","name":"Super User","image":{"@type":"ImageObject","inLanguage":"es","@id":"https:\/\/secure.gravatar.com\/avatar\/1db852625ef4948f58d2739bfbc51e4b9bd5c93b8fa340b59fdb594ca0845645?s=96&d=mm&r=g","url":"https:\/\/secure.gravatar.com\/avatar\/1db852625ef4948f58d2739bfbc51e4b9bd5c93b8fa340b59fdb594ca0845645?s=96&d=mm&r=g","contentUrl":"https:\/\/secure.gravatar.com\/avatar\/1db852625ef4948f58d2739bfbc51e4b9bd5c93b8fa340b59fdb594ca0845645?s=96&d=mm&r=g","caption":"Super User"},"url":"https:\/\/ppdegalicia.com\/es\/author\/ppdegaliciagestion\/"}]}},"_links":{"self":[{"href":"https:\/\/ppdegalicia.com\/es\/wp-json\/wp\/v2\/posts\/52454","targetHints":{"allow":["GET"]}}],"collection":[{"href":"https:\/\/ppdegalicia.com\/es\/wp-json\/wp\/v2\/posts"}],"about":[{"href":"https:\/\/ppdegalicia.com\/es\/wp-json\/wp\/v2\/types\/post"}],"author":[{"embeddable":true,"href":"https:\/\/ppdegalicia.com\/es\/wp-json\/wp\/v2\/users\/37"}],"replies":[{"embeddable":true,"href":"https:\/\/ppdegalicia.com\/es\/wp-json\/wp\/v2\/comments?post=52454"}],"version-history":[{"count":0,"href":"https:\/\/ppdegalicia.com\/es\/wp-json\/wp\/v2\/posts\/52454\/revisions"}],"wp:attachment":[{"href":"https:\/\/ppdegalicia.com\/es\/wp-json\/wp\/v2\/media?parent=52454"}],"wp:term":[{"taxonomy":"category","embeddable":true,"href":"https:\/\/ppdegalicia.com\/es\/wp-json\/wp\/v2\/categories?post=52454"},{"taxonomy":"post_tag","embeddable":true,"href":"https:\/\/ppdegalicia.com\/es\/wp-json\/wp\/v2\/tags?post=52454"}],"curies":[{"name":"wp","href":"https:\/\/api.w.org\/{rel}","templated":true}]}}