{"id":52455,"date":"2019-07-09T17:01:47","date_gmt":"2019-07-09T15:01:47","guid":{"rendered":"https:\/\/ppdegalicia.com\/o-ppdeg-apoia-solicitar-ao-goberno-do-estado-as-competencias-de-xestion-das-bolsas-de-axuda-ao-estudo\/"},"modified":"2019-07-09T17:01:47","modified_gmt":"2019-07-09T15:01:47","slug":"o-ppdeg-apoia-solicitar-ao-goberno-do-estado-as-competencias-de-xestion-das-bolsas-de-axuda-ao-estudo","status":"publish","type":"post","link":"https:\/\/ppdegalicia.com\/es\/o-ppdeg-apoia-solicitar-ao-goberno-do-estado-as-competencias-de-xestion-das-bolsas-de-axuda-ao-estudo\/","title":{"rendered":"O PPdeG apoia solicitar ao Goberno do Estado as competencias de xesti\u00f3n das bolsas de axuda ao estudo"},"content":{"rendered":"<p>Santiago, 9 de xullo de 2019.- O Grupo Popular apoiar\u00e1 no Pleno a solicitude ao Goberno&nbsp; do Estado para que transfira a Galicia as competencias de xesti\u00f3n das bolsas de axuda ao estudo, as\u00ed como os recursos econ\u00f3micos correspondente a elas.<\/p>\n<p><!--more--><\/p>\n<p>&nbsp;<\/p>\n<p>\u201cFacemos este apoio expl\u00edcito por pura coherencia coa traxectoria do PPdeG, tanto no Goberno da Xunta como nesta C\u00e1mara\u201d, manifestou a portavoz de Educaci\u00f3n, Mar\u00eda Ant\u00f3n Vilas\u00e1nchez, quen recordou que xa en 2010, no seo da Comisi\u00f3n Bilateral, esta era unha das competencias da listaxe solicitada polo Goberno galego ao Goberno central.<\/p>\n<p>&nbsp;<\/p>\n<p>Mar\u00eda Ant\u00f3n afirmou que o PPdeG \u201cten clara a s\u00faa posici\u00f3n: aspiramos a m\u00e1is e mellor autogoberno, conforme ao noso estatus constitucional de nacionalidade hist\u00f3rica; queremos avanzar na defensa do noso autogoberno real, de acordo cun plan ordenado e establecendo prioridades; e reserv\u00e1monos o dereito a valorar se a Galicia lle conv\u00e9n asumir calquera outra competencia que sexa transferida a outra comunidade aut\u00f3noma\u201d.<\/p>\n<p>&nbsp;<\/p>\n<p>Neste sentido, a portavoz popular subli\u00f1ou que a proposici\u00f3n non de lei menciona a transferencia da competencia en materia de bolsas de axuda ao estudo e os recursos econ\u00f3micos correspondentes. Deste xeito, \u201ccando se fala de recursos entendemos que vai impl\u00edcito o custe efectivo dos medios persoais, materiais e inform\u00e1ticos requiridos para desenvolver, con solvencia, as funci\u00f3ns correspondentes \u00e1 Administraci\u00f3n auton\u00f3mica\u201d, concretou.<\/p>\n<p>&nbsp;<\/p>\n<p>Ant\u00f3n Vilas\u00e1nchez lembrou que a propia conselleira de Educaci\u00f3n afirmaba na anterior sesi\u00f3n plenaria \u201ca disposici\u00f3n do Goberno galego para estudar con rigorosidade a necesidade de orzamentos e recursos humanos para facer efectivas as competencias de bolsas universitarias a Galicia\u201d. \u201cEsta aseveraci\u00f3n era parte dunha declaraci\u00f3n de intenci\u00f3ns do Goberno galego para abordar diferentes cuesti\u00f3ns co Ministerio de Educaci\u00f3n, referentes ao ensino e \u00e1s universidades galegas, entendendo que Galicia quere defender as s\u00faas singularidades e o seu modelo\u201d, indicou.<\/p>\n<p>&nbsp;<\/p>\n<p>\u201cUn modelo baseado na calidade e aposta polo talento, pero tam\u00e9n na eficiencia, na equidade e na igualdade de oportunidades\u201d, rematou.<\/p>\n","protected":false},"excerpt":{"rendered":"<p>Santiago, 9 de xullo de 2019.- O Grupo Popular apoiar\u00e1 no Pleno a solicitude ao Goberno&nbsp; do Estado para que transfira a Galicia as competencias de xesti\u00f3n das bolsas de axuda ao estudo, as\u00ed como os recursos econ\u00f3micos correspondente a elas.<\/p>\n","protected":false},"author":37,"featured_media":0,"comment_status":"open","ping_status":"open","sticky":false,"template":"","format":"standard","meta":{"_acf_changed":false,"footnotes":""},"categories":[1],"tags":[],"class_list":["post-52455","post","type-post","status-publish","format-standard","hentry","category-pp-de-galicia"],"acf":[],"yoast_head":"<!-- This site is optimized with the Yoast SEO plugin v27.3 - https:\/\/yoast.com\/product\/yoast-seo-wordpress\/ -->\n<title>O PPdeG apoia solicitar ao Goberno do Estado as competencias de xesti\u00f3n das bolsas de axuda ao estudo - PP de Galicia<\/title>\n<meta name=\"robots\" content=\"index, follow, max-snippet:-1, max-image-preview:large, max-video-preview:-1\" \/>\n<link rel=\"canonical\" href=\"https:\/\/ppdegalicia.com\/es\/o-ppdeg-apoia-solicitar-ao-goberno-do-estado-as-competencias-de-xestion-das-bolsas-de-axuda-ao-estudo\/\" \/>\n<meta property=\"og:locale\" content=\"es_ES\" \/>\n<meta property=\"og:type\" content=\"article\" \/>\n<meta property=\"og:title\" content=\"O PPdeG apoia solicitar ao Goberno do Estado as competencias de xesti\u00f3n das bolsas de axuda ao estudo - PP de Galicia\" \/>\n<meta property=\"og:description\" content=\"Santiago, 9 de xullo de 2019.- O Grupo Popular apoiar\u00e1 no Pleno a solicitude ao Goberno&nbsp; do Estado para que transfira a Galicia as competencias de xesti\u00f3n das bolsas de axuda ao estudo, as\u00ed como os recursos econ\u00f3micos correspondente a elas.\" \/>\n<meta property=\"og:url\" content=\"https:\/\/ppdegalicia.com\/es\/o-ppdeg-apoia-solicitar-ao-goberno-do-estado-as-competencias-de-xestion-das-bolsas-de-axuda-ao-estudo\/\" \/>\n<meta property=\"og:site_name\" content=\"PP de Galicia\" \/>\n<meta property=\"article:publisher\" content=\"https:\/\/www.instagram.com\/ppdegalicia\/\" \/>\n<meta property=\"article:published_time\" content=\"2019-07-09T15:01:47+00:00\" \/>\n<meta name=\"author\" content=\"Super User\" \/>\n<meta name=\"twitter:card\" content=\"summary_large_image\" \/>\n<meta name=\"twitter:creator\" content=\"@ppdegalicia\" \/>\n<meta name=\"twitter:site\" content=\"@ppdegalicia\" \/>\n<meta name=\"twitter:label1\" content=\"Escrito por\" \/>\n\t<meta name=\"twitter:data1\" content=\"Super User\" \/>\n\t<meta name=\"twitter:label2\" content=\"Tiempo de lectura\" \/>\n\t<meta name=\"twitter:data2\" content=\"2 minutos\" \/>\n<script type=\"application\/ld+json\" class=\"yoast-schema-graph\">{\"@context\":\"https:\\\/\\\/schema.org\",\"@graph\":[{\"@type\":\"Article\",\"@id\":\"https:\\\/\\\/ppdegalicia.com\\\/es\\\/o-ppdeg-apoia-solicitar-ao-goberno-do-estado-as-competencias-de-xestion-das-bolsas-de-axuda-ao-estudo\\\/#article\",\"isPartOf\":{\"@id\":\"https:\\\/\\\/ppdegalicia.com\\\/es\\\/o-ppdeg-apoia-solicitar-ao-goberno-do-estado-as-competencias-de-xestion-das-bolsas-de-axuda-ao-estudo\\\/\"},\"author\":{\"name\":\"Super User\",\"@id\":\"https:\\\/\\\/ppdegalicia.com\\\/es\\\/#\\\/schema\\\/person\\\/d0f013b8388c980665d44009ab762960\"},\"headline\":\"O PPdeG apoia solicitar ao Goberno do Estado as competencias de xesti\u00f3n das bolsas de axuda ao estudo\",\"datePublished\":\"2019-07-09T15:01:47+00:00\",\"mainEntityOfPage\":{\"@id\":\"https:\\\/\\\/ppdegalicia.com\\\/es\\\/o-ppdeg-apoia-solicitar-ao-goberno-do-estado-as-competencias-de-xestion-das-bolsas-de-axuda-ao-estudo\\\/\"},\"wordCount\":378,\"commentCount\":0,\"publisher\":{\"@id\":\"https:\\\/\\\/ppdegalicia.com\\\/es\\\/#organization\"},\"articleSection\":[\"PP de Galicia\"],\"inLanguage\":\"es\",\"potentialAction\":[{\"@type\":\"CommentAction\",\"name\":\"Comment\",\"target\":[\"https:\\\/\\\/ppdegalicia.com\\\/es\\\/o-ppdeg-apoia-solicitar-ao-goberno-do-estado-as-competencias-de-xestion-das-bolsas-de-axuda-ao-estudo\\\/#respond\"]}]},{\"@type\":\"WebPage\",\"@id\":\"https:\\\/\\\/ppdegalicia.com\\\/es\\\/o-ppdeg-apoia-solicitar-ao-goberno-do-estado-as-competencias-de-xestion-das-bolsas-de-axuda-ao-estudo\\\/\",\"url\":\"https:\\\/\\\/ppdegalicia.com\\\/es\\\/o-ppdeg-apoia-solicitar-ao-goberno-do-estado-as-competencias-de-xestion-das-bolsas-de-axuda-ao-estudo\\\/\",\"name\":\"O PPdeG apoia solicitar ao Goberno do Estado as competencias de xesti\u00f3n das bolsas de axuda ao estudo - PP de Galicia\",\"isPartOf\":{\"@id\":\"https:\\\/\\\/ppdegalicia.com\\\/es\\\/#website\"},\"datePublished\":\"2019-07-09T15:01:47+00:00\",\"breadcrumb\":{\"@id\":\"https:\\\/\\\/ppdegalicia.com\\\/es\\\/o-ppdeg-apoia-solicitar-ao-goberno-do-estado-as-competencias-de-xestion-das-bolsas-de-axuda-ao-estudo\\\/#breadcrumb\"},\"inLanguage\":\"es\",\"potentialAction\":[{\"@type\":\"ReadAction\",\"target\":[\"https:\\\/\\\/ppdegalicia.com\\\/es\\\/o-ppdeg-apoia-solicitar-ao-goberno-do-estado-as-competencias-de-xestion-das-bolsas-de-axuda-ao-estudo\\\/\"]}]},{\"@type\":\"BreadcrumbList\",\"@id\":\"https:\\\/\\\/ppdegalicia.com\\\/es\\\/o-ppdeg-apoia-solicitar-ao-goberno-do-estado-as-competencias-de-xestion-das-bolsas-de-axuda-ao-estudo\\\/#breadcrumb\",\"itemListElement\":[{\"@type\":\"ListItem\",\"position\":1,\"name\":\"Portada\",\"item\":\"https:\\\/\\\/ppdegalicia.com\\\/es\\\/\"},{\"@type\":\"ListItem\",\"position\":2,\"name\":\"O PPdeG apoia solicitar ao Goberno do Estado as competencias de xesti\u00f3n das bolsas de axuda ao estudo\"}]},{\"@type\":\"WebSite\",\"@id\":\"https:\\\/\\\/ppdegalicia.com\\\/es\\\/#website\",\"url\":\"https:\\\/\\\/ppdegalicia.com\\\/es\\\/\",\"name\":\"Partido Popular de Galicia\",\"description\":\"Partido Popular de Galicia\",\"publisher\":{\"@id\":\"https:\\\/\\\/ppdegalicia.com\\\/es\\\/#organization\"},\"alternateName\":\"PP de Galicia\",\"potentialAction\":[{\"@type\":\"SearchAction\",\"target\":{\"@type\":\"EntryPoint\",\"urlTemplate\":\"https:\\\/\\\/ppdegalicia.com\\\/es\\\/?s={search_term_string}\"},\"query-input\":{\"@type\":\"PropertyValueSpecification\",\"valueRequired\":true,\"valueName\":\"search_term_string\"}}],\"inLanguage\":\"es\"},{\"@type\":\"Organization\",\"@id\":\"https:\\\/\\\/ppdegalicia.com\\\/es\\\/#organization\",\"name\":\"Partido Popular de Galicia\",\"alternateName\":\"PP de Galicia\",\"url\":\"https:\\\/\\\/ppdegalicia.com\\\/es\\\/\",\"logo\":{\"@type\":\"ImageObject\",\"inLanguage\":\"es\",\"@id\":\"https:\\\/\\\/ppdegalicia.com\\\/es\\\/#\\\/schema\\\/logo\\\/image\\\/\",\"url\":\"https:\\\/\\\/ppdegalicia.com\\\/wp-content\\\/uploads\\\/2023\\\/04\\\/logoPP512.png\",\"contentUrl\":\"https:\\\/\\\/ppdegalicia.com\\\/wp-content\\\/uploads\\\/2023\\\/04\\\/logoPP512.png\",\"width\":512,\"height\":512,\"caption\":\"Partido Popular de Galicia\"},\"image\":{\"@id\":\"https:\\\/\\\/ppdegalicia.com\\\/es\\\/#\\\/schema\\\/logo\\\/image\\\/\"},\"sameAs\":[\"https:\\\/\\\/www.instagram.com\\\/ppdegalicia\\\/\",\"https:\\\/\\\/x.com\\\/ppdegalicia\",\"https:\\\/\\\/www.tiktok.com\\\/@ppdegalicia\",\"https:\\\/\\\/www.youtube.com\\\/user\\\/ppdegalicia\"]},{\"@type\":\"Person\",\"@id\":\"https:\\\/\\\/ppdegalicia.com\\\/es\\\/#\\\/schema\\\/person\\\/d0f013b8388c980665d44009ab762960\",\"name\":\"Super User\",\"image\":{\"@type\":\"ImageObject\",\"inLanguage\":\"es\",\"@id\":\"https:\\\/\\\/secure.gravatar.com\\\/avatar\\\/1db852625ef4948f58d2739bfbc51e4b9bd5c93b8fa340b59fdb594ca0845645?s=96&d=mm&r=g\",\"url\":\"https:\\\/\\\/secure.gravatar.com\\\/avatar\\\/1db852625ef4948f58d2739bfbc51e4b9bd5c93b8fa340b59fdb594ca0845645?s=96&d=mm&r=g\",\"contentUrl\":\"https:\\\/\\\/secure.gravatar.com\\\/avatar\\\/1db852625ef4948f58d2739bfbc51e4b9bd5c93b8fa340b59fdb594ca0845645?s=96&d=mm&r=g\",\"caption\":\"Super User\"},\"url\":\"https:\\\/\\\/ppdegalicia.com\\\/es\\\/author\\\/ppdegaliciagestion\\\/\"}]}<\/script>\n<!-- \/ Yoast SEO plugin. -->","yoast_head_json":{"title":"O PPdeG apoia solicitar ao Goberno do Estado as competencias de xesti\u00f3n das bolsas de axuda ao estudo - PP de Galicia","robots":{"index":"index","follow":"follow","max-snippet":"max-snippet:-1","max-image-preview":"max-image-preview:large","max-video-preview":"max-video-preview:-1"},"canonical":"https:\/\/ppdegalicia.com\/es\/o-ppdeg-apoia-solicitar-ao-goberno-do-estado-as-competencias-de-xestion-das-bolsas-de-axuda-ao-estudo\/","og_locale":"es_ES","og_type":"article","og_title":"O PPdeG apoia solicitar ao Goberno do Estado as competencias de xesti\u00f3n das bolsas de axuda ao estudo - PP de Galicia","og_description":"Santiago, 9 de xullo de 2019.- O Grupo Popular apoiar\u00e1 no Pleno a solicitude ao Goberno&nbsp; do Estado para que transfira a Galicia as competencias de xesti\u00f3n das bolsas de axuda ao estudo, as\u00ed como os recursos econ\u00f3micos correspondente a elas.","og_url":"https:\/\/ppdegalicia.com\/es\/o-ppdeg-apoia-solicitar-ao-goberno-do-estado-as-competencias-de-xestion-das-bolsas-de-axuda-ao-estudo\/","og_site_name":"PP de Galicia","article_publisher":"https:\/\/www.instagram.com\/ppdegalicia\/","article_published_time":"2019-07-09T15:01:47+00:00","author":"Super User","twitter_card":"summary_large_image","twitter_creator":"@ppdegalicia","twitter_site":"@ppdegalicia","twitter_misc":{"Escrito por":"Super User","Tiempo de lectura":"2 minutos"},"schema":{"@context":"https:\/\/schema.org","@graph":[{"@type":"Article","@id":"https:\/\/ppdegalicia.com\/es\/o-ppdeg-apoia-solicitar-ao-goberno-do-estado-as-competencias-de-xestion-das-bolsas-de-axuda-ao-estudo\/#article","isPartOf":{"@id":"https:\/\/ppdegalicia.com\/es\/o-ppdeg-apoia-solicitar-ao-goberno-do-estado-as-competencias-de-xestion-das-bolsas-de-axuda-ao-estudo\/"},"author":{"name":"Super User","@id":"https:\/\/ppdegalicia.com\/es\/#\/schema\/person\/d0f013b8388c980665d44009ab762960"},"headline":"O PPdeG apoia solicitar ao Goberno do Estado as competencias de xesti\u00f3n das bolsas de axuda ao estudo","datePublished":"2019-07-09T15:01:47+00:00","mainEntityOfPage":{"@id":"https:\/\/ppdegalicia.com\/es\/o-ppdeg-apoia-solicitar-ao-goberno-do-estado-as-competencias-de-xestion-das-bolsas-de-axuda-ao-estudo\/"},"wordCount":378,"commentCount":0,"publisher":{"@id":"https:\/\/ppdegalicia.com\/es\/#organization"},"articleSection":["PP de Galicia"],"inLanguage":"es","potentialAction":[{"@type":"CommentAction","name":"Comment","target":["https:\/\/ppdegalicia.com\/es\/o-ppdeg-apoia-solicitar-ao-goberno-do-estado-as-competencias-de-xestion-das-bolsas-de-axuda-ao-estudo\/#respond"]}]},{"@type":"WebPage","@id":"https:\/\/ppdegalicia.com\/es\/o-ppdeg-apoia-solicitar-ao-goberno-do-estado-as-competencias-de-xestion-das-bolsas-de-axuda-ao-estudo\/","url":"https:\/\/ppdegalicia.com\/es\/o-ppdeg-apoia-solicitar-ao-goberno-do-estado-as-competencias-de-xestion-das-bolsas-de-axuda-ao-estudo\/","name":"O PPdeG apoia solicitar ao Goberno do Estado as competencias de xesti\u00f3n das bolsas de axuda ao estudo - PP de Galicia","isPartOf":{"@id":"https:\/\/ppdegalicia.com\/es\/#website"},"datePublished":"2019-07-09T15:01:47+00:00","breadcrumb":{"@id":"https:\/\/ppdegalicia.com\/es\/o-ppdeg-apoia-solicitar-ao-goberno-do-estado-as-competencias-de-xestion-das-bolsas-de-axuda-ao-estudo\/#breadcrumb"},"inLanguage":"es","potentialAction":[{"@type":"ReadAction","target":["https:\/\/ppdegalicia.com\/es\/o-ppdeg-apoia-solicitar-ao-goberno-do-estado-as-competencias-de-xestion-das-bolsas-de-axuda-ao-estudo\/"]}]},{"@type":"BreadcrumbList","@id":"https:\/\/ppdegalicia.com\/es\/o-ppdeg-apoia-solicitar-ao-goberno-do-estado-as-competencias-de-xestion-das-bolsas-de-axuda-ao-estudo\/#breadcrumb","itemListElement":[{"@type":"ListItem","position":1,"name":"Portada","item":"https:\/\/ppdegalicia.com\/es\/"},{"@type":"ListItem","position":2,"name":"O PPdeG apoia solicitar ao Goberno do Estado as competencias de xesti\u00f3n das bolsas de axuda ao estudo"}]},{"@type":"WebSite","@id":"https:\/\/ppdegalicia.com\/es\/#website","url":"https:\/\/ppdegalicia.com\/es\/","name":"Partido Popular de Galicia","description":"Partido Popular de Galicia","publisher":{"@id":"https:\/\/ppdegalicia.com\/es\/#organization"},"alternateName":"PP de Galicia","potentialAction":[{"@type":"SearchAction","target":{"@type":"EntryPoint","urlTemplate":"https:\/\/ppdegalicia.com\/es\/?s={search_term_string}"},"query-input":{"@type":"PropertyValueSpecification","valueRequired":true,"valueName":"search_term_string"}}],"inLanguage":"es"},{"@type":"Organization","@id":"https:\/\/ppdegalicia.com\/es\/#organization","name":"Partido Popular de Galicia","alternateName":"PP de Galicia","url":"https:\/\/ppdegalicia.com\/es\/","logo":{"@type":"ImageObject","inLanguage":"es","@id":"https:\/\/ppdegalicia.com\/es\/#\/schema\/logo\/image\/","url":"https:\/\/ppdegalicia.com\/wp-content\/uploads\/2023\/04\/logoPP512.png","contentUrl":"https:\/\/ppdegalicia.com\/wp-content\/uploads\/2023\/04\/logoPP512.png","width":512,"height":512,"caption":"Partido Popular de Galicia"},"image":{"@id":"https:\/\/ppdegalicia.com\/es\/#\/schema\/logo\/image\/"},"sameAs":["https:\/\/www.instagram.com\/ppdegalicia\/","https:\/\/x.com\/ppdegalicia","https:\/\/www.tiktok.com\/@ppdegalicia","https:\/\/www.youtube.com\/user\/ppdegalicia"]},{"@type":"Person","@id":"https:\/\/ppdegalicia.com\/es\/#\/schema\/person\/d0f013b8388c980665d44009ab762960","name":"Super User","image":{"@type":"ImageObject","inLanguage":"es","@id":"https:\/\/secure.gravatar.com\/avatar\/1db852625ef4948f58d2739bfbc51e4b9bd5c93b8fa340b59fdb594ca0845645?s=96&d=mm&r=g","url":"https:\/\/secure.gravatar.com\/avatar\/1db852625ef4948f58d2739bfbc51e4b9bd5c93b8fa340b59fdb594ca0845645?s=96&d=mm&r=g","contentUrl":"https:\/\/secure.gravatar.com\/avatar\/1db852625ef4948f58d2739bfbc51e4b9bd5c93b8fa340b59fdb594ca0845645?s=96&d=mm&r=g","caption":"Super User"},"url":"https:\/\/ppdegalicia.com\/es\/author\/ppdegaliciagestion\/"}]}},"_links":{"self":[{"href":"https:\/\/ppdegalicia.com\/es\/wp-json\/wp\/v2\/posts\/52455","targetHints":{"allow":["GET"]}}],"collection":[{"href":"https:\/\/ppdegalicia.com\/es\/wp-json\/wp\/v2\/posts"}],"about":[{"href":"https:\/\/ppdegalicia.com\/es\/wp-json\/wp\/v2\/types\/post"}],"author":[{"embeddable":true,"href":"https:\/\/ppdegalicia.com\/es\/wp-json\/wp\/v2\/users\/37"}],"replies":[{"embeddable":true,"href":"https:\/\/ppdegalicia.com\/es\/wp-json\/wp\/v2\/comments?post=52455"}],"version-history":[{"count":0,"href":"https:\/\/ppdegalicia.com\/es\/wp-json\/wp\/v2\/posts\/52455\/revisions"}],"wp:attachment":[{"href":"https:\/\/ppdegalicia.com\/es\/wp-json\/wp\/v2\/media?parent=52455"}],"wp:term":[{"taxonomy":"category","embeddable":true,"href":"https:\/\/ppdegalicia.com\/es\/wp-json\/wp\/v2\/categories?post=52455"},{"taxonomy":"post_tag","embeddable":true,"href":"https:\/\/ppdegalicia.com\/es\/wp-json\/wp\/v2\/tags?post=52455"}],"curies":[{"name":"wp","href":"https:\/\/api.w.org\/{rel}","templated":true}]}}