{"id":52456,"date":"2019-07-10T10:43:10","date_gmt":"2019-07-10T08:43:10","guid":{"rendered":"https:\/\/ppdegalicia.com\/o-grupo-popular-afirma-que-o-sergas-habilita-este-veran-o-88-3-das-camas-existentes-nos-hospitais-13-puntos-mais-que-a-ocupacion-media-noutros-anos\/"},"modified":"2019-07-10T10:43:10","modified_gmt":"2019-07-10T08:43:10","slug":"o-grupo-popular-afirma-que-o-sergas-habilita-este-veran-o-88-3-das-camas-existentes-nos-hospitais-13-puntos-mais-que-a-ocupacion-media-noutros-anos","status":"publish","type":"post","link":"https:\/\/ppdegalicia.com\/es\/o-grupo-popular-afirma-que-o-sergas-habilita-este-veran-o-88-3-das-camas-existentes-nos-hospitais-13-puntos-mais-que-a-ocupacion-media-noutros-anos\/","title":{"rendered":"O Grupo Popular afirma que o Sergas habilita este ver\u00e1n o 88,3% das camas existentes nos hospitais, 13 puntos m\u00e1is que a ocupaci\u00f3n media noutros anos"},"content":{"rendered":"<p>Santiago, 9 de xullo de 2019.- O portavoz de Sanidade do Grupo Popular, Aurelio N\u00fa\u00f1ez Centeno, salientou hoxe que o Servizo Galego de Sa\u00fade manter\u00e1 habilitadas este ver\u00e1n o 88,3 por cento do total das camas existentes nos hospitais galegos, 13 puntos m\u00e1is que a ocupaci\u00f3n media que se rexistrou no per\u00edodo estival dos \u00faltimos anos.<\/p>\n<p><!--more--><\/p>\n<p>&nbsp;<\/p>\n<p>Aurelio N\u00fa\u00f1ez reiterou que \u201cas camas non se pechan e se habilitan en cada centro sanitario en funci\u00f3n das necesidades do momento, o que responde \u00e1s necesidades de planificaci\u00f3n e eficiencia para adecuar os recursos \u00e1s necesidades\u201d.<\/p>\n<p>&nbsp;<\/p>\n<p><strong>MENOS MORBILIDADE, VACACI\u00d3NS EMANTEMENTO<\/strong><\/p>\n<p>&nbsp;<\/p>\n<p>Neste sentido, explicou que \u201cnon ver\u00e1n hai menos morbilidade por enfermidades cr\u00f3nicas, tam\u00e9n hai unha parte importante do persoal de vacaci\u00f3ns, \u00e1s que te\u00f1en dereito, e ademais se aproveita este tempo para facer reformas e mantemento das unidades de hospitalizaci\u00f3n\u201d.<\/p>\n<p>&nbsp;<\/p>\n<p>\u201cCada unha das xerencias das \u00e1reas sanitarias do Servizo Galego de Sa\u00fade establecen con meses de antelaci\u00f3n a planificaci\u00f3n estival na hospitalizaci\u00f3n, as\u00ed como na xesti\u00f3n das vacaci\u00f3ns do persoal para evitar prexu\u00edzos \u00e1 atenci\u00f3n \u00e1 cidadan\u00eda, a pesar das dificultades para cubrir determinadas prazas, nomeadamente agora mesmo en atenci\u00f3n primaria\u201d, indicou.<\/p>\n","protected":false},"excerpt":{"rendered":"<p>Santiago, 9 de xullo de 2019.- O portavoz de Sanidade do Grupo Popular, Aurelio N\u00fa\u00f1ez Centeno, salientou hoxe que o Servizo Galego de Sa\u00fade manter\u00e1 habilitadas este ver\u00e1n o 88,3 por cento do total das camas existentes nos hospitais galegos, 13 puntos m\u00e1is que a ocupaci\u00f3n media que se rexistrou no per\u00edodo estival dos \u00faltimos [&hellip;]<\/p>\n","protected":false},"author":37,"featured_media":0,"comment_status":"open","ping_status":"open","sticky":false,"template":"","format":"standard","meta":{"_acf_changed":false,"footnotes":""},"categories":[1],"tags":[],"class_list":["post-52456","post","type-post","status-publish","format-standard","hentry","category-pp-de-galicia"],"acf":[],"yoast_head":"<!-- This site is optimized with the Yoast SEO plugin v27.3 - https:\/\/yoast.com\/product\/yoast-seo-wordpress\/ -->\n<title>O Grupo Popular afirma que o Sergas habilita este ver\u00e1n o 88,3% das camas existentes nos hospitais, 13 puntos m\u00e1is que a ocupaci\u00f3n media noutros anos - PP de Galicia<\/title>\n<meta name=\"robots\" content=\"index, follow, max-snippet:-1, max-image-preview:large, max-video-preview:-1\" \/>\n<link rel=\"canonical\" href=\"https:\/\/ppdegalicia.com\/es\/o-grupo-popular-afirma-que-o-sergas-habilita-este-veran-o-88-3-das-camas-existentes-nos-hospitais-13-puntos-mais-que-a-ocupacion-media-noutros-anos\/\" \/>\n<meta property=\"og:locale\" content=\"es_ES\" \/>\n<meta property=\"og:type\" content=\"article\" \/>\n<meta property=\"og:title\" content=\"O Grupo Popular afirma que o Sergas habilita este ver\u00e1n o 88,3% das camas existentes nos hospitais, 13 puntos m\u00e1is que a ocupaci\u00f3n media noutros anos - PP de Galicia\" \/>\n<meta property=\"og:description\" content=\"Santiago, 9 de xullo de 2019.- O portavoz de Sanidade do Grupo Popular, Aurelio N\u00fa\u00f1ez Centeno, salientou hoxe que o Servizo Galego de Sa\u00fade manter\u00e1 habilitadas este ver\u00e1n o 88,3 por cento do total das camas existentes nos hospitais galegos, 13 puntos m\u00e1is que a ocupaci\u00f3n media que se rexistrou no per\u00edodo estival dos \u00faltimos [&hellip;]\" \/>\n<meta property=\"og:url\" content=\"https:\/\/ppdegalicia.com\/es\/o-grupo-popular-afirma-que-o-sergas-habilita-este-veran-o-88-3-das-camas-existentes-nos-hospitais-13-puntos-mais-que-a-ocupacion-media-noutros-anos\/\" \/>\n<meta property=\"og:site_name\" content=\"PP de Galicia\" \/>\n<meta property=\"article:publisher\" content=\"https:\/\/www.instagram.com\/ppdegalicia\/\" \/>\n<meta property=\"article:published_time\" content=\"2019-07-10T08:43:10+00:00\" \/>\n<meta name=\"author\" content=\"Super User\" \/>\n<meta name=\"twitter:card\" content=\"summary_large_image\" \/>\n<meta name=\"twitter:creator\" content=\"@ppdegalicia\" \/>\n<meta name=\"twitter:site\" content=\"@ppdegalicia\" \/>\n<meta name=\"twitter:label1\" content=\"Escrito por\" \/>\n\t<meta name=\"twitter:data1\" content=\"Super User\" \/>\n\t<meta name=\"twitter:label2\" content=\"Tiempo de lectura\" \/>\n\t<meta name=\"twitter:data2\" content=\"1 minuto\" \/>\n<script type=\"application\/ld+json\" class=\"yoast-schema-graph\">{\"@context\":\"https:\\\/\\\/schema.org\",\"@graph\":[{\"@type\":\"Article\",\"@id\":\"https:\\\/\\\/ppdegalicia.com\\\/es\\\/o-grupo-popular-afirma-que-o-sergas-habilita-este-veran-o-88-3-das-camas-existentes-nos-hospitais-13-puntos-mais-que-a-ocupacion-media-noutros-anos\\\/#article\",\"isPartOf\":{\"@id\":\"https:\\\/\\\/ppdegalicia.com\\\/es\\\/o-grupo-popular-afirma-que-o-sergas-habilita-este-veran-o-88-3-das-camas-existentes-nos-hospitais-13-puntos-mais-que-a-ocupacion-media-noutros-anos\\\/\"},\"author\":{\"name\":\"Super User\",\"@id\":\"https:\\\/\\\/ppdegalicia.com\\\/es\\\/#\\\/schema\\\/person\\\/d0f013b8388c980665d44009ab762960\"},\"headline\":\"O Grupo Popular afirma que o Sergas habilita este ver\u00e1n o 88,3% das camas existentes nos hospitais, 13 puntos m\u00e1is que a ocupaci\u00f3n media noutros anos\",\"datePublished\":\"2019-07-10T08:43:10+00:00\",\"mainEntityOfPage\":{\"@id\":\"https:\\\/\\\/ppdegalicia.com\\\/es\\\/o-grupo-popular-afirma-que-o-sergas-habilita-este-veran-o-88-3-das-camas-existentes-nos-hospitais-13-puntos-mais-que-a-ocupacion-media-noutros-anos\\\/\"},\"wordCount\":241,\"commentCount\":0,\"publisher\":{\"@id\":\"https:\\\/\\\/ppdegalicia.com\\\/es\\\/#organization\"},\"articleSection\":[\"PP de Galicia\"],\"inLanguage\":\"es\",\"potentialAction\":[{\"@type\":\"CommentAction\",\"name\":\"Comment\",\"target\":[\"https:\\\/\\\/ppdegalicia.com\\\/es\\\/o-grupo-popular-afirma-que-o-sergas-habilita-este-veran-o-88-3-das-camas-existentes-nos-hospitais-13-puntos-mais-que-a-ocupacion-media-noutros-anos\\\/#respond\"]}]},{\"@type\":\"WebPage\",\"@id\":\"https:\\\/\\\/ppdegalicia.com\\\/es\\\/o-grupo-popular-afirma-que-o-sergas-habilita-este-veran-o-88-3-das-camas-existentes-nos-hospitais-13-puntos-mais-que-a-ocupacion-media-noutros-anos\\\/\",\"url\":\"https:\\\/\\\/ppdegalicia.com\\\/es\\\/o-grupo-popular-afirma-que-o-sergas-habilita-este-veran-o-88-3-das-camas-existentes-nos-hospitais-13-puntos-mais-que-a-ocupacion-media-noutros-anos\\\/\",\"name\":\"O Grupo Popular afirma que o Sergas habilita este ver\u00e1n o 88,3% das camas existentes nos hospitais, 13 puntos m\u00e1is que a ocupaci\u00f3n media noutros anos - PP de Galicia\",\"isPartOf\":{\"@id\":\"https:\\\/\\\/ppdegalicia.com\\\/es\\\/#website\"},\"datePublished\":\"2019-07-10T08:43:10+00:00\",\"breadcrumb\":{\"@id\":\"https:\\\/\\\/ppdegalicia.com\\\/es\\\/o-grupo-popular-afirma-que-o-sergas-habilita-este-veran-o-88-3-das-camas-existentes-nos-hospitais-13-puntos-mais-que-a-ocupacion-media-noutros-anos\\\/#breadcrumb\"},\"inLanguage\":\"es\",\"potentialAction\":[{\"@type\":\"ReadAction\",\"target\":[\"https:\\\/\\\/ppdegalicia.com\\\/es\\\/o-grupo-popular-afirma-que-o-sergas-habilita-este-veran-o-88-3-das-camas-existentes-nos-hospitais-13-puntos-mais-que-a-ocupacion-media-noutros-anos\\\/\"]}]},{\"@type\":\"BreadcrumbList\",\"@id\":\"https:\\\/\\\/ppdegalicia.com\\\/es\\\/o-grupo-popular-afirma-que-o-sergas-habilita-este-veran-o-88-3-das-camas-existentes-nos-hospitais-13-puntos-mais-que-a-ocupacion-media-noutros-anos\\\/#breadcrumb\",\"itemListElement\":[{\"@type\":\"ListItem\",\"position\":1,\"name\":\"Portada\",\"item\":\"https:\\\/\\\/ppdegalicia.com\\\/es\\\/\"},{\"@type\":\"ListItem\",\"position\":2,\"name\":\"O Grupo Popular afirma que o Sergas habilita este ver\u00e1n o 88,3% das camas existentes nos hospitais, 13 puntos m\u00e1is que a ocupaci\u00f3n media noutros anos\"}]},{\"@type\":\"WebSite\",\"@id\":\"https:\\\/\\\/ppdegalicia.com\\\/es\\\/#website\",\"url\":\"https:\\\/\\\/ppdegalicia.com\\\/es\\\/\",\"name\":\"Partido Popular de Galicia\",\"description\":\"Partido Popular de Galicia\",\"publisher\":{\"@id\":\"https:\\\/\\\/ppdegalicia.com\\\/es\\\/#organization\"},\"alternateName\":\"PP de Galicia\",\"potentialAction\":[{\"@type\":\"SearchAction\",\"target\":{\"@type\":\"EntryPoint\",\"urlTemplate\":\"https:\\\/\\\/ppdegalicia.com\\\/es\\\/?s={search_term_string}\"},\"query-input\":{\"@type\":\"PropertyValueSpecification\",\"valueRequired\":true,\"valueName\":\"search_term_string\"}}],\"inLanguage\":\"es\"},{\"@type\":\"Organization\",\"@id\":\"https:\\\/\\\/ppdegalicia.com\\\/es\\\/#organization\",\"name\":\"Partido Popular de Galicia\",\"alternateName\":\"PP de Galicia\",\"url\":\"https:\\\/\\\/ppdegalicia.com\\\/es\\\/\",\"logo\":{\"@type\":\"ImageObject\",\"inLanguage\":\"es\",\"@id\":\"https:\\\/\\\/ppdegalicia.com\\\/es\\\/#\\\/schema\\\/logo\\\/image\\\/\",\"url\":\"https:\\\/\\\/ppdegalicia.com\\\/wp-content\\\/uploads\\\/2023\\\/04\\\/logoPP512.png\",\"contentUrl\":\"https:\\\/\\\/ppdegalicia.com\\\/wp-content\\\/uploads\\\/2023\\\/04\\\/logoPP512.png\",\"width\":512,\"height\":512,\"caption\":\"Partido Popular de Galicia\"},\"image\":{\"@id\":\"https:\\\/\\\/ppdegalicia.com\\\/es\\\/#\\\/schema\\\/logo\\\/image\\\/\"},\"sameAs\":[\"https:\\\/\\\/www.instagram.com\\\/ppdegalicia\\\/\",\"https:\\\/\\\/x.com\\\/ppdegalicia\",\"https:\\\/\\\/www.tiktok.com\\\/@ppdegalicia\",\"https:\\\/\\\/www.youtube.com\\\/user\\\/ppdegalicia\"]},{\"@type\":\"Person\",\"@id\":\"https:\\\/\\\/ppdegalicia.com\\\/es\\\/#\\\/schema\\\/person\\\/d0f013b8388c980665d44009ab762960\",\"name\":\"Super User\",\"image\":{\"@type\":\"ImageObject\",\"inLanguage\":\"es\",\"@id\":\"https:\\\/\\\/secure.gravatar.com\\\/avatar\\\/1db852625ef4948f58d2739bfbc51e4b9bd5c93b8fa340b59fdb594ca0845645?s=96&d=mm&r=g\",\"url\":\"https:\\\/\\\/secure.gravatar.com\\\/avatar\\\/1db852625ef4948f58d2739bfbc51e4b9bd5c93b8fa340b59fdb594ca0845645?s=96&d=mm&r=g\",\"contentUrl\":\"https:\\\/\\\/secure.gravatar.com\\\/avatar\\\/1db852625ef4948f58d2739bfbc51e4b9bd5c93b8fa340b59fdb594ca0845645?s=96&d=mm&r=g\",\"caption\":\"Super User\"},\"url\":\"https:\\\/\\\/ppdegalicia.com\\\/es\\\/author\\\/ppdegaliciagestion\\\/\"}]}<\/script>\n<!-- \/ Yoast SEO plugin. -->","yoast_head_json":{"title":"O Grupo Popular afirma que o Sergas habilita este ver\u00e1n o 88,3% das camas existentes nos hospitais, 13 puntos m\u00e1is que a ocupaci\u00f3n media noutros anos - PP de Galicia","robots":{"index":"index","follow":"follow","max-snippet":"max-snippet:-1","max-image-preview":"max-image-preview:large","max-video-preview":"max-video-preview:-1"},"canonical":"https:\/\/ppdegalicia.com\/es\/o-grupo-popular-afirma-que-o-sergas-habilita-este-veran-o-88-3-das-camas-existentes-nos-hospitais-13-puntos-mais-que-a-ocupacion-media-noutros-anos\/","og_locale":"es_ES","og_type":"article","og_title":"O Grupo Popular afirma que o Sergas habilita este ver\u00e1n o 88,3% das camas existentes nos hospitais, 13 puntos m\u00e1is que a ocupaci\u00f3n media noutros anos - PP de Galicia","og_description":"Santiago, 9 de xullo de 2019.- O portavoz de Sanidade do Grupo Popular, Aurelio N\u00fa\u00f1ez Centeno, salientou hoxe que o Servizo Galego de Sa\u00fade manter\u00e1 habilitadas este ver\u00e1n o 88,3 por cento do total das camas existentes nos hospitais galegos, 13 puntos m\u00e1is que a ocupaci\u00f3n media que se rexistrou no per\u00edodo estival dos \u00faltimos [&hellip;]","og_url":"https:\/\/ppdegalicia.com\/es\/o-grupo-popular-afirma-que-o-sergas-habilita-este-veran-o-88-3-das-camas-existentes-nos-hospitais-13-puntos-mais-que-a-ocupacion-media-noutros-anos\/","og_site_name":"PP de Galicia","article_publisher":"https:\/\/www.instagram.com\/ppdegalicia\/","article_published_time":"2019-07-10T08:43:10+00:00","author":"Super User","twitter_card":"summary_large_image","twitter_creator":"@ppdegalicia","twitter_site":"@ppdegalicia","twitter_misc":{"Escrito por":"Super User","Tiempo de lectura":"1 minuto"},"schema":{"@context":"https:\/\/schema.org","@graph":[{"@type":"Article","@id":"https:\/\/ppdegalicia.com\/es\/o-grupo-popular-afirma-que-o-sergas-habilita-este-veran-o-88-3-das-camas-existentes-nos-hospitais-13-puntos-mais-que-a-ocupacion-media-noutros-anos\/#article","isPartOf":{"@id":"https:\/\/ppdegalicia.com\/es\/o-grupo-popular-afirma-que-o-sergas-habilita-este-veran-o-88-3-das-camas-existentes-nos-hospitais-13-puntos-mais-que-a-ocupacion-media-noutros-anos\/"},"author":{"name":"Super User","@id":"https:\/\/ppdegalicia.com\/es\/#\/schema\/person\/d0f013b8388c980665d44009ab762960"},"headline":"O Grupo Popular afirma que o Sergas habilita este ver\u00e1n o 88,3% das camas existentes nos hospitais, 13 puntos m\u00e1is que a ocupaci\u00f3n media noutros anos","datePublished":"2019-07-10T08:43:10+00:00","mainEntityOfPage":{"@id":"https:\/\/ppdegalicia.com\/es\/o-grupo-popular-afirma-que-o-sergas-habilita-este-veran-o-88-3-das-camas-existentes-nos-hospitais-13-puntos-mais-que-a-ocupacion-media-noutros-anos\/"},"wordCount":241,"commentCount":0,"publisher":{"@id":"https:\/\/ppdegalicia.com\/es\/#organization"},"articleSection":["PP de Galicia"],"inLanguage":"es","potentialAction":[{"@type":"CommentAction","name":"Comment","target":["https:\/\/ppdegalicia.com\/es\/o-grupo-popular-afirma-que-o-sergas-habilita-este-veran-o-88-3-das-camas-existentes-nos-hospitais-13-puntos-mais-que-a-ocupacion-media-noutros-anos\/#respond"]}]},{"@type":"WebPage","@id":"https:\/\/ppdegalicia.com\/es\/o-grupo-popular-afirma-que-o-sergas-habilita-este-veran-o-88-3-das-camas-existentes-nos-hospitais-13-puntos-mais-que-a-ocupacion-media-noutros-anos\/","url":"https:\/\/ppdegalicia.com\/es\/o-grupo-popular-afirma-que-o-sergas-habilita-este-veran-o-88-3-das-camas-existentes-nos-hospitais-13-puntos-mais-que-a-ocupacion-media-noutros-anos\/","name":"O Grupo Popular afirma que o Sergas habilita este ver\u00e1n o 88,3% das camas existentes nos hospitais, 13 puntos m\u00e1is que a ocupaci\u00f3n media noutros anos - PP de Galicia","isPartOf":{"@id":"https:\/\/ppdegalicia.com\/es\/#website"},"datePublished":"2019-07-10T08:43:10+00:00","breadcrumb":{"@id":"https:\/\/ppdegalicia.com\/es\/o-grupo-popular-afirma-que-o-sergas-habilita-este-veran-o-88-3-das-camas-existentes-nos-hospitais-13-puntos-mais-que-a-ocupacion-media-noutros-anos\/#breadcrumb"},"inLanguage":"es","potentialAction":[{"@type":"ReadAction","target":["https:\/\/ppdegalicia.com\/es\/o-grupo-popular-afirma-que-o-sergas-habilita-este-veran-o-88-3-das-camas-existentes-nos-hospitais-13-puntos-mais-que-a-ocupacion-media-noutros-anos\/"]}]},{"@type":"BreadcrumbList","@id":"https:\/\/ppdegalicia.com\/es\/o-grupo-popular-afirma-que-o-sergas-habilita-este-veran-o-88-3-das-camas-existentes-nos-hospitais-13-puntos-mais-que-a-ocupacion-media-noutros-anos\/#breadcrumb","itemListElement":[{"@type":"ListItem","position":1,"name":"Portada","item":"https:\/\/ppdegalicia.com\/es\/"},{"@type":"ListItem","position":2,"name":"O Grupo Popular afirma que o Sergas habilita este ver\u00e1n o 88,3% das camas existentes nos hospitais, 13 puntos m\u00e1is que a ocupaci\u00f3n media noutros anos"}]},{"@type":"WebSite","@id":"https:\/\/ppdegalicia.com\/es\/#website","url":"https:\/\/ppdegalicia.com\/es\/","name":"Partido Popular de Galicia","description":"Partido Popular de Galicia","publisher":{"@id":"https:\/\/ppdegalicia.com\/es\/#organization"},"alternateName":"PP de Galicia","potentialAction":[{"@type":"SearchAction","target":{"@type":"EntryPoint","urlTemplate":"https:\/\/ppdegalicia.com\/es\/?s={search_term_string}"},"query-input":{"@type":"PropertyValueSpecification","valueRequired":true,"valueName":"search_term_string"}}],"inLanguage":"es"},{"@type":"Organization","@id":"https:\/\/ppdegalicia.com\/es\/#organization","name":"Partido Popular de Galicia","alternateName":"PP de Galicia","url":"https:\/\/ppdegalicia.com\/es\/","logo":{"@type":"ImageObject","inLanguage":"es","@id":"https:\/\/ppdegalicia.com\/es\/#\/schema\/logo\/image\/","url":"https:\/\/ppdegalicia.com\/wp-content\/uploads\/2023\/04\/logoPP512.png","contentUrl":"https:\/\/ppdegalicia.com\/wp-content\/uploads\/2023\/04\/logoPP512.png","width":512,"height":512,"caption":"Partido Popular de Galicia"},"image":{"@id":"https:\/\/ppdegalicia.com\/es\/#\/schema\/logo\/image\/"},"sameAs":["https:\/\/www.instagram.com\/ppdegalicia\/","https:\/\/x.com\/ppdegalicia","https:\/\/www.tiktok.com\/@ppdegalicia","https:\/\/www.youtube.com\/user\/ppdegalicia"]},{"@type":"Person","@id":"https:\/\/ppdegalicia.com\/es\/#\/schema\/person\/d0f013b8388c980665d44009ab762960","name":"Super User","image":{"@type":"ImageObject","inLanguage":"es","@id":"https:\/\/secure.gravatar.com\/avatar\/1db852625ef4948f58d2739bfbc51e4b9bd5c93b8fa340b59fdb594ca0845645?s=96&d=mm&r=g","url":"https:\/\/secure.gravatar.com\/avatar\/1db852625ef4948f58d2739bfbc51e4b9bd5c93b8fa340b59fdb594ca0845645?s=96&d=mm&r=g","contentUrl":"https:\/\/secure.gravatar.com\/avatar\/1db852625ef4948f58d2739bfbc51e4b9bd5c93b8fa340b59fdb594ca0845645?s=96&d=mm&r=g","caption":"Super User"},"url":"https:\/\/ppdegalicia.com\/es\/author\/ppdegaliciagestion\/"}]}},"_links":{"self":[{"href":"https:\/\/ppdegalicia.com\/es\/wp-json\/wp\/v2\/posts\/52456","targetHints":{"allow":["GET"]}}],"collection":[{"href":"https:\/\/ppdegalicia.com\/es\/wp-json\/wp\/v2\/posts"}],"about":[{"href":"https:\/\/ppdegalicia.com\/es\/wp-json\/wp\/v2\/types\/post"}],"author":[{"embeddable":true,"href":"https:\/\/ppdegalicia.com\/es\/wp-json\/wp\/v2\/users\/37"}],"replies":[{"embeddable":true,"href":"https:\/\/ppdegalicia.com\/es\/wp-json\/wp\/v2\/comments?post=52456"}],"version-history":[{"count":0,"href":"https:\/\/ppdegalicia.com\/es\/wp-json\/wp\/v2\/posts\/52456\/revisions"}],"wp:attachment":[{"href":"https:\/\/ppdegalicia.com\/es\/wp-json\/wp\/v2\/media?parent=52456"}],"wp:term":[{"taxonomy":"category","embeddable":true,"href":"https:\/\/ppdegalicia.com\/es\/wp-json\/wp\/v2\/categories?post=52456"},{"taxonomy":"post_tag","embeddable":true,"href":"https:\/\/ppdegalicia.com\/es\/wp-json\/wp\/v2\/tags?post=52456"}],"curies":[{"name":"wp","href":"https:\/\/api.w.org\/{rel}","templated":true}]}}