{"id":52458,"date":"2019-07-10T11:07:45","date_gmt":"2019-07-10T09:07:45","guid":{"rendered":"https:\/\/ppdegalicia.com\/o-grupo-popular-amosa-a-sua-oposicion-a-limitacion-de-prezos-no-aluguer-de-vivendas\/"},"modified":"2019-07-10T11:07:45","modified_gmt":"2019-07-10T09:07:45","slug":"o-grupo-popular-amosa-a-sua-oposicion-a-limitacion-de-prezos-no-aluguer-de-vivendas","status":"publish","type":"post","link":"https:\/\/ppdegalicia.com\/es\/o-grupo-popular-amosa-a-sua-oposicion-a-limitacion-de-prezos-no-aluguer-de-vivendas\/","title":{"rendered":"O Grupo Popular amosa a s\u00faa oposici\u00f3n \u00e1 limitaci\u00f3n de prezos no aluguer de vivendas"},"content":{"rendered":"<p>Santiago, 10 de xullo de 2019.- O portavoz de Vivenda do Grupo Popular, Jaime Casti\u00f1eira, amosou hoxe \u201ca nosa oposici\u00f3n \u00e1 limitaci\u00f3n de prezos no aluguer de vivendas, logo de que esta medida fracasara naqueles sitios onde se implantou, como Francia ou Alema\u00f1a\u201d. \u201cO que se est\u00e1 a demostrar \u00e9 o acerto da Xunta co seu Programa de Vivendas Baleiras, cuxas medidas est\u00e1n a ser implantadas agora noutros pa\u00edses, como Portugal\u201d, indicou.<\/p>\n<p><!--more--><\/p>\n<p>&nbsp;<\/p>\n<p>&nbsp;<\/p>\n<p>Jaime Casti\u00f1eira explicou que o Programa de Vivendas Baleiras da Xunta incl\u00fae incentivos para a reforma e restauraci\u00f3n das vivendas para os propietarios, as\u00ed como axudas para seguros de multirrisco ou de garant\u00eda de cobro. \u201cO lamentable \u00e9 que concellos galegos importantes gobernados por socialistas ou populistas, que ti\u00f1an que liderar esta proposta, non se sumaron \u00e1 mesma para beneficiar aos seus veci\u00f1os e foron totalmente \u00e1 contra\u201d, afirmou.<\/p>\n<p>&nbsp;<\/p>\n<p><strong>INCREMENTO DAS VIVENDAS DE ALUGUER<\/strong><\/p>\n<p>&nbsp;<\/p>\n<p>Na s\u00faa intervenci\u00f3n, Casti\u00f1eira asegurou que \u201cas medidas que se ve\u00f1en de adoptar en Portugal non son de limitaci\u00f3n de prezos, xa que son semellantes ao Programa de Vivendas Baleiras, con incentivos ao propietario e tam\u00e9n con garant\u00edas de cobro a trav\u00e9s de seguros\u201d.<\/p>\n<p>&nbsp;<\/p>\n<p>Ademais, salientou que \u201caquelas vivendas que se incorporan ao Programa de Vivendas Baleiras da Xunta son para aluguer social, cus prezos moito m\u00e1is baixos que os establecidos en Portugal, o que axuda para que na Comunidade galega se estea incrementando o parque p\u00fablico de vivendas de alugueiro, que neste momento ronda as 3.600\u201d.<\/p>\n","protected":false},"excerpt":{"rendered":"<p>Santiago, 10 de xullo de 2019.- O portavoz de Vivenda do Grupo Popular, Jaime Casti\u00f1eira, amosou hoxe \u201ca nosa oposici\u00f3n \u00e1 limitaci\u00f3n de prezos no aluguer de vivendas, logo de que esta medida fracasara naqueles sitios onde se implantou, como Francia ou Alema\u00f1a\u201d. \u201cO que se est\u00e1 a demostrar \u00e9 o acerto da Xunta co [&hellip;]<\/p>\n","protected":false},"author":37,"featured_media":0,"comment_status":"open","ping_status":"open","sticky":false,"template":"","format":"standard","meta":{"_acf_changed":false,"footnotes":""},"categories":[1],"tags":[],"class_list":["post-52458","post","type-post","status-publish","format-standard","hentry","category-pp-de-galicia"],"acf":[],"yoast_head":"<!-- This site is optimized with the Yoast SEO plugin v27.3 - https:\/\/yoast.com\/product\/yoast-seo-wordpress\/ -->\n<title>O Grupo Popular amosa a s\u00faa oposici\u00f3n \u00e1 limitaci\u00f3n de prezos no aluguer de vivendas - PP de Galicia<\/title>\n<meta name=\"robots\" content=\"index, follow, max-snippet:-1, max-image-preview:large, max-video-preview:-1\" \/>\n<link rel=\"canonical\" href=\"https:\/\/ppdegalicia.com\/es\/o-grupo-popular-amosa-a-sua-oposicion-a-limitacion-de-prezos-no-aluguer-de-vivendas\/\" \/>\n<meta property=\"og:locale\" content=\"es_ES\" \/>\n<meta property=\"og:type\" content=\"article\" \/>\n<meta property=\"og:title\" content=\"O Grupo Popular amosa a s\u00faa oposici\u00f3n \u00e1 limitaci\u00f3n de prezos no aluguer de vivendas - PP de Galicia\" \/>\n<meta property=\"og:description\" content=\"Santiago, 10 de xullo de 2019.- O portavoz de Vivenda do Grupo Popular, Jaime Casti\u00f1eira, amosou hoxe \u201ca nosa oposici\u00f3n \u00e1 limitaci\u00f3n de prezos no aluguer de vivendas, logo de que esta medida fracasara naqueles sitios onde se implantou, como Francia ou Alema\u00f1a\u201d. \u201cO que se est\u00e1 a demostrar \u00e9 o acerto da Xunta co [&hellip;]\" \/>\n<meta property=\"og:url\" content=\"https:\/\/ppdegalicia.com\/es\/o-grupo-popular-amosa-a-sua-oposicion-a-limitacion-de-prezos-no-aluguer-de-vivendas\/\" \/>\n<meta property=\"og:site_name\" content=\"PP de Galicia\" \/>\n<meta property=\"article:publisher\" content=\"https:\/\/www.instagram.com\/ppdegalicia\/\" \/>\n<meta property=\"article:published_time\" content=\"2019-07-10T09:07:45+00:00\" \/>\n<meta name=\"author\" content=\"Super User\" \/>\n<meta name=\"twitter:card\" content=\"summary_large_image\" \/>\n<meta name=\"twitter:creator\" content=\"@ppdegalicia\" \/>\n<meta name=\"twitter:site\" content=\"@ppdegalicia\" \/>\n<meta name=\"twitter:label1\" content=\"Escrito por\" \/>\n\t<meta name=\"twitter:data1\" content=\"Super User\" \/>\n\t<meta name=\"twitter:label2\" content=\"Tiempo de lectura\" \/>\n\t<meta name=\"twitter:data2\" content=\"1 minuto\" \/>\n<script type=\"application\/ld+json\" class=\"yoast-schema-graph\">{\"@context\":\"https:\\\/\\\/schema.org\",\"@graph\":[{\"@type\":\"Article\",\"@id\":\"https:\\\/\\\/ppdegalicia.com\\\/es\\\/o-grupo-popular-amosa-a-sua-oposicion-a-limitacion-de-prezos-no-aluguer-de-vivendas\\\/#article\",\"isPartOf\":{\"@id\":\"https:\\\/\\\/ppdegalicia.com\\\/es\\\/o-grupo-popular-amosa-a-sua-oposicion-a-limitacion-de-prezos-no-aluguer-de-vivendas\\\/\"},\"author\":{\"name\":\"Super User\",\"@id\":\"https:\\\/\\\/ppdegalicia.com\\\/es\\\/#\\\/schema\\\/person\\\/d0f013b8388c980665d44009ab762960\"},\"headline\":\"O Grupo Popular amosa a s\u00faa oposici\u00f3n \u00e1 limitaci\u00f3n de prezos no aluguer de vivendas\",\"datePublished\":\"2019-07-10T09:07:45+00:00\",\"mainEntityOfPage\":{\"@id\":\"https:\\\/\\\/ppdegalicia.com\\\/es\\\/o-grupo-popular-amosa-a-sua-oposicion-a-limitacion-de-prezos-no-aluguer-de-vivendas\\\/\"},\"wordCount\":280,\"commentCount\":0,\"publisher\":{\"@id\":\"https:\\\/\\\/ppdegalicia.com\\\/es\\\/#organization\"},\"articleSection\":[\"PP de Galicia\"],\"inLanguage\":\"es\",\"potentialAction\":[{\"@type\":\"CommentAction\",\"name\":\"Comment\",\"target\":[\"https:\\\/\\\/ppdegalicia.com\\\/es\\\/o-grupo-popular-amosa-a-sua-oposicion-a-limitacion-de-prezos-no-aluguer-de-vivendas\\\/#respond\"]}]},{\"@type\":\"WebPage\",\"@id\":\"https:\\\/\\\/ppdegalicia.com\\\/es\\\/o-grupo-popular-amosa-a-sua-oposicion-a-limitacion-de-prezos-no-aluguer-de-vivendas\\\/\",\"url\":\"https:\\\/\\\/ppdegalicia.com\\\/es\\\/o-grupo-popular-amosa-a-sua-oposicion-a-limitacion-de-prezos-no-aluguer-de-vivendas\\\/\",\"name\":\"O Grupo Popular amosa a s\u00faa oposici\u00f3n \u00e1 limitaci\u00f3n de prezos no aluguer de vivendas - PP de Galicia\",\"isPartOf\":{\"@id\":\"https:\\\/\\\/ppdegalicia.com\\\/es\\\/#website\"},\"datePublished\":\"2019-07-10T09:07:45+00:00\",\"breadcrumb\":{\"@id\":\"https:\\\/\\\/ppdegalicia.com\\\/es\\\/o-grupo-popular-amosa-a-sua-oposicion-a-limitacion-de-prezos-no-aluguer-de-vivendas\\\/#breadcrumb\"},\"inLanguage\":\"es\",\"potentialAction\":[{\"@type\":\"ReadAction\",\"target\":[\"https:\\\/\\\/ppdegalicia.com\\\/es\\\/o-grupo-popular-amosa-a-sua-oposicion-a-limitacion-de-prezos-no-aluguer-de-vivendas\\\/\"]}]},{\"@type\":\"BreadcrumbList\",\"@id\":\"https:\\\/\\\/ppdegalicia.com\\\/es\\\/o-grupo-popular-amosa-a-sua-oposicion-a-limitacion-de-prezos-no-aluguer-de-vivendas\\\/#breadcrumb\",\"itemListElement\":[{\"@type\":\"ListItem\",\"position\":1,\"name\":\"Portada\",\"item\":\"https:\\\/\\\/ppdegalicia.com\\\/es\\\/\"},{\"@type\":\"ListItem\",\"position\":2,\"name\":\"O Grupo Popular amosa a s\u00faa oposici\u00f3n \u00e1 limitaci\u00f3n de prezos no aluguer de vivendas\"}]},{\"@type\":\"WebSite\",\"@id\":\"https:\\\/\\\/ppdegalicia.com\\\/es\\\/#website\",\"url\":\"https:\\\/\\\/ppdegalicia.com\\\/es\\\/\",\"name\":\"Partido Popular de Galicia\",\"description\":\"Partido Popular de Galicia\",\"publisher\":{\"@id\":\"https:\\\/\\\/ppdegalicia.com\\\/es\\\/#organization\"},\"alternateName\":\"PP de Galicia\",\"potentialAction\":[{\"@type\":\"SearchAction\",\"target\":{\"@type\":\"EntryPoint\",\"urlTemplate\":\"https:\\\/\\\/ppdegalicia.com\\\/es\\\/?s={search_term_string}\"},\"query-input\":{\"@type\":\"PropertyValueSpecification\",\"valueRequired\":true,\"valueName\":\"search_term_string\"}}],\"inLanguage\":\"es\"},{\"@type\":\"Organization\",\"@id\":\"https:\\\/\\\/ppdegalicia.com\\\/es\\\/#organization\",\"name\":\"Partido Popular de Galicia\",\"alternateName\":\"PP de Galicia\",\"url\":\"https:\\\/\\\/ppdegalicia.com\\\/es\\\/\",\"logo\":{\"@type\":\"ImageObject\",\"inLanguage\":\"es\",\"@id\":\"https:\\\/\\\/ppdegalicia.com\\\/es\\\/#\\\/schema\\\/logo\\\/image\\\/\",\"url\":\"https:\\\/\\\/ppdegalicia.com\\\/wp-content\\\/uploads\\\/2023\\\/04\\\/logoPP512.png\",\"contentUrl\":\"https:\\\/\\\/ppdegalicia.com\\\/wp-content\\\/uploads\\\/2023\\\/04\\\/logoPP512.png\",\"width\":512,\"height\":512,\"caption\":\"Partido Popular de Galicia\"},\"image\":{\"@id\":\"https:\\\/\\\/ppdegalicia.com\\\/es\\\/#\\\/schema\\\/logo\\\/image\\\/\"},\"sameAs\":[\"https:\\\/\\\/www.instagram.com\\\/ppdegalicia\\\/\",\"https:\\\/\\\/x.com\\\/ppdegalicia\",\"https:\\\/\\\/www.tiktok.com\\\/@ppdegalicia\",\"https:\\\/\\\/www.youtube.com\\\/user\\\/ppdegalicia\"]},{\"@type\":\"Person\",\"@id\":\"https:\\\/\\\/ppdegalicia.com\\\/es\\\/#\\\/schema\\\/person\\\/d0f013b8388c980665d44009ab762960\",\"name\":\"Super User\",\"image\":{\"@type\":\"ImageObject\",\"inLanguage\":\"es\",\"@id\":\"https:\\\/\\\/secure.gravatar.com\\\/avatar\\\/1db852625ef4948f58d2739bfbc51e4b9bd5c93b8fa340b59fdb594ca0845645?s=96&d=mm&r=g\",\"url\":\"https:\\\/\\\/secure.gravatar.com\\\/avatar\\\/1db852625ef4948f58d2739bfbc51e4b9bd5c93b8fa340b59fdb594ca0845645?s=96&d=mm&r=g\",\"contentUrl\":\"https:\\\/\\\/secure.gravatar.com\\\/avatar\\\/1db852625ef4948f58d2739bfbc51e4b9bd5c93b8fa340b59fdb594ca0845645?s=96&d=mm&r=g\",\"caption\":\"Super User\"},\"url\":\"https:\\\/\\\/ppdegalicia.com\\\/es\\\/author\\\/ppdegaliciagestion\\\/\"}]}<\/script>\n<!-- \/ Yoast SEO plugin. -->","yoast_head_json":{"title":"O Grupo Popular amosa a s\u00faa oposici\u00f3n \u00e1 limitaci\u00f3n de prezos no aluguer de vivendas - PP de Galicia","robots":{"index":"index","follow":"follow","max-snippet":"max-snippet:-1","max-image-preview":"max-image-preview:large","max-video-preview":"max-video-preview:-1"},"canonical":"https:\/\/ppdegalicia.com\/es\/o-grupo-popular-amosa-a-sua-oposicion-a-limitacion-de-prezos-no-aluguer-de-vivendas\/","og_locale":"es_ES","og_type":"article","og_title":"O Grupo Popular amosa a s\u00faa oposici\u00f3n \u00e1 limitaci\u00f3n de prezos no aluguer de vivendas - PP de Galicia","og_description":"Santiago, 10 de xullo de 2019.- O portavoz de Vivenda do Grupo Popular, Jaime Casti\u00f1eira, amosou hoxe \u201ca nosa oposici\u00f3n \u00e1 limitaci\u00f3n de prezos no aluguer de vivendas, logo de que esta medida fracasara naqueles sitios onde se implantou, como Francia ou Alema\u00f1a\u201d. \u201cO que se est\u00e1 a demostrar \u00e9 o acerto da Xunta co [&hellip;]","og_url":"https:\/\/ppdegalicia.com\/es\/o-grupo-popular-amosa-a-sua-oposicion-a-limitacion-de-prezos-no-aluguer-de-vivendas\/","og_site_name":"PP de Galicia","article_publisher":"https:\/\/www.instagram.com\/ppdegalicia\/","article_published_time":"2019-07-10T09:07:45+00:00","author":"Super User","twitter_card":"summary_large_image","twitter_creator":"@ppdegalicia","twitter_site":"@ppdegalicia","twitter_misc":{"Escrito por":"Super User","Tiempo de lectura":"1 minuto"},"schema":{"@context":"https:\/\/schema.org","@graph":[{"@type":"Article","@id":"https:\/\/ppdegalicia.com\/es\/o-grupo-popular-amosa-a-sua-oposicion-a-limitacion-de-prezos-no-aluguer-de-vivendas\/#article","isPartOf":{"@id":"https:\/\/ppdegalicia.com\/es\/o-grupo-popular-amosa-a-sua-oposicion-a-limitacion-de-prezos-no-aluguer-de-vivendas\/"},"author":{"name":"Super User","@id":"https:\/\/ppdegalicia.com\/es\/#\/schema\/person\/d0f013b8388c980665d44009ab762960"},"headline":"O Grupo Popular amosa a s\u00faa oposici\u00f3n \u00e1 limitaci\u00f3n de prezos no aluguer de vivendas","datePublished":"2019-07-10T09:07:45+00:00","mainEntityOfPage":{"@id":"https:\/\/ppdegalicia.com\/es\/o-grupo-popular-amosa-a-sua-oposicion-a-limitacion-de-prezos-no-aluguer-de-vivendas\/"},"wordCount":280,"commentCount":0,"publisher":{"@id":"https:\/\/ppdegalicia.com\/es\/#organization"},"articleSection":["PP de Galicia"],"inLanguage":"es","potentialAction":[{"@type":"CommentAction","name":"Comment","target":["https:\/\/ppdegalicia.com\/es\/o-grupo-popular-amosa-a-sua-oposicion-a-limitacion-de-prezos-no-aluguer-de-vivendas\/#respond"]}]},{"@type":"WebPage","@id":"https:\/\/ppdegalicia.com\/es\/o-grupo-popular-amosa-a-sua-oposicion-a-limitacion-de-prezos-no-aluguer-de-vivendas\/","url":"https:\/\/ppdegalicia.com\/es\/o-grupo-popular-amosa-a-sua-oposicion-a-limitacion-de-prezos-no-aluguer-de-vivendas\/","name":"O Grupo Popular amosa a s\u00faa oposici\u00f3n \u00e1 limitaci\u00f3n de prezos no aluguer de vivendas - PP de Galicia","isPartOf":{"@id":"https:\/\/ppdegalicia.com\/es\/#website"},"datePublished":"2019-07-10T09:07:45+00:00","breadcrumb":{"@id":"https:\/\/ppdegalicia.com\/es\/o-grupo-popular-amosa-a-sua-oposicion-a-limitacion-de-prezos-no-aluguer-de-vivendas\/#breadcrumb"},"inLanguage":"es","potentialAction":[{"@type":"ReadAction","target":["https:\/\/ppdegalicia.com\/es\/o-grupo-popular-amosa-a-sua-oposicion-a-limitacion-de-prezos-no-aluguer-de-vivendas\/"]}]},{"@type":"BreadcrumbList","@id":"https:\/\/ppdegalicia.com\/es\/o-grupo-popular-amosa-a-sua-oposicion-a-limitacion-de-prezos-no-aluguer-de-vivendas\/#breadcrumb","itemListElement":[{"@type":"ListItem","position":1,"name":"Portada","item":"https:\/\/ppdegalicia.com\/es\/"},{"@type":"ListItem","position":2,"name":"O Grupo Popular amosa a s\u00faa oposici\u00f3n \u00e1 limitaci\u00f3n de prezos no aluguer de vivendas"}]},{"@type":"WebSite","@id":"https:\/\/ppdegalicia.com\/es\/#website","url":"https:\/\/ppdegalicia.com\/es\/","name":"Partido Popular de Galicia","description":"Partido Popular de Galicia","publisher":{"@id":"https:\/\/ppdegalicia.com\/es\/#organization"},"alternateName":"PP de Galicia","potentialAction":[{"@type":"SearchAction","target":{"@type":"EntryPoint","urlTemplate":"https:\/\/ppdegalicia.com\/es\/?s={search_term_string}"},"query-input":{"@type":"PropertyValueSpecification","valueRequired":true,"valueName":"search_term_string"}}],"inLanguage":"es"},{"@type":"Organization","@id":"https:\/\/ppdegalicia.com\/es\/#organization","name":"Partido Popular de Galicia","alternateName":"PP de Galicia","url":"https:\/\/ppdegalicia.com\/es\/","logo":{"@type":"ImageObject","inLanguage":"es","@id":"https:\/\/ppdegalicia.com\/es\/#\/schema\/logo\/image\/","url":"https:\/\/ppdegalicia.com\/wp-content\/uploads\/2023\/04\/logoPP512.png","contentUrl":"https:\/\/ppdegalicia.com\/wp-content\/uploads\/2023\/04\/logoPP512.png","width":512,"height":512,"caption":"Partido Popular de Galicia"},"image":{"@id":"https:\/\/ppdegalicia.com\/es\/#\/schema\/logo\/image\/"},"sameAs":["https:\/\/www.instagram.com\/ppdegalicia\/","https:\/\/x.com\/ppdegalicia","https:\/\/www.tiktok.com\/@ppdegalicia","https:\/\/www.youtube.com\/user\/ppdegalicia"]},{"@type":"Person","@id":"https:\/\/ppdegalicia.com\/es\/#\/schema\/person\/d0f013b8388c980665d44009ab762960","name":"Super User","image":{"@type":"ImageObject","inLanguage":"es","@id":"https:\/\/secure.gravatar.com\/avatar\/1db852625ef4948f58d2739bfbc51e4b9bd5c93b8fa340b59fdb594ca0845645?s=96&d=mm&r=g","url":"https:\/\/secure.gravatar.com\/avatar\/1db852625ef4948f58d2739bfbc51e4b9bd5c93b8fa340b59fdb594ca0845645?s=96&d=mm&r=g","contentUrl":"https:\/\/secure.gravatar.com\/avatar\/1db852625ef4948f58d2739bfbc51e4b9bd5c93b8fa340b59fdb594ca0845645?s=96&d=mm&r=g","caption":"Super User"},"url":"https:\/\/ppdegalicia.com\/es\/author\/ppdegaliciagestion\/"}]}},"_links":{"self":[{"href":"https:\/\/ppdegalicia.com\/es\/wp-json\/wp\/v2\/posts\/52458","targetHints":{"allow":["GET"]}}],"collection":[{"href":"https:\/\/ppdegalicia.com\/es\/wp-json\/wp\/v2\/posts"}],"about":[{"href":"https:\/\/ppdegalicia.com\/es\/wp-json\/wp\/v2\/types\/post"}],"author":[{"embeddable":true,"href":"https:\/\/ppdegalicia.com\/es\/wp-json\/wp\/v2\/users\/37"}],"replies":[{"embeddable":true,"href":"https:\/\/ppdegalicia.com\/es\/wp-json\/wp\/v2\/comments?post=52458"}],"version-history":[{"count":0,"href":"https:\/\/ppdegalicia.com\/es\/wp-json\/wp\/v2\/posts\/52458\/revisions"}],"wp:attachment":[{"href":"https:\/\/ppdegalicia.com\/es\/wp-json\/wp\/v2\/media?parent=52458"}],"wp:term":[{"taxonomy":"category","embeddable":true,"href":"https:\/\/ppdegalicia.com\/es\/wp-json\/wp\/v2\/categories?post=52458"},{"taxonomy":"post_tag","embeddable":true,"href":"https:\/\/ppdegalicia.com\/es\/wp-json\/wp\/v2\/tags?post=52458"}],"curies":[{"name":"wp","href":"https:\/\/api.w.org\/{rel}","templated":true}]}}