{"id":52461,"date":"2019-07-10T14:49:01","date_gmt":"2019-07-10T12:49:01","guid":{"rendered":"https:\/\/ppdegalicia.com\/o-parlamento-galego-demanda-ao-goberno-central-o-abono-dos-700-millons-de-euros-que-o-estado-adebeda-a-comunidade-galega\/"},"modified":"2019-07-10T14:49:01","modified_gmt":"2019-07-10T12:49:01","slug":"o-parlamento-galego-demanda-ao-goberno-central-o-abono-dos-700-millons-de-euros-que-o-estado-adebeda-a-comunidade-galega","status":"publish","type":"post","link":"https:\/\/ppdegalicia.com\/es\/o-parlamento-galego-demanda-ao-goberno-central-o-abono-dos-700-millons-de-euros-que-o-estado-adebeda-a-comunidade-galega\/","title":{"rendered":"O Parlamento galego demanda ao Goberno central o abono dos 700 mill\u00f3ns de euros que o Estado adebeda \u00e1 Comunidade galega"},"content":{"rendered":"<p>Santiago, 10 de xullo de 2019.- O Parlamento de Galicia aprobou hoxe a proposici\u00f3n non de lei, impulsada polo Grupo Popular e coa \u00fanica abstenci\u00f3n do PSOE, a trav\u00e9s da que se demanda ao Goberno central que habilite de maneira urxente os mecanismos legais correspondentes para transferir a Galicia os 700 mill\u00f3ns de euros comprometidos para 2019 e que a\u00ednda lle adebeda, dos que 330 corresponden \u00e1s entregas \u00e1 conta de 2019, 200 mill\u00f3ns da devoluci\u00f3n da mensualidade do IVE de 2017 e 170 dos incentivos por cumprir todos os par\u00e1metros de estabilidade orzamentaria en 2017 e 2018.<\/p>\n<p><!--more--><\/p>\n<p>&nbsp;<\/p>\n<p>Pedro Puy lembrou que 530 mill\u00f3ns desta d\u00e9beda, correspondentes \u00e1s partidas das entregas a conta e da mensualidade do IVE, \u201cest\u00e1n inclu\u00eddos nos orzamentos da Xunta para o presente exercicio\u201d, polo que alertou de que a falta de abono por parte do Goberno central \u201cpode orixinar presi\u00f3ns para o cumprimento do d\u00e9ficit por parte de Galicia e problemas de liquidez na Tesourer\u00eda da Comunidade Aut\u00f3noma, po\u00f1endo en perigo o mantemento de Galicia como a comunidade que m\u00e1is r\u00e1pido paga aos seus provedores\u201d.<\/p>\n<p>&nbsp;<\/p>\n<p>\u201cE o que poder\u00eda ser peor: se a transferencia non se produce antes de que remate o presente ano poder\u00eda derivar nun axuste no gasto da Comunidade galega\u201d, alertou.<\/p>\n<p>&nbsp;<\/p>\n<p>O portavoz popular lembrou que o Goberno central \u201cten sa\u00eddas e antecedentes\u201d para facer fronte ao abono desta d\u00e9beda \u00e1 Comunidade galega, como proceder \u00e1 autorizaci\u00f3n de anticipos (como se fixo nos anos 2005 e 2007) ou \u00e1 aprobaci\u00f3n de decretos-lei por raz\u00f3ns de urxencia en materia de financiamento (do mesmo xeito que acontecera en 2016).<\/p>\n<p>&nbsp;<\/p>\n<p><strong>ANTECEDENTES E MECANISMOS<\/strong><\/p>\n<p>&nbsp;<\/p>\n<p>O portavoz popular manifestou que \u201cse hai antecedentes e hai mecanismos para facer fronte a estes pagos o que queda \u00e9 unha sospeita: a cuesti\u00f3n non se resolveu cando se aprobaban todos os venres decretos antes das elecci\u00f3ns, o Grupo Socialista est\u00e1 condicionando o pago do que lle corresponde a Galicia a un proceso de investidura que non ten que producirse para que Galicia te\u00f1a estes recursos; e, finalmente, se da a circunstancia de que o Estado est\u00e1 a ingresar eses recursos, e alg\u00fans membros do Goberno comezan a barallar a hip\u00f3tese de novas elecci\u00f3ns, co que a asfixia da Xunta e outras comunidades aut\u00f3nomas beneficiar\u00eda a un goberno en funci\u00f3ns que entrar\u00eda nunha nova campa\u00f1a electoral\u201d.<\/p>\n<p>&nbsp;<\/p>\n<p>Neste sentido, demandou coherencia aos socialistas galegos logo de que a comezos do pasado ano 2018 cualificaran de \u201cchantaxe intolerable\u201d ou de \u201cquebranto\u201d que o Goberno de Mariano Rajoy retrasara o pago das entregas a conta correspondentes a 2017, \u201ca pesar de que daquelas finalmente se aprobaron os orzamentos e Galicia recibiu o acordado sen ning\u00fan problema\u201d. As\u00ed, lamentou que os socialistas se abstiveran na votaci\u00f3n desta proposici\u00f3n non de lei, \u201cnunha cuesti\u00f3n de tanta importancia para a Comunidade galega\u201d.<\/p>\n<p>&nbsp;<\/p>\n<p>Neste sentido, lembrou que \u201c\u00e9 a primeira vez na historia da autonom\u00eda que a Galicia non se lle transfiren os recursos aos que comprometeu o Estado e \u00e1 vez non hai perspectivas de que se aproben os orzamentos xerais\u201d. \u201cGalicia debe ter o que lle corresponde e o que ten dereito\u201d, demandou Pedro Puy.<\/p>\n","protected":false},"excerpt":{"rendered":"<p>Santiago, 10 de xullo de 2019.- O Parlamento de Galicia aprobou hoxe a proposici\u00f3n non de lei, impulsada polo Grupo Popular e coa \u00fanica abstenci\u00f3n do PSOE, a trav\u00e9s da que se demanda ao Goberno central que habilite de maneira urxente os mecanismos legais correspondentes para transferir a Galicia os 700 mill\u00f3ns de euros comprometidos [&hellip;]<\/p>\n","protected":false},"author":37,"featured_media":0,"comment_status":"open","ping_status":"open","sticky":false,"template":"","format":"standard","meta":{"_acf_changed":false,"footnotes":""},"categories":[1],"tags":[],"class_list":["post-52461","post","type-post","status-publish","format-standard","hentry","category-pp-de-galicia"],"acf":[],"yoast_head":"<!-- This site is optimized with the Yoast SEO plugin v27.3 - https:\/\/yoast.com\/product\/yoast-seo-wordpress\/ -->\n<title>O Parlamento galego demanda ao Goberno central o abono dos 700 mill\u00f3ns de euros que o Estado adebeda \u00e1 Comunidade galega - PP de Galicia<\/title>\n<meta name=\"robots\" content=\"index, follow, max-snippet:-1, max-image-preview:large, max-video-preview:-1\" \/>\n<link rel=\"canonical\" href=\"https:\/\/ppdegalicia.com\/es\/o-parlamento-galego-demanda-ao-goberno-central-o-abono-dos-700-millons-de-euros-que-o-estado-adebeda-a-comunidade-galega\/\" \/>\n<meta property=\"og:locale\" content=\"es_ES\" \/>\n<meta property=\"og:type\" content=\"article\" \/>\n<meta property=\"og:title\" content=\"O Parlamento galego demanda ao Goberno central o abono dos 700 mill\u00f3ns de euros que o Estado adebeda \u00e1 Comunidade galega - PP de Galicia\" \/>\n<meta property=\"og:description\" content=\"Santiago, 10 de xullo de 2019.- O Parlamento de Galicia aprobou hoxe a proposici\u00f3n non de lei, impulsada polo Grupo Popular e coa \u00fanica abstenci\u00f3n do PSOE, a trav\u00e9s da que se demanda ao Goberno central que habilite de maneira urxente os mecanismos legais correspondentes para transferir a Galicia os 700 mill\u00f3ns de euros comprometidos [&hellip;]\" \/>\n<meta property=\"og:url\" content=\"https:\/\/ppdegalicia.com\/es\/o-parlamento-galego-demanda-ao-goberno-central-o-abono-dos-700-millons-de-euros-que-o-estado-adebeda-a-comunidade-galega\/\" \/>\n<meta property=\"og:site_name\" content=\"PP de Galicia\" \/>\n<meta property=\"article:publisher\" content=\"https:\/\/www.instagram.com\/ppdegalicia\/\" \/>\n<meta property=\"article:published_time\" content=\"2019-07-10T12:49:01+00:00\" \/>\n<meta name=\"author\" content=\"Super User\" \/>\n<meta name=\"twitter:card\" content=\"summary_large_image\" \/>\n<meta name=\"twitter:creator\" content=\"@ppdegalicia\" \/>\n<meta name=\"twitter:site\" content=\"@ppdegalicia\" \/>\n<meta name=\"twitter:label1\" content=\"Escrito por\" \/>\n\t<meta name=\"twitter:data1\" content=\"Super User\" \/>\n\t<meta name=\"twitter:label2\" content=\"Tiempo de lectura\" \/>\n\t<meta name=\"twitter:data2\" content=\"3 minutos\" \/>\n<script type=\"application\/ld+json\" class=\"yoast-schema-graph\">{\"@context\":\"https:\\\/\\\/schema.org\",\"@graph\":[{\"@type\":\"Article\",\"@id\":\"https:\\\/\\\/ppdegalicia.com\\\/es\\\/o-parlamento-galego-demanda-ao-goberno-central-o-abono-dos-700-millons-de-euros-que-o-estado-adebeda-a-comunidade-galega\\\/#article\",\"isPartOf\":{\"@id\":\"https:\\\/\\\/ppdegalicia.com\\\/es\\\/o-parlamento-galego-demanda-ao-goberno-central-o-abono-dos-700-millons-de-euros-que-o-estado-adebeda-a-comunidade-galega\\\/\"},\"author\":{\"name\":\"Super User\",\"@id\":\"https:\\\/\\\/ppdegalicia.com\\\/es\\\/#\\\/schema\\\/person\\\/d0f013b8388c980665d44009ab762960\"},\"headline\":\"O Parlamento galego demanda ao Goberno central o abono dos 700 mill\u00f3ns de euros que o Estado adebeda \u00e1 Comunidade galega\",\"datePublished\":\"2019-07-10T12:49:01+00:00\",\"mainEntityOfPage\":{\"@id\":\"https:\\\/\\\/ppdegalicia.com\\\/es\\\/o-parlamento-galego-demanda-ao-goberno-central-o-abono-dos-700-millons-de-euros-que-o-estado-adebeda-a-comunidade-galega\\\/\"},\"wordCount\":565,\"commentCount\":0,\"publisher\":{\"@id\":\"https:\\\/\\\/ppdegalicia.com\\\/es\\\/#organization\"},\"articleSection\":[\"PP de Galicia\"],\"inLanguage\":\"es\",\"potentialAction\":[{\"@type\":\"CommentAction\",\"name\":\"Comment\",\"target\":[\"https:\\\/\\\/ppdegalicia.com\\\/es\\\/o-parlamento-galego-demanda-ao-goberno-central-o-abono-dos-700-millons-de-euros-que-o-estado-adebeda-a-comunidade-galega\\\/#respond\"]}]},{\"@type\":\"WebPage\",\"@id\":\"https:\\\/\\\/ppdegalicia.com\\\/es\\\/o-parlamento-galego-demanda-ao-goberno-central-o-abono-dos-700-millons-de-euros-que-o-estado-adebeda-a-comunidade-galega\\\/\",\"url\":\"https:\\\/\\\/ppdegalicia.com\\\/es\\\/o-parlamento-galego-demanda-ao-goberno-central-o-abono-dos-700-millons-de-euros-que-o-estado-adebeda-a-comunidade-galega\\\/\",\"name\":\"O Parlamento galego demanda ao Goberno central o abono dos 700 mill\u00f3ns de euros que o Estado adebeda \u00e1 Comunidade galega - PP de Galicia\",\"isPartOf\":{\"@id\":\"https:\\\/\\\/ppdegalicia.com\\\/es\\\/#website\"},\"datePublished\":\"2019-07-10T12:49:01+00:00\",\"breadcrumb\":{\"@id\":\"https:\\\/\\\/ppdegalicia.com\\\/es\\\/o-parlamento-galego-demanda-ao-goberno-central-o-abono-dos-700-millons-de-euros-que-o-estado-adebeda-a-comunidade-galega\\\/#breadcrumb\"},\"inLanguage\":\"es\",\"potentialAction\":[{\"@type\":\"ReadAction\",\"target\":[\"https:\\\/\\\/ppdegalicia.com\\\/es\\\/o-parlamento-galego-demanda-ao-goberno-central-o-abono-dos-700-millons-de-euros-que-o-estado-adebeda-a-comunidade-galega\\\/\"]}]},{\"@type\":\"BreadcrumbList\",\"@id\":\"https:\\\/\\\/ppdegalicia.com\\\/es\\\/o-parlamento-galego-demanda-ao-goberno-central-o-abono-dos-700-millons-de-euros-que-o-estado-adebeda-a-comunidade-galega\\\/#breadcrumb\",\"itemListElement\":[{\"@type\":\"ListItem\",\"position\":1,\"name\":\"Portada\",\"item\":\"https:\\\/\\\/ppdegalicia.com\\\/es\\\/\"},{\"@type\":\"ListItem\",\"position\":2,\"name\":\"O Parlamento galego demanda ao Goberno central o abono dos 700 mill\u00f3ns de euros que o Estado adebeda \u00e1 Comunidade galega\"}]},{\"@type\":\"WebSite\",\"@id\":\"https:\\\/\\\/ppdegalicia.com\\\/es\\\/#website\",\"url\":\"https:\\\/\\\/ppdegalicia.com\\\/es\\\/\",\"name\":\"Partido Popular de Galicia\",\"description\":\"Partido Popular de Galicia\",\"publisher\":{\"@id\":\"https:\\\/\\\/ppdegalicia.com\\\/es\\\/#organization\"},\"alternateName\":\"PP de Galicia\",\"potentialAction\":[{\"@type\":\"SearchAction\",\"target\":{\"@type\":\"EntryPoint\",\"urlTemplate\":\"https:\\\/\\\/ppdegalicia.com\\\/es\\\/?s={search_term_string}\"},\"query-input\":{\"@type\":\"PropertyValueSpecification\",\"valueRequired\":true,\"valueName\":\"search_term_string\"}}],\"inLanguage\":\"es\"},{\"@type\":\"Organization\",\"@id\":\"https:\\\/\\\/ppdegalicia.com\\\/es\\\/#organization\",\"name\":\"Partido Popular de Galicia\",\"alternateName\":\"PP de Galicia\",\"url\":\"https:\\\/\\\/ppdegalicia.com\\\/es\\\/\",\"logo\":{\"@type\":\"ImageObject\",\"inLanguage\":\"es\",\"@id\":\"https:\\\/\\\/ppdegalicia.com\\\/es\\\/#\\\/schema\\\/logo\\\/image\\\/\",\"url\":\"https:\\\/\\\/ppdegalicia.com\\\/wp-content\\\/uploads\\\/2023\\\/04\\\/logoPP512.png\",\"contentUrl\":\"https:\\\/\\\/ppdegalicia.com\\\/wp-content\\\/uploads\\\/2023\\\/04\\\/logoPP512.png\",\"width\":512,\"height\":512,\"caption\":\"Partido Popular de Galicia\"},\"image\":{\"@id\":\"https:\\\/\\\/ppdegalicia.com\\\/es\\\/#\\\/schema\\\/logo\\\/image\\\/\"},\"sameAs\":[\"https:\\\/\\\/www.instagram.com\\\/ppdegalicia\\\/\",\"https:\\\/\\\/x.com\\\/ppdegalicia\",\"https:\\\/\\\/www.tiktok.com\\\/@ppdegalicia\",\"https:\\\/\\\/www.youtube.com\\\/user\\\/ppdegalicia\"]},{\"@type\":\"Person\",\"@id\":\"https:\\\/\\\/ppdegalicia.com\\\/es\\\/#\\\/schema\\\/person\\\/d0f013b8388c980665d44009ab762960\",\"name\":\"Super User\",\"image\":{\"@type\":\"ImageObject\",\"inLanguage\":\"es\",\"@id\":\"https:\\\/\\\/secure.gravatar.com\\\/avatar\\\/1db852625ef4948f58d2739bfbc51e4b9bd5c93b8fa340b59fdb594ca0845645?s=96&d=mm&r=g\",\"url\":\"https:\\\/\\\/secure.gravatar.com\\\/avatar\\\/1db852625ef4948f58d2739bfbc51e4b9bd5c93b8fa340b59fdb594ca0845645?s=96&d=mm&r=g\",\"contentUrl\":\"https:\\\/\\\/secure.gravatar.com\\\/avatar\\\/1db852625ef4948f58d2739bfbc51e4b9bd5c93b8fa340b59fdb594ca0845645?s=96&d=mm&r=g\",\"caption\":\"Super User\"},\"url\":\"https:\\\/\\\/ppdegalicia.com\\\/es\\\/author\\\/ppdegaliciagestion\\\/\"}]}<\/script>\n<!-- \/ Yoast SEO plugin. -->","yoast_head_json":{"title":"O Parlamento galego demanda ao Goberno central o abono dos 700 mill\u00f3ns de euros que o Estado adebeda \u00e1 Comunidade galega - PP de Galicia","robots":{"index":"index","follow":"follow","max-snippet":"max-snippet:-1","max-image-preview":"max-image-preview:large","max-video-preview":"max-video-preview:-1"},"canonical":"https:\/\/ppdegalicia.com\/es\/o-parlamento-galego-demanda-ao-goberno-central-o-abono-dos-700-millons-de-euros-que-o-estado-adebeda-a-comunidade-galega\/","og_locale":"es_ES","og_type":"article","og_title":"O Parlamento galego demanda ao Goberno central o abono dos 700 mill\u00f3ns de euros que o Estado adebeda \u00e1 Comunidade galega - PP de Galicia","og_description":"Santiago, 10 de xullo de 2019.- O Parlamento de Galicia aprobou hoxe a proposici\u00f3n non de lei, impulsada polo Grupo Popular e coa \u00fanica abstenci\u00f3n do PSOE, a trav\u00e9s da que se demanda ao Goberno central que habilite de maneira urxente os mecanismos legais correspondentes para transferir a Galicia os 700 mill\u00f3ns de euros comprometidos [&hellip;]","og_url":"https:\/\/ppdegalicia.com\/es\/o-parlamento-galego-demanda-ao-goberno-central-o-abono-dos-700-millons-de-euros-que-o-estado-adebeda-a-comunidade-galega\/","og_site_name":"PP de Galicia","article_publisher":"https:\/\/www.instagram.com\/ppdegalicia\/","article_published_time":"2019-07-10T12:49:01+00:00","author":"Super User","twitter_card":"summary_large_image","twitter_creator":"@ppdegalicia","twitter_site":"@ppdegalicia","twitter_misc":{"Escrito por":"Super User","Tiempo de lectura":"3 minutos"},"schema":{"@context":"https:\/\/schema.org","@graph":[{"@type":"Article","@id":"https:\/\/ppdegalicia.com\/es\/o-parlamento-galego-demanda-ao-goberno-central-o-abono-dos-700-millons-de-euros-que-o-estado-adebeda-a-comunidade-galega\/#article","isPartOf":{"@id":"https:\/\/ppdegalicia.com\/es\/o-parlamento-galego-demanda-ao-goberno-central-o-abono-dos-700-millons-de-euros-que-o-estado-adebeda-a-comunidade-galega\/"},"author":{"name":"Super User","@id":"https:\/\/ppdegalicia.com\/es\/#\/schema\/person\/d0f013b8388c980665d44009ab762960"},"headline":"O Parlamento galego demanda ao Goberno central o abono dos 700 mill\u00f3ns de euros que o Estado adebeda \u00e1 Comunidade galega","datePublished":"2019-07-10T12:49:01+00:00","mainEntityOfPage":{"@id":"https:\/\/ppdegalicia.com\/es\/o-parlamento-galego-demanda-ao-goberno-central-o-abono-dos-700-millons-de-euros-que-o-estado-adebeda-a-comunidade-galega\/"},"wordCount":565,"commentCount":0,"publisher":{"@id":"https:\/\/ppdegalicia.com\/es\/#organization"},"articleSection":["PP de Galicia"],"inLanguage":"es","potentialAction":[{"@type":"CommentAction","name":"Comment","target":["https:\/\/ppdegalicia.com\/es\/o-parlamento-galego-demanda-ao-goberno-central-o-abono-dos-700-millons-de-euros-que-o-estado-adebeda-a-comunidade-galega\/#respond"]}]},{"@type":"WebPage","@id":"https:\/\/ppdegalicia.com\/es\/o-parlamento-galego-demanda-ao-goberno-central-o-abono-dos-700-millons-de-euros-que-o-estado-adebeda-a-comunidade-galega\/","url":"https:\/\/ppdegalicia.com\/es\/o-parlamento-galego-demanda-ao-goberno-central-o-abono-dos-700-millons-de-euros-que-o-estado-adebeda-a-comunidade-galega\/","name":"O Parlamento galego demanda ao Goberno central o abono dos 700 mill\u00f3ns de euros que o Estado adebeda \u00e1 Comunidade galega - PP de Galicia","isPartOf":{"@id":"https:\/\/ppdegalicia.com\/es\/#website"},"datePublished":"2019-07-10T12:49:01+00:00","breadcrumb":{"@id":"https:\/\/ppdegalicia.com\/es\/o-parlamento-galego-demanda-ao-goberno-central-o-abono-dos-700-millons-de-euros-que-o-estado-adebeda-a-comunidade-galega\/#breadcrumb"},"inLanguage":"es","potentialAction":[{"@type":"ReadAction","target":["https:\/\/ppdegalicia.com\/es\/o-parlamento-galego-demanda-ao-goberno-central-o-abono-dos-700-millons-de-euros-que-o-estado-adebeda-a-comunidade-galega\/"]}]},{"@type":"BreadcrumbList","@id":"https:\/\/ppdegalicia.com\/es\/o-parlamento-galego-demanda-ao-goberno-central-o-abono-dos-700-millons-de-euros-que-o-estado-adebeda-a-comunidade-galega\/#breadcrumb","itemListElement":[{"@type":"ListItem","position":1,"name":"Portada","item":"https:\/\/ppdegalicia.com\/es\/"},{"@type":"ListItem","position":2,"name":"O Parlamento galego demanda ao Goberno central o abono dos 700 mill\u00f3ns de euros que o Estado adebeda \u00e1 Comunidade galega"}]},{"@type":"WebSite","@id":"https:\/\/ppdegalicia.com\/es\/#website","url":"https:\/\/ppdegalicia.com\/es\/","name":"Partido Popular de Galicia","description":"Partido Popular de Galicia","publisher":{"@id":"https:\/\/ppdegalicia.com\/es\/#organization"},"alternateName":"PP de Galicia","potentialAction":[{"@type":"SearchAction","target":{"@type":"EntryPoint","urlTemplate":"https:\/\/ppdegalicia.com\/es\/?s={search_term_string}"},"query-input":{"@type":"PropertyValueSpecification","valueRequired":true,"valueName":"search_term_string"}}],"inLanguage":"es"},{"@type":"Organization","@id":"https:\/\/ppdegalicia.com\/es\/#organization","name":"Partido Popular de Galicia","alternateName":"PP de Galicia","url":"https:\/\/ppdegalicia.com\/es\/","logo":{"@type":"ImageObject","inLanguage":"es","@id":"https:\/\/ppdegalicia.com\/es\/#\/schema\/logo\/image\/","url":"https:\/\/ppdegalicia.com\/wp-content\/uploads\/2023\/04\/logoPP512.png","contentUrl":"https:\/\/ppdegalicia.com\/wp-content\/uploads\/2023\/04\/logoPP512.png","width":512,"height":512,"caption":"Partido Popular de Galicia"},"image":{"@id":"https:\/\/ppdegalicia.com\/es\/#\/schema\/logo\/image\/"},"sameAs":["https:\/\/www.instagram.com\/ppdegalicia\/","https:\/\/x.com\/ppdegalicia","https:\/\/www.tiktok.com\/@ppdegalicia","https:\/\/www.youtube.com\/user\/ppdegalicia"]},{"@type":"Person","@id":"https:\/\/ppdegalicia.com\/es\/#\/schema\/person\/d0f013b8388c980665d44009ab762960","name":"Super User","image":{"@type":"ImageObject","inLanguage":"es","@id":"https:\/\/secure.gravatar.com\/avatar\/1db852625ef4948f58d2739bfbc51e4b9bd5c93b8fa340b59fdb594ca0845645?s=96&d=mm&r=g","url":"https:\/\/secure.gravatar.com\/avatar\/1db852625ef4948f58d2739bfbc51e4b9bd5c93b8fa340b59fdb594ca0845645?s=96&d=mm&r=g","contentUrl":"https:\/\/secure.gravatar.com\/avatar\/1db852625ef4948f58d2739bfbc51e4b9bd5c93b8fa340b59fdb594ca0845645?s=96&d=mm&r=g","caption":"Super User"},"url":"https:\/\/ppdegalicia.com\/es\/author\/ppdegaliciagestion\/"}]}},"_links":{"self":[{"href":"https:\/\/ppdegalicia.com\/es\/wp-json\/wp\/v2\/posts\/52461","targetHints":{"allow":["GET"]}}],"collection":[{"href":"https:\/\/ppdegalicia.com\/es\/wp-json\/wp\/v2\/posts"}],"about":[{"href":"https:\/\/ppdegalicia.com\/es\/wp-json\/wp\/v2\/types\/post"}],"author":[{"embeddable":true,"href":"https:\/\/ppdegalicia.com\/es\/wp-json\/wp\/v2\/users\/37"}],"replies":[{"embeddable":true,"href":"https:\/\/ppdegalicia.com\/es\/wp-json\/wp\/v2\/comments?post=52461"}],"version-history":[{"count":0,"href":"https:\/\/ppdegalicia.com\/es\/wp-json\/wp\/v2\/posts\/52461\/revisions"}],"wp:attachment":[{"href":"https:\/\/ppdegalicia.com\/es\/wp-json\/wp\/v2\/media?parent=52461"}],"wp:term":[{"taxonomy":"category","embeddable":true,"href":"https:\/\/ppdegalicia.com\/es\/wp-json\/wp\/v2\/categories?post=52461"},{"taxonomy":"post_tag","embeddable":true,"href":"https:\/\/ppdegalicia.com\/es\/wp-json\/wp\/v2\/tags?post=52461"}],"curies":[{"name":"wp","href":"https:\/\/api.w.org\/{rel}","templated":true}]}}