{"id":52477,"date":"2019-01-04T13:26:55","date_gmt":"2019-01-04T11:26:55","guid":{"rendered":"https:\/\/ppdegalicia.com\/pedro-puy-somos-o-parlamento-que-mais-traballa-con-mais-horas-de-sesions-plenarias-e-no-que-a-oposicion-ten-maior-capacidade-de-control-co-80-das-iniciativas-que-se-debaten\/"},"modified":"2019-01-04T13:26:55","modified_gmt":"2019-01-04T11:26:55","slug":"pedro-puy-somos-o-parlamento-que-mais-traballa-con-mais-horas-de-sesions-plenarias-e-no-que-a-oposicion-ten-maior-capacidade-de-control-co-80-das-iniciativas-que-se-debaten","status":"publish","type":"post","link":"https:\/\/ppdegalicia.com\/es\/pedro-puy-somos-o-parlamento-que-mais-traballa-con-mais-horas-de-sesions-plenarias-e-no-que-a-oposicion-ten-maior-capacidade-de-control-co-80-das-iniciativas-que-se-debaten\/","title":{"rendered":"Pedro Puy: \u201cSomos o Parlamento que m\u00e1is traballa, con m\u00e1is horas de sesi\u00f3ns plenarias e no que a oposici\u00f3n ten maior capacidade de control, co 80% das iniciativas que se debaten\u201d"},"content":{"rendered":"<div>Santiago,&nbsp; 4 de xaneiro de 2019.- O voceiro do Grupo Popular Pedro Puy sinalou hoxe na rolda de prensa de balance sobre a actividade parlamentaria que \u201ccontinuamos a ser dos parlamentos auton\u00f3micos de Espa\u00f1a que m\u00e1is traballa, con 744 reuni\u00f3ns de \u00f3rganos colexiados&nbsp; e 618 horas de sesi\u00f3ns plenarias no que levamos de&nbsp; Lexislatura e no que a oposici\u00f3n ten maior capacidade de control e impulso ao Executivo, co 80% das iniciativas que se debaten\u201d.<br \/>\n<!--more-->\n<\/div>\n<div>&nbsp;<\/div>\n<p>&nbsp;<\/p>\n<div>O voceiro popular destacou que das reuni\u00f3ns dos \u00f3rganos colexiados destacan en primeiro lugar as celebradas pola Comisi\u00f3n 3\u00aa, Econom\u00eda, Facenda e Orzamentos (149 horas) , a Comisi\u00f3n 5\u00aa, de Sanidade, Pol\u00edtica Social e Emprego (61horas)&nbsp; e o Pleno (57), \u201co que da conta das cuesti\u00f3ns m\u00e1is relevantes e destacadas do traballo parlamentario\u201d.<\/div>\n<div>&nbsp;<\/div>\n<div>&nbsp;<\/div>\n<p>&nbsp;<\/p>\n<div>Pedro Puy sinalou que a duraci\u00f3n das sesi\u00f3ns plenarias&nbsp; no que levamos de Lexislatura (618 horas) \u00e9 significativamente superior a outros parlamentos constitu\u00eddos nas mesmas datas, como o Vasco, que celebrou 506 horas, ou os de Catalu\u00f1a, Madrid ou Valencia, que baixaron das 500 horas.<\/div>\n<div>&nbsp;<\/div>\n<div>&nbsp;<\/div>\n<p>&nbsp;<\/p>\n<div>En canto aos procedementos de natureza lexislativa, o voceiro popular sinalou que no que levamos de Lexislatura aprob\u00e1ronse 15 Leis, 11 remitidas polo Goberno, 3 proposici\u00f3ns remitidas polos grupos parlamentarios e 1 de iniciativa popular. Ao respecto destas \u00faltimas Pedro Puy destacou o feito de que a reforma da Lei para a s\u00faa tramitaci\u00f3n fixeron da C\u00e1mara galega a m\u00e1is participativa do Estado.<\/div>\n<div>&nbsp;<\/div>\n<div>&nbsp;<\/div>\n<div>&nbsp;<\/div>\n<div>&nbsp;<\/div>\n<div><strong>CONTROL DA OPOSICI\u00d3N&nbsp; E CAPACIDADE DE ACORDO<\/strong><\/div>\n<div>&nbsp;<\/div>\n<div>&nbsp;<\/div>\n<p>&nbsp;<\/p>\n<div>\u201cSomos o Parlamento con m\u00e1is horas de pleno e no que&nbsp; m\u00e1is do 80% das iniciativas son a proposta da oposici\u00f3n, o que da conta da s\u00faa capacidade de control e impulso\u201d indicou Pedro Puy, salientando que das 1117 iniciativas no pleno, 908 (o 81,28%) o foron a iniciativa da oposici\u00f3n , un \u201cbo s\u00edntoma da oportunidade que te\u00f1en de controlar ao Goberno\u201d.<\/div>\n<div>&nbsp;<\/div>\n<p>&nbsp;<\/p>\n<p>&nbsp;<\/p>\n<div>Destacou, as\u00ed mesmo, a capacidade de acordo que supuxo que o 45% das iniciativas aprobadas en pleno (64 dun total de 142) foran a proposta da oposici\u00f3n&nbsp; e que se incrementou en Comisi\u00f3n superando o 60% , xa que foron aprobadas 204 a iniciativa da oposici\u00f3n sobre un total de 338.<\/div>\n<div>&nbsp;<\/div>\n<p>&nbsp;<\/p>\n<p>&nbsp;<\/p>\n<div>As\u00ed mesmo sinalou que o Goberno compareceu en 142 ocasi\u00f3ns e contestou a 1056 preguntas en Comisi\u00f3n, polo que \u201csumando plenos e comisi\u00f3ns os membros do goberno galego te\u00f1en comparecido unha media de 2,3 veces cada d\u00eda desta Lexislatura\u201d indicou o voceiro popular.<\/div>\n<div>&nbsp;<\/div>\n<p>&nbsp;<\/p>\n<p>&nbsp;<\/p>\n<div><strong>POL\u00cdTICA FORESTAL, DEA E ORZAMENTOS<\/strong><\/div>\n<div>&nbsp;<\/div>\n<div>&nbsp;<\/div>\n<p>&nbsp;<\/p>\n<div>Pedro Puy destacou no seu balance parlamentario tres grandes fitos como foron \u201co traballo relevante feito na Comisi\u00f3n sobre Pol\u00edtica Forestal, aprobando 123 propostas de resoluci\u00f3n que contaron co apoio expl\u00edcito do PSOE e algunhas doutros grupos pol\u00edticos, e que marcan un antes e un despois dunha pol\u00edtica moi relevante na ordenaci\u00f3n do monte e prevenci\u00f3n dos incendios forestais\u201d.<\/div>\n<div>&nbsp;<\/div>\n<div>&nbsp;<\/div>\n<p>&nbsp;<\/p>\n<div>As\u00ed mesmo, sinalou o Debate do Estado da Autonom\u00eda como outro dos fitos do \u00faltimo per\u00edodo de sesi\u00f3ns, no que se aprobaron 53 propostas de resoluci\u00f3n, 10 pactadas coa oposici\u00f3n e 6 da oposici\u00f3n que \u201cpermitir\u00e1 que a labor de impulso ao Goberno sexa frut\u00edfera no 2019\u201d.<\/div>\n<div>&nbsp;<\/div>\n<p>&nbsp;<\/p>\n<p>&nbsp;<\/p>\n<div>E, por \u00faltimo, \u201ce en contraste co que est\u00e1 a ocorrer noutras administraci\u00f3ns\u201d, sinalou a aprobaci\u00f3n dos Orzamentos da Xunta e a Lei de medidas. \u201cUns orzamentos realistas, que incrementan o teito de gasto, permiten seguir cumprindo as condici\u00f3ns de d\u00e9ficit, incrementan a inversi\u00f3n e dedican m\u00e1is recursos ao gasto social\u201d.<\/div>\n<div>&nbsp;<\/div>\n<p>&nbsp;<\/p>\n<p>&nbsp;<\/p>\n<div>Pedro Puy sinalou tam\u00e9n na rolda de prensa que \u201crematamos o ano con boas novas, cunha continuidade dos datos positivos no \u00e1mbito econ\u00f3mico e social, tanto ao respecto das cifras do desemprego&nbsp; como nos avances na igualdade que fai que o n\u00famero de fogares con moitas dificultades para chegar a fin de mes se reduzan, e todos estes datos son posibles polo esforzo da sociedade\u201d.<\/div>\n<div>&nbsp;<\/div>\n<div>&nbsp;<\/div>\n<p>Ao respecto do traballo do&nbsp; Grupo parlamentario,&nbsp; Pedro Puy sinalou que \u201cnos sentimos moi satisfeitos de manter un apoio leal ao Goberno, tanto cando \u00e9 cr\u00edtico como \u00e9 de defensa da s\u00faa tarefa, algo que contrasta coa alternativa que est\u00e1 a dar a oposici\u00f3n no \u00faltimo ano\u201d.<\/p>\n","protected":false},"excerpt":{"rendered":"<p>Santiago,&nbsp; 4 de xaneiro de 2019.- O voceiro do Grupo Popular Pedro Puy sinalou hoxe na rolda de prensa de balance sobre a actividade parlamentaria que \u201ccontinuamos a ser dos parlamentos auton\u00f3micos de Espa\u00f1a que m\u00e1is traballa, con 744 reuni\u00f3ns de \u00f3rganos colexiados&nbsp; e 618 horas de sesi\u00f3ns plenarias no que levamos de&nbsp; Lexislatura e [&hellip;]<\/p>\n","protected":false},"author":37,"featured_media":0,"comment_status":"open","ping_status":"open","sticky":false,"template":"","format":"standard","meta":{"_acf_changed":false,"footnotes":""},"categories":[1],"tags":[],"class_list":["post-52477","post","type-post","status-publish","format-standard","hentry","category-pp-de-galicia"],"acf":[],"yoast_head":"<!-- This site is optimized with the Yoast SEO plugin v27.3 - https:\/\/yoast.com\/product\/yoast-seo-wordpress\/ -->\n<title>Pedro Puy: \u201cSomos o Parlamento que m\u00e1is traballa, con m\u00e1is horas de sesi\u00f3ns plenarias e no que a oposici\u00f3n ten maior capacidade de control, co 80% das iniciativas que se debaten\u201d - PP de Galicia<\/title>\n<meta name=\"robots\" content=\"index, follow, max-snippet:-1, max-image-preview:large, max-video-preview:-1\" \/>\n<link rel=\"canonical\" href=\"https:\/\/ppdegalicia.com\/es\/pedro-puy-somos-o-parlamento-que-mais-traballa-con-mais-horas-de-sesions-plenarias-e-no-que-a-oposicion-ten-maior-capacidade-de-control-co-80-das-iniciativas-que-se-debaten\/\" \/>\n<meta property=\"og:locale\" content=\"es_ES\" \/>\n<meta property=\"og:type\" content=\"article\" \/>\n<meta property=\"og:title\" content=\"Pedro Puy: \u201cSomos o Parlamento que m\u00e1is traballa, con m\u00e1is horas de sesi\u00f3ns plenarias e no que a oposici\u00f3n ten maior capacidade de control, co 80% das iniciativas que se debaten\u201d - PP de Galicia\" \/>\n<meta property=\"og:description\" content=\"Santiago,&nbsp; 4 de xaneiro de 2019.- O voceiro do Grupo Popular Pedro Puy sinalou hoxe na rolda de prensa de balance sobre a actividade parlamentaria que \u201ccontinuamos a ser dos parlamentos auton\u00f3micos de Espa\u00f1a que m\u00e1is traballa, con 744 reuni\u00f3ns de \u00f3rganos colexiados&nbsp; e 618 horas de sesi\u00f3ns plenarias no que levamos de&nbsp; Lexislatura e [&hellip;]\" \/>\n<meta property=\"og:url\" content=\"https:\/\/ppdegalicia.com\/es\/pedro-puy-somos-o-parlamento-que-mais-traballa-con-mais-horas-de-sesions-plenarias-e-no-que-a-oposicion-ten-maior-capacidade-de-control-co-80-das-iniciativas-que-se-debaten\/\" \/>\n<meta property=\"og:site_name\" content=\"PP de Galicia\" \/>\n<meta property=\"article:publisher\" content=\"https:\/\/www.instagram.com\/ppdegalicia\/\" \/>\n<meta property=\"article:published_time\" content=\"2019-01-04T11:26:55+00:00\" \/>\n<meta name=\"author\" content=\"Super User\" \/>\n<meta name=\"twitter:card\" content=\"summary_large_image\" \/>\n<meta name=\"twitter:creator\" content=\"@ppdegalicia\" \/>\n<meta name=\"twitter:site\" content=\"@ppdegalicia\" \/>\n<meta name=\"twitter:label1\" content=\"Escrito por\" \/>\n\t<meta name=\"twitter:data1\" content=\"Super User\" \/>\n\t<meta name=\"twitter:label2\" content=\"Tiempo de lectura\" \/>\n\t<meta name=\"twitter:data2\" content=\"4 minutos\" \/>\n<script type=\"application\/ld+json\" class=\"yoast-schema-graph\">{\"@context\":\"https:\\\/\\\/schema.org\",\"@graph\":[{\"@type\":\"Article\",\"@id\":\"https:\\\/\\\/ppdegalicia.com\\\/es\\\/pedro-puy-somos-o-parlamento-que-mais-traballa-con-mais-horas-de-sesions-plenarias-e-no-que-a-oposicion-ten-maior-capacidade-de-control-co-80-das-iniciativas-que-se-debaten\\\/#article\",\"isPartOf\":{\"@id\":\"https:\\\/\\\/ppdegalicia.com\\\/es\\\/pedro-puy-somos-o-parlamento-que-mais-traballa-con-mais-horas-de-sesions-plenarias-e-no-que-a-oposicion-ten-maior-capacidade-de-control-co-80-das-iniciativas-que-se-debaten\\\/\"},\"author\":{\"name\":\"Super User\",\"@id\":\"https:\\\/\\\/ppdegalicia.com\\\/es\\\/#\\\/schema\\\/person\\\/d0f013b8388c980665d44009ab762960\"},\"headline\":\"Pedro Puy: \u201cSomos o Parlamento que m\u00e1is traballa, con m\u00e1is horas de sesi\u00f3ns plenarias e no que a oposici\u00f3n ten maior capacidade de control, co 80% das iniciativas que se debaten\u201d\",\"datePublished\":\"2019-01-04T11:26:55+00:00\",\"mainEntityOfPage\":{\"@id\":\"https:\\\/\\\/ppdegalicia.com\\\/es\\\/pedro-puy-somos-o-parlamento-que-mais-traballa-con-mais-horas-de-sesions-plenarias-e-no-que-a-oposicion-ten-maior-capacidade-de-control-co-80-das-iniciativas-que-se-debaten\\\/\"},\"wordCount\":785,\"commentCount\":0,\"publisher\":{\"@id\":\"https:\\\/\\\/ppdegalicia.com\\\/es\\\/#organization\"},\"articleSection\":[\"PP de Galicia\"],\"inLanguage\":\"es\",\"potentialAction\":[{\"@type\":\"CommentAction\",\"name\":\"Comment\",\"target\":[\"https:\\\/\\\/ppdegalicia.com\\\/es\\\/pedro-puy-somos-o-parlamento-que-mais-traballa-con-mais-horas-de-sesions-plenarias-e-no-que-a-oposicion-ten-maior-capacidade-de-control-co-80-das-iniciativas-que-se-debaten\\\/#respond\"]}]},{\"@type\":\"WebPage\",\"@id\":\"https:\\\/\\\/ppdegalicia.com\\\/es\\\/pedro-puy-somos-o-parlamento-que-mais-traballa-con-mais-horas-de-sesions-plenarias-e-no-que-a-oposicion-ten-maior-capacidade-de-control-co-80-das-iniciativas-que-se-debaten\\\/\",\"url\":\"https:\\\/\\\/ppdegalicia.com\\\/es\\\/pedro-puy-somos-o-parlamento-que-mais-traballa-con-mais-horas-de-sesions-plenarias-e-no-que-a-oposicion-ten-maior-capacidade-de-control-co-80-das-iniciativas-que-se-debaten\\\/\",\"name\":\"Pedro Puy: \u201cSomos o Parlamento que m\u00e1is traballa, con m\u00e1is horas de sesi\u00f3ns plenarias e no que a oposici\u00f3n ten maior capacidade de control, co 80% das iniciativas que se debaten\u201d - PP de Galicia\",\"isPartOf\":{\"@id\":\"https:\\\/\\\/ppdegalicia.com\\\/es\\\/#website\"},\"datePublished\":\"2019-01-04T11:26:55+00:00\",\"breadcrumb\":{\"@id\":\"https:\\\/\\\/ppdegalicia.com\\\/es\\\/pedro-puy-somos-o-parlamento-que-mais-traballa-con-mais-horas-de-sesions-plenarias-e-no-que-a-oposicion-ten-maior-capacidade-de-control-co-80-das-iniciativas-que-se-debaten\\\/#breadcrumb\"},\"inLanguage\":\"es\",\"potentialAction\":[{\"@type\":\"ReadAction\",\"target\":[\"https:\\\/\\\/ppdegalicia.com\\\/es\\\/pedro-puy-somos-o-parlamento-que-mais-traballa-con-mais-horas-de-sesions-plenarias-e-no-que-a-oposicion-ten-maior-capacidade-de-control-co-80-das-iniciativas-que-se-debaten\\\/\"]}]},{\"@type\":\"BreadcrumbList\",\"@id\":\"https:\\\/\\\/ppdegalicia.com\\\/es\\\/pedro-puy-somos-o-parlamento-que-mais-traballa-con-mais-horas-de-sesions-plenarias-e-no-que-a-oposicion-ten-maior-capacidade-de-control-co-80-das-iniciativas-que-se-debaten\\\/#breadcrumb\",\"itemListElement\":[{\"@type\":\"ListItem\",\"position\":1,\"name\":\"Portada\",\"item\":\"https:\\\/\\\/ppdegalicia.com\\\/es\\\/\"},{\"@type\":\"ListItem\",\"position\":2,\"name\":\"Pedro Puy: \u201cSomos o Parlamento que m\u00e1is traballa, con m\u00e1is horas de sesi\u00f3ns plenarias e no que a oposici\u00f3n ten maior capacidade de control, co 80% das iniciativas que se debaten\u201d\"}]},{\"@type\":\"WebSite\",\"@id\":\"https:\\\/\\\/ppdegalicia.com\\\/es\\\/#website\",\"url\":\"https:\\\/\\\/ppdegalicia.com\\\/es\\\/\",\"name\":\"Partido Popular de Galicia\",\"description\":\"Partido Popular de Galicia\",\"publisher\":{\"@id\":\"https:\\\/\\\/ppdegalicia.com\\\/es\\\/#organization\"},\"alternateName\":\"PP de Galicia\",\"potentialAction\":[{\"@type\":\"SearchAction\",\"target\":{\"@type\":\"EntryPoint\",\"urlTemplate\":\"https:\\\/\\\/ppdegalicia.com\\\/es\\\/?s={search_term_string}\"},\"query-input\":{\"@type\":\"PropertyValueSpecification\",\"valueRequired\":true,\"valueName\":\"search_term_string\"}}],\"inLanguage\":\"es\"},{\"@type\":\"Organization\",\"@id\":\"https:\\\/\\\/ppdegalicia.com\\\/es\\\/#organization\",\"name\":\"Partido Popular de Galicia\",\"alternateName\":\"PP de Galicia\",\"url\":\"https:\\\/\\\/ppdegalicia.com\\\/es\\\/\",\"logo\":{\"@type\":\"ImageObject\",\"inLanguage\":\"es\",\"@id\":\"https:\\\/\\\/ppdegalicia.com\\\/es\\\/#\\\/schema\\\/logo\\\/image\\\/\",\"url\":\"https:\\\/\\\/ppdegalicia.com\\\/wp-content\\\/uploads\\\/2023\\\/04\\\/logoPP512.png\",\"contentUrl\":\"https:\\\/\\\/ppdegalicia.com\\\/wp-content\\\/uploads\\\/2023\\\/04\\\/logoPP512.png\",\"width\":512,\"height\":512,\"caption\":\"Partido Popular de Galicia\"},\"image\":{\"@id\":\"https:\\\/\\\/ppdegalicia.com\\\/es\\\/#\\\/schema\\\/logo\\\/image\\\/\"},\"sameAs\":[\"https:\\\/\\\/www.instagram.com\\\/ppdegalicia\\\/\",\"https:\\\/\\\/x.com\\\/ppdegalicia\",\"https:\\\/\\\/www.tiktok.com\\\/@ppdegalicia\",\"https:\\\/\\\/www.youtube.com\\\/user\\\/ppdegalicia\"]},{\"@type\":\"Person\",\"@id\":\"https:\\\/\\\/ppdegalicia.com\\\/es\\\/#\\\/schema\\\/person\\\/d0f013b8388c980665d44009ab762960\",\"name\":\"Super User\",\"image\":{\"@type\":\"ImageObject\",\"inLanguage\":\"es\",\"@id\":\"https:\\\/\\\/secure.gravatar.com\\\/avatar\\\/1db852625ef4948f58d2739bfbc51e4b9bd5c93b8fa340b59fdb594ca0845645?s=96&d=mm&r=g\",\"url\":\"https:\\\/\\\/secure.gravatar.com\\\/avatar\\\/1db852625ef4948f58d2739bfbc51e4b9bd5c93b8fa340b59fdb594ca0845645?s=96&d=mm&r=g\",\"contentUrl\":\"https:\\\/\\\/secure.gravatar.com\\\/avatar\\\/1db852625ef4948f58d2739bfbc51e4b9bd5c93b8fa340b59fdb594ca0845645?s=96&d=mm&r=g\",\"caption\":\"Super User\"},\"url\":\"https:\\\/\\\/ppdegalicia.com\\\/es\\\/author\\\/ppdegaliciagestion\\\/\"}]}<\/script>\n<!-- \/ Yoast SEO plugin. -->","yoast_head_json":{"title":"Pedro Puy: \u201cSomos o Parlamento que m\u00e1is traballa, con m\u00e1is horas de sesi\u00f3ns plenarias e no que a oposici\u00f3n ten maior capacidade de control, co 80% das iniciativas que se debaten\u201d - PP de Galicia","robots":{"index":"index","follow":"follow","max-snippet":"max-snippet:-1","max-image-preview":"max-image-preview:large","max-video-preview":"max-video-preview:-1"},"canonical":"https:\/\/ppdegalicia.com\/es\/pedro-puy-somos-o-parlamento-que-mais-traballa-con-mais-horas-de-sesions-plenarias-e-no-que-a-oposicion-ten-maior-capacidade-de-control-co-80-das-iniciativas-que-se-debaten\/","og_locale":"es_ES","og_type":"article","og_title":"Pedro Puy: \u201cSomos o Parlamento que m\u00e1is traballa, con m\u00e1is horas de sesi\u00f3ns plenarias e no que a oposici\u00f3n ten maior capacidade de control, co 80% das iniciativas que se debaten\u201d - PP de Galicia","og_description":"Santiago,&nbsp; 4 de xaneiro de 2019.- O voceiro do Grupo Popular Pedro Puy sinalou hoxe na rolda de prensa de balance sobre a actividade parlamentaria que \u201ccontinuamos a ser dos parlamentos auton\u00f3micos de Espa\u00f1a que m\u00e1is traballa, con 744 reuni\u00f3ns de \u00f3rganos colexiados&nbsp; e 618 horas de sesi\u00f3ns plenarias no que levamos de&nbsp; Lexislatura e [&hellip;]","og_url":"https:\/\/ppdegalicia.com\/es\/pedro-puy-somos-o-parlamento-que-mais-traballa-con-mais-horas-de-sesions-plenarias-e-no-que-a-oposicion-ten-maior-capacidade-de-control-co-80-das-iniciativas-que-se-debaten\/","og_site_name":"PP de Galicia","article_publisher":"https:\/\/www.instagram.com\/ppdegalicia\/","article_published_time":"2019-01-04T11:26:55+00:00","author":"Super User","twitter_card":"summary_large_image","twitter_creator":"@ppdegalicia","twitter_site":"@ppdegalicia","twitter_misc":{"Escrito por":"Super User","Tiempo de lectura":"4 minutos"},"schema":{"@context":"https:\/\/schema.org","@graph":[{"@type":"Article","@id":"https:\/\/ppdegalicia.com\/es\/pedro-puy-somos-o-parlamento-que-mais-traballa-con-mais-horas-de-sesions-plenarias-e-no-que-a-oposicion-ten-maior-capacidade-de-control-co-80-das-iniciativas-que-se-debaten\/#article","isPartOf":{"@id":"https:\/\/ppdegalicia.com\/es\/pedro-puy-somos-o-parlamento-que-mais-traballa-con-mais-horas-de-sesions-plenarias-e-no-que-a-oposicion-ten-maior-capacidade-de-control-co-80-das-iniciativas-que-se-debaten\/"},"author":{"name":"Super User","@id":"https:\/\/ppdegalicia.com\/es\/#\/schema\/person\/d0f013b8388c980665d44009ab762960"},"headline":"Pedro Puy: \u201cSomos o Parlamento que m\u00e1is traballa, con m\u00e1is horas de sesi\u00f3ns plenarias e no que a oposici\u00f3n ten maior capacidade de control, co 80% das iniciativas que se debaten\u201d","datePublished":"2019-01-04T11:26:55+00:00","mainEntityOfPage":{"@id":"https:\/\/ppdegalicia.com\/es\/pedro-puy-somos-o-parlamento-que-mais-traballa-con-mais-horas-de-sesions-plenarias-e-no-que-a-oposicion-ten-maior-capacidade-de-control-co-80-das-iniciativas-que-se-debaten\/"},"wordCount":785,"commentCount":0,"publisher":{"@id":"https:\/\/ppdegalicia.com\/es\/#organization"},"articleSection":["PP de Galicia"],"inLanguage":"es","potentialAction":[{"@type":"CommentAction","name":"Comment","target":["https:\/\/ppdegalicia.com\/es\/pedro-puy-somos-o-parlamento-que-mais-traballa-con-mais-horas-de-sesions-plenarias-e-no-que-a-oposicion-ten-maior-capacidade-de-control-co-80-das-iniciativas-que-se-debaten\/#respond"]}]},{"@type":"WebPage","@id":"https:\/\/ppdegalicia.com\/es\/pedro-puy-somos-o-parlamento-que-mais-traballa-con-mais-horas-de-sesions-plenarias-e-no-que-a-oposicion-ten-maior-capacidade-de-control-co-80-das-iniciativas-que-se-debaten\/","url":"https:\/\/ppdegalicia.com\/es\/pedro-puy-somos-o-parlamento-que-mais-traballa-con-mais-horas-de-sesions-plenarias-e-no-que-a-oposicion-ten-maior-capacidade-de-control-co-80-das-iniciativas-que-se-debaten\/","name":"Pedro Puy: \u201cSomos o Parlamento que m\u00e1is traballa, con m\u00e1is horas de sesi\u00f3ns plenarias e no que a oposici\u00f3n ten maior capacidade de control, co 80% das iniciativas que se debaten\u201d - PP de Galicia","isPartOf":{"@id":"https:\/\/ppdegalicia.com\/es\/#website"},"datePublished":"2019-01-04T11:26:55+00:00","breadcrumb":{"@id":"https:\/\/ppdegalicia.com\/es\/pedro-puy-somos-o-parlamento-que-mais-traballa-con-mais-horas-de-sesions-plenarias-e-no-que-a-oposicion-ten-maior-capacidade-de-control-co-80-das-iniciativas-que-se-debaten\/#breadcrumb"},"inLanguage":"es","potentialAction":[{"@type":"ReadAction","target":["https:\/\/ppdegalicia.com\/es\/pedro-puy-somos-o-parlamento-que-mais-traballa-con-mais-horas-de-sesions-plenarias-e-no-que-a-oposicion-ten-maior-capacidade-de-control-co-80-das-iniciativas-que-se-debaten\/"]}]},{"@type":"BreadcrumbList","@id":"https:\/\/ppdegalicia.com\/es\/pedro-puy-somos-o-parlamento-que-mais-traballa-con-mais-horas-de-sesions-plenarias-e-no-que-a-oposicion-ten-maior-capacidade-de-control-co-80-das-iniciativas-que-se-debaten\/#breadcrumb","itemListElement":[{"@type":"ListItem","position":1,"name":"Portada","item":"https:\/\/ppdegalicia.com\/es\/"},{"@type":"ListItem","position":2,"name":"Pedro Puy: \u201cSomos o Parlamento que m\u00e1is traballa, con m\u00e1is horas de sesi\u00f3ns plenarias e no que a oposici\u00f3n ten maior capacidade de control, co 80% das iniciativas que se debaten\u201d"}]},{"@type":"WebSite","@id":"https:\/\/ppdegalicia.com\/es\/#website","url":"https:\/\/ppdegalicia.com\/es\/","name":"Partido Popular de Galicia","description":"Partido Popular de Galicia","publisher":{"@id":"https:\/\/ppdegalicia.com\/es\/#organization"},"alternateName":"PP de Galicia","potentialAction":[{"@type":"SearchAction","target":{"@type":"EntryPoint","urlTemplate":"https:\/\/ppdegalicia.com\/es\/?s={search_term_string}"},"query-input":{"@type":"PropertyValueSpecification","valueRequired":true,"valueName":"search_term_string"}}],"inLanguage":"es"},{"@type":"Organization","@id":"https:\/\/ppdegalicia.com\/es\/#organization","name":"Partido Popular de Galicia","alternateName":"PP de Galicia","url":"https:\/\/ppdegalicia.com\/es\/","logo":{"@type":"ImageObject","inLanguage":"es","@id":"https:\/\/ppdegalicia.com\/es\/#\/schema\/logo\/image\/","url":"https:\/\/ppdegalicia.com\/wp-content\/uploads\/2023\/04\/logoPP512.png","contentUrl":"https:\/\/ppdegalicia.com\/wp-content\/uploads\/2023\/04\/logoPP512.png","width":512,"height":512,"caption":"Partido Popular de Galicia"},"image":{"@id":"https:\/\/ppdegalicia.com\/es\/#\/schema\/logo\/image\/"},"sameAs":["https:\/\/www.instagram.com\/ppdegalicia\/","https:\/\/x.com\/ppdegalicia","https:\/\/www.tiktok.com\/@ppdegalicia","https:\/\/www.youtube.com\/user\/ppdegalicia"]},{"@type":"Person","@id":"https:\/\/ppdegalicia.com\/es\/#\/schema\/person\/d0f013b8388c980665d44009ab762960","name":"Super User","image":{"@type":"ImageObject","inLanguage":"es","@id":"https:\/\/secure.gravatar.com\/avatar\/1db852625ef4948f58d2739bfbc51e4b9bd5c93b8fa340b59fdb594ca0845645?s=96&d=mm&r=g","url":"https:\/\/secure.gravatar.com\/avatar\/1db852625ef4948f58d2739bfbc51e4b9bd5c93b8fa340b59fdb594ca0845645?s=96&d=mm&r=g","contentUrl":"https:\/\/secure.gravatar.com\/avatar\/1db852625ef4948f58d2739bfbc51e4b9bd5c93b8fa340b59fdb594ca0845645?s=96&d=mm&r=g","caption":"Super User"},"url":"https:\/\/ppdegalicia.com\/es\/author\/ppdegaliciagestion\/"}]}},"_links":{"self":[{"href":"https:\/\/ppdegalicia.com\/es\/wp-json\/wp\/v2\/posts\/52477","targetHints":{"allow":["GET"]}}],"collection":[{"href":"https:\/\/ppdegalicia.com\/es\/wp-json\/wp\/v2\/posts"}],"about":[{"href":"https:\/\/ppdegalicia.com\/es\/wp-json\/wp\/v2\/types\/post"}],"author":[{"embeddable":true,"href":"https:\/\/ppdegalicia.com\/es\/wp-json\/wp\/v2\/users\/37"}],"replies":[{"embeddable":true,"href":"https:\/\/ppdegalicia.com\/es\/wp-json\/wp\/v2\/comments?post=52477"}],"version-history":[{"count":0,"href":"https:\/\/ppdegalicia.com\/es\/wp-json\/wp\/v2\/posts\/52477\/revisions"}],"wp:attachment":[{"href":"https:\/\/ppdegalicia.com\/es\/wp-json\/wp\/v2\/media?parent=52477"}],"wp:term":[{"taxonomy":"category","embeddable":true,"href":"https:\/\/ppdegalicia.com\/es\/wp-json\/wp\/v2\/categories?post=52477"},{"taxonomy":"post_tag","embeddable":true,"href":"https:\/\/ppdegalicia.com\/es\/wp-json\/wp\/v2\/tags?post=52477"}],"curies":[{"name":"wp","href":"https:\/\/api.w.org\/{rel}","templated":true}]}}