{"id":52545,"date":"2019-02-21T11:11:30","date_gmt":"2019-02-21T09:11:30","guid":{"rendered":"https:\/\/ppdegalicia.com\/o-grupo-popular-considera-lamentable-que-os-responsables-do-concello-de-vigo-venan-a-comision-do-marisquino-como-unha-competicion\/"},"modified":"2019-02-21T11:11:30","modified_gmt":"2019-02-21T09:11:30","slug":"o-grupo-popular-considera-lamentable-que-os-responsables-do-concello-de-vigo-venan-a-comision-do-marisquino-como-unha-competicion","status":"publish","type":"post","link":"https:\/\/ppdegalicia.com\/es\/o-grupo-popular-considera-lamentable-que-os-responsables-do-concello-de-vigo-venan-a-comision-do-marisquino-como-unha-competicion\/","title":{"rendered":"O Grupo Popular considera \u201clamentable que os responsables do Concello de Vigo ve\u00f1an a Comisi\u00f3n do Marisqui\u00f1o como unha competici\u00f3n\u201d"},"content":{"rendered":"<div>Santiago, 20 de febreiro de 2019.- O deputado do Grupo Popular Alberto Pazos considerou \u201clamentable que os responsables do Concello de Vigo consideren a Comisi\u00f3n de Investigaci\u00f3n sobre o accidente do Marisqui\u00f1o do Parlamento como unha competici\u00f3n con ganadores e perdedores, cando o verdadeiramente importante \u00e9 co\u00f1ecer as causas que provocaron este lamentable accidente e que tivo como resultado m\u00e1is de 400 feridos que merecen unha explicaci\u00f3n\u201d.<br \/>\n<!--more-->\n<\/div>\n<div>&nbsp;<\/div>\n<div>&nbsp;<\/div>\n<p>&nbsp;<\/p>\n<div>\u201cNo que si ocupa o Concello de Vigo un lugar de privilexio \u00e9 na s\u00faa total falta de colaboraci\u00f3n co Parlamento galego \u00e1 hora de facilitar a investigaci\u00f3n sobre o accidente, xa que, logo de que nun primeiro momento os membros do grupo de Goberno municipal se negaran a comparecer diante da Comisi\u00f3n, pero que finalmente nos agraciaron coa s\u00faa presenza, est\u00e1n negando documentaci\u00f3n que onte mesmo demostraron que pode ser moi relevante para elaborar as conclusi\u00f3ns finais\u201d, sinalou.<\/div>\n<div>&nbsp;<\/div>\n<div>&nbsp;<\/div>\n<p>&nbsp;<\/p>\n<div>Ademais, Alberto Pazos referiuse ao concelleiro de Seguridade de Vigo, Carlos L\u00f3pez Font, porque \u201cse tivera algo de honorabilidade pol\u00edtica deber\u00eda presentar a s\u00faa dimisi\u00f3n de inmediato, xa que quedou demostrado na s\u00faa comparecencia que mentiu aos membros da Comisi\u00f3n de Investigaci\u00f3n e a todos os cidad\u00e1ns de Vigo ao exhibir unha suposta licenza municipal que non \u00e9 tal e que non autorizaba para a celebraci\u00f3n das actividades do Marisqui\u00f1o\u201d.<\/div>\n<div>&nbsp;<\/div>\n<div>&nbsp;<\/div>\n<p>\u201cDesde o Grupo Popular seguiremos traballando por co\u00f1ecer a fondo as causas deste accidente co obxectivo de que se adopten as medidas oportunas para que non volva a repetirse, cuesti\u00f3n que o propio alcalde de Vigo deixou onte no aire ao negarse a responder se este ano volver\u00e1 a autorizar un novo Festival do Marisqui\u00f1o seguindo as mesmas pautas e tramitaci\u00f3n administrativa do que se celebrou o pasado ano co protagonismo do desgraciado accidente\u201d, manifestou o deputado popular.<\/p>\n","protected":false},"excerpt":{"rendered":"<p>Santiago, 20 de febreiro de 2019.- O deputado do Grupo Popular Alberto Pazos considerou \u201clamentable que os responsables do Concello de Vigo consideren a Comisi\u00f3n de Investigaci\u00f3n sobre o accidente do Marisqui\u00f1o do Parlamento como unha competici\u00f3n con ganadores e perdedores, cando o verdadeiramente importante \u00e9 co\u00f1ecer as causas que provocaron este lamentable accidente e [&hellip;]<\/p>\n","protected":false},"author":37,"featured_media":0,"comment_status":"open","ping_status":"open","sticky":false,"template":"","format":"standard","meta":{"_acf_changed":false,"footnotes":""},"categories":[1],"tags":[],"class_list":["post-52545","post","type-post","status-publish","format-standard","hentry","category-pp-de-galicia"],"acf":[],"yoast_head":"<!-- This site is optimized with the Yoast SEO plugin v27.3 - https:\/\/yoast.com\/product\/yoast-seo-wordpress\/ -->\n<title>O Grupo Popular considera \u201clamentable que os responsables do Concello de Vigo ve\u00f1an a Comisi\u00f3n do Marisqui\u00f1o como unha competici\u00f3n\u201d - PP de Galicia<\/title>\n<meta name=\"robots\" content=\"index, follow, max-snippet:-1, max-image-preview:large, max-video-preview:-1\" \/>\n<link rel=\"canonical\" href=\"https:\/\/ppdegalicia.com\/es\/o-grupo-popular-considera-lamentable-que-os-responsables-do-concello-de-vigo-venan-a-comision-do-marisquino-como-unha-competicion\/\" \/>\n<meta property=\"og:locale\" content=\"es_ES\" \/>\n<meta property=\"og:type\" content=\"article\" \/>\n<meta property=\"og:title\" content=\"O Grupo Popular considera \u201clamentable que os responsables do Concello de Vigo ve\u00f1an a Comisi\u00f3n do Marisqui\u00f1o como unha competici\u00f3n\u201d - PP de Galicia\" \/>\n<meta property=\"og:description\" content=\"Santiago, 20 de febreiro de 2019.- O deputado do Grupo Popular Alberto Pazos considerou \u201clamentable que os responsables do Concello de Vigo consideren a Comisi\u00f3n de Investigaci\u00f3n sobre o accidente do Marisqui\u00f1o do Parlamento como unha competici\u00f3n con ganadores e perdedores, cando o verdadeiramente importante \u00e9 co\u00f1ecer as causas que provocaron este lamentable accidente e [&hellip;]\" \/>\n<meta property=\"og:url\" content=\"https:\/\/ppdegalicia.com\/es\/o-grupo-popular-considera-lamentable-que-os-responsables-do-concello-de-vigo-venan-a-comision-do-marisquino-como-unha-competicion\/\" \/>\n<meta property=\"og:site_name\" content=\"PP de Galicia\" \/>\n<meta property=\"article:publisher\" content=\"https:\/\/www.instagram.com\/ppdegalicia\/\" \/>\n<meta property=\"article:published_time\" content=\"2019-02-21T09:11:30+00:00\" \/>\n<meta name=\"author\" content=\"Super User\" \/>\n<meta name=\"twitter:card\" content=\"summary_large_image\" \/>\n<meta name=\"twitter:creator\" content=\"@ppdegalicia\" \/>\n<meta name=\"twitter:site\" content=\"@ppdegalicia\" \/>\n<meta name=\"twitter:label1\" content=\"Escrito por\" \/>\n\t<meta name=\"twitter:data1\" content=\"Super User\" \/>\n\t<meta name=\"twitter:label2\" content=\"Tiempo de lectura\" \/>\n\t<meta name=\"twitter:data2\" content=\"2 minutos\" \/>\n<script type=\"application\/ld+json\" class=\"yoast-schema-graph\">{\"@context\":\"https:\\\/\\\/schema.org\",\"@graph\":[{\"@type\":\"Article\",\"@id\":\"https:\\\/\\\/ppdegalicia.com\\\/es\\\/o-grupo-popular-considera-lamentable-que-os-responsables-do-concello-de-vigo-venan-a-comision-do-marisquino-como-unha-competicion\\\/#article\",\"isPartOf\":{\"@id\":\"https:\\\/\\\/ppdegalicia.com\\\/es\\\/o-grupo-popular-considera-lamentable-que-os-responsables-do-concello-de-vigo-venan-a-comision-do-marisquino-como-unha-competicion\\\/\"},\"author\":{\"name\":\"Super User\",\"@id\":\"https:\\\/\\\/ppdegalicia.com\\\/es\\\/#\\\/schema\\\/person\\\/d0f013b8388c980665d44009ab762960\"},\"headline\":\"O Grupo Popular considera \u201clamentable que os responsables do Concello de Vigo ve\u00f1an a Comisi\u00f3n do Marisqui\u00f1o como unha competici\u00f3n\u201d\",\"datePublished\":\"2019-02-21T09:11:30+00:00\",\"mainEntityOfPage\":{\"@id\":\"https:\\\/\\\/ppdegalicia.com\\\/es\\\/o-grupo-popular-considera-lamentable-que-os-responsables-do-concello-de-vigo-venan-a-comision-do-marisquino-como-unha-competicion\\\/\"},\"wordCount\":350,\"commentCount\":0,\"publisher\":{\"@id\":\"https:\\\/\\\/ppdegalicia.com\\\/es\\\/#organization\"},\"articleSection\":[\"PP de Galicia\"],\"inLanguage\":\"es\",\"potentialAction\":[{\"@type\":\"CommentAction\",\"name\":\"Comment\",\"target\":[\"https:\\\/\\\/ppdegalicia.com\\\/es\\\/o-grupo-popular-considera-lamentable-que-os-responsables-do-concello-de-vigo-venan-a-comision-do-marisquino-como-unha-competicion\\\/#respond\"]}]},{\"@type\":\"WebPage\",\"@id\":\"https:\\\/\\\/ppdegalicia.com\\\/es\\\/o-grupo-popular-considera-lamentable-que-os-responsables-do-concello-de-vigo-venan-a-comision-do-marisquino-como-unha-competicion\\\/\",\"url\":\"https:\\\/\\\/ppdegalicia.com\\\/es\\\/o-grupo-popular-considera-lamentable-que-os-responsables-do-concello-de-vigo-venan-a-comision-do-marisquino-como-unha-competicion\\\/\",\"name\":\"O Grupo Popular considera \u201clamentable que os responsables do Concello de Vigo ve\u00f1an a Comisi\u00f3n do Marisqui\u00f1o como unha competici\u00f3n\u201d - PP de Galicia\",\"isPartOf\":{\"@id\":\"https:\\\/\\\/ppdegalicia.com\\\/es\\\/#website\"},\"datePublished\":\"2019-02-21T09:11:30+00:00\",\"breadcrumb\":{\"@id\":\"https:\\\/\\\/ppdegalicia.com\\\/es\\\/o-grupo-popular-considera-lamentable-que-os-responsables-do-concello-de-vigo-venan-a-comision-do-marisquino-como-unha-competicion\\\/#breadcrumb\"},\"inLanguage\":\"es\",\"potentialAction\":[{\"@type\":\"ReadAction\",\"target\":[\"https:\\\/\\\/ppdegalicia.com\\\/es\\\/o-grupo-popular-considera-lamentable-que-os-responsables-do-concello-de-vigo-venan-a-comision-do-marisquino-como-unha-competicion\\\/\"]}]},{\"@type\":\"BreadcrumbList\",\"@id\":\"https:\\\/\\\/ppdegalicia.com\\\/es\\\/o-grupo-popular-considera-lamentable-que-os-responsables-do-concello-de-vigo-venan-a-comision-do-marisquino-como-unha-competicion\\\/#breadcrumb\",\"itemListElement\":[{\"@type\":\"ListItem\",\"position\":1,\"name\":\"Portada\",\"item\":\"https:\\\/\\\/ppdegalicia.com\\\/es\\\/\"},{\"@type\":\"ListItem\",\"position\":2,\"name\":\"O Grupo Popular considera \u201clamentable que os responsables do Concello de Vigo ve\u00f1an a Comisi\u00f3n do Marisqui\u00f1o como unha competici\u00f3n\u201d\"}]},{\"@type\":\"WebSite\",\"@id\":\"https:\\\/\\\/ppdegalicia.com\\\/es\\\/#website\",\"url\":\"https:\\\/\\\/ppdegalicia.com\\\/es\\\/\",\"name\":\"Partido Popular de Galicia\",\"description\":\"Partido Popular de Galicia\",\"publisher\":{\"@id\":\"https:\\\/\\\/ppdegalicia.com\\\/es\\\/#organization\"},\"alternateName\":\"PP de Galicia\",\"potentialAction\":[{\"@type\":\"SearchAction\",\"target\":{\"@type\":\"EntryPoint\",\"urlTemplate\":\"https:\\\/\\\/ppdegalicia.com\\\/es\\\/?s={search_term_string}\"},\"query-input\":{\"@type\":\"PropertyValueSpecification\",\"valueRequired\":true,\"valueName\":\"search_term_string\"}}],\"inLanguage\":\"es\"},{\"@type\":\"Organization\",\"@id\":\"https:\\\/\\\/ppdegalicia.com\\\/es\\\/#organization\",\"name\":\"Partido Popular de Galicia\",\"alternateName\":\"PP de Galicia\",\"url\":\"https:\\\/\\\/ppdegalicia.com\\\/es\\\/\",\"logo\":{\"@type\":\"ImageObject\",\"inLanguage\":\"es\",\"@id\":\"https:\\\/\\\/ppdegalicia.com\\\/es\\\/#\\\/schema\\\/logo\\\/image\\\/\",\"url\":\"https:\\\/\\\/ppdegalicia.com\\\/wp-content\\\/uploads\\\/2023\\\/04\\\/logoPP512.png\",\"contentUrl\":\"https:\\\/\\\/ppdegalicia.com\\\/wp-content\\\/uploads\\\/2023\\\/04\\\/logoPP512.png\",\"width\":512,\"height\":512,\"caption\":\"Partido Popular de Galicia\"},\"image\":{\"@id\":\"https:\\\/\\\/ppdegalicia.com\\\/es\\\/#\\\/schema\\\/logo\\\/image\\\/\"},\"sameAs\":[\"https:\\\/\\\/www.instagram.com\\\/ppdegalicia\\\/\",\"https:\\\/\\\/x.com\\\/ppdegalicia\",\"https:\\\/\\\/www.tiktok.com\\\/@ppdegalicia\",\"https:\\\/\\\/www.youtube.com\\\/user\\\/ppdegalicia\"]},{\"@type\":\"Person\",\"@id\":\"https:\\\/\\\/ppdegalicia.com\\\/es\\\/#\\\/schema\\\/person\\\/d0f013b8388c980665d44009ab762960\",\"name\":\"Super User\",\"image\":{\"@type\":\"ImageObject\",\"inLanguage\":\"es\",\"@id\":\"https:\\\/\\\/secure.gravatar.com\\\/avatar\\\/1db852625ef4948f58d2739bfbc51e4b9bd5c93b8fa340b59fdb594ca0845645?s=96&d=mm&r=g\",\"url\":\"https:\\\/\\\/secure.gravatar.com\\\/avatar\\\/1db852625ef4948f58d2739bfbc51e4b9bd5c93b8fa340b59fdb594ca0845645?s=96&d=mm&r=g\",\"contentUrl\":\"https:\\\/\\\/secure.gravatar.com\\\/avatar\\\/1db852625ef4948f58d2739bfbc51e4b9bd5c93b8fa340b59fdb594ca0845645?s=96&d=mm&r=g\",\"caption\":\"Super User\"},\"url\":\"https:\\\/\\\/ppdegalicia.com\\\/es\\\/author\\\/ppdegaliciagestion\\\/\"}]}<\/script>\n<!-- \/ Yoast SEO plugin. -->","yoast_head_json":{"title":"O Grupo Popular considera \u201clamentable que os responsables do Concello de Vigo ve\u00f1an a Comisi\u00f3n do Marisqui\u00f1o como unha competici\u00f3n\u201d - PP de Galicia","robots":{"index":"index","follow":"follow","max-snippet":"max-snippet:-1","max-image-preview":"max-image-preview:large","max-video-preview":"max-video-preview:-1"},"canonical":"https:\/\/ppdegalicia.com\/es\/o-grupo-popular-considera-lamentable-que-os-responsables-do-concello-de-vigo-venan-a-comision-do-marisquino-como-unha-competicion\/","og_locale":"es_ES","og_type":"article","og_title":"O Grupo Popular considera \u201clamentable que os responsables do Concello de Vigo ve\u00f1an a Comisi\u00f3n do Marisqui\u00f1o como unha competici\u00f3n\u201d - PP de Galicia","og_description":"Santiago, 20 de febreiro de 2019.- O deputado do Grupo Popular Alberto Pazos considerou \u201clamentable que os responsables do Concello de Vigo consideren a Comisi\u00f3n de Investigaci\u00f3n sobre o accidente do Marisqui\u00f1o do Parlamento como unha competici\u00f3n con ganadores e perdedores, cando o verdadeiramente importante \u00e9 co\u00f1ecer as causas que provocaron este lamentable accidente e [&hellip;]","og_url":"https:\/\/ppdegalicia.com\/es\/o-grupo-popular-considera-lamentable-que-os-responsables-do-concello-de-vigo-venan-a-comision-do-marisquino-como-unha-competicion\/","og_site_name":"PP de Galicia","article_publisher":"https:\/\/www.instagram.com\/ppdegalicia\/","article_published_time":"2019-02-21T09:11:30+00:00","author":"Super User","twitter_card":"summary_large_image","twitter_creator":"@ppdegalicia","twitter_site":"@ppdegalicia","twitter_misc":{"Escrito por":"Super User","Tiempo de lectura":"2 minutos"},"schema":{"@context":"https:\/\/schema.org","@graph":[{"@type":"Article","@id":"https:\/\/ppdegalicia.com\/es\/o-grupo-popular-considera-lamentable-que-os-responsables-do-concello-de-vigo-venan-a-comision-do-marisquino-como-unha-competicion\/#article","isPartOf":{"@id":"https:\/\/ppdegalicia.com\/es\/o-grupo-popular-considera-lamentable-que-os-responsables-do-concello-de-vigo-venan-a-comision-do-marisquino-como-unha-competicion\/"},"author":{"name":"Super User","@id":"https:\/\/ppdegalicia.com\/es\/#\/schema\/person\/d0f013b8388c980665d44009ab762960"},"headline":"O Grupo Popular considera \u201clamentable que os responsables do Concello de Vigo ve\u00f1an a Comisi\u00f3n do Marisqui\u00f1o como unha competici\u00f3n\u201d","datePublished":"2019-02-21T09:11:30+00:00","mainEntityOfPage":{"@id":"https:\/\/ppdegalicia.com\/es\/o-grupo-popular-considera-lamentable-que-os-responsables-do-concello-de-vigo-venan-a-comision-do-marisquino-como-unha-competicion\/"},"wordCount":350,"commentCount":0,"publisher":{"@id":"https:\/\/ppdegalicia.com\/es\/#organization"},"articleSection":["PP de Galicia"],"inLanguage":"es","potentialAction":[{"@type":"CommentAction","name":"Comment","target":["https:\/\/ppdegalicia.com\/es\/o-grupo-popular-considera-lamentable-que-os-responsables-do-concello-de-vigo-venan-a-comision-do-marisquino-como-unha-competicion\/#respond"]}]},{"@type":"WebPage","@id":"https:\/\/ppdegalicia.com\/es\/o-grupo-popular-considera-lamentable-que-os-responsables-do-concello-de-vigo-venan-a-comision-do-marisquino-como-unha-competicion\/","url":"https:\/\/ppdegalicia.com\/es\/o-grupo-popular-considera-lamentable-que-os-responsables-do-concello-de-vigo-venan-a-comision-do-marisquino-como-unha-competicion\/","name":"O Grupo Popular considera \u201clamentable que os responsables do Concello de Vigo ve\u00f1an a Comisi\u00f3n do Marisqui\u00f1o como unha competici\u00f3n\u201d - PP de Galicia","isPartOf":{"@id":"https:\/\/ppdegalicia.com\/es\/#website"},"datePublished":"2019-02-21T09:11:30+00:00","breadcrumb":{"@id":"https:\/\/ppdegalicia.com\/es\/o-grupo-popular-considera-lamentable-que-os-responsables-do-concello-de-vigo-venan-a-comision-do-marisquino-como-unha-competicion\/#breadcrumb"},"inLanguage":"es","potentialAction":[{"@type":"ReadAction","target":["https:\/\/ppdegalicia.com\/es\/o-grupo-popular-considera-lamentable-que-os-responsables-do-concello-de-vigo-venan-a-comision-do-marisquino-como-unha-competicion\/"]}]},{"@type":"BreadcrumbList","@id":"https:\/\/ppdegalicia.com\/es\/o-grupo-popular-considera-lamentable-que-os-responsables-do-concello-de-vigo-venan-a-comision-do-marisquino-como-unha-competicion\/#breadcrumb","itemListElement":[{"@type":"ListItem","position":1,"name":"Portada","item":"https:\/\/ppdegalicia.com\/es\/"},{"@type":"ListItem","position":2,"name":"O Grupo Popular considera \u201clamentable que os responsables do Concello de Vigo ve\u00f1an a Comisi\u00f3n do Marisqui\u00f1o como unha competici\u00f3n\u201d"}]},{"@type":"WebSite","@id":"https:\/\/ppdegalicia.com\/es\/#website","url":"https:\/\/ppdegalicia.com\/es\/","name":"Partido Popular de Galicia","description":"Partido Popular de Galicia","publisher":{"@id":"https:\/\/ppdegalicia.com\/es\/#organization"},"alternateName":"PP de Galicia","potentialAction":[{"@type":"SearchAction","target":{"@type":"EntryPoint","urlTemplate":"https:\/\/ppdegalicia.com\/es\/?s={search_term_string}"},"query-input":{"@type":"PropertyValueSpecification","valueRequired":true,"valueName":"search_term_string"}}],"inLanguage":"es"},{"@type":"Organization","@id":"https:\/\/ppdegalicia.com\/es\/#organization","name":"Partido Popular de Galicia","alternateName":"PP de Galicia","url":"https:\/\/ppdegalicia.com\/es\/","logo":{"@type":"ImageObject","inLanguage":"es","@id":"https:\/\/ppdegalicia.com\/es\/#\/schema\/logo\/image\/","url":"https:\/\/ppdegalicia.com\/wp-content\/uploads\/2023\/04\/logoPP512.png","contentUrl":"https:\/\/ppdegalicia.com\/wp-content\/uploads\/2023\/04\/logoPP512.png","width":512,"height":512,"caption":"Partido Popular de Galicia"},"image":{"@id":"https:\/\/ppdegalicia.com\/es\/#\/schema\/logo\/image\/"},"sameAs":["https:\/\/www.instagram.com\/ppdegalicia\/","https:\/\/x.com\/ppdegalicia","https:\/\/www.tiktok.com\/@ppdegalicia","https:\/\/www.youtube.com\/user\/ppdegalicia"]},{"@type":"Person","@id":"https:\/\/ppdegalicia.com\/es\/#\/schema\/person\/d0f013b8388c980665d44009ab762960","name":"Super User","image":{"@type":"ImageObject","inLanguage":"es","@id":"https:\/\/secure.gravatar.com\/avatar\/1db852625ef4948f58d2739bfbc51e4b9bd5c93b8fa340b59fdb594ca0845645?s=96&d=mm&r=g","url":"https:\/\/secure.gravatar.com\/avatar\/1db852625ef4948f58d2739bfbc51e4b9bd5c93b8fa340b59fdb594ca0845645?s=96&d=mm&r=g","contentUrl":"https:\/\/secure.gravatar.com\/avatar\/1db852625ef4948f58d2739bfbc51e4b9bd5c93b8fa340b59fdb594ca0845645?s=96&d=mm&r=g","caption":"Super User"},"url":"https:\/\/ppdegalicia.com\/es\/author\/ppdegaliciagestion\/"}]}},"_links":{"self":[{"href":"https:\/\/ppdegalicia.com\/es\/wp-json\/wp\/v2\/posts\/52545","targetHints":{"allow":["GET"]}}],"collection":[{"href":"https:\/\/ppdegalicia.com\/es\/wp-json\/wp\/v2\/posts"}],"about":[{"href":"https:\/\/ppdegalicia.com\/es\/wp-json\/wp\/v2\/types\/post"}],"author":[{"embeddable":true,"href":"https:\/\/ppdegalicia.com\/es\/wp-json\/wp\/v2\/users\/37"}],"replies":[{"embeddable":true,"href":"https:\/\/ppdegalicia.com\/es\/wp-json\/wp\/v2\/comments?post=52545"}],"version-history":[{"count":0,"href":"https:\/\/ppdegalicia.com\/es\/wp-json\/wp\/v2\/posts\/52545\/revisions"}],"wp:attachment":[{"href":"https:\/\/ppdegalicia.com\/es\/wp-json\/wp\/v2\/media?parent=52545"}],"wp:term":[{"taxonomy":"category","embeddable":true,"href":"https:\/\/ppdegalicia.com\/es\/wp-json\/wp\/v2\/categories?post=52545"},{"taxonomy":"post_tag","embeddable":true,"href":"https:\/\/ppdegalicia.com\/es\/wp-json\/wp\/v2\/tags?post=52545"}],"curies":[{"name":"wp","href":"https:\/\/api.w.org\/{rel}","templated":true}]}}