{"id":52558,"date":"2019-02-26T11:52:30","date_gmt":"2019-02-26T09:52:30","guid":{"rendered":"https:\/\/ppdegalicia.com\/o-proxecto-de-lei-de-rehabilitacion-continua-a-sua-tramitacion-no-parlamento-ao-superar-o-debate-de-totalidade\/"},"modified":"2019-02-26T11:52:30","modified_gmt":"2019-02-26T09:52:30","slug":"o-proxecto-de-lei-de-rehabilitacion-continua-a-sua-tramitacion-no-parlamento-ao-superar-o-debate-de-totalidade","status":"publish","type":"post","link":"https:\/\/ppdegalicia.com\/es\/o-proxecto-de-lei-de-rehabilitacion-continua-a-sua-tramitacion-no-parlamento-ao-superar-o-debate-de-totalidade\/","title":{"rendered":"O proxecto de Lei de rehabilitaci\u00f3n contin\u00faa a s\u00faa tramitaci\u00f3n no Parlamento ao superar o debate de totalidade"},"content":{"rendered":"<div>Santiago, 26 de febreiro de 2019.- O proxecto de Lei de rehabilitaci\u00f3n e de rexeneraci\u00f3n e renovaci\u00f3n urbanas de Galicia avanzar\u00e1 na s\u00faa tramitaci\u00f3n no Parlamento galego logo de que hoxe superara o debate de totalidade no Pleno.<br \/>\n<!--more-->\n<\/div>\n<div>&nbsp;<\/div>\n<div>&nbsp;<\/div>\n<div>O portavoz de Vivenda, Jaime Casti\u00f1eira, manifestou que \u201cestamos no momento para chegar ao maior consenso posible e conseguir o mellor texto lexislativo para os galegos\u201d e indicou que \u201cen materia de rehabilitaci\u00f3n \u00e9 importante mirar ao pasado pero con ollos de futuro\u201d.<\/div>\n<div>&nbsp;<\/div>\n<div>&nbsp;<\/div>\n<p>&nbsp;<\/p>\n<div>Jaime Casti\u00f1eira manifestou que esta nova norma \u201cfacilita as intervenci\u00f3ns en materia de rehabilitaci\u00f3n e rexeneraci\u00f3n urbanas, sendo sempre a iniciativa e planificaci\u00f3n das administraci\u00f3ns p\u00fablicas e establecendo tutela sobre actuaci\u00f3ns privadas ou a nivel particular\u201d. Neste sentido, salientou que \u201cprotexe de xeito especial aos propietarios inclu\u00eddos nos \u00e1mbitos que se delimiten\u201d,<\/div>\n<div>&nbsp;<\/div>\n<p>&nbsp;<\/p>\n<p>&nbsp;<\/p>\n<div><strong>COORDINACI\u00d3N EXQUISITA<\/strong><\/div>\n<div>&nbsp;<\/div>\n<div>&nbsp;<\/div>\n<p>&nbsp;<\/p>\n<div>Esta nova lei \u00e9 froito da \u201ccoordinaci\u00f3n exquisita entre o IGVS, Patrimonio e a Direcci\u00f3n Xeral de Urbanismo\u201d, manifestou, para destacar tam\u00e9n \u201ca ampla participaci\u00f3n de entidades na s\u00faa elaboraci\u00f3n, como o Colexio de Arquitectos, que valorou positivamente o anteproxecto e fixo algunhas consideraci\u00f3ns; a propia Federaci\u00f3n Galega de Municipios e Provincias, que tam\u00e9n considerou o texto como merecente do parecer favorable; ou o Consello Galego de Aparelladores e Arquitectos T\u00e9cnicos\u201d.<\/div>\n<div>&nbsp;<\/div>\n<p>&nbsp;<\/p>\n<p>&nbsp;<\/p>\n<div>Casti\u00f1eira afirmou que con esta nova lei \u201cnon existe confusi\u00f3n normativa\u201d, porque \u201cculmina un proceso normativo en materia de intervenci\u00f3ns do territorio, centr\u00e1ndose en regular as actuaci\u00f3ns sobre o patrimonio constru\u00eddo d\u00e1ndolle especial relevancia \u00e1 rehabilitaci\u00f3n\u201d. \u201cSe queremos revitalizar os cascos hist\u00f3ricos hai que dotalos de servizos\u201d, apuntou.<\/div>\n<div>&nbsp;<\/div>\n<p>&nbsp;<\/p>\n<p>&nbsp;<\/p>\n<div>Ademais, o portavoz popular indicou que esta nova lei \u201cestablece garant\u00edas para o conxunto de residentes nun territorio, inclu\u00eddos aqueles que non te\u00f1en recursos para acometer a rehabilitaci\u00f3n\u201d. Tam\u00e9n subli\u00f1ou que o texto lexislativo \u201cincorpora unha memoria econ\u00f3mica, na que se recolle un investimento superior aos 113 mill\u00f3ns de euros nos vindeiros tres anos\u201d.<\/div>\n<div>&nbsp;<\/div>\n<div>&nbsp;<\/div>\n<p>Jaime Casti\u00f1eira, asegurou que a nova lei \u201cnon invade competencias dos concellos nin ataca a autonom\u00eda municipal\u201d e lembrou que \u201cnin a Fegamp nin concello alg\u00fan que fixo alegaci\u00f3ns menciona que se invadan as s\u00faas competencias\u201d. \u201cAmosamos confianza nos 313 concellos para que en moitos supostos poidan conceder licenza directa sen informe da Xunta\u201d, sinalou.<\/p>\n","protected":false},"excerpt":{"rendered":"<p>Santiago, 26 de febreiro de 2019.- O proxecto de Lei de rehabilitaci\u00f3n e de rexeneraci\u00f3n e renovaci\u00f3n urbanas de Galicia avanzar\u00e1 na s\u00faa tramitaci\u00f3n no Parlamento galego logo de que hoxe superara o debate de totalidade no Pleno.<\/p>\n","protected":false},"author":37,"featured_media":0,"comment_status":"open","ping_status":"open","sticky":false,"template":"","format":"standard","meta":{"_acf_changed":false,"footnotes":""},"categories":[1],"tags":[],"class_list":["post-52558","post","type-post","status-publish","format-standard","hentry","category-pp-de-galicia"],"acf":[],"yoast_head":"<!-- This site is optimized with the Yoast SEO plugin v27.3 - https:\/\/yoast.com\/product\/yoast-seo-wordpress\/ -->\n<title>O proxecto de Lei de rehabilitaci\u00f3n contin\u00faa a s\u00faa tramitaci\u00f3n no Parlamento ao superar o debate de totalidade - PP de Galicia<\/title>\n<meta name=\"robots\" content=\"index, follow, max-snippet:-1, max-image-preview:large, max-video-preview:-1\" \/>\n<link rel=\"canonical\" href=\"https:\/\/ppdegalicia.com\/es\/o-proxecto-de-lei-de-rehabilitacion-continua-a-sua-tramitacion-no-parlamento-ao-superar-o-debate-de-totalidade\/\" \/>\n<meta property=\"og:locale\" content=\"es_ES\" \/>\n<meta property=\"og:type\" content=\"article\" \/>\n<meta property=\"og:title\" content=\"O proxecto de Lei de rehabilitaci\u00f3n contin\u00faa a s\u00faa tramitaci\u00f3n no Parlamento ao superar o debate de totalidade - PP de Galicia\" \/>\n<meta property=\"og:description\" content=\"Santiago, 26 de febreiro de 2019.- O proxecto de Lei de rehabilitaci\u00f3n e de rexeneraci\u00f3n e renovaci\u00f3n urbanas de Galicia avanzar\u00e1 na s\u00faa tramitaci\u00f3n no Parlamento galego logo de que hoxe superara o debate de totalidade no Pleno.\" \/>\n<meta property=\"og:url\" content=\"https:\/\/ppdegalicia.com\/es\/o-proxecto-de-lei-de-rehabilitacion-continua-a-sua-tramitacion-no-parlamento-ao-superar-o-debate-de-totalidade\/\" \/>\n<meta property=\"og:site_name\" content=\"PP de Galicia\" \/>\n<meta property=\"article:publisher\" content=\"https:\/\/www.instagram.com\/ppdegalicia\/\" \/>\n<meta property=\"article:published_time\" content=\"2019-02-26T09:52:30+00:00\" \/>\n<meta name=\"author\" content=\"Super User\" \/>\n<meta name=\"twitter:card\" content=\"summary_large_image\" \/>\n<meta name=\"twitter:creator\" content=\"@ppdegalicia\" \/>\n<meta name=\"twitter:site\" content=\"@ppdegalicia\" \/>\n<meta name=\"twitter:label1\" content=\"Escrito por\" \/>\n\t<meta name=\"twitter:data1\" content=\"Super User\" \/>\n\t<meta name=\"twitter:label2\" content=\"Tiempo de lectura\" \/>\n\t<meta name=\"twitter:data2\" content=\"2 minutos\" \/>\n<script type=\"application\/ld+json\" class=\"yoast-schema-graph\">{\"@context\":\"https:\\\/\\\/schema.org\",\"@graph\":[{\"@type\":\"Article\",\"@id\":\"https:\\\/\\\/ppdegalicia.com\\\/es\\\/o-proxecto-de-lei-de-rehabilitacion-continua-a-sua-tramitacion-no-parlamento-ao-superar-o-debate-de-totalidade\\\/#article\",\"isPartOf\":{\"@id\":\"https:\\\/\\\/ppdegalicia.com\\\/es\\\/o-proxecto-de-lei-de-rehabilitacion-continua-a-sua-tramitacion-no-parlamento-ao-superar-o-debate-de-totalidade\\\/\"},\"author\":{\"name\":\"Super User\",\"@id\":\"https:\\\/\\\/ppdegalicia.com\\\/es\\\/#\\\/schema\\\/person\\\/d0f013b8388c980665d44009ab762960\"},\"headline\":\"O proxecto de Lei de rehabilitaci\u00f3n contin\u00faa a s\u00faa tramitaci\u00f3n no Parlamento ao superar o debate de totalidade\",\"datePublished\":\"2019-02-26T09:52:30+00:00\",\"mainEntityOfPage\":{\"@id\":\"https:\\\/\\\/ppdegalicia.com\\\/es\\\/o-proxecto-de-lei-de-rehabilitacion-continua-a-sua-tramitacion-no-parlamento-ao-superar-o-debate-de-totalidade\\\/\"},\"wordCount\":447,\"commentCount\":0,\"publisher\":{\"@id\":\"https:\\\/\\\/ppdegalicia.com\\\/es\\\/#organization\"},\"articleSection\":[\"PP de Galicia\"],\"inLanguage\":\"es\",\"potentialAction\":[{\"@type\":\"CommentAction\",\"name\":\"Comment\",\"target\":[\"https:\\\/\\\/ppdegalicia.com\\\/es\\\/o-proxecto-de-lei-de-rehabilitacion-continua-a-sua-tramitacion-no-parlamento-ao-superar-o-debate-de-totalidade\\\/#respond\"]}]},{\"@type\":\"WebPage\",\"@id\":\"https:\\\/\\\/ppdegalicia.com\\\/es\\\/o-proxecto-de-lei-de-rehabilitacion-continua-a-sua-tramitacion-no-parlamento-ao-superar-o-debate-de-totalidade\\\/\",\"url\":\"https:\\\/\\\/ppdegalicia.com\\\/es\\\/o-proxecto-de-lei-de-rehabilitacion-continua-a-sua-tramitacion-no-parlamento-ao-superar-o-debate-de-totalidade\\\/\",\"name\":\"O proxecto de Lei de rehabilitaci\u00f3n contin\u00faa a s\u00faa tramitaci\u00f3n no Parlamento ao superar o debate de totalidade - PP de Galicia\",\"isPartOf\":{\"@id\":\"https:\\\/\\\/ppdegalicia.com\\\/es\\\/#website\"},\"datePublished\":\"2019-02-26T09:52:30+00:00\",\"breadcrumb\":{\"@id\":\"https:\\\/\\\/ppdegalicia.com\\\/es\\\/o-proxecto-de-lei-de-rehabilitacion-continua-a-sua-tramitacion-no-parlamento-ao-superar-o-debate-de-totalidade\\\/#breadcrumb\"},\"inLanguage\":\"es\",\"potentialAction\":[{\"@type\":\"ReadAction\",\"target\":[\"https:\\\/\\\/ppdegalicia.com\\\/es\\\/o-proxecto-de-lei-de-rehabilitacion-continua-a-sua-tramitacion-no-parlamento-ao-superar-o-debate-de-totalidade\\\/\"]}]},{\"@type\":\"BreadcrumbList\",\"@id\":\"https:\\\/\\\/ppdegalicia.com\\\/es\\\/o-proxecto-de-lei-de-rehabilitacion-continua-a-sua-tramitacion-no-parlamento-ao-superar-o-debate-de-totalidade\\\/#breadcrumb\",\"itemListElement\":[{\"@type\":\"ListItem\",\"position\":1,\"name\":\"Portada\",\"item\":\"https:\\\/\\\/ppdegalicia.com\\\/es\\\/\"},{\"@type\":\"ListItem\",\"position\":2,\"name\":\"O proxecto de Lei de rehabilitaci\u00f3n contin\u00faa a s\u00faa tramitaci\u00f3n no Parlamento ao superar o debate de totalidade\"}]},{\"@type\":\"WebSite\",\"@id\":\"https:\\\/\\\/ppdegalicia.com\\\/es\\\/#website\",\"url\":\"https:\\\/\\\/ppdegalicia.com\\\/es\\\/\",\"name\":\"Partido Popular de Galicia\",\"description\":\"Partido Popular de Galicia\",\"publisher\":{\"@id\":\"https:\\\/\\\/ppdegalicia.com\\\/es\\\/#organization\"},\"alternateName\":\"PP de Galicia\",\"potentialAction\":[{\"@type\":\"SearchAction\",\"target\":{\"@type\":\"EntryPoint\",\"urlTemplate\":\"https:\\\/\\\/ppdegalicia.com\\\/es\\\/?s={search_term_string}\"},\"query-input\":{\"@type\":\"PropertyValueSpecification\",\"valueRequired\":true,\"valueName\":\"search_term_string\"}}],\"inLanguage\":\"es\"},{\"@type\":\"Organization\",\"@id\":\"https:\\\/\\\/ppdegalicia.com\\\/es\\\/#organization\",\"name\":\"Partido Popular de Galicia\",\"alternateName\":\"PP de Galicia\",\"url\":\"https:\\\/\\\/ppdegalicia.com\\\/es\\\/\",\"logo\":{\"@type\":\"ImageObject\",\"inLanguage\":\"es\",\"@id\":\"https:\\\/\\\/ppdegalicia.com\\\/es\\\/#\\\/schema\\\/logo\\\/image\\\/\",\"url\":\"https:\\\/\\\/ppdegalicia.com\\\/wp-content\\\/uploads\\\/2023\\\/04\\\/logoPP512.png\",\"contentUrl\":\"https:\\\/\\\/ppdegalicia.com\\\/wp-content\\\/uploads\\\/2023\\\/04\\\/logoPP512.png\",\"width\":512,\"height\":512,\"caption\":\"Partido Popular de Galicia\"},\"image\":{\"@id\":\"https:\\\/\\\/ppdegalicia.com\\\/es\\\/#\\\/schema\\\/logo\\\/image\\\/\"},\"sameAs\":[\"https:\\\/\\\/www.instagram.com\\\/ppdegalicia\\\/\",\"https:\\\/\\\/x.com\\\/ppdegalicia\",\"https:\\\/\\\/www.tiktok.com\\\/@ppdegalicia\",\"https:\\\/\\\/www.youtube.com\\\/user\\\/ppdegalicia\"]},{\"@type\":\"Person\",\"@id\":\"https:\\\/\\\/ppdegalicia.com\\\/es\\\/#\\\/schema\\\/person\\\/d0f013b8388c980665d44009ab762960\",\"name\":\"Super User\",\"image\":{\"@type\":\"ImageObject\",\"inLanguage\":\"es\",\"@id\":\"https:\\\/\\\/secure.gravatar.com\\\/avatar\\\/1db852625ef4948f58d2739bfbc51e4b9bd5c93b8fa340b59fdb594ca0845645?s=96&d=mm&r=g\",\"url\":\"https:\\\/\\\/secure.gravatar.com\\\/avatar\\\/1db852625ef4948f58d2739bfbc51e4b9bd5c93b8fa340b59fdb594ca0845645?s=96&d=mm&r=g\",\"contentUrl\":\"https:\\\/\\\/secure.gravatar.com\\\/avatar\\\/1db852625ef4948f58d2739bfbc51e4b9bd5c93b8fa340b59fdb594ca0845645?s=96&d=mm&r=g\",\"caption\":\"Super User\"},\"url\":\"https:\\\/\\\/ppdegalicia.com\\\/es\\\/author\\\/ppdegaliciagestion\\\/\"}]}<\/script>\n<!-- \/ Yoast SEO plugin. -->","yoast_head_json":{"title":"O proxecto de Lei de rehabilitaci\u00f3n contin\u00faa a s\u00faa tramitaci\u00f3n no Parlamento ao superar o debate de totalidade - PP de Galicia","robots":{"index":"index","follow":"follow","max-snippet":"max-snippet:-1","max-image-preview":"max-image-preview:large","max-video-preview":"max-video-preview:-1"},"canonical":"https:\/\/ppdegalicia.com\/es\/o-proxecto-de-lei-de-rehabilitacion-continua-a-sua-tramitacion-no-parlamento-ao-superar-o-debate-de-totalidade\/","og_locale":"es_ES","og_type":"article","og_title":"O proxecto de Lei de rehabilitaci\u00f3n contin\u00faa a s\u00faa tramitaci\u00f3n no Parlamento ao superar o debate de totalidade - PP de Galicia","og_description":"Santiago, 26 de febreiro de 2019.- O proxecto de Lei de rehabilitaci\u00f3n e de rexeneraci\u00f3n e renovaci\u00f3n urbanas de Galicia avanzar\u00e1 na s\u00faa tramitaci\u00f3n no Parlamento galego logo de que hoxe superara o debate de totalidade no Pleno.","og_url":"https:\/\/ppdegalicia.com\/es\/o-proxecto-de-lei-de-rehabilitacion-continua-a-sua-tramitacion-no-parlamento-ao-superar-o-debate-de-totalidade\/","og_site_name":"PP de Galicia","article_publisher":"https:\/\/www.instagram.com\/ppdegalicia\/","article_published_time":"2019-02-26T09:52:30+00:00","author":"Super User","twitter_card":"summary_large_image","twitter_creator":"@ppdegalicia","twitter_site":"@ppdegalicia","twitter_misc":{"Escrito por":"Super User","Tiempo de lectura":"2 minutos"},"schema":{"@context":"https:\/\/schema.org","@graph":[{"@type":"Article","@id":"https:\/\/ppdegalicia.com\/es\/o-proxecto-de-lei-de-rehabilitacion-continua-a-sua-tramitacion-no-parlamento-ao-superar-o-debate-de-totalidade\/#article","isPartOf":{"@id":"https:\/\/ppdegalicia.com\/es\/o-proxecto-de-lei-de-rehabilitacion-continua-a-sua-tramitacion-no-parlamento-ao-superar-o-debate-de-totalidade\/"},"author":{"name":"Super User","@id":"https:\/\/ppdegalicia.com\/es\/#\/schema\/person\/d0f013b8388c980665d44009ab762960"},"headline":"O proxecto de Lei de rehabilitaci\u00f3n contin\u00faa a s\u00faa tramitaci\u00f3n no Parlamento ao superar o debate de totalidade","datePublished":"2019-02-26T09:52:30+00:00","mainEntityOfPage":{"@id":"https:\/\/ppdegalicia.com\/es\/o-proxecto-de-lei-de-rehabilitacion-continua-a-sua-tramitacion-no-parlamento-ao-superar-o-debate-de-totalidade\/"},"wordCount":447,"commentCount":0,"publisher":{"@id":"https:\/\/ppdegalicia.com\/es\/#organization"},"articleSection":["PP de Galicia"],"inLanguage":"es","potentialAction":[{"@type":"CommentAction","name":"Comment","target":["https:\/\/ppdegalicia.com\/es\/o-proxecto-de-lei-de-rehabilitacion-continua-a-sua-tramitacion-no-parlamento-ao-superar-o-debate-de-totalidade\/#respond"]}]},{"@type":"WebPage","@id":"https:\/\/ppdegalicia.com\/es\/o-proxecto-de-lei-de-rehabilitacion-continua-a-sua-tramitacion-no-parlamento-ao-superar-o-debate-de-totalidade\/","url":"https:\/\/ppdegalicia.com\/es\/o-proxecto-de-lei-de-rehabilitacion-continua-a-sua-tramitacion-no-parlamento-ao-superar-o-debate-de-totalidade\/","name":"O proxecto de Lei de rehabilitaci\u00f3n contin\u00faa a s\u00faa tramitaci\u00f3n no Parlamento ao superar o debate de totalidade - PP de Galicia","isPartOf":{"@id":"https:\/\/ppdegalicia.com\/es\/#website"},"datePublished":"2019-02-26T09:52:30+00:00","breadcrumb":{"@id":"https:\/\/ppdegalicia.com\/es\/o-proxecto-de-lei-de-rehabilitacion-continua-a-sua-tramitacion-no-parlamento-ao-superar-o-debate-de-totalidade\/#breadcrumb"},"inLanguage":"es","potentialAction":[{"@type":"ReadAction","target":["https:\/\/ppdegalicia.com\/es\/o-proxecto-de-lei-de-rehabilitacion-continua-a-sua-tramitacion-no-parlamento-ao-superar-o-debate-de-totalidade\/"]}]},{"@type":"BreadcrumbList","@id":"https:\/\/ppdegalicia.com\/es\/o-proxecto-de-lei-de-rehabilitacion-continua-a-sua-tramitacion-no-parlamento-ao-superar-o-debate-de-totalidade\/#breadcrumb","itemListElement":[{"@type":"ListItem","position":1,"name":"Portada","item":"https:\/\/ppdegalicia.com\/es\/"},{"@type":"ListItem","position":2,"name":"O proxecto de Lei de rehabilitaci\u00f3n contin\u00faa a s\u00faa tramitaci\u00f3n no Parlamento ao superar o debate de totalidade"}]},{"@type":"WebSite","@id":"https:\/\/ppdegalicia.com\/es\/#website","url":"https:\/\/ppdegalicia.com\/es\/","name":"Partido Popular de Galicia","description":"Partido Popular de Galicia","publisher":{"@id":"https:\/\/ppdegalicia.com\/es\/#organization"},"alternateName":"PP de Galicia","potentialAction":[{"@type":"SearchAction","target":{"@type":"EntryPoint","urlTemplate":"https:\/\/ppdegalicia.com\/es\/?s={search_term_string}"},"query-input":{"@type":"PropertyValueSpecification","valueRequired":true,"valueName":"search_term_string"}}],"inLanguage":"es"},{"@type":"Organization","@id":"https:\/\/ppdegalicia.com\/es\/#organization","name":"Partido Popular de Galicia","alternateName":"PP de Galicia","url":"https:\/\/ppdegalicia.com\/es\/","logo":{"@type":"ImageObject","inLanguage":"es","@id":"https:\/\/ppdegalicia.com\/es\/#\/schema\/logo\/image\/","url":"https:\/\/ppdegalicia.com\/wp-content\/uploads\/2023\/04\/logoPP512.png","contentUrl":"https:\/\/ppdegalicia.com\/wp-content\/uploads\/2023\/04\/logoPP512.png","width":512,"height":512,"caption":"Partido Popular de Galicia"},"image":{"@id":"https:\/\/ppdegalicia.com\/es\/#\/schema\/logo\/image\/"},"sameAs":["https:\/\/www.instagram.com\/ppdegalicia\/","https:\/\/x.com\/ppdegalicia","https:\/\/www.tiktok.com\/@ppdegalicia","https:\/\/www.youtube.com\/user\/ppdegalicia"]},{"@type":"Person","@id":"https:\/\/ppdegalicia.com\/es\/#\/schema\/person\/d0f013b8388c980665d44009ab762960","name":"Super User","image":{"@type":"ImageObject","inLanguage":"es","@id":"https:\/\/secure.gravatar.com\/avatar\/1db852625ef4948f58d2739bfbc51e4b9bd5c93b8fa340b59fdb594ca0845645?s=96&d=mm&r=g","url":"https:\/\/secure.gravatar.com\/avatar\/1db852625ef4948f58d2739bfbc51e4b9bd5c93b8fa340b59fdb594ca0845645?s=96&d=mm&r=g","contentUrl":"https:\/\/secure.gravatar.com\/avatar\/1db852625ef4948f58d2739bfbc51e4b9bd5c93b8fa340b59fdb594ca0845645?s=96&d=mm&r=g","caption":"Super User"},"url":"https:\/\/ppdegalicia.com\/es\/author\/ppdegaliciagestion\/"}]}},"_links":{"self":[{"href":"https:\/\/ppdegalicia.com\/es\/wp-json\/wp\/v2\/posts\/52558","targetHints":{"allow":["GET"]}}],"collection":[{"href":"https:\/\/ppdegalicia.com\/es\/wp-json\/wp\/v2\/posts"}],"about":[{"href":"https:\/\/ppdegalicia.com\/es\/wp-json\/wp\/v2\/types\/post"}],"author":[{"embeddable":true,"href":"https:\/\/ppdegalicia.com\/es\/wp-json\/wp\/v2\/users\/37"}],"replies":[{"embeddable":true,"href":"https:\/\/ppdegalicia.com\/es\/wp-json\/wp\/v2\/comments?post=52558"}],"version-history":[{"count":0,"href":"https:\/\/ppdegalicia.com\/es\/wp-json\/wp\/v2\/posts\/52558\/revisions"}],"wp:attachment":[{"href":"https:\/\/ppdegalicia.com\/es\/wp-json\/wp\/v2\/media?parent=52558"}],"wp:term":[{"taxonomy":"category","embeddable":true,"href":"https:\/\/ppdegalicia.com\/es\/wp-json\/wp\/v2\/categories?post=52558"},{"taxonomy":"post_tag","embeddable":true,"href":"https:\/\/ppdegalicia.com\/es\/wp-json\/wp\/v2\/tags?post=52558"}],"curies":[{"name":"wp","href":"https:\/\/api.w.org\/{rel}","templated":true}]}}