{"id":52559,"date":"2019-02-26T11:54:00","date_gmt":"2019-02-26T09:54:00","guid":{"rendered":"https:\/\/ppdegalicia.com\/o-grupo-popular-aspira-ao-teito-competencial-maximo-pero-considera-mais-urxente-outras-prioridades-como-o-financiamento-ou-a-ap-9\/"},"modified":"2019-02-26T11:54:00","modified_gmt":"2019-02-26T09:54:00","slug":"o-grupo-popular-aspira-ao-teito-competencial-maximo-pero-considera-mais-urxente-outras-prioridades-como-o-financiamento-ou-a-ap-9","status":"publish","type":"post","link":"https:\/\/ppdegalicia.com\/es\/o-grupo-popular-aspira-ao-teito-competencial-maximo-pero-considera-mais-urxente-outras-prioridades-como-o-financiamento-ou-a-ap-9\/","title":{"rendered":"O Grupo Popular aspira ao teito competencial m\u00e1ximo pero considera m\u00e1is urxente outras prioridades, como o financiamento ou a AP-9"},"content":{"rendered":"<div>Santiago, 26 de febreiro de 2019.- O portavoz de Infraestruturas do Grupo Popular, Mart\u00edn Fern\u00e1ndez Prado, asegurou hoxe que \u201cnon renunciamos a aspirar ao teito competencial m\u00e1ximo, polo que non imos obstaculizar a tramitaci\u00f3n da transferencia da competencia de tr\u00e1fico a Galicia, pero si consideramos m\u00e1is urxente que se cumpran os compromisos tanto para a transferencia da AP-9, como de reposici\u00f3n dos efectivos da Polic\u00eda Auton\u00f3mica e os cartos reco\u00f1ecidos nos orzamentos xerais do Estado pola boa xesti\u00f3n econ\u00f3mica de Galicia\u201d.<br \/>\n<!--more-->\n<\/div>\n<div>&nbsp;<\/div>\n<div>&nbsp;<\/div>\n<div>&nbsp;<\/div>\n<div>Neste sentido, afirmou que a proposici\u00f3n de lei socialista \u201c\u00e9 unha corti\u00f1a de fume para ocultar a aldraxe con Galicia duns orzamentos xerais, apoiados por En Marea, e para dar coartada \u00e1s cesi\u00f3ns do Goberno socialista aos independentistas catal\u00e1ns e nacionalistas vascos\u201d.<\/div>\n<div>&nbsp;<\/div>\n<div>&nbsp;<\/div>\n<p>&nbsp;<\/p>\n<div>Mart\u00edn Fern\u00e1ndez Prado asegurou \u201caspiramos a m\u00e1is e mellor autogoberno, reserv\u00e1ndonos o dereito a valorar se a Galicia lle conv\u00e9n asumir calquera competencia\u201d. \u201cMellorar o noso autogoberno non consiste s\u00f3 en ter m\u00e1is competencias, sen\u00f3n en exercer as que se te\u00f1en con solvencia e garant\u00eda de futuro\u201d, anotou.<\/div>\n<div>&nbsp;<\/div>\n<div>&nbsp;<\/div>\n<p>&nbsp;<\/p>\n<div>Neste sentido, concretou que \u201cc\u00f3mpre ter claras as prioridades reais que ten Galicia, pero tendo en conta a oportunidade pol\u00edtica\u201d. \u201cNon parece o m\u00e1is oportuno formular esta demanda de novas competencias para Galicia en materia de tr\u00e1fico nun momento no que en Espa\u00f1a grupos independentistas est\u00e1n a xerar importantes tensi\u00f3ns territoriais e, ademais, facelo xusto despois de que a Xunta falara de priorizar estas transferencias, querendo marcar unha axenda distinta \u00e1 que ten o Goberno galego\u201d, apuntou.<\/div>\n<div>&nbsp;<\/div>\n<p>&nbsp;<\/p>\n<p>&nbsp;<\/p>\n<div><strong>NECESIDADES URXENTES QUE DEBEN CUMPRIRSE<\/strong><\/div>\n<div>&nbsp;<\/div>\n<div>&nbsp;<\/div>\n<p>&nbsp;<\/p>\n<div>O portavoz popular incidiu que \u201cestamos a favor de falar da transferencia de tr\u00e1fico, pero isto non pode ser unha corti\u00f1a de fume porque hai necesidades inmediatas m\u00e1is urxentes con Galicia que deben cumprirse\u201d. A modo de exemplo, citou \u201ca necesidade de completar o cadro do persoal da Polic\u00eda Auton\u00f3mica, que neste momento presenta un d\u00e9ficit de 100 axentes, e que levan adiante unha funci\u00f3n tan importante como a loita contra os lumes, o furtivismo ou a violencia machista\u201d.<\/div>\n<div>&nbsp;<\/div>\n<p>&nbsp;<\/p>\n<p>&nbsp;<\/p>\n<div>En segundo lugar, Fern\u00e1ndez Prado demandou a transferencia da AP-9 \u201csen custe para os galegos e conseguindo que se revise ese negocio redondo propiciado polo Goberno socialista de Zapatero do incremento acumulativo de 1 por cento nas peaxes\u201d.<\/div>\n<div>&nbsp;<\/div>\n<div>&nbsp;<\/div>\n<p>&nbsp;<\/p>\n<div>Mart\u00edn Fern\u00e1ndez tam\u00e9n demandou que \u201cos galegos non paguemos as consecuencias das cesi\u00f3ns aos independentistas a trav\u00e9s da ca\u00edda sen&nbsp; precedentes dos orzamentos xerais do Estado para Galicia, avalados e asinados polos deputados de En Marea\u201d. En concreto, criticou que \u201ca rebaixa do 20 por cento nos investimentos do Estado para Galicia fronte a un incremento do 57 por cento para Catalu\u00f1a, unicamente para comprar as vontades pol\u00edticas dos independentistas\u201d.<\/div>\n<div>&nbsp;<\/div>\n<div>&nbsp;<\/div>\n<p>&nbsp;<\/p>\n<div><strong>QUENTURA POL\u00cdTICA DOS SOCIALISTAS<\/strong><\/div>\n<div>&nbsp;<\/div>\n<div>&nbsp;<\/div>\n<p>&nbsp;<\/p>\n<div>As\u00ed mesmo, o portavoz popular pediu que \u201cse abonen as compensaci\u00f3ns \u00e1s que Galicia ten dereito por ter sido unha comunidade aut\u00f3noma leal e responsable\u201d. \u201cEstamos a falar de 85 mill\u00f3ns de euros ao ano no per\u00edodo entre 2018 e 2020, que xa estaban previsto nos orzamentos do pasado ano pero que o Goberno socialista a\u00ednda non abonou\u201d, apuntou.<\/div>\n<div>&nbsp;<\/div>\n<div>&nbsp;<\/div>\n<p>Para rematar, Mart\u00edn Fern\u00e1ndez lembrou que \u201cesta quentura pol\u00edtica dos socialistas demandando m\u00e1is competencias para Galicia ven dos mesmos que impediron esta transferencia cos seus votos no pasado, polo que se hoxe a transferencia de tr\u00e1fico non est\u00e1 feita \u00e9 polo voto en contra do PSOE en 2010 no Congreso\u201d.<\/p>\n","protected":false},"excerpt":{"rendered":"<p>Santiago, 26 de febreiro de 2019.- O portavoz de Infraestruturas do Grupo Popular, Mart\u00edn Fern\u00e1ndez Prado, asegurou hoxe que \u201cnon renunciamos a aspirar ao teito competencial m\u00e1ximo, polo que non imos obstaculizar a tramitaci\u00f3n da transferencia da competencia de tr\u00e1fico a Galicia, pero si consideramos m\u00e1is urxente que se cumpran os compromisos tanto para a [&hellip;]<\/p>\n","protected":false},"author":37,"featured_media":0,"comment_status":"open","ping_status":"open","sticky":false,"template":"","format":"standard","meta":{"_acf_changed":false,"footnotes":""},"categories":[1],"tags":[],"class_list":["post-52559","post","type-post","status-publish","format-standard","hentry","category-pp-de-galicia"],"acf":[],"yoast_head":"<!-- This site is optimized with the Yoast SEO plugin v27.3 - https:\/\/yoast.com\/product\/yoast-seo-wordpress\/ -->\n<title>O Grupo Popular aspira ao teito competencial m\u00e1ximo pero considera m\u00e1is urxente outras prioridades, como o financiamento ou a AP-9 - PP de Galicia<\/title>\n<meta name=\"robots\" content=\"index, follow, max-snippet:-1, max-image-preview:large, max-video-preview:-1\" \/>\n<link rel=\"canonical\" href=\"https:\/\/ppdegalicia.com\/es\/o-grupo-popular-aspira-ao-teito-competencial-maximo-pero-considera-mais-urxente-outras-prioridades-como-o-financiamento-ou-a-ap-9\/\" \/>\n<meta property=\"og:locale\" content=\"es_ES\" \/>\n<meta property=\"og:type\" content=\"article\" \/>\n<meta property=\"og:title\" content=\"O Grupo Popular aspira ao teito competencial m\u00e1ximo pero considera m\u00e1is urxente outras prioridades, como o financiamento ou a AP-9 - PP de Galicia\" \/>\n<meta property=\"og:description\" content=\"Santiago, 26 de febreiro de 2019.- O portavoz de Infraestruturas do Grupo Popular, Mart\u00edn Fern\u00e1ndez Prado, asegurou hoxe que \u201cnon renunciamos a aspirar ao teito competencial m\u00e1ximo, polo que non imos obstaculizar a tramitaci\u00f3n da transferencia da competencia de tr\u00e1fico a Galicia, pero si consideramos m\u00e1is urxente que se cumpran os compromisos tanto para a [&hellip;]\" \/>\n<meta property=\"og:url\" content=\"https:\/\/ppdegalicia.com\/es\/o-grupo-popular-aspira-ao-teito-competencial-maximo-pero-considera-mais-urxente-outras-prioridades-como-o-financiamento-ou-a-ap-9\/\" \/>\n<meta property=\"og:site_name\" content=\"PP de Galicia\" \/>\n<meta property=\"article:publisher\" content=\"https:\/\/www.instagram.com\/ppdegalicia\/\" \/>\n<meta property=\"article:published_time\" content=\"2019-02-26T09:54:00+00:00\" \/>\n<meta name=\"author\" content=\"Super User\" \/>\n<meta name=\"twitter:card\" content=\"summary_large_image\" \/>\n<meta name=\"twitter:creator\" content=\"@ppdegalicia\" \/>\n<meta name=\"twitter:site\" content=\"@ppdegalicia\" \/>\n<meta name=\"twitter:label1\" content=\"Escrito por\" \/>\n\t<meta name=\"twitter:data1\" content=\"Super User\" \/>\n\t<meta name=\"twitter:label2\" content=\"Tiempo de lectura\" \/>\n\t<meta name=\"twitter:data2\" content=\"3 minutos\" \/>\n<script type=\"application\/ld+json\" class=\"yoast-schema-graph\">{\"@context\":\"https:\\\/\\\/schema.org\",\"@graph\":[{\"@type\":\"Article\",\"@id\":\"https:\\\/\\\/ppdegalicia.com\\\/es\\\/o-grupo-popular-aspira-ao-teito-competencial-maximo-pero-considera-mais-urxente-outras-prioridades-como-o-financiamento-ou-a-ap-9\\\/#article\",\"isPartOf\":{\"@id\":\"https:\\\/\\\/ppdegalicia.com\\\/es\\\/o-grupo-popular-aspira-ao-teito-competencial-maximo-pero-considera-mais-urxente-outras-prioridades-como-o-financiamento-ou-a-ap-9\\\/\"},\"author\":{\"name\":\"Super User\",\"@id\":\"https:\\\/\\\/ppdegalicia.com\\\/es\\\/#\\\/schema\\\/person\\\/d0f013b8388c980665d44009ab762960\"},\"headline\":\"O Grupo Popular aspira ao teito competencial m\u00e1ximo pero considera m\u00e1is urxente outras prioridades, como o financiamento ou a AP-9\",\"datePublished\":\"2019-02-26T09:54:00+00:00\",\"mainEntityOfPage\":{\"@id\":\"https:\\\/\\\/ppdegalicia.com\\\/es\\\/o-grupo-popular-aspira-ao-teito-competencial-maximo-pero-considera-mais-urxente-outras-prioridades-como-o-financiamento-ou-a-ap-9\\\/\"},\"wordCount\":652,\"commentCount\":0,\"publisher\":{\"@id\":\"https:\\\/\\\/ppdegalicia.com\\\/es\\\/#organization\"},\"articleSection\":[\"PP de Galicia\"],\"inLanguage\":\"es\",\"potentialAction\":[{\"@type\":\"CommentAction\",\"name\":\"Comment\",\"target\":[\"https:\\\/\\\/ppdegalicia.com\\\/es\\\/o-grupo-popular-aspira-ao-teito-competencial-maximo-pero-considera-mais-urxente-outras-prioridades-como-o-financiamento-ou-a-ap-9\\\/#respond\"]}]},{\"@type\":\"WebPage\",\"@id\":\"https:\\\/\\\/ppdegalicia.com\\\/es\\\/o-grupo-popular-aspira-ao-teito-competencial-maximo-pero-considera-mais-urxente-outras-prioridades-como-o-financiamento-ou-a-ap-9\\\/\",\"url\":\"https:\\\/\\\/ppdegalicia.com\\\/es\\\/o-grupo-popular-aspira-ao-teito-competencial-maximo-pero-considera-mais-urxente-outras-prioridades-como-o-financiamento-ou-a-ap-9\\\/\",\"name\":\"O Grupo Popular aspira ao teito competencial m\u00e1ximo pero considera m\u00e1is urxente outras prioridades, como o financiamento ou a AP-9 - PP de Galicia\",\"isPartOf\":{\"@id\":\"https:\\\/\\\/ppdegalicia.com\\\/es\\\/#website\"},\"datePublished\":\"2019-02-26T09:54:00+00:00\",\"breadcrumb\":{\"@id\":\"https:\\\/\\\/ppdegalicia.com\\\/es\\\/o-grupo-popular-aspira-ao-teito-competencial-maximo-pero-considera-mais-urxente-outras-prioridades-como-o-financiamento-ou-a-ap-9\\\/#breadcrumb\"},\"inLanguage\":\"es\",\"potentialAction\":[{\"@type\":\"ReadAction\",\"target\":[\"https:\\\/\\\/ppdegalicia.com\\\/es\\\/o-grupo-popular-aspira-ao-teito-competencial-maximo-pero-considera-mais-urxente-outras-prioridades-como-o-financiamento-ou-a-ap-9\\\/\"]}]},{\"@type\":\"BreadcrumbList\",\"@id\":\"https:\\\/\\\/ppdegalicia.com\\\/es\\\/o-grupo-popular-aspira-ao-teito-competencial-maximo-pero-considera-mais-urxente-outras-prioridades-como-o-financiamento-ou-a-ap-9\\\/#breadcrumb\",\"itemListElement\":[{\"@type\":\"ListItem\",\"position\":1,\"name\":\"Portada\",\"item\":\"https:\\\/\\\/ppdegalicia.com\\\/es\\\/\"},{\"@type\":\"ListItem\",\"position\":2,\"name\":\"O Grupo Popular aspira ao teito competencial m\u00e1ximo pero considera m\u00e1is urxente outras prioridades, como o financiamento ou a AP-9\"}]},{\"@type\":\"WebSite\",\"@id\":\"https:\\\/\\\/ppdegalicia.com\\\/es\\\/#website\",\"url\":\"https:\\\/\\\/ppdegalicia.com\\\/es\\\/\",\"name\":\"Partido Popular de Galicia\",\"description\":\"Partido Popular de Galicia\",\"publisher\":{\"@id\":\"https:\\\/\\\/ppdegalicia.com\\\/es\\\/#organization\"},\"alternateName\":\"PP de Galicia\",\"potentialAction\":[{\"@type\":\"SearchAction\",\"target\":{\"@type\":\"EntryPoint\",\"urlTemplate\":\"https:\\\/\\\/ppdegalicia.com\\\/es\\\/?s={search_term_string}\"},\"query-input\":{\"@type\":\"PropertyValueSpecification\",\"valueRequired\":true,\"valueName\":\"search_term_string\"}}],\"inLanguage\":\"es\"},{\"@type\":\"Organization\",\"@id\":\"https:\\\/\\\/ppdegalicia.com\\\/es\\\/#organization\",\"name\":\"Partido Popular de Galicia\",\"alternateName\":\"PP de Galicia\",\"url\":\"https:\\\/\\\/ppdegalicia.com\\\/es\\\/\",\"logo\":{\"@type\":\"ImageObject\",\"inLanguage\":\"es\",\"@id\":\"https:\\\/\\\/ppdegalicia.com\\\/es\\\/#\\\/schema\\\/logo\\\/image\\\/\",\"url\":\"https:\\\/\\\/ppdegalicia.com\\\/wp-content\\\/uploads\\\/2023\\\/04\\\/logoPP512.png\",\"contentUrl\":\"https:\\\/\\\/ppdegalicia.com\\\/wp-content\\\/uploads\\\/2023\\\/04\\\/logoPP512.png\",\"width\":512,\"height\":512,\"caption\":\"Partido Popular de Galicia\"},\"image\":{\"@id\":\"https:\\\/\\\/ppdegalicia.com\\\/es\\\/#\\\/schema\\\/logo\\\/image\\\/\"},\"sameAs\":[\"https:\\\/\\\/www.instagram.com\\\/ppdegalicia\\\/\",\"https:\\\/\\\/x.com\\\/ppdegalicia\",\"https:\\\/\\\/www.tiktok.com\\\/@ppdegalicia\",\"https:\\\/\\\/www.youtube.com\\\/user\\\/ppdegalicia\"]},{\"@type\":\"Person\",\"@id\":\"https:\\\/\\\/ppdegalicia.com\\\/es\\\/#\\\/schema\\\/person\\\/d0f013b8388c980665d44009ab762960\",\"name\":\"Super User\",\"image\":{\"@type\":\"ImageObject\",\"inLanguage\":\"es\",\"@id\":\"https:\\\/\\\/secure.gravatar.com\\\/avatar\\\/1db852625ef4948f58d2739bfbc51e4b9bd5c93b8fa340b59fdb594ca0845645?s=96&d=mm&r=g\",\"url\":\"https:\\\/\\\/secure.gravatar.com\\\/avatar\\\/1db852625ef4948f58d2739bfbc51e4b9bd5c93b8fa340b59fdb594ca0845645?s=96&d=mm&r=g\",\"contentUrl\":\"https:\\\/\\\/secure.gravatar.com\\\/avatar\\\/1db852625ef4948f58d2739bfbc51e4b9bd5c93b8fa340b59fdb594ca0845645?s=96&d=mm&r=g\",\"caption\":\"Super User\"},\"url\":\"https:\\\/\\\/ppdegalicia.com\\\/es\\\/author\\\/ppdegaliciagestion\\\/\"}]}<\/script>\n<!-- \/ Yoast SEO plugin. -->","yoast_head_json":{"title":"O Grupo Popular aspira ao teito competencial m\u00e1ximo pero considera m\u00e1is urxente outras prioridades, como o financiamento ou a AP-9 - PP de Galicia","robots":{"index":"index","follow":"follow","max-snippet":"max-snippet:-1","max-image-preview":"max-image-preview:large","max-video-preview":"max-video-preview:-1"},"canonical":"https:\/\/ppdegalicia.com\/es\/o-grupo-popular-aspira-ao-teito-competencial-maximo-pero-considera-mais-urxente-outras-prioridades-como-o-financiamento-ou-a-ap-9\/","og_locale":"es_ES","og_type":"article","og_title":"O Grupo Popular aspira ao teito competencial m\u00e1ximo pero considera m\u00e1is urxente outras prioridades, como o financiamento ou a AP-9 - PP de Galicia","og_description":"Santiago, 26 de febreiro de 2019.- O portavoz de Infraestruturas do Grupo Popular, Mart\u00edn Fern\u00e1ndez Prado, asegurou hoxe que \u201cnon renunciamos a aspirar ao teito competencial m\u00e1ximo, polo que non imos obstaculizar a tramitaci\u00f3n da transferencia da competencia de tr\u00e1fico a Galicia, pero si consideramos m\u00e1is urxente que se cumpran os compromisos tanto para a [&hellip;]","og_url":"https:\/\/ppdegalicia.com\/es\/o-grupo-popular-aspira-ao-teito-competencial-maximo-pero-considera-mais-urxente-outras-prioridades-como-o-financiamento-ou-a-ap-9\/","og_site_name":"PP de Galicia","article_publisher":"https:\/\/www.instagram.com\/ppdegalicia\/","article_published_time":"2019-02-26T09:54:00+00:00","author":"Super User","twitter_card":"summary_large_image","twitter_creator":"@ppdegalicia","twitter_site":"@ppdegalicia","twitter_misc":{"Escrito por":"Super User","Tiempo de lectura":"3 minutos"},"schema":{"@context":"https:\/\/schema.org","@graph":[{"@type":"Article","@id":"https:\/\/ppdegalicia.com\/es\/o-grupo-popular-aspira-ao-teito-competencial-maximo-pero-considera-mais-urxente-outras-prioridades-como-o-financiamento-ou-a-ap-9\/#article","isPartOf":{"@id":"https:\/\/ppdegalicia.com\/es\/o-grupo-popular-aspira-ao-teito-competencial-maximo-pero-considera-mais-urxente-outras-prioridades-como-o-financiamento-ou-a-ap-9\/"},"author":{"name":"Super User","@id":"https:\/\/ppdegalicia.com\/es\/#\/schema\/person\/d0f013b8388c980665d44009ab762960"},"headline":"O Grupo Popular aspira ao teito competencial m\u00e1ximo pero considera m\u00e1is urxente outras prioridades, como o financiamento ou a AP-9","datePublished":"2019-02-26T09:54:00+00:00","mainEntityOfPage":{"@id":"https:\/\/ppdegalicia.com\/es\/o-grupo-popular-aspira-ao-teito-competencial-maximo-pero-considera-mais-urxente-outras-prioridades-como-o-financiamento-ou-a-ap-9\/"},"wordCount":652,"commentCount":0,"publisher":{"@id":"https:\/\/ppdegalicia.com\/es\/#organization"},"articleSection":["PP de Galicia"],"inLanguage":"es","potentialAction":[{"@type":"CommentAction","name":"Comment","target":["https:\/\/ppdegalicia.com\/es\/o-grupo-popular-aspira-ao-teito-competencial-maximo-pero-considera-mais-urxente-outras-prioridades-como-o-financiamento-ou-a-ap-9\/#respond"]}]},{"@type":"WebPage","@id":"https:\/\/ppdegalicia.com\/es\/o-grupo-popular-aspira-ao-teito-competencial-maximo-pero-considera-mais-urxente-outras-prioridades-como-o-financiamento-ou-a-ap-9\/","url":"https:\/\/ppdegalicia.com\/es\/o-grupo-popular-aspira-ao-teito-competencial-maximo-pero-considera-mais-urxente-outras-prioridades-como-o-financiamento-ou-a-ap-9\/","name":"O Grupo Popular aspira ao teito competencial m\u00e1ximo pero considera m\u00e1is urxente outras prioridades, como o financiamento ou a AP-9 - PP de Galicia","isPartOf":{"@id":"https:\/\/ppdegalicia.com\/es\/#website"},"datePublished":"2019-02-26T09:54:00+00:00","breadcrumb":{"@id":"https:\/\/ppdegalicia.com\/es\/o-grupo-popular-aspira-ao-teito-competencial-maximo-pero-considera-mais-urxente-outras-prioridades-como-o-financiamento-ou-a-ap-9\/#breadcrumb"},"inLanguage":"es","potentialAction":[{"@type":"ReadAction","target":["https:\/\/ppdegalicia.com\/es\/o-grupo-popular-aspira-ao-teito-competencial-maximo-pero-considera-mais-urxente-outras-prioridades-como-o-financiamento-ou-a-ap-9\/"]}]},{"@type":"BreadcrumbList","@id":"https:\/\/ppdegalicia.com\/es\/o-grupo-popular-aspira-ao-teito-competencial-maximo-pero-considera-mais-urxente-outras-prioridades-como-o-financiamento-ou-a-ap-9\/#breadcrumb","itemListElement":[{"@type":"ListItem","position":1,"name":"Portada","item":"https:\/\/ppdegalicia.com\/es\/"},{"@type":"ListItem","position":2,"name":"O Grupo Popular aspira ao teito competencial m\u00e1ximo pero considera m\u00e1is urxente outras prioridades, como o financiamento ou a AP-9"}]},{"@type":"WebSite","@id":"https:\/\/ppdegalicia.com\/es\/#website","url":"https:\/\/ppdegalicia.com\/es\/","name":"Partido Popular de Galicia","description":"Partido Popular de Galicia","publisher":{"@id":"https:\/\/ppdegalicia.com\/es\/#organization"},"alternateName":"PP de Galicia","potentialAction":[{"@type":"SearchAction","target":{"@type":"EntryPoint","urlTemplate":"https:\/\/ppdegalicia.com\/es\/?s={search_term_string}"},"query-input":{"@type":"PropertyValueSpecification","valueRequired":true,"valueName":"search_term_string"}}],"inLanguage":"es"},{"@type":"Organization","@id":"https:\/\/ppdegalicia.com\/es\/#organization","name":"Partido Popular de Galicia","alternateName":"PP de Galicia","url":"https:\/\/ppdegalicia.com\/es\/","logo":{"@type":"ImageObject","inLanguage":"es","@id":"https:\/\/ppdegalicia.com\/es\/#\/schema\/logo\/image\/","url":"https:\/\/ppdegalicia.com\/wp-content\/uploads\/2023\/04\/logoPP512.png","contentUrl":"https:\/\/ppdegalicia.com\/wp-content\/uploads\/2023\/04\/logoPP512.png","width":512,"height":512,"caption":"Partido Popular de Galicia"},"image":{"@id":"https:\/\/ppdegalicia.com\/es\/#\/schema\/logo\/image\/"},"sameAs":["https:\/\/www.instagram.com\/ppdegalicia\/","https:\/\/x.com\/ppdegalicia","https:\/\/www.tiktok.com\/@ppdegalicia","https:\/\/www.youtube.com\/user\/ppdegalicia"]},{"@type":"Person","@id":"https:\/\/ppdegalicia.com\/es\/#\/schema\/person\/d0f013b8388c980665d44009ab762960","name":"Super User","image":{"@type":"ImageObject","inLanguage":"es","@id":"https:\/\/secure.gravatar.com\/avatar\/1db852625ef4948f58d2739bfbc51e4b9bd5c93b8fa340b59fdb594ca0845645?s=96&d=mm&r=g","url":"https:\/\/secure.gravatar.com\/avatar\/1db852625ef4948f58d2739bfbc51e4b9bd5c93b8fa340b59fdb594ca0845645?s=96&d=mm&r=g","contentUrl":"https:\/\/secure.gravatar.com\/avatar\/1db852625ef4948f58d2739bfbc51e4b9bd5c93b8fa340b59fdb594ca0845645?s=96&d=mm&r=g","caption":"Super User"},"url":"https:\/\/ppdegalicia.com\/es\/author\/ppdegaliciagestion\/"}]}},"_links":{"self":[{"href":"https:\/\/ppdegalicia.com\/es\/wp-json\/wp\/v2\/posts\/52559","targetHints":{"allow":["GET"]}}],"collection":[{"href":"https:\/\/ppdegalicia.com\/es\/wp-json\/wp\/v2\/posts"}],"about":[{"href":"https:\/\/ppdegalicia.com\/es\/wp-json\/wp\/v2\/types\/post"}],"author":[{"embeddable":true,"href":"https:\/\/ppdegalicia.com\/es\/wp-json\/wp\/v2\/users\/37"}],"replies":[{"embeddable":true,"href":"https:\/\/ppdegalicia.com\/es\/wp-json\/wp\/v2\/comments?post=52559"}],"version-history":[{"count":0,"href":"https:\/\/ppdegalicia.com\/es\/wp-json\/wp\/v2\/posts\/52559\/revisions"}],"wp:attachment":[{"href":"https:\/\/ppdegalicia.com\/es\/wp-json\/wp\/v2\/media?parent=52559"}],"wp:term":[{"taxonomy":"category","embeddable":true,"href":"https:\/\/ppdegalicia.com\/es\/wp-json\/wp\/v2\/categories?post=52559"},{"taxonomy":"post_tag","embeddable":true,"href":"https:\/\/ppdegalicia.com\/es\/wp-json\/wp\/v2\/tags?post=52559"}],"curies":[{"name":"wp","href":"https:\/\/api.w.org\/{rel}","templated":true}]}}