{"id":52568,"date":"2019-02-27T12:38:42","date_gmt":"2019-02-27T10:38:42","guid":{"rendered":"https:\/\/ppdegalicia.com\/o-parlamento-pide-fomentar-en-colaboracion-cos-concellos-medidas-e-programas-de-conciliacion-e-corresponsabilidade-para-fomentar-a-igualdade-entre-homes-e-mulleres\/"},"modified":"2019-02-27T12:38:42","modified_gmt":"2019-02-27T10:38:42","slug":"o-parlamento-pide-fomentar-en-colaboracion-cos-concellos-medidas-e-programas-de-conciliacion-e-corresponsabilidade-para-fomentar-a-igualdade-entre-homes-e-mulleres","status":"publish","type":"post","link":"https:\/\/ppdegalicia.com\/es\/o-parlamento-pide-fomentar-en-colaboracion-cos-concellos-medidas-e-programas-de-conciliacion-e-corresponsabilidade-para-fomentar-a-igualdade-entre-homes-e-mulleres\/","title":{"rendered":"O Parlamento pide fomentar, en colaboraci\u00f3n cos concellos, medidas e programas de conciliaci\u00f3n e corresponsabilidade para fomentar a igualdade entre homes e mulleres"},"content":{"rendered":"<div>Santiago, 27 de febreiro de 2019.- O Parlamento galego aprobou hoxe unha proposici\u00f3n non de lei do Grupo Popular a trav\u00e9s da que se insta \u00e1 Xunta a fomentar, en colaboraci\u00f3n coas entidades locais, medidas e programas de conciliaci\u00f3n e corresponsabilidade nos que se incorporen a perspectiva de x\u00e9nero para fomentar a igualdade entre mulleres e homes.<br \/>\n<!--more-->\n<\/div>\n<div>&nbsp;<\/div>\n<div>&nbsp;<\/div>\n<div>As\u00ed mesmo, p\u00eddese que se impulsen os bancos de tempo coa finalidade de facilitar \u00e1s persoas, especialmente aquelas que residan nun concello rural, a conciliaci\u00f3n da s\u00faa vida persoal, familiar e laboral.<\/div>\n<div>&nbsp;<\/div>\n<p>&nbsp;<\/p>\n<p>&nbsp;<\/p>\n<div>As\u00ed mesmo, a proposici\u00f3n non de lei aprobada incorpora que a Xunta contin\u00fae desenvolvendo programas de inserci\u00f3n laboral dirixidos a mulleres en situaci\u00f3n de violencia de x\u00e9nero coas entidades de iniciativa social, estend\u00e9ndoos tam\u00e9n \u00e1s empresas e as entidades locais de Galicia neste 2019.<\/div>\n<div>&nbsp;<\/div>\n<p>&nbsp;<\/p>\n<p>&nbsp;<\/p>\n<div><strong>NOVAS LEIS<\/strong><\/div>\n<div>&nbsp;<\/div>\n<div>&nbsp;<\/div>\n<p>&nbsp;<\/p>\n<div>A proposta tam\u00e9n incl\u00fae demandas ao Goberno central, como a aprobaci\u00f3n da Lei de Igualdade Salarial, para rematar coa fenda salarial de x\u00e9nero entre homes e mulleres; e da Lei de conciliaci\u00f3n e corresponsabilidade, onde se te\u00f1a en conta a racionalizaci\u00f3n horaria e favoreza a compatibilidade do traballo coa vida personal e familiar.<\/div>\n<div>&nbsp;<\/div>\n<p>&nbsp;<\/p>\n<p>&nbsp;<\/p>\n<div>Por \u00faltimo, a proposta solicita, tanto \u00e1 Xunta de Galicia como ao Goberno central, o cumprimento e aplicaci\u00f3n de todas as medidas inclu\u00eddas no Pacto de Estado contra a violencia de x\u00e9nero, con especial consideraci\u00f3n aos cambios lexislativos aprobados e recollidos no Pacto.<\/div>\n<div>&nbsp;<\/div>\n<p>&nbsp;<\/p>\n<p>&nbsp;<\/p>\n<div><strong>DI\u00c1LOGO<\/strong><\/div>\n<div>&nbsp;<\/div>\n<div>&nbsp;<\/div>\n<p>&nbsp;<\/p>\n<div>A portavoz de Igualdade do Grupo Popular, Mari\u00e1n Garc\u00eda M\u00edguez, asegurou que \u201cdesde o Partido Popular temos un compromiso para rematar coa desigualdade salarial entre mulleres e homes\u201d e mostra disto \u00e9 que \u201cco Goberno do PP a brecha salarial colocouse en m\u00ednimos hist\u00f3ricos, Espa\u00f1a situouse como o pa\u00eds da zona euro que m\u00e1is reduciu a brecha, por primeira vez regulamos o dereito ao teletraballo, o dereito \u00e1 reduci\u00f3n de xornada para coidado de fillos, e modificouse o permiso de lactancia e ampliou o permiso de paternidade\u201d.<\/div>\n<div>&nbsp;<\/div>\n<div>&nbsp;<\/div>\n<p>As\u00ed mesmo, Garc\u00eda M\u00edguez demandou di\u00e1logo para acadar un pacto nacional para a conciliaci\u00f3n laboral e a racionalizaci\u00f3n de horarios \u201cco obxectivo de lograr unha xornada laboral m\u00e1is compacta e flexible\u201d.<\/p>\n","protected":false},"excerpt":{"rendered":"<p>Santiago, 27 de febreiro de 2019.- O Parlamento galego aprobou hoxe unha proposici\u00f3n non de lei do Grupo Popular a trav\u00e9s da que se insta \u00e1 Xunta a fomentar, en colaboraci\u00f3n coas entidades locais, medidas e programas de conciliaci\u00f3n e corresponsabilidade nos que se incorporen a perspectiva de x\u00e9nero para fomentar a igualdade entre mulleres [&hellip;]<\/p>\n","protected":false},"author":37,"featured_media":0,"comment_status":"open","ping_status":"open","sticky":false,"template":"","format":"standard","meta":{"_acf_changed":false,"footnotes":""},"categories":[1],"tags":[],"class_list":["post-52568","post","type-post","status-publish","format-standard","hentry","category-pp-de-galicia"],"acf":[],"yoast_head":"<!-- This site is optimized with the Yoast SEO plugin v27.3 - https:\/\/yoast.com\/product\/yoast-seo-wordpress\/ -->\n<title>O Parlamento pide fomentar, en colaboraci\u00f3n cos concellos, medidas e programas de conciliaci\u00f3n e corresponsabilidade para fomentar a igualdade entre homes e mulleres - PP de Galicia<\/title>\n<meta name=\"robots\" content=\"index, follow, max-snippet:-1, max-image-preview:large, max-video-preview:-1\" \/>\n<link rel=\"canonical\" href=\"https:\/\/ppdegalicia.com\/es\/o-parlamento-pide-fomentar-en-colaboracion-cos-concellos-medidas-e-programas-de-conciliacion-e-corresponsabilidade-para-fomentar-a-igualdade-entre-homes-e-mulleres\/\" \/>\n<meta property=\"og:locale\" content=\"es_ES\" \/>\n<meta property=\"og:type\" content=\"article\" \/>\n<meta property=\"og:title\" content=\"O Parlamento pide fomentar, en colaboraci\u00f3n cos concellos, medidas e programas de conciliaci\u00f3n e corresponsabilidade para fomentar a igualdade entre homes e mulleres - PP de Galicia\" \/>\n<meta property=\"og:description\" content=\"Santiago, 27 de febreiro de 2019.- O Parlamento galego aprobou hoxe unha proposici\u00f3n non de lei do Grupo Popular a trav\u00e9s da que se insta \u00e1 Xunta a fomentar, en colaboraci\u00f3n coas entidades locais, medidas e programas de conciliaci\u00f3n e corresponsabilidade nos que se incorporen a perspectiva de x\u00e9nero para fomentar a igualdade entre mulleres [&hellip;]\" \/>\n<meta property=\"og:url\" content=\"https:\/\/ppdegalicia.com\/es\/o-parlamento-pide-fomentar-en-colaboracion-cos-concellos-medidas-e-programas-de-conciliacion-e-corresponsabilidade-para-fomentar-a-igualdade-entre-homes-e-mulleres\/\" \/>\n<meta property=\"og:site_name\" content=\"PP de Galicia\" \/>\n<meta property=\"article:publisher\" content=\"https:\/\/www.instagram.com\/ppdegalicia\/\" \/>\n<meta property=\"article:published_time\" content=\"2019-02-27T10:38:42+00:00\" \/>\n<meta name=\"author\" content=\"Super User\" \/>\n<meta name=\"twitter:card\" content=\"summary_large_image\" \/>\n<meta name=\"twitter:creator\" content=\"@ppdegalicia\" \/>\n<meta name=\"twitter:site\" content=\"@ppdegalicia\" \/>\n<meta name=\"twitter:label1\" content=\"Escrito por\" \/>\n\t<meta name=\"twitter:data1\" content=\"Super User\" \/>\n\t<meta name=\"twitter:label2\" content=\"Tiempo de lectura\" \/>\n\t<meta name=\"twitter:data2\" content=\"2 minutos\" \/>\n<script type=\"application\/ld+json\" class=\"yoast-schema-graph\">{\"@context\":\"https:\\\/\\\/schema.org\",\"@graph\":[{\"@type\":\"Article\",\"@id\":\"https:\\\/\\\/ppdegalicia.com\\\/es\\\/o-parlamento-pide-fomentar-en-colaboracion-cos-concellos-medidas-e-programas-de-conciliacion-e-corresponsabilidade-para-fomentar-a-igualdade-entre-homes-e-mulleres\\\/#article\",\"isPartOf\":{\"@id\":\"https:\\\/\\\/ppdegalicia.com\\\/es\\\/o-parlamento-pide-fomentar-en-colaboracion-cos-concellos-medidas-e-programas-de-conciliacion-e-corresponsabilidade-para-fomentar-a-igualdade-entre-homes-e-mulleres\\\/\"},\"author\":{\"name\":\"Super User\",\"@id\":\"https:\\\/\\\/ppdegalicia.com\\\/es\\\/#\\\/schema\\\/person\\\/d0f013b8388c980665d44009ab762960\"},\"headline\":\"O Parlamento pide fomentar, en colaboraci\u00f3n cos concellos, medidas e programas de conciliaci\u00f3n e corresponsabilidade para fomentar a igualdade entre homes e mulleres\",\"datePublished\":\"2019-02-27T10:38:42+00:00\",\"mainEntityOfPage\":{\"@id\":\"https:\\\/\\\/ppdegalicia.com\\\/es\\\/o-parlamento-pide-fomentar-en-colaboracion-cos-concellos-medidas-e-programas-de-conciliacion-e-corresponsabilidade-para-fomentar-a-igualdade-entre-homes-e-mulleres\\\/\"},\"wordCount\":433,\"commentCount\":0,\"publisher\":{\"@id\":\"https:\\\/\\\/ppdegalicia.com\\\/es\\\/#organization\"},\"articleSection\":[\"PP de Galicia\"],\"inLanguage\":\"es\",\"potentialAction\":[{\"@type\":\"CommentAction\",\"name\":\"Comment\",\"target\":[\"https:\\\/\\\/ppdegalicia.com\\\/es\\\/o-parlamento-pide-fomentar-en-colaboracion-cos-concellos-medidas-e-programas-de-conciliacion-e-corresponsabilidade-para-fomentar-a-igualdade-entre-homes-e-mulleres\\\/#respond\"]}]},{\"@type\":\"WebPage\",\"@id\":\"https:\\\/\\\/ppdegalicia.com\\\/es\\\/o-parlamento-pide-fomentar-en-colaboracion-cos-concellos-medidas-e-programas-de-conciliacion-e-corresponsabilidade-para-fomentar-a-igualdade-entre-homes-e-mulleres\\\/\",\"url\":\"https:\\\/\\\/ppdegalicia.com\\\/es\\\/o-parlamento-pide-fomentar-en-colaboracion-cos-concellos-medidas-e-programas-de-conciliacion-e-corresponsabilidade-para-fomentar-a-igualdade-entre-homes-e-mulleres\\\/\",\"name\":\"O Parlamento pide fomentar, en colaboraci\u00f3n cos concellos, medidas e programas de conciliaci\u00f3n e corresponsabilidade para fomentar a igualdade entre homes e mulleres - PP de Galicia\",\"isPartOf\":{\"@id\":\"https:\\\/\\\/ppdegalicia.com\\\/es\\\/#website\"},\"datePublished\":\"2019-02-27T10:38:42+00:00\",\"breadcrumb\":{\"@id\":\"https:\\\/\\\/ppdegalicia.com\\\/es\\\/o-parlamento-pide-fomentar-en-colaboracion-cos-concellos-medidas-e-programas-de-conciliacion-e-corresponsabilidade-para-fomentar-a-igualdade-entre-homes-e-mulleres\\\/#breadcrumb\"},\"inLanguage\":\"es\",\"potentialAction\":[{\"@type\":\"ReadAction\",\"target\":[\"https:\\\/\\\/ppdegalicia.com\\\/es\\\/o-parlamento-pide-fomentar-en-colaboracion-cos-concellos-medidas-e-programas-de-conciliacion-e-corresponsabilidade-para-fomentar-a-igualdade-entre-homes-e-mulleres\\\/\"]}]},{\"@type\":\"BreadcrumbList\",\"@id\":\"https:\\\/\\\/ppdegalicia.com\\\/es\\\/o-parlamento-pide-fomentar-en-colaboracion-cos-concellos-medidas-e-programas-de-conciliacion-e-corresponsabilidade-para-fomentar-a-igualdade-entre-homes-e-mulleres\\\/#breadcrumb\",\"itemListElement\":[{\"@type\":\"ListItem\",\"position\":1,\"name\":\"Portada\",\"item\":\"https:\\\/\\\/ppdegalicia.com\\\/es\\\/\"},{\"@type\":\"ListItem\",\"position\":2,\"name\":\"O Parlamento pide fomentar, en colaboraci\u00f3n cos concellos, medidas e programas de conciliaci\u00f3n e corresponsabilidade para fomentar a igualdade entre homes e mulleres\"}]},{\"@type\":\"WebSite\",\"@id\":\"https:\\\/\\\/ppdegalicia.com\\\/es\\\/#website\",\"url\":\"https:\\\/\\\/ppdegalicia.com\\\/es\\\/\",\"name\":\"Partido Popular de Galicia\",\"description\":\"Partido Popular de Galicia\",\"publisher\":{\"@id\":\"https:\\\/\\\/ppdegalicia.com\\\/es\\\/#organization\"},\"alternateName\":\"PP de Galicia\",\"potentialAction\":[{\"@type\":\"SearchAction\",\"target\":{\"@type\":\"EntryPoint\",\"urlTemplate\":\"https:\\\/\\\/ppdegalicia.com\\\/es\\\/?s={search_term_string}\"},\"query-input\":{\"@type\":\"PropertyValueSpecification\",\"valueRequired\":true,\"valueName\":\"search_term_string\"}}],\"inLanguage\":\"es\"},{\"@type\":\"Organization\",\"@id\":\"https:\\\/\\\/ppdegalicia.com\\\/es\\\/#organization\",\"name\":\"Partido Popular de Galicia\",\"alternateName\":\"PP de Galicia\",\"url\":\"https:\\\/\\\/ppdegalicia.com\\\/es\\\/\",\"logo\":{\"@type\":\"ImageObject\",\"inLanguage\":\"es\",\"@id\":\"https:\\\/\\\/ppdegalicia.com\\\/es\\\/#\\\/schema\\\/logo\\\/image\\\/\",\"url\":\"https:\\\/\\\/ppdegalicia.com\\\/wp-content\\\/uploads\\\/2023\\\/04\\\/logoPP512.png\",\"contentUrl\":\"https:\\\/\\\/ppdegalicia.com\\\/wp-content\\\/uploads\\\/2023\\\/04\\\/logoPP512.png\",\"width\":512,\"height\":512,\"caption\":\"Partido Popular de Galicia\"},\"image\":{\"@id\":\"https:\\\/\\\/ppdegalicia.com\\\/es\\\/#\\\/schema\\\/logo\\\/image\\\/\"},\"sameAs\":[\"https:\\\/\\\/www.instagram.com\\\/ppdegalicia\\\/\",\"https:\\\/\\\/x.com\\\/ppdegalicia\",\"https:\\\/\\\/www.tiktok.com\\\/@ppdegalicia\",\"https:\\\/\\\/www.youtube.com\\\/user\\\/ppdegalicia\"]},{\"@type\":\"Person\",\"@id\":\"https:\\\/\\\/ppdegalicia.com\\\/es\\\/#\\\/schema\\\/person\\\/d0f013b8388c980665d44009ab762960\",\"name\":\"Super User\",\"image\":{\"@type\":\"ImageObject\",\"inLanguage\":\"es\",\"@id\":\"https:\\\/\\\/secure.gravatar.com\\\/avatar\\\/1db852625ef4948f58d2739bfbc51e4b9bd5c93b8fa340b59fdb594ca0845645?s=96&d=mm&r=g\",\"url\":\"https:\\\/\\\/secure.gravatar.com\\\/avatar\\\/1db852625ef4948f58d2739bfbc51e4b9bd5c93b8fa340b59fdb594ca0845645?s=96&d=mm&r=g\",\"contentUrl\":\"https:\\\/\\\/secure.gravatar.com\\\/avatar\\\/1db852625ef4948f58d2739bfbc51e4b9bd5c93b8fa340b59fdb594ca0845645?s=96&d=mm&r=g\",\"caption\":\"Super User\"},\"url\":\"https:\\\/\\\/ppdegalicia.com\\\/es\\\/author\\\/ppdegaliciagestion\\\/\"}]}<\/script>\n<!-- \/ Yoast SEO plugin. -->","yoast_head_json":{"title":"O Parlamento pide fomentar, en colaboraci\u00f3n cos concellos, medidas e programas de conciliaci\u00f3n e corresponsabilidade para fomentar a igualdade entre homes e mulleres - PP de Galicia","robots":{"index":"index","follow":"follow","max-snippet":"max-snippet:-1","max-image-preview":"max-image-preview:large","max-video-preview":"max-video-preview:-1"},"canonical":"https:\/\/ppdegalicia.com\/es\/o-parlamento-pide-fomentar-en-colaboracion-cos-concellos-medidas-e-programas-de-conciliacion-e-corresponsabilidade-para-fomentar-a-igualdade-entre-homes-e-mulleres\/","og_locale":"es_ES","og_type":"article","og_title":"O Parlamento pide fomentar, en colaboraci\u00f3n cos concellos, medidas e programas de conciliaci\u00f3n e corresponsabilidade para fomentar a igualdade entre homes e mulleres - PP de Galicia","og_description":"Santiago, 27 de febreiro de 2019.- O Parlamento galego aprobou hoxe unha proposici\u00f3n non de lei do Grupo Popular a trav\u00e9s da que se insta \u00e1 Xunta a fomentar, en colaboraci\u00f3n coas entidades locais, medidas e programas de conciliaci\u00f3n e corresponsabilidade nos que se incorporen a perspectiva de x\u00e9nero para fomentar a igualdade entre mulleres [&hellip;]","og_url":"https:\/\/ppdegalicia.com\/es\/o-parlamento-pide-fomentar-en-colaboracion-cos-concellos-medidas-e-programas-de-conciliacion-e-corresponsabilidade-para-fomentar-a-igualdade-entre-homes-e-mulleres\/","og_site_name":"PP de Galicia","article_publisher":"https:\/\/www.instagram.com\/ppdegalicia\/","article_published_time":"2019-02-27T10:38:42+00:00","author":"Super User","twitter_card":"summary_large_image","twitter_creator":"@ppdegalicia","twitter_site":"@ppdegalicia","twitter_misc":{"Escrito por":"Super User","Tiempo de lectura":"2 minutos"},"schema":{"@context":"https:\/\/schema.org","@graph":[{"@type":"Article","@id":"https:\/\/ppdegalicia.com\/es\/o-parlamento-pide-fomentar-en-colaboracion-cos-concellos-medidas-e-programas-de-conciliacion-e-corresponsabilidade-para-fomentar-a-igualdade-entre-homes-e-mulleres\/#article","isPartOf":{"@id":"https:\/\/ppdegalicia.com\/es\/o-parlamento-pide-fomentar-en-colaboracion-cos-concellos-medidas-e-programas-de-conciliacion-e-corresponsabilidade-para-fomentar-a-igualdade-entre-homes-e-mulleres\/"},"author":{"name":"Super User","@id":"https:\/\/ppdegalicia.com\/es\/#\/schema\/person\/d0f013b8388c980665d44009ab762960"},"headline":"O Parlamento pide fomentar, en colaboraci\u00f3n cos concellos, medidas e programas de conciliaci\u00f3n e corresponsabilidade para fomentar a igualdade entre homes e mulleres","datePublished":"2019-02-27T10:38:42+00:00","mainEntityOfPage":{"@id":"https:\/\/ppdegalicia.com\/es\/o-parlamento-pide-fomentar-en-colaboracion-cos-concellos-medidas-e-programas-de-conciliacion-e-corresponsabilidade-para-fomentar-a-igualdade-entre-homes-e-mulleres\/"},"wordCount":433,"commentCount":0,"publisher":{"@id":"https:\/\/ppdegalicia.com\/es\/#organization"},"articleSection":["PP de Galicia"],"inLanguage":"es","potentialAction":[{"@type":"CommentAction","name":"Comment","target":["https:\/\/ppdegalicia.com\/es\/o-parlamento-pide-fomentar-en-colaboracion-cos-concellos-medidas-e-programas-de-conciliacion-e-corresponsabilidade-para-fomentar-a-igualdade-entre-homes-e-mulleres\/#respond"]}]},{"@type":"WebPage","@id":"https:\/\/ppdegalicia.com\/es\/o-parlamento-pide-fomentar-en-colaboracion-cos-concellos-medidas-e-programas-de-conciliacion-e-corresponsabilidade-para-fomentar-a-igualdade-entre-homes-e-mulleres\/","url":"https:\/\/ppdegalicia.com\/es\/o-parlamento-pide-fomentar-en-colaboracion-cos-concellos-medidas-e-programas-de-conciliacion-e-corresponsabilidade-para-fomentar-a-igualdade-entre-homes-e-mulleres\/","name":"O Parlamento pide fomentar, en colaboraci\u00f3n cos concellos, medidas e programas de conciliaci\u00f3n e corresponsabilidade para fomentar a igualdade entre homes e mulleres - PP de Galicia","isPartOf":{"@id":"https:\/\/ppdegalicia.com\/es\/#website"},"datePublished":"2019-02-27T10:38:42+00:00","breadcrumb":{"@id":"https:\/\/ppdegalicia.com\/es\/o-parlamento-pide-fomentar-en-colaboracion-cos-concellos-medidas-e-programas-de-conciliacion-e-corresponsabilidade-para-fomentar-a-igualdade-entre-homes-e-mulleres\/#breadcrumb"},"inLanguage":"es","potentialAction":[{"@type":"ReadAction","target":["https:\/\/ppdegalicia.com\/es\/o-parlamento-pide-fomentar-en-colaboracion-cos-concellos-medidas-e-programas-de-conciliacion-e-corresponsabilidade-para-fomentar-a-igualdade-entre-homes-e-mulleres\/"]}]},{"@type":"BreadcrumbList","@id":"https:\/\/ppdegalicia.com\/es\/o-parlamento-pide-fomentar-en-colaboracion-cos-concellos-medidas-e-programas-de-conciliacion-e-corresponsabilidade-para-fomentar-a-igualdade-entre-homes-e-mulleres\/#breadcrumb","itemListElement":[{"@type":"ListItem","position":1,"name":"Portada","item":"https:\/\/ppdegalicia.com\/es\/"},{"@type":"ListItem","position":2,"name":"O Parlamento pide fomentar, en colaboraci\u00f3n cos concellos, medidas e programas de conciliaci\u00f3n e corresponsabilidade para fomentar a igualdade entre homes e mulleres"}]},{"@type":"WebSite","@id":"https:\/\/ppdegalicia.com\/es\/#website","url":"https:\/\/ppdegalicia.com\/es\/","name":"Partido Popular de Galicia","description":"Partido Popular de Galicia","publisher":{"@id":"https:\/\/ppdegalicia.com\/es\/#organization"},"alternateName":"PP de Galicia","potentialAction":[{"@type":"SearchAction","target":{"@type":"EntryPoint","urlTemplate":"https:\/\/ppdegalicia.com\/es\/?s={search_term_string}"},"query-input":{"@type":"PropertyValueSpecification","valueRequired":true,"valueName":"search_term_string"}}],"inLanguage":"es"},{"@type":"Organization","@id":"https:\/\/ppdegalicia.com\/es\/#organization","name":"Partido Popular de Galicia","alternateName":"PP de Galicia","url":"https:\/\/ppdegalicia.com\/es\/","logo":{"@type":"ImageObject","inLanguage":"es","@id":"https:\/\/ppdegalicia.com\/es\/#\/schema\/logo\/image\/","url":"https:\/\/ppdegalicia.com\/wp-content\/uploads\/2023\/04\/logoPP512.png","contentUrl":"https:\/\/ppdegalicia.com\/wp-content\/uploads\/2023\/04\/logoPP512.png","width":512,"height":512,"caption":"Partido Popular de Galicia"},"image":{"@id":"https:\/\/ppdegalicia.com\/es\/#\/schema\/logo\/image\/"},"sameAs":["https:\/\/www.instagram.com\/ppdegalicia\/","https:\/\/x.com\/ppdegalicia","https:\/\/www.tiktok.com\/@ppdegalicia","https:\/\/www.youtube.com\/user\/ppdegalicia"]},{"@type":"Person","@id":"https:\/\/ppdegalicia.com\/es\/#\/schema\/person\/d0f013b8388c980665d44009ab762960","name":"Super User","image":{"@type":"ImageObject","inLanguage":"es","@id":"https:\/\/secure.gravatar.com\/avatar\/1db852625ef4948f58d2739bfbc51e4b9bd5c93b8fa340b59fdb594ca0845645?s=96&d=mm&r=g","url":"https:\/\/secure.gravatar.com\/avatar\/1db852625ef4948f58d2739bfbc51e4b9bd5c93b8fa340b59fdb594ca0845645?s=96&d=mm&r=g","contentUrl":"https:\/\/secure.gravatar.com\/avatar\/1db852625ef4948f58d2739bfbc51e4b9bd5c93b8fa340b59fdb594ca0845645?s=96&d=mm&r=g","caption":"Super User"},"url":"https:\/\/ppdegalicia.com\/es\/author\/ppdegaliciagestion\/"}]}},"_links":{"self":[{"href":"https:\/\/ppdegalicia.com\/es\/wp-json\/wp\/v2\/posts\/52568","targetHints":{"allow":["GET"]}}],"collection":[{"href":"https:\/\/ppdegalicia.com\/es\/wp-json\/wp\/v2\/posts"}],"about":[{"href":"https:\/\/ppdegalicia.com\/es\/wp-json\/wp\/v2\/types\/post"}],"author":[{"embeddable":true,"href":"https:\/\/ppdegalicia.com\/es\/wp-json\/wp\/v2\/users\/37"}],"replies":[{"embeddable":true,"href":"https:\/\/ppdegalicia.com\/es\/wp-json\/wp\/v2\/comments?post=52568"}],"version-history":[{"count":0,"href":"https:\/\/ppdegalicia.com\/es\/wp-json\/wp\/v2\/posts\/52568\/revisions"}],"wp:attachment":[{"href":"https:\/\/ppdegalicia.com\/es\/wp-json\/wp\/v2\/media?parent=52568"}],"wp:term":[{"taxonomy":"category","embeddable":true,"href":"https:\/\/ppdegalicia.com\/es\/wp-json\/wp\/v2\/categories?post=52568"},{"taxonomy":"post_tag","embeddable":true,"href":"https:\/\/ppdegalicia.com\/es\/wp-json\/wp\/v2\/tags?post=52568"}],"curies":[{"name":"wp","href":"https:\/\/api.w.org\/{rel}","templated":true}]}}