{"id":52575,"date":"2019-03-03T14:31:11","date_gmt":"2019-03-03T12:31:11","guid":{"rendered":"https:\/\/ppdegalicia.com\/feijoo-avoga-por-sumarse-a-xente-que-loita-pola-igualdade-e-por-afastarse-daqueles-que-a-usan-como-arma-partidista\/"},"modified":"2019-03-03T14:31:11","modified_gmt":"2019-03-03T12:31:11","slug":"feijoo-avoga-por-sumarse-a-xente-que-loita-pola-igualdade-e-por-afastarse-daqueles-que-a-usan-como-arma-partidista","status":"publish","type":"post","link":"https:\/\/ppdegalicia.com\/es\/feijoo-avoga-por-sumarse-a-xente-que-loita-pola-igualdade-e-por-afastarse-daqueles-que-a-usan-como-arma-partidista\/","title":{"rendered":"Feij\u00f3o avoga por sumarse \u00e1 xente que loita pola igualdade e por afastarse daqueles que a usan como arma partidista"},"content":{"rendered":"<p style=\"text-align: justify;\"><span style=\"text-decoration: underline;\">03, marzo, 2019. <\/span>\u201cEu non quero imitar aos que usan a igualdade como arma partidista, sen\u00f3n que quero sumarme \u00e1 xente que usa todas as armas democr\u00e1ticas para garantir a igualdade real e efectiva\u201d, indicou o presidente do PPdeG, Alberto N\u00fa\u00f1ez Feij\u00f3o, ao tempo que lamentou que se utilice precisamente este tema como un elemento de confrontaci\u00f3n. \u201cNon tratemos a igualdade como unha disputa partidista m\u00e1is. Celebremos o que conseguimos todos xuntos e reivindiquemos o que nos falta por lograr todos xuntos tam\u00e9n\u201d, incidiu.<\/p>\n<p><!--more--><\/p>\n<p style=\"text-align: justify;\">Remarcou que a igualdade \u00e9 responsabilidade de todos, de homes e mulleres, e na que os partidos pol\u00edticos te\u00f1en tam\u00e9n o seu papel que cumprir para que non se desande o cami\u00f1o e se siga subindo, chanzo a chanzo, ata a plena igualdade. Neste punto, avogou por traballar da man para que as mulleres te\u00f1an, en todos os eidos e todos os d\u00edas, os mesmos dereitos, incentivos e reco\u00f1ecemento que os homes.<\/p>\n<p>&nbsp;<\/p>\n<p style=\"text-align: justify;\"><strong>UN D\u00cdA PARA CELEBRAR E REIVINDICAR <\/strong><\/p>\n<p style=\"text-align: justify;\">Feij\u00f3o apuntou que, para a maior\u00eda, o D\u00eda Internacional da Muller non \u00e9 unha xornada nin un asunto para rivalizar, sen\u00f3n para debater e propo\u00f1er conxuntamente. \u00c9 por iso polo que apelou \u00e1 necesidade de valorar todos os avances logrados en materia de igualdade e de celebrar desde a unidade cada paso adiante.<\/p>\n<p>&nbsp;<\/p>\n<p style=\"text-align: justify;\">As\u00ed, dixo que carece de sentido afirmar que unhas mulleres defenden mellor a igualdade que outras s\u00f3 polo feito de formar parte dun partido pol\u00edtico. \u201cCando Galicia avanza en igualdade, avanzamos todas e todos, sen siglas\u201d, salientou o l\u00edder do PPdeG, quen indicou que sentirse parte dese logro colectivo \u00e9 o que ten que animar a continuar a loitas das nosas avoas e das nosas nais.<\/p>\n<p>&nbsp;<\/p>\n<p style=\"text-align: justify;\">Para Feij\u00f3o, a defensa da igualdade non se fai s\u00f3 o 8 de marzo, sen\u00f3n todos os d\u00edas do ano; e dixo que o PPdeG non se conforma con que cada vez haxa m\u00e1is mulleres traballando nin con que as galegas estean en mellores condici\u00f3ns laborais que o resto das espa\u00f1olas; nin con que os mozos e as mozas galegas te\u00f1an unha materia sobre educaci\u00f3n en igualdade nas escolas que antes non ti\u00f1an; nin con que en Galicia haxa m\u00e1is opci\u00f3ns de conciliaci\u00f3n que antes; nin con que se incremente a presenza feminina na ciencia e en postos de relevancia; nin con que as v\u00edtimas de x\u00e9nero te\u00f1an recursos xur\u00eddicos, econ\u00f3micos, psicol\u00f3xicos para facer fronte ao seu drama persoal; ou con que hoxe Galicia te\u00f1a o maior presuposto en igualdade da s\u00faa historia. \u201cHoxe estamos aqu\u00ed para dicir igualdade real e efectiva, si; discriminaci\u00f3n e machismo, non\u201d, salientou.<\/p>\n<p>&nbsp;<\/p>\n<p style=\"text-align: justify;\"><strong>A IGUALDADE, UNHA TAREFA DE MULLERES E HOMES<\/strong><\/p>\n<p style=\"text-align: justify;\">Durante o acto conmemorativo que os populares galegos celebraron con motivo do D\u00eda Internacional da Muller, \u2018Por unha Galicia en igualdade\u2019, Feij\u00f3o fixo especial fincap\u00e9 en que \u00e1 hora de falar de igualdade \u201cning\u00fan home debe calar ante a discriminaci\u00f3n da muller nin debe conformarse cos avances logrados para ela nin tampouco debe renunciar a loitar con todas as mulleres\u201d.<\/p>\n<p>&nbsp;<\/p>\n<p style=\"text-align: justify;\">O l\u00edder do PPdeG recordou que grazas a mulleres como Rosal\u00eda de Castro, Concepci\u00f3n Arenal, Emilia Pardo Baz\u00e1n, Mar\u00eda Josefa Wonenburger, as\u00ed como tam\u00e9n a miles de mulleres an\u00f3nimas, que reclamaron xustiza, rompeuse un tempo longo de silencio sen voces que defenderan a igualdade. Dixo, pois, que a igualdade e a defensa dos dereitos das mulleres \u00e9 un anhelo e unha tarefa compartida entre mulleres e homes; unha loita que convoca a todos, porque en cada desigualdade que persiste, os homes tam\u00e9n se deben sentir agredidos; e porque estes te\u00f1en a s\u00faa cota de responsabilidade \u00e1 hora de que se acade a plena igualdade.<\/p>\n<p>&nbsp;<\/p>\n<p style=\"text-align: justify;\">Para Feij\u00f3o, \u201chaber\u00eda moit\u00edsima m\u00e1is igualdade\u201d se ning\u00fan home mirase de forma estra\u00f1a cando unha muller decide libremente dedicarse a unha profesi\u00f3n na que historicamente hai m\u00e1is var\u00f3ns; se ning\u00fan home fixese ning\u00fan comentario machista; se sa\u00edse voluntariamente de todos os homes o reparto das tarefas no fogar ou do coidado dos fillos. \u201cE, por suposto, hai m\u00e1is igualdade cando unha v\u00edtima da violencia machista denuncia ao seu agresor; pero haber\u00eda moit\u00edsima m\u00e1is igualdade se a ning\u00fan home se lle pasase pola cabeza levantarlle nunca a man a ningunha muller\u201d, engadiu.<\/p>\n<p>&nbsp;<\/p>\n<p style=\"text-align: justify;\"><strong>IGUALDADE \u00c9 FALAR DE LIBERDADE<\/strong><\/p>\n<p style=\"text-align: justify;\">Tal e como subli\u00f1ou Feij\u00f3o, falar de igualdade \u00e9 falar tam\u00e9n de liberdade para que as mulleres sexan o que queiran ser \u201csen estereotipos, sen cors\u00e9s, sen obst\u00e1culos e sen m\u00e1is impedimento que o seu propio desexo e a s\u00faa propia aspiraci\u00f3n\u201d. \u00c9 por iso que dixo que ningu\u00e9n ten dereito a dicirlle a unha muller \u201cse \u00e9 mellor ser profesional dun sector ou doutro; se \u00e9 mellor ser profesional e nai ou s\u00f3 profesional ou s\u00f3 nai; ou se \u00e9 mellor defender a igualdade nunha folga, nun paro, nunha concentraci\u00f3n ou traballando\u201d. \u201cO oito de marzo \u2013continuou- cada muller ten dereito a reivindicar a igualdade real e efectiva como lle pete\u201d.<\/p>\n<p>&nbsp;<\/p>\n<p style=\"text-align: justify;\">Durante o acto, os populares galegos, a trav\u00e9s de Tamara Granja S\u00e1nchez \u2013a afiliada m\u00e1is recente-, fixeron entrega dunha placa conmemorativa \u2013\u2018Das galegas de hoxe \u00e1s galegas de sempre\u2019- a Julia L\u00f3pez Varela, unha afiliada de 88 anos, que a recolleu en representaci\u00f3n de todas as mulleres que se afiliaron ao PPdeG hai moito tempo.<\/p>\n","protected":false},"excerpt":{"rendered":"<p>03, marzo, 2019. \u201cEu non quero imitar aos que usan a igualdade como arma partidista, sen\u00f3n que quero sumarme \u00e1 xente que usa todas as armas democr\u00e1ticas para garantir a igualdade real e efectiva\u201d, indicou o presidente do PPdeG, Alberto N\u00fa\u00f1ez Feij\u00f3o, ao tempo que lamentou que se utilice precisamente este tema como un elemento [&hellip;]<\/p>\n","protected":false},"author":37,"featured_media":0,"comment_status":"open","ping_status":"open","sticky":false,"template":"","format":"standard","meta":{"_acf_changed":false,"footnotes":""},"categories":[1],"tags":[],"class_list":["post-52575","post","type-post","status-publish","format-standard","hentry","category-pp-de-galicia"],"acf":[],"yoast_head":"<!-- This site is optimized with the Yoast SEO plugin v27.3 - https:\/\/yoast.com\/product\/yoast-seo-wordpress\/ -->\n<title>Feij\u00f3o avoga por sumarse \u00e1 xente que loita pola igualdade e por afastarse daqueles que a usan como arma partidista - PP de Galicia<\/title>\n<meta name=\"robots\" content=\"index, follow, max-snippet:-1, max-image-preview:large, max-video-preview:-1\" \/>\n<link rel=\"canonical\" href=\"https:\/\/ppdegalicia.com\/es\/feijoo-avoga-por-sumarse-a-xente-que-loita-pola-igualdade-e-por-afastarse-daqueles-que-a-usan-como-arma-partidista\/\" \/>\n<meta property=\"og:locale\" content=\"es_ES\" \/>\n<meta property=\"og:type\" content=\"article\" \/>\n<meta property=\"og:title\" content=\"Feij\u00f3o avoga por sumarse \u00e1 xente que loita pola igualdade e por afastarse daqueles que a usan como arma partidista - PP de Galicia\" \/>\n<meta property=\"og:description\" content=\"03, marzo, 2019. \u201cEu non quero imitar aos que usan a igualdade como arma partidista, sen\u00f3n que quero sumarme \u00e1 xente que usa todas as armas democr\u00e1ticas para garantir a igualdade real e efectiva\u201d, indicou o presidente do PPdeG, Alberto N\u00fa\u00f1ez Feij\u00f3o, ao tempo que lamentou que se utilice precisamente este tema como un elemento [&hellip;]\" \/>\n<meta property=\"og:url\" content=\"https:\/\/ppdegalicia.com\/es\/feijoo-avoga-por-sumarse-a-xente-que-loita-pola-igualdade-e-por-afastarse-daqueles-que-a-usan-como-arma-partidista\/\" \/>\n<meta property=\"og:site_name\" content=\"PP de Galicia\" \/>\n<meta property=\"article:publisher\" content=\"https:\/\/www.instagram.com\/ppdegalicia\/\" \/>\n<meta property=\"article:published_time\" content=\"2019-03-03T12:31:11+00:00\" \/>\n<meta name=\"author\" content=\"Super User\" \/>\n<meta name=\"twitter:card\" content=\"summary_large_image\" \/>\n<meta name=\"twitter:creator\" content=\"@ppdegalicia\" \/>\n<meta name=\"twitter:site\" content=\"@ppdegalicia\" \/>\n<meta name=\"twitter:label1\" content=\"Escrito por\" \/>\n\t<meta name=\"twitter:data1\" content=\"Super User\" \/>\n\t<meta name=\"twitter:label2\" content=\"Tiempo de lectura\" \/>\n\t<meta name=\"twitter:data2\" content=\"5 minutos\" \/>\n<script type=\"application\/ld+json\" class=\"yoast-schema-graph\">{\"@context\":\"https:\\\/\\\/schema.org\",\"@graph\":[{\"@type\":\"Article\",\"@id\":\"https:\\\/\\\/ppdegalicia.com\\\/es\\\/feijoo-avoga-por-sumarse-a-xente-que-loita-pola-igualdade-e-por-afastarse-daqueles-que-a-usan-como-arma-partidista\\\/#article\",\"isPartOf\":{\"@id\":\"https:\\\/\\\/ppdegalicia.com\\\/es\\\/feijoo-avoga-por-sumarse-a-xente-que-loita-pola-igualdade-e-por-afastarse-daqueles-que-a-usan-como-arma-partidista\\\/\"},\"author\":{\"name\":\"Super User\",\"@id\":\"https:\\\/\\\/ppdegalicia.com\\\/es\\\/#\\\/schema\\\/person\\\/d0f013b8388c980665d44009ab762960\"},\"headline\":\"Feij\u00f3o avoga por sumarse \u00e1 xente que loita pola igualdade e por afastarse daqueles que a usan como arma partidista\",\"datePublished\":\"2019-03-03T12:31:11+00:00\",\"mainEntityOfPage\":{\"@id\":\"https:\\\/\\\/ppdegalicia.com\\\/es\\\/feijoo-avoga-por-sumarse-a-xente-que-loita-pola-igualdade-e-por-afastarse-daqueles-que-a-usan-como-arma-partidista\\\/\"},\"wordCount\":964,\"commentCount\":0,\"publisher\":{\"@id\":\"https:\\\/\\\/ppdegalicia.com\\\/es\\\/#organization\"},\"articleSection\":[\"PP de Galicia\"],\"inLanguage\":\"es\",\"potentialAction\":[{\"@type\":\"CommentAction\",\"name\":\"Comment\",\"target\":[\"https:\\\/\\\/ppdegalicia.com\\\/es\\\/feijoo-avoga-por-sumarse-a-xente-que-loita-pola-igualdade-e-por-afastarse-daqueles-que-a-usan-como-arma-partidista\\\/#respond\"]}]},{\"@type\":\"WebPage\",\"@id\":\"https:\\\/\\\/ppdegalicia.com\\\/es\\\/feijoo-avoga-por-sumarse-a-xente-que-loita-pola-igualdade-e-por-afastarse-daqueles-que-a-usan-como-arma-partidista\\\/\",\"url\":\"https:\\\/\\\/ppdegalicia.com\\\/es\\\/feijoo-avoga-por-sumarse-a-xente-que-loita-pola-igualdade-e-por-afastarse-daqueles-que-a-usan-como-arma-partidista\\\/\",\"name\":\"Feij\u00f3o avoga por sumarse \u00e1 xente que loita pola igualdade e por afastarse daqueles que a usan como arma partidista - PP de Galicia\",\"isPartOf\":{\"@id\":\"https:\\\/\\\/ppdegalicia.com\\\/es\\\/#website\"},\"datePublished\":\"2019-03-03T12:31:11+00:00\",\"breadcrumb\":{\"@id\":\"https:\\\/\\\/ppdegalicia.com\\\/es\\\/feijoo-avoga-por-sumarse-a-xente-que-loita-pola-igualdade-e-por-afastarse-daqueles-que-a-usan-como-arma-partidista\\\/#breadcrumb\"},\"inLanguage\":\"es\",\"potentialAction\":[{\"@type\":\"ReadAction\",\"target\":[\"https:\\\/\\\/ppdegalicia.com\\\/es\\\/feijoo-avoga-por-sumarse-a-xente-que-loita-pola-igualdade-e-por-afastarse-daqueles-que-a-usan-como-arma-partidista\\\/\"]}]},{\"@type\":\"BreadcrumbList\",\"@id\":\"https:\\\/\\\/ppdegalicia.com\\\/es\\\/feijoo-avoga-por-sumarse-a-xente-que-loita-pola-igualdade-e-por-afastarse-daqueles-que-a-usan-como-arma-partidista\\\/#breadcrumb\",\"itemListElement\":[{\"@type\":\"ListItem\",\"position\":1,\"name\":\"Portada\",\"item\":\"https:\\\/\\\/ppdegalicia.com\\\/es\\\/\"},{\"@type\":\"ListItem\",\"position\":2,\"name\":\"Feij\u00f3o avoga por sumarse \u00e1 xente que loita pola igualdade e por afastarse daqueles que a usan como arma partidista\"}]},{\"@type\":\"WebSite\",\"@id\":\"https:\\\/\\\/ppdegalicia.com\\\/es\\\/#website\",\"url\":\"https:\\\/\\\/ppdegalicia.com\\\/es\\\/\",\"name\":\"Partido Popular de Galicia\",\"description\":\"Partido Popular de Galicia\",\"publisher\":{\"@id\":\"https:\\\/\\\/ppdegalicia.com\\\/es\\\/#organization\"},\"alternateName\":\"PP de Galicia\",\"potentialAction\":[{\"@type\":\"SearchAction\",\"target\":{\"@type\":\"EntryPoint\",\"urlTemplate\":\"https:\\\/\\\/ppdegalicia.com\\\/es\\\/?s={search_term_string}\"},\"query-input\":{\"@type\":\"PropertyValueSpecification\",\"valueRequired\":true,\"valueName\":\"search_term_string\"}}],\"inLanguage\":\"es\"},{\"@type\":\"Organization\",\"@id\":\"https:\\\/\\\/ppdegalicia.com\\\/es\\\/#organization\",\"name\":\"Partido Popular de Galicia\",\"alternateName\":\"PP de Galicia\",\"url\":\"https:\\\/\\\/ppdegalicia.com\\\/es\\\/\",\"logo\":{\"@type\":\"ImageObject\",\"inLanguage\":\"es\",\"@id\":\"https:\\\/\\\/ppdegalicia.com\\\/es\\\/#\\\/schema\\\/logo\\\/image\\\/\",\"url\":\"https:\\\/\\\/ppdegalicia.com\\\/wp-content\\\/uploads\\\/2023\\\/04\\\/logoPP512.png\",\"contentUrl\":\"https:\\\/\\\/ppdegalicia.com\\\/wp-content\\\/uploads\\\/2023\\\/04\\\/logoPP512.png\",\"width\":512,\"height\":512,\"caption\":\"Partido Popular de Galicia\"},\"image\":{\"@id\":\"https:\\\/\\\/ppdegalicia.com\\\/es\\\/#\\\/schema\\\/logo\\\/image\\\/\"},\"sameAs\":[\"https:\\\/\\\/www.instagram.com\\\/ppdegalicia\\\/\",\"https:\\\/\\\/x.com\\\/ppdegalicia\",\"https:\\\/\\\/www.tiktok.com\\\/@ppdegalicia\",\"https:\\\/\\\/www.youtube.com\\\/user\\\/ppdegalicia\"]},{\"@type\":\"Person\",\"@id\":\"https:\\\/\\\/ppdegalicia.com\\\/es\\\/#\\\/schema\\\/person\\\/d0f013b8388c980665d44009ab762960\",\"name\":\"Super User\",\"image\":{\"@type\":\"ImageObject\",\"inLanguage\":\"es\",\"@id\":\"https:\\\/\\\/secure.gravatar.com\\\/avatar\\\/1db852625ef4948f58d2739bfbc51e4b9bd5c93b8fa340b59fdb594ca0845645?s=96&d=mm&r=g\",\"url\":\"https:\\\/\\\/secure.gravatar.com\\\/avatar\\\/1db852625ef4948f58d2739bfbc51e4b9bd5c93b8fa340b59fdb594ca0845645?s=96&d=mm&r=g\",\"contentUrl\":\"https:\\\/\\\/secure.gravatar.com\\\/avatar\\\/1db852625ef4948f58d2739bfbc51e4b9bd5c93b8fa340b59fdb594ca0845645?s=96&d=mm&r=g\",\"caption\":\"Super User\"},\"url\":\"https:\\\/\\\/ppdegalicia.com\\\/es\\\/author\\\/ppdegaliciagestion\\\/\"}]}<\/script>\n<!-- \/ Yoast SEO plugin. -->","yoast_head_json":{"title":"Feij\u00f3o avoga por sumarse \u00e1 xente que loita pola igualdade e por afastarse daqueles que a usan como arma partidista - PP de Galicia","robots":{"index":"index","follow":"follow","max-snippet":"max-snippet:-1","max-image-preview":"max-image-preview:large","max-video-preview":"max-video-preview:-1"},"canonical":"https:\/\/ppdegalicia.com\/es\/feijoo-avoga-por-sumarse-a-xente-que-loita-pola-igualdade-e-por-afastarse-daqueles-que-a-usan-como-arma-partidista\/","og_locale":"es_ES","og_type":"article","og_title":"Feij\u00f3o avoga por sumarse \u00e1 xente que loita pola igualdade e por afastarse daqueles que a usan como arma partidista - PP de Galicia","og_description":"03, marzo, 2019. \u201cEu non quero imitar aos que usan a igualdade como arma partidista, sen\u00f3n que quero sumarme \u00e1 xente que usa todas as armas democr\u00e1ticas para garantir a igualdade real e efectiva\u201d, indicou o presidente do PPdeG, Alberto N\u00fa\u00f1ez Feij\u00f3o, ao tempo que lamentou que se utilice precisamente este tema como un elemento [&hellip;]","og_url":"https:\/\/ppdegalicia.com\/es\/feijoo-avoga-por-sumarse-a-xente-que-loita-pola-igualdade-e-por-afastarse-daqueles-que-a-usan-como-arma-partidista\/","og_site_name":"PP de Galicia","article_publisher":"https:\/\/www.instagram.com\/ppdegalicia\/","article_published_time":"2019-03-03T12:31:11+00:00","author":"Super User","twitter_card":"summary_large_image","twitter_creator":"@ppdegalicia","twitter_site":"@ppdegalicia","twitter_misc":{"Escrito por":"Super User","Tiempo de lectura":"5 minutos"},"schema":{"@context":"https:\/\/schema.org","@graph":[{"@type":"Article","@id":"https:\/\/ppdegalicia.com\/es\/feijoo-avoga-por-sumarse-a-xente-que-loita-pola-igualdade-e-por-afastarse-daqueles-que-a-usan-como-arma-partidista\/#article","isPartOf":{"@id":"https:\/\/ppdegalicia.com\/es\/feijoo-avoga-por-sumarse-a-xente-que-loita-pola-igualdade-e-por-afastarse-daqueles-que-a-usan-como-arma-partidista\/"},"author":{"name":"Super User","@id":"https:\/\/ppdegalicia.com\/es\/#\/schema\/person\/d0f013b8388c980665d44009ab762960"},"headline":"Feij\u00f3o avoga por sumarse \u00e1 xente que loita pola igualdade e por afastarse daqueles que a usan como arma partidista","datePublished":"2019-03-03T12:31:11+00:00","mainEntityOfPage":{"@id":"https:\/\/ppdegalicia.com\/es\/feijoo-avoga-por-sumarse-a-xente-que-loita-pola-igualdade-e-por-afastarse-daqueles-que-a-usan-como-arma-partidista\/"},"wordCount":964,"commentCount":0,"publisher":{"@id":"https:\/\/ppdegalicia.com\/es\/#organization"},"articleSection":["PP de Galicia"],"inLanguage":"es","potentialAction":[{"@type":"CommentAction","name":"Comment","target":["https:\/\/ppdegalicia.com\/es\/feijoo-avoga-por-sumarse-a-xente-que-loita-pola-igualdade-e-por-afastarse-daqueles-que-a-usan-como-arma-partidista\/#respond"]}]},{"@type":"WebPage","@id":"https:\/\/ppdegalicia.com\/es\/feijoo-avoga-por-sumarse-a-xente-que-loita-pola-igualdade-e-por-afastarse-daqueles-que-a-usan-como-arma-partidista\/","url":"https:\/\/ppdegalicia.com\/es\/feijoo-avoga-por-sumarse-a-xente-que-loita-pola-igualdade-e-por-afastarse-daqueles-que-a-usan-como-arma-partidista\/","name":"Feij\u00f3o avoga por sumarse \u00e1 xente que loita pola igualdade e por afastarse daqueles que a usan como arma partidista - PP de Galicia","isPartOf":{"@id":"https:\/\/ppdegalicia.com\/es\/#website"},"datePublished":"2019-03-03T12:31:11+00:00","breadcrumb":{"@id":"https:\/\/ppdegalicia.com\/es\/feijoo-avoga-por-sumarse-a-xente-que-loita-pola-igualdade-e-por-afastarse-daqueles-que-a-usan-como-arma-partidista\/#breadcrumb"},"inLanguage":"es","potentialAction":[{"@type":"ReadAction","target":["https:\/\/ppdegalicia.com\/es\/feijoo-avoga-por-sumarse-a-xente-que-loita-pola-igualdade-e-por-afastarse-daqueles-que-a-usan-como-arma-partidista\/"]}]},{"@type":"BreadcrumbList","@id":"https:\/\/ppdegalicia.com\/es\/feijoo-avoga-por-sumarse-a-xente-que-loita-pola-igualdade-e-por-afastarse-daqueles-que-a-usan-como-arma-partidista\/#breadcrumb","itemListElement":[{"@type":"ListItem","position":1,"name":"Portada","item":"https:\/\/ppdegalicia.com\/es\/"},{"@type":"ListItem","position":2,"name":"Feij\u00f3o avoga por sumarse \u00e1 xente que loita pola igualdade e por afastarse daqueles que a usan como arma partidista"}]},{"@type":"WebSite","@id":"https:\/\/ppdegalicia.com\/es\/#website","url":"https:\/\/ppdegalicia.com\/es\/","name":"Partido Popular de Galicia","description":"Partido Popular de Galicia","publisher":{"@id":"https:\/\/ppdegalicia.com\/es\/#organization"},"alternateName":"PP de Galicia","potentialAction":[{"@type":"SearchAction","target":{"@type":"EntryPoint","urlTemplate":"https:\/\/ppdegalicia.com\/es\/?s={search_term_string}"},"query-input":{"@type":"PropertyValueSpecification","valueRequired":true,"valueName":"search_term_string"}}],"inLanguage":"es"},{"@type":"Organization","@id":"https:\/\/ppdegalicia.com\/es\/#organization","name":"Partido Popular de Galicia","alternateName":"PP de Galicia","url":"https:\/\/ppdegalicia.com\/es\/","logo":{"@type":"ImageObject","inLanguage":"es","@id":"https:\/\/ppdegalicia.com\/es\/#\/schema\/logo\/image\/","url":"https:\/\/ppdegalicia.com\/wp-content\/uploads\/2023\/04\/logoPP512.png","contentUrl":"https:\/\/ppdegalicia.com\/wp-content\/uploads\/2023\/04\/logoPP512.png","width":512,"height":512,"caption":"Partido Popular de Galicia"},"image":{"@id":"https:\/\/ppdegalicia.com\/es\/#\/schema\/logo\/image\/"},"sameAs":["https:\/\/www.instagram.com\/ppdegalicia\/","https:\/\/x.com\/ppdegalicia","https:\/\/www.tiktok.com\/@ppdegalicia","https:\/\/www.youtube.com\/user\/ppdegalicia"]},{"@type":"Person","@id":"https:\/\/ppdegalicia.com\/es\/#\/schema\/person\/d0f013b8388c980665d44009ab762960","name":"Super User","image":{"@type":"ImageObject","inLanguage":"es","@id":"https:\/\/secure.gravatar.com\/avatar\/1db852625ef4948f58d2739bfbc51e4b9bd5c93b8fa340b59fdb594ca0845645?s=96&d=mm&r=g","url":"https:\/\/secure.gravatar.com\/avatar\/1db852625ef4948f58d2739bfbc51e4b9bd5c93b8fa340b59fdb594ca0845645?s=96&d=mm&r=g","contentUrl":"https:\/\/secure.gravatar.com\/avatar\/1db852625ef4948f58d2739bfbc51e4b9bd5c93b8fa340b59fdb594ca0845645?s=96&d=mm&r=g","caption":"Super User"},"url":"https:\/\/ppdegalicia.com\/es\/author\/ppdegaliciagestion\/"}]}},"_links":{"self":[{"href":"https:\/\/ppdegalicia.com\/es\/wp-json\/wp\/v2\/posts\/52575","targetHints":{"allow":["GET"]}}],"collection":[{"href":"https:\/\/ppdegalicia.com\/es\/wp-json\/wp\/v2\/posts"}],"about":[{"href":"https:\/\/ppdegalicia.com\/es\/wp-json\/wp\/v2\/types\/post"}],"author":[{"embeddable":true,"href":"https:\/\/ppdegalicia.com\/es\/wp-json\/wp\/v2\/users\/37"}],"replies":[{"embeddable":true,"href":"https:\/\/ppdegalicia.com\/es\/wp-json\/wp\/v2\/comments?post=52575"}],"version-history":[{"count":0,"href":"https:\/\/ppdegalicia.com\/es\/wp-json\/wp\/v2\/posts\/52575\/revisions"}],"wp:attachment":[{"href":"https:\/\/ppdegalicia.com\/es\/wp-json\/wp\/v2\/media?parent=52575"}],"wp:term":[{"taxonomy":"category","embeddable":true,"href":"https:\/\/ppdegalicia.com\/es\/wp-json\/wp\/v2\/categories?post=52575"},{"taxonomy":"post_tag","embeddable":true,"href":"https:\/\/ppdegalicia.com\/es\/wp-json\/wp\/v2\/tags?post=52575"}],"curies":[{"name":"wp","href":"https:\/\/api.w.org\/{rel}","templated":true}]}}