{"id":52603,"date":"2019-03-21T11:42:38","date_gmt":"2019-03-21T09:42:38","guid":{"rendered":"https:\/\/ppdegalicia.com\/o-grupo-popular-asegura-que-o-plan-hidroloxico-impide-novas-centrais-hidroelectricas-nos-rios-galegos\/"},"modified":"2019-03-21T11:42:38","modified_gmt":"2019-03-21T09:42:38","slug":"o-grupo-popular-asegura-que-o-plan-hidroloxico-impide-novas-centrais-hidroelectricas-nos-rios-galegos","status":"publish","type":"post","link":"https:\/\/ppdegalicia.com\/es\/o-grupo-popular-asegura-que-o-plan-hidroloxico-impide-novas-centrais-hidroelectricas-nos-rios-galegos\/","title":{"rendered":"O Grupo Popular asegura que o Plan Hidrol\u00f3xico impide novas centrais hidroel\u00e9ctricas nos r\u00edos galegos"},"content":{"rendered":"<div>Santiago, 21 de marzo de 2019.- A portavoz de Enerx\u00eda do Grupo Popular, Marta N\u00f3voa, asegurou hoxe que \u201co Plan Hidrol\u00f3xico vixente establece que non poder\u00e1n ser autorizados novos elementos transversais nos r\u00edos, o que leva consigo que toda solicitude que supo\u00f1a implantaci\u00f3n dun novo obst\u00e1culo nos r\u00edos debe ser denegada, permit\u00edndose unicamente a repotenciaci\u00f3n das centrais hidroel\u00e9ctricas existentes\u201d.<br \/>\n<!--more-->\n<\/div>\n<div>&nbsp;<\/div>\n<div>&nbsp;<\/div>\n<p>&nbsp;<\/p>\n<div>No debate dunha proposici\u00f3n non de lei de En Marea para desenvolver aproveitamentos de mini e micro hidr\u00e1ulica por toda Galicia, Marta N\u00f3voa explicou que esta proposta \u201cnin cumpre co medio ambiente, nin coa lei vixente sobre o plan hidrol\u00f3xico, nin lle sair\u00eda rendible en custes aos posibles beneficiarios, que xa abandonaron anteriores concesi\u00f3ns por escasa produtividade\u201d.<\/div>\n<div>&nbsp;<\/div>\n<div>&nbsp;<\/div>\n<p>&nbsp;<\/p>\n<div>&nbsp;\u201cActualmente, para as concas de Galicia Costa, o Plan Hidrol\u00f3xico impide o outorgamento de novas concesi\u00f3ns que supo\u00f1an a implantaci\u00f3n de novos obst\u00e1culos transversais no leito ou calquera outro elemento que comprometa o mantemento da continuidade lonxitudinal fluvial\u201d, concretou.<\/div>\n<div>&nbsp;<\/div>\n<div>&nbsp;<\/div>\n<p>&nbsp;<\/p>\n<div><strong>NOVAS CONCESI\u00d3NS ADMINISTRATIVAS<\/strong><\/div>\n<div>&nbsp;<\/div>\n<div>&nbsp;<\/div>\n<p>&nbsp;<\/p>\n<div>O portavoz popular explicou que a recuperaci\u00f3n e nova posta en funcionamento das instalaci\u00f3ns que viron extinguida a s\u00faa concesi\u00f3n, na meirande parte dos casos por caducidade pola interrupci\u00f3n permanente da explotaci\u00f3n durante tres anos consecutivos por causas imputables ao titular concesional, \u201cter\u00eda que realizarse a trav\u00e9s do outorgamento dunha nova concesi\u00f3n administrativa\u201d.<\/div>\n<div>&nbsp;<\/div>\n<div>&nbsp;<\/div>\n<p>\u201cEste outorgamento non se producir\u00eda automaticamente, sen\u00f3n que estar\u00eda suxeito a un procedemento administrativo limitado tanto polo principio da libre competencia como por unha serie de condicionantes e postulados t\u00e9cnicos, sometidos a un f\u00e9rreo control por parte da Administraci\u00f3n\u201d, indicou.<\/p>\n","protected":false},"excerpt":{"rendered":"<p>Santiago, 21 de marzo de 2019.- A portavoz de Enerx\u00eda do Grupo Popular, Marta N\u00f3voa, asegurou hoxe que \u201co Plan Hidrol\u00f3xico vixente establece que non poder\u00e1n ser autorizados novos elementos transversais nos r\u00edos, o que leva consigo que toda solicitude que supo\u00f1a implantaci\u00f3n dun novo obst\u00e1culo nos r\u00edos debe ser denegada, permit\u00edndose unicamente a repotenciaci\u00f3n [&hellip;]<\/p>\n","protected":false},"author":37,"featured_media":0,"comment_status":"open","ping_status":"open","sticky":false,"template":"","format":"standard","meta":{"_acf_changed":false,"footnotes":""},"categories":[1],"tags":[],"class_list":["post-52603","post","type-post","status-publish","format-standard","hentry","category-pp-de-galicia"],"acf":[],"yoast_head":"<!-- This site is optimized with the Yoast SEO plugin v27.3 - https:\/\/yoast.com\/product\/yoast-seo-wordpress\/ -->\n<title>O Grupo Popular asegura que o Plan Hidrol\u00f3xico impide novas centrais hidroel\u00e9ctricas nos r\u00edos galegos - PP de Galicia<\/title>\n<meta name=\"robots\" content=\"index, follow, max-snippet:-1, max-image-preview:large, max-video-preview:-1\" \/>\n<link rel=\"canonical\" href=\"https:\/\/ppdegalicia.com\/es\/o-grupo-popular-asegura-que-o-plan-hidroloxico-impide-novas-centrais-hidroelectricas-nos-rios-galegos\/\" \/>\n<meta property=\"og:locale\" content=\"es_ES\" \/>\n<meta property=\"og:type\" content=\"article\" \/>\n<meta property=\"og:title\" content=\"O Grupo Popular asegura que o Plan Hidrol\u00f3xico impide novas centrais hidroel\u00e9ctricas nos r\u00edos galegos - PP de Galicia\" \/>\n<meta property=\"og:description\" content=\"Santiago, 21 de marzo de 2019.- A portavoz de Enerx\u00eda do Grupo Popular, Marta N\u00f3voa, asegurou hoxe que \u201co Plan Hidrol\u00f3xico vixente establece que non poder\u00e1n ser autorizados novos elementos transversais nos r\u00edos, o que leva consigo que toda solicitude que supo\u00f1a implantaci\u00f3n dun novo obst\u00e1culo nos r\u00edos debe ser denegada, permit\u00edndose unicamente a repotenciaci\u00f3n [&hellip;]\" \/>\n<meta property=\"og:url\" content=\"https:\/\/ppdegalicia.com\/es\/o-grupo-popular-asegura-que-o-plan-hidroloxico-impide-novas-centrais-hidroelectricas-nos-rios-galegos\/\" \/>\n<meta property=\"og:site_name\" content=\"PP de Galicia\" \/>\n<meta property=\"article:publisher\" content=\"https:\/\/www.instagram.com\/ppdegalicia\/\" \/>\n<meta property=\"article:published_time\" content=\"2019-03-21T09:42:38+00:00\" \/>\n<meta name=\"author\" content=\"Super User\" \/>\n<meta name=\"twitter:card\" content=\"summary_large_image\" \/>\n<meta name=\"twitter:creator\" content=\"@ppdegalicia\" \/>\n<meta name=\"twitter:site\" content=\"@ppdegalicia\" \/>\n<meta name=\"twitter:label1\" content=\"Escrito por\" \/>\n\t<meta name=\"twitter:data1\" content=\"Super User\" \/>\n\t<meta name=\"twitter:label2\" content=\"Tiempo de lectura\" \/>\n\t<meta name=\"twitter:data2\" content=\"2 minutos\" \/>\n<script type=\"application\/ld+json\" class=\"yoast-schema-graph\">{\"@context\":\"https:\\\/\\\/schema.org\",\"@graph\":[{\"@type\":\"Article\",\"@id\":\"https:\\\/\\\/ppdegalicia.com\\\/es\\\/o-grupo-popular-asegura-que-o-plan-hidroloxico-impide-novas-centrais-hidroelectricas-nos-rios-galegos\\\/#article\",\"isPartOf\":{\"@id\":\"https:\\\/\\\/ppdegalicia.com\\\/es\\\/o-grupo-popular-asegura-que-o-plan-hidroloxico-impide-novas-centrais-hidroelectricas-nos-rios-galegos\\\/\"},\"author\":{\"name\":\"Super User\",\"@id\":\"https:\\\/\\\/ppdegalicia.com\\\/es\\\/#\\\/schema\\\/person\\\/d0f013b8388c980665d44009ab762960\"},\"headline\":\"O Grupo Popular asegura que o Plan Hidrol\u00f3xico impide novas centrais hidroel\u00e9ctricas nos r\u00edos galegos\",\"datePublished\":\"2019-03-21T09:42:38+00:00\",\"mainEntityOfPage\":{\"@id\":\"https:\\\/\\\/ppdegalicia.com\\\/es\\\/o-grupo-popular-asegura-que-o-plan-hidroloxico-impide-novas-centrais-hidroelectricas-nos-rios-galegos\\\/\"},\"wordCount\":322,\"commentCount\":0,\"publisher\":{\"@id\":\"https:\\\/\\\/ppdegalicia.com\\\/es\\\/#organization\"},\"articleSection\":[\"PP de Galicia\"],\"inLanguage\":\"es\",\"potentialAction\":[{\"@type\":\"CommentAction\",\"name\":\"Comment\",\"target\":[\"https:\\\/\\\/ppdegalicia.com\\\/es\\\/o-grupo-popular-asegura-que-o-plan-hidroloxico-impide-novas-centrais-hidroelectricas-nos-rios-galegos\\\/#respond\"]}]},{\"@type\":\"WebPage\",\"@id\":\"https:\\\/\\\/ppdegalicia.com\\\/es\\\/o-grupo-popular-asegura-que-o-plan-hidroloxico-impide-novas-centrais-hidroelectricas-nos-rios-galegos\\\/\",\"url\":\"https:\\\/\\\/ppdegalicia.com\\\/es\\\/o-grupo-popular-asegura-que-o-plan-hidroloxico-impide-novas-centrais-hidroelectricas-nos-rios-galegos\\\/\",\"name\":\"O Grupo Popular asegura que o Plan Hidrol\u00f3xico impide novas centrais hidroel\u00e9ctricas nos r\u00edos galegos - PP de Galicia\",\"isPartOf\":{\"@id\":\"https:\\\/\\\/ppdegalicia.com\\\/es\\\/#website\"},\"datePublished\":\"2019-03-21T09:42:38+00:00\",\"breadcrumb\":{\"@id\":\"https:\\\/\\\/ppdegalicia.com\\\/es\\\/o-grupo-popular-asegura-que-o-plan-hidroloxico-impide-novas-centrais-hidroelectricas-nos-rios-galegos\\\/#breadcrumb\"},\"inLanguage\":\"es\",\"potentialAction\":[{\"@type\":\"ReadAction\",\"target\":[\"https:\\\/\\\/ppdegalicia.com\\\/es\\\/o-grupo-popular-asegura-que-o-plan-hidroloxico-impide-novas-centrais-hidroelectricas-nos-rios-galegos\\\/\"]}]},{\"@type\":\"BreadcrumbList\",\"@id\":\"https:\\\/\\\/ppdegalicia.com\\\/es\\\/o-grupo-popular-asegura-que-o-plan-hidroloxico-impide-novas-centrais-hidroelectricas-nos-rios-galegos\\\/#breadcrumb\",\"itemListElement\":[{\"@type\":\"ListItem\",\"position\":1,\"name\":\"Portada\",\"item\":\"https:\\\/\\\/ppdegalicia.com\\\/es\\\/\"},{\"@type\":\"ListItem\",\"position\":2,\"name\":\"O Grupo Popular asegura que o Plan Hidrol\u00f3xico impide novas centrais hidroel\u00e9ctricas nos r\u00edos galegos\"}]},{\"@type\":\"WebSite\",\"@id\":\"https:\\\/\\\/ppdegalicia.com\\\/es\\\/#website\",\"url\":\"https:\\\/\\\/ppdegalicia.com\\\/es\\\/\",\"name\":\"Partido Popular de Galicia\",\"description\":\"Partido Popular de Galicia\",\"publisher\":{\"@id\":\"https:\\\/\\\/ppdegalicia.com\\\/es\\\/#organization\"},\"alternateName\":\"PP de Galicia\",\"potentialAction\":[{\"@type\":\"SearchAction\",\"target\":{\"@type\":\"EntryPoint\",\"urlTemplate\":\"https:\\\/\\\/ppdegalicia.com\\\/es\\\/?s={search_term_string}\"},\"query-input\":{\"@type\":\"PropertyValueSpecification\",\"valueRequired\":true,\"valueName\":\"search_term_string\"}}],\"inLanguage\":\"es\"},{\"@type\":\"Organization\",\"@id\":\"https:\\\/\\\/ppdegalicia.com\\\/es\\\/#organization\",\"name\":\"Partido Popular de Galicia\",\"alternateName\":\"PP de Galicia\",\"url\":\"https:\\\/\\\/ppdegalicia.com\\\/es\\\/\",\"logo\":{\"@type\":\"ImageObject\",\"inLanguage\":\"es\",\"@id\":\"https:\\\/\\\/ppdegalicia.com\\\/es\\\/#\\\/schema\\\/logo\\\/image\\\/\",\"url\":\"https:\\\/\\\/ppdegalicia.com\\\/wp-content\\\/uploads\\\/2023\\\/04\\\/logoPP512.png\",\"contentUrl\":\"https:\\\/\\\/ppdegalicia.com\\\/wp-content\\\/uploads\\\/2023\\\/04\\\/logoPP512.png\",\"width\":512,\"height\":512,\"caption\":\"Partido Popular de Galicia\"},\"image\":{\"@id\":\"https:\\\/\\\/ppdegalicia.com\\\/es\\\/#\\\/schema\\\/logo\\\/image\\\/\"},\"sameAs\":[\"https:\\\/\\\/www.instagram.com\\\/ppdegalicia\\\/\",\"https:\\\/\\\/x.com\\\/ppdegalicia\",\"https:\\\/\\\/www.tiktok.com\\\/@ppdegalicia\",\"https:\\\/\\\/www.youtube.com\\\/user\\\/ppdegalicia\"]},{\"@type\":\"Person\",\"@id\":\"https:\\\/\\\/ppdegalicia.com\\\/es\\\/#\\\/schema\\\/person\\\/d0f013b8388c980665d44009ab762960\",\"name\":\"Super User\",\"image\":{\"@type\":\"ImageObject\",\"inLanguage\":\"es\",\"@id\":\"https:\\\/\\\/secure.gravatar.com\\\/avatar\\\/1db852625ef4948f58d2739bfbc51e4b9bd5c93b8fa340b59fdb594ca0845645?s=96&d=mm&r=g\",\"url\":\"https:\\\/\\\/secure.gravatar.com\\\/avatar\\\/1db852625ef4948f58d2739bfbc51e4b9bd5c93b8fa340b59fdb594ca0845645?s=96&d=mm&r=g\",\"contentUrl\":\"https:\\\/\\\/secure.gravatar.com\\\/avatar\\\/1db852625ef4948f58d2739bfbc51e4b9bd5c93b8fa340b59fdb594ca0845645?s=96&d=mm&r=g\",\"caption\":\"Super User\"},\"url\":\"https:\\\/\\\/ppdegalicia.com\\\/es\\\/author\\\/ppdegaliciagestion\\\/\"}]}<\/script>\n<!-- \/ Yoast SEO plugin. -->","yoast_head_json":{"title":"O Grupo Popular asegura que o Plan Hidrol\u00f3xico impide novas centrais hidroel\u00e9ctricas nos r\u00edos galegos - PP de Galicia","robots":{"index":"index","follow":"follow","max-snippet":"max-snippet:-1","max-image-preview":"max-image-preview:large","max-video-preview":"max-video-preview:-1"},"canonical":"https:\/\/ppdegalicia.com\/es\/o-grupo-popular-asegura-que-o-plan-hidroloxico-impide-novas-centrais-hidroelectricas-nos-rios-galegos\/","og_locale":"es_ES","og_type":"article","og_title":"O Grupo Popular asegura que o Plan Hidrol\u00f3xico impide novas centrais hidroel\u00e9ctricas nos r\u00edos galegos - PP de Galicia","og_description":"Santiago, 21 de marzo de 2019.- A portavoz de Enerx\u00eda do Grupo Popular, Marta N\u00f3voa, asegurou hoxe que \u201co Plan Hidrol\u00f3xico vixente establece que non poder\u00e1n ser autorizados novos elementos transversais nos r\u00edos, o que leva consigo que toda solicitude que supo\u00f1a implantaci\u00f3n dun novo obst\u00e1culo nos r\u00edos debe ser denegada, permit\u00edndose unicamente a repotenciaci\u00f3n [&hellip;]","og_url":"https:\/\/ppdegalicia.com\/es\/o-grupo-popular-asegura-que-o-plan-hidroloxico-impide-novas-centrais-hidroelectricas-nos-rios-galegos\/","og_site_name":"PP de Galicia","article_publisher":"https:\/\/www.instagram.com\/ppdegalicia\/","article_published_time":"2019-03-21T09:42:38+00:00","author":"Super User","twitter_card":"summary_large_image","twitter_creator":"@ppdegalicia","twitter_site":"@ppdegalicia","twitter_misc":{"Escrito por":"Super User","Tiempo de lectura":"2 minutos"},"schema":{"@context":"https:\/\/schema.org","@graph":[{"@type":"Article","@id":"https:\/\/ppdegalicia.com\/es\/o-grupo-popular-asegura-que-o-plan-hidroloxico-impide-novas-centrais-hidroelectricas-nos-rios-galegos\/#article","isPartOf":{"@id":"https:\/\/ppdegalicia.com\/es\/o-grupo-popular-asegura-que-o-plan-hidroloxico-impide-novas-centrais-hidroelectricas-nos-rios-galegos\/"},"author":{"name":"Super User","@id":"https:\/\/ppdegalicia.com\/es\/#\/schema\/person\/d0f013b8388c980665d44009ab762960"},"headline":"O Grupo Popular asegura que o Plan Hidrol\u00f3xico impide novas centrais hidroel\u00e9ctricas nos r\u00edos galegos","datePublished":"2019-03-21T09:42:38+00:00","mainEntityOfPage":{"@id":"https:\/\/ppdegalicia.com\/es\/o-grupo-popular-asegura-que-o-plan-hidroloxico-impide-novas-centrais-hidroelectricas-nos-rios-galegos\/"},"wordCount":322,"commentCount":0,"publisher":{"@id":"https:\/\/ppdegalicia.com\/es\/#organization"},"articleSection":["PP de Galicia"],"inLanguage":"es","potentialAction":[{"@type":"CommentAction","name":"Comment","target":["https:\/\/ppdegalicia.com\/es\/o-grupo-popular-asegura-que-o-plan-hidroloxico-impide-novas-centrais-hidroelectricas-nos-rios-galegos\/#respond"]}]},{"@type":"WebPage","@id":"https:\/\/ppdegalicia.com\/es\/o-grupo-popular-asegura-que-o-plan-hidroloxico-impide-novas-centrais-hidroelectricas-nos-rios-galegos\/","url":"https:\/\/ppdegalicia.com\/es\/o-grupo-popular-asegura-que-o-plan-hidroloxico-impide-novas-centrais-hidroelectricas-nos-rios-galegos\/","name":"O Grupo Popular asegura que o Plan Hidrol\u00f3xico impide novas centrais hidroel\u00e9ctricas nos r\u00edos galegos - PP de Galicia","isPartOf":{"@id":"https:\/\/ppdegalicia.com\/es\/#website"},"datePublished":"2019-03-21T09:42:38+00:00","breadcrumb":{"@id":"https:\/\/ppdegalicia.com\/es\/o-grupo-popular-asegura-que-o-plan-hidroloxico-impide-novas-centrais-hidroelectricas-nos-rios-galegos\/#breadcrumb"},"inLanguage":"es","potentialAction":[{"@type":"ReadAction","target":["https:\/\/ppdegalicia.com\/es\/o-grupo-popular-asegura-que-o-plan-hidroloxico-impide-novas-centrais-hidroelectricas-nos-rios-galegos\/"]}]},{"@type":"BreadcrumbList","@id":"https:\/\/ppdegalicia.com\/es\/o-grupo-popular-asegura-que-o-plan-hidroloxico-impide-novas-centrais-hidroelectricas-nos-rios-galegos\/#breadcrumb","itemListElement":[{"@type":"ListItem","position":1,"name":"Portada","item":"https:\/\/ppdegalicia.com\/es\/"},{"@type":"ListItem","position":2,"name":"O Grupo Popular asegura que o Plan Hidrol\u00f3xico impide novas centrais hidroel\u00e9ctricas nos r\u00edos galegos"}]},{"@type":"WebSite","@id":"https:\/\/ppdegalicia.com\/es\/#website","url":"https:\/\/ppdegalicia.com\/es\/","name":"Partido Popular de Galicia","description":"Partido Popular de Galicia","publisher":{"@id":"https:\/\/ppdegalicia.com\/es\/#organization"},"alternateName":"PP de Galicia","potentialAction":[{"@type":"SearchAction","target":{"@type":"EntryPoint","urlTemplate":"https:\/\/ppdegalicia.com\/es\/?s={search_term_string}"},"query-input":{"@type":"PropertyValueSpecification","valueRequired":true,"valueName":"search_term_string"}}],"inLanguage":"es"},{"@type":"Organization","@id":"https:\/\/ppdegalicia.com\/es\/#organization","name":"Partido Popular de Galicia","alternateName":"PP de Galicia","url":"https:\/\/ppdegalicia.com\/es\/","logo":{"@type":"ImageObject","inLanguage":"es","@id":"https:\/\/ppdegalicia.com\/es\/#\/schema\/logo\/image\/","url":"https:\/\/ppdegalicia.com\/wp-content\/uploads\/2023\/04\/logoPP512.png","contentUrl":"https:\/\/ppdegalicia.com\/wp-content\/uploads\/2023\/04\/logoPP512.png","width":512,"height":512,"caption":"Partido Popular de Galicia"},"image":{"@id":"https:\/\/ppdegalicia.com\/es\/#\/schema\/logo\/image\/"},"sameAs":["https:\/\/www.instagram.com\/ppdegalicia\/","https:\/\/x.com\/ppdegalicia","https:\/\/www.tiktok.com\/@ppdegalicia","https:\/\/www.youtube.com\/user\/ppdegalicia"]},{"@type":"Person","@id":"https:\/\/ppdegalicia.com\/es\/#\/schema\/person\/d0f013b8388c980665d44009ab762960","name":"Super User","image":{"@type":"ImageObject","inLanguage":"es","@id":"https:\/\/secure.gravatar.com\/avatar\/1db852625ef4948f58d2739bfbc51e4b9bd5c93b8fa340b59fdb594ca0845645?s=96&d=mm&r=g","url":"https:\/\/secure.gravatar.com\/avatar\/1db852625ef4948f58d2739bfbc51e4b9bd5c93b8fa340b59fdb594ca0845645?s=96&d=mm&r=g","contentUrl":"https:\/\/secure.gravatar.com\/avatar\/1db852625ef4948f58d2739bfbc51e4b9bd5c93b8fa340b59fdb594ca0845645?s=96&d=mm&r=g","caption":"Super User"},"url":"https:\/\/ppdegalicia.com\/es\/author\/ppdegaliciagestion\/"}]}},"_links":{"self":[{"href":"https:\/\/ppdegalicia.com\/es\/wp-json\/wp\/v2\/posts\/52603","targetHints":{"allow":["GET"]}}],"collection":[{"href":"https:\/\/ppdegalicia.com\/es\/wp-json\/wp\/v2\/posts"}],"about":[{"href":"https:\/\/ppdegalicia.com\/es\/wp-json\/wp\/v2\/types\/post"}],"author":[{"embeddable":true,"href":"https:\/\/ppdegalicia.com\/es\/wp-json\/wp\/v2\/users\/37"}],"replies":[{"embeddable":true,"href":"https:\/\/ppdegalicia.com\/es\/wp-json\/wp\/v2\/comments?post=52603"}],"version-history":[{"count":0,"href":"https:\/\/ppdegalicia.com\/es\/wp-json\/wp\/v2\/posts\/52603\/revisions"}],"wp:attachment":[{"href":"https:\/\/ppdegalicia.com\/es\/wp-json\/wp\/v2\/media?parent=52603"}],"wp:term":[{"taxonomy":"category","embeddable":true,"href":"https:\/\/ppdegalicia.com\/es\/wp-json\/wp\/v2\/categories?post=52603"},{"taxonomy":"post_tag","embeddable":true,"href":"https:\/\/ppdegalicia.com\/es\/wp-json\/wp\/v2\/tags?post=52603"}],"curies":[{"name":"wp","href":"https:\/\/api.w.org\/{rel}","templated":true}]}}