{"id":52610,"date":"2019-03-23T14:45:07","date_gmt":"2019-03-23T12:45:07","guid":{"rendered":"https:\/\/ppdegalicia.com\/tellado-apunta-que-o-goberno-de-pedro-sanchez-foi-un-inimigo-para-o-emprego-de-galicia\/"},"modified":"2019-03-23T14:45:07","modified_gmt":"2019-03-23T12:45:07","slug":"tellado-apunta-que-o-goberno-de-pedro-sanchez-foi-un-inimigo-para-o-emprego-de-galicia","status":"publish","type":"post","link":"https:\/\/ppdegalicia.com\/es\/tellado-apunta-que-o-goberno-de-pedro-sanchez-foi-un-inimigo-para-o-emprego-de-galicia\/","title":{"rendered":"Tellado apunta que o Goberno de Pedro S\u00e1nchez foi un \u201cinimigo para o emprego\u201d de Galicia"},"content":{"rendered":"<p style=\"text-align: justify;\"><span style=\"text-decoration: underline;\">23, marzo, 2019.<\/span> O secretario xeral do PPdeG, Miguel Tellado, apuntou que Pedro S\u00e1nchez foi \u201cun problema grande\u201d para Galicia para Espa\u00f1a, porque supuxo unha ameaza para a s\u00faa unidade territorial e para a s\u00faa estabilidade econ\u00f3mica.<\/p>\n<p><!--more--><\/p>\n<p style=\"text-align: justify;\">\u201cFoi un Goberno inimigo para o emprego\u201d, sinalou Tellado, que recordou a situaci\u00f3n que est\u00e1n atravesando moitas empresas galegas, debido \u00e1 inacci\u00f3n do Executivo central. Empresas, destacou, como as da industria electrointensiva, da que dependen 5.000 empregos; e da automoci\u00f3n, que sufriu un retroceso por mor da ameaza do dieselazo; as\u00ed como tam\u00e9n, as centrais t\u00e9rmicas, o sector naval ou Ence: \u201cEn nove meses, Pedro S\u00e1nchez f\u00edxolle moito dano \u00e1 econom\u00eda espa\u00f1ola e galega e iso \u00e9 o que nos xogamos o pr\u00f3ximo 28 de abril\u201d.<\/p>\n<p>&nbsp;<\/p>\n<p style=\"text-align: justify;\">As\u00ed, asegurou que, na vindeira convocatoria electoral, \u201co m\u00e1is importante non \u00e9 o n\u00famero de escanos, sen\u00f3n que ga\u00f1e Galicia e, para iso, ten que perder Pedro S\u00e1nchez\u201d. Por iso, Tellado sostivo que o PPdeG centrar\u00e1 o seu discurso nos problemas da xente e en po\u00f1erlle soluci\u00f3n e que, fronte a outras formaci\u00f3ns nas que priman as liortas internas, as listas do PP combinar\u00e1n experiencia e renovaci\u00f3n para que o resultado sexa un equipo de persoas que traballen para defender os intereses de Galicia en Madrid.<\/p>\n<p>&nbsp;<\/p>\n<p style=\"text-align: justify;\"><strong>O PP, CENTRADO EN GALICIA E EN ESPA\u00d1A<\/strong><\/p>\n<p style=\"text-align: justify;\">Tal e como indicou o secretario xeral do PPdeG nunha entrevista concedida \u00e1 Radio Galega, a esquerda est\u00e1 moi interesada en falar de Vox para darlle unha relevancia que a cidadan\u00eda galega non lle deu. Fronte a iso, os populares galegos falar\u00e1n de Galicia e de Espa\u00f1a, porque, tal e como remarcou Tellado, pensando no que \u00e9 mellor para os galegos e os espa\u00f1ois, \u201co mellor proxecto para evitar que siga gobernando Pedro S\u00e1nchez e as s\u00faas ameazas \u00e9 apoiar ao Partido Popular e a Pablo Casado\u201d.&nbsp;<\/p>\n<p>&nbsp;<\/p>\n<p style=\"text-align: justify;\">Fixo fincap\u00e9 en que o que realmente pretende a esquerda ao falar todo o d\u00eda de Vox \u00e9 que non se vote ao PP e si a esta formaci\u00f3n: \u201cO PP non \u00e9 Vox, nin tan sequera se lle parece. Somos un partido con 40 anos de historia, moderado, constitucionalista, reformista, que sabe moito de xesti\u00f3n e que as\u00ed o acreditou nos peores momentos\u201d. As\u00ed, incidiu en que a \u00fanica forma efectiva e real para que non goberne Pedro S\u00e1nchez \u00e9 votar ao Partido Popular e que dividir o voto de centro dereita s\u00f3 beneficia \u00e1 esquerda, \u201cpor iso se pasa todo o d\u00eda falando de Vox e de Ciudadanos\u201d.<\/p>\n<p>&nbsp;<\/p>\n<p style=\"text-align: justify;\">Por outra banda, subli\u00f1ou que, ma\u00f1\u00e1 en Vigo, ter\u00e1 lugar unha \u201cfesta de benvida\u201d aos 500 afiliados que se incorporaron nos \u00faltimos meses ao PPdeG. Neste senso, Tellado recalcou que, fronte \u00e1 imaxe que se quere dar de fuga de membros do partido a outras formaci\u00f3ns, a realidade \u00e9 que \u201co saldo \u00e9 positivo\u201d e que todos os d\u00edas do ano se achega xente \u00e1s sedes para darse de alta no PPdeG, \u201co partido que m\u00e1is se parece a Galicia e que mellor os representa\u201d.&nbsp;<\/p>\n","protected":false},"excerpt":{"rendered":"<p>23, marzo, 2019. O secretario xeral do PPdeG, Miguel Tellado, apuntou que Pedro S\u00e1nchez foi \u201cun problema grande\u201d para Galicia para Espa\u00f1a, porque supuxo unha ameaza para a s\u00faa unidade territorial e para a s\u00faa estabilidade econ\u00f3mica.<\/p>\n","protected":false},"author":37,"featured_media":0,"comment_status":"open","ping_status":"open","sticky":false,"template":"","format":"standard","meta":{"_acf_changed":false,"footnotes":""},"categories":[1],"tags":[],"class_list":["post-52610","post","type-post","status-publish","format-standard","hentry","category-pp-de-galicia"],"acf":[],"yoast_head":"<!-- This site is optimized with the Yoast SEO plugin v27.3 - https:\/\/yoast.com\/product\/yoast-seo-wordpress\/ -->\n<title>Tellado apunta que o Goberno de Pedro S\u00e1nchez foi un \u201cinimigo para o emprego\u201d de Galicia - PP de Galicia<\/title>\n<meta name=\"robots\" content=\"index, follow, max-snippet:-1, max-image-preview:large, max-video-preview:-1\" \/>\n<link rel=\"canonical\" href=\"https:\/\/ppdegalicia.com\/es\/tellado-apunta-que-o-goberno-de-pedro-sanchez-foi-un-inimigo-para-o-emprego-de-galicia\/\" \/>\n<meta property=\"og:locale\" content=\"es_ES\" \/>\n<meta property=\"og:type\" content=\"article\" \/>\n<meta property=\"og:title\" content=\"Tellado apunta que o Goberno de Pedro S\u00e1nchez foi un \u201cinimigo para o emprego\u201d de Galicia - PP de Galicia\" \/>\n<meta property=\"og:description\" content=\"23, marzo, 2019. O secretario xeral do PPdeG, Miguel Tellado, apuntou que Pedro S\u00e1nchez foi \u201cun problema grande\u201d para Galicia para Espa\u00f1a, porque supuxo unha ameaza para a s\u00faa unidade territorial e para a s\u00faa estabilidade econ\u00f3mica.\" \/>\n<meta property=\"og:url\" content=\"https:\/\/ppdegalicia.com\/es\/tellado-apunta-que-o-goberno-de-pedro-sanchez-foi-un-inimigo-para-o-emprego-de-galicia\/\" \/>\n<meta property=\"og:site_name\" content=\"PP de Galicia\" \/>\n<meta property=\"article:publisher\" content=\"https:\/\/www.instagram.com\/ppdegalicia\/\" \/>\n<meta property=\"article:published_time\" content=\"2019-03-23T12:45:07+00:00\" \/>\n<meta name=\"author\" content=\"Super User\" \/>\n<meta name=\"twitter:card\" content=\"summary_large_image\" \/>\n<meta name=\"twitter:creator\" content=\"@ppdegalicia\" \/>\n<meta name=\"twitter:site\" content=\"@ppdegalicia\" \/>\n<meta name=\"twitter:label1\" content=\"Escrito por\" \/>\n\t<meta name=\"twitter:data1\" content=\"Super User\" \/>\n\t<meta name=\"twitter:label2\" content=\"Tiempo de lectura\" \/>\n\t<meta name=\"twitter:data2\" content=\"3 minutos\" \/>\n<script type=\"application\/ld+json\" class=\"yoast-schema-graph\">{\"@context\":\"https:\\\/\\\/schema.org\",\"@graph\":[{\"@type\":\"Article\",\"@id\":\"https:\\\/\\\/ppdegalicia.com\\\/es\\\/tellado-apunta-que-o-goberno-de-pedro-sanchez-foi-un-inimigo-para-o-emprego-de-galicia\\\/#article\",\"isPartOf\":{\"@id\":\"https:\\\/\\\/ppdegalicia.com\\\/es\\\/tellado-apunta-que-o-goberno-de-pedro-sanchez-foi-un-inimigo-para-o-emprego-de-galicia\\\/\"},\"author\":{\"name\":\"Super User\",\"@id\":\"https:\\\/\\\/ppdegalicia.com\\\/es\\\/#\\\/schema\\\/person\\\/d0f013b8388c980665d44009ab762960\"},\"headline\":\"Tellado apunta que o Goberno de Pedro S\u00e1nchez foi un \u201cinimigo para o emprego\u201d de Galicia\",\"datePublished\":\"2019-03-23T12:45:07+00:00\",\"mainEntityOfPage\":{\"@id\":\"https:\\\/\\\/ppdegalicia.com\\\/es\\\/tellado-apunta-que-o-goberno-de-pedro-sanchez-foi-un-inimigo-para-o-emprego-de-galicia\\\/\"},\"wordCount\":544,\"commentCount\":0,\"publisher\":{\"@id\":\"https:\\\/\\\/ppdegalicia.com\\\/es\\\/#organization\"},\"articleSection\":[\"PP de Galicia\"],\"inLanguage\":\"es\",\"potentialAction\":[{\"@type\":\"CommentAction\",\"name\":\"Comment\",\"target\":[\"https:\\\/\\\/ppdegalicia.com\\\/es\\\/tellado-apunta-que-o-goberno-de-pedro-sanchez-foi-un-inimigo-para-o-emprego-de-galicia\\\/#respond\"]}]},{\"@type\":\"WebPage\",\"@id\":\"https:\\\/\\\/ppdegalicia.com\\\/es\\\/tellado-apunta-que-o-goberno-de-pedro-sanchez-foi-un-inimigo-para-o-emprego-de-galicia\\\/\",\"url\":\"https:\\\/\\\/ppdegalicia.com\\\/es\\\/tellado-apunta-que-o-goberno-de-pedro-sanchez-foi-un-inimigo-para-o-emprego-de-galicia\\\/\",\"name\":\"Tellado apunta que o Goberno de Pedro S\u00e1nchez foi un \u201cinimigo para o emprego\u201d de Galicia - PP de Galicia\",\"isPartOf\":{\"@id\":\"https:\\\/\\\/ppdegalicia.com\\\/es\\\/#website\"},\"datePublished\":\"2019-03-23T12:45:07+00:00\",\"breadcrumb\":{\"@id\":\"https:\\\/\\\/ppdegalicia.com\\\/es\\\/tellado-apunta-que-o-goberno-de-pedro-sanchez-foi-un-inimigo-para-o-emprego-de-galicia\\\/#breadcrumb\"},\"inLanguage\":\"es\",\"potentialAction\":[{\"@type\":\"ReadAction\",\"target\":[\"https:\\\/\\\/ppdegalicia.com\\\/es\\\/tellado-apunta-que-o-goberno-de-pedro-sanchez-foi-un-inimigo-para-o-emprego-de-galicia\\\/\"]}]},{\"@type\":\"BreadcrumbList\",\"@id\":\"https:\\\/\\\/ppdegalicia.com\\\/es\\\/tellado-apunta-que-o-goberno-de-pedro-sanchez-foi-un-inimigo-para-o-emprego-de-galicia\\\/#breadcrumb\",\"itemListElement\":[{\"@type\":\"ListItem\",\"position\":1,\"name\":\"Portada\",\"item\":\"https:\\\/\\\/ppdegalicia.com\\\/es\\\/\"},{\"@type\":\"ListItem\",\"position\":2,\"name\":\"Tellado apunta que o Goberno de Pedro S\u00e1nchez foi un \u201cinimigo para o emprego\u201d de Galicia\"}]},{\"@type\":\"WebSite\",\"@id\":\"https:\\\/\\\/ppdegalicia.com\\\/es\\\/#website\",\"url\":\"https:\\\/\\\/ppdegalicia.com\\\/es\\\/\",\"name\":\"Partido Popular de Galicia\",\"description\":\"Partido Popular de Galicia\",\"publisher\":{\"@id\":\"https:\\\/\\\/ppdegalicia.com\\\/es\\\/#organization\"},\"alternateName\":\"PP de Galicia\",\"potentialAction\":[{\"@type\":\"SearchAction\",\"target\":{\"@type\":\"EntryPoint\",\"urlTemplate\":\"https:\\\/\\\/ppdegalicia.com\\\/es\\\/?s={search_term_string}\"},\"query-input\":{\"@type\":\"PropertyValueSpecification\",\"valueRequired\":true,\"valueName\":\"search_term_string\"}}],\"inLanguage\":\"es\"},{\"@type\":\"Organization\",\"@id\":\"https:\\\/\\\/ppdegalicia.com\\\/es\\\/#organization\",\"name\":\"Partido Popular de Galicia\",\"alternateName\":\"PP de Galicia\",\"url\":\"https:\\\/\\\/ppdegalicia.com\\\/es\\\/\",\"logo\":{\"@type\":\"ImageObject\",\"inLanguage\":\"es\",\"@id\":\"https:\\\/\\\/ppdegalicia.com\\\/es\\\/#\\\/schema\\\/logo\\\/image\\\/\",\"url\":\"https:\\\/\\\/ppdegalicia.com\\\/wp-content\\\/uploads\\\/2023\\\/04\\\/logoPP512.png\",\"contentUrl\":\"https:\\\/\\\/ppdegalicia.com\\\/wp-content\\\/uploads\\\/2023\\\/04\\\/logoPP512.png\",\"width\":512,\"height\":512,\"caption\":\"Partido Popular de Galicia\"},\"image\":{\"@id\":\"https:\\\/\\\/ppdegalicia.com\\\/es\\\/#\\\/schema\\\/logo\\\/image\\\/\"},\"sameAs\":[\"https:\\\/\\\/www.instagram.com\\\/ppdegalicia\\\/\",\"https:\\\/\\\/x.com\\\/ppdegalicia\",\"https:\\\/\\\/www.tiktok.com\\\/@ppdegalicia\",\"https:\\\/\\\/www.youtube.com\\\/user\\\/ppdegalicia\"]},{\"@type\":\"Person\",\"@id\":\"https:\\\/\\\/ppdegalicia.com\\\/es\\\/#\\\/schema\\\/person\\\/d0f013b8388c980665d44009ab762960\",\"name\":\"Super User\",\"image\":{\"@type\":\"ImageObject\",\"inLanguage\":\"es\",\"@id\":\"https:\\\/\\\/secure.gravatar.com\\\/avatar\\\/1db852625ef4948f58d2739bfbc51e4b9bd5c93b8fa340b59fdb594ca0845645?s=96&d=mm&r=g\",\"url\":\"https:\\\/\\\/secure.gravatar.com\\\/avatar\\\/1db852625ef4948f58d2739bfbc51e4b9bd5c93b8fa340b59fdb594ca0845645?s=96&d=mm&r=g\",\"contentUrl\":\"https:\\\/\\\/secure.gravatar.com\\\/avatar\\\/1db852625ef4948f58d2739bfbc51e4b9bd5c93b8fa340b59fdb594ca0845645?s=96&d=mm&r=g\",\"caption\":\"Super User\"},\"url\":\"https:\\\/\\\/ppdegalicia.com\\\/es\\\/author\\\/ppdegaliciagestion\\\/\"}]}<\/script>\n<!-- \/ Yoast SEO plugin. -->","yoast_head_json":{"title":"Tellado apunta que o Goberno de Pedro S\u00e1nchez foi un \u201cinimigo para o emprego\u201d de Galicia - PP de Galicia","robots":{"index":"index","follow":"follow","max-snippet":"max-snippet:-1","max-image-preview":"max-image-preview:large","max-video-preview":"max-video-preview:-1"},"canonical":"https:\/\/ppdegalicia.com\/es\/tellado-apunta-que-o-goberno-de-pedro-sanchez-foi-un-inimigo-para-o-emprego-de-galicia\/","og_locale":"es_ES","og_type":"article","og_title":"Tellado apunta que o Goberno de Pedro S\u00e1nchez foi un \u201cinimigo para o emprego\u201d de Galicia - PP de Galicia","og_description":"23, marzo, 2019. O secretario xeral do PPdeG, Miguel Tellado, apuntou que Pedro S\u00e1nchez foi \u201cun problema grande\u201d para Galicia para Espa\u00f1a, porque supuxo unha ameaza para a s\u00faa unidade territorial e para a s\u00faa estabilidade econ\u00f3mica.","og_url":"https:\/\/ppdegalicia.com\/es\/tellado-apunta-que-o-goberno-de-pedro-sanchez-foi-un-inimigo-para-o-emprego-de-galicia\/","og_site_name":"PP de Galicia","article_publisher":"https:\/\/www.instagram.com\/ppdegalicia\/","article_published_time":"2019-03-23T12:45:07+00:00","author":"Super User","twitter_card":"summary_large_image","twitter_creator":"@ppdegalicia","twitter_site":"@ppdegalicia","twitter_misc":{"Escrito por":"Super User","Tiempo de lectura":"3 minutos"},"schema":{"@context":"https:\/\/schema.org","@graph":[{"@type":"Article","@id":"https:\/\/ppdegalicia.com\/es\/tellado-apunta-que-o-goberno-de-pedro-sanchez-foi-un-inimigo-para-o-emprego-de-galicia\/#article","isPartOf":{"@id":"https:\/\/ppdegalicia.com\/es\/tellado-apunta-que-o-goberno-de-pedro-sanchez-foi-un-inimigo-para-o-emprego-de-galicia\/"},"author":{"name":"Super User","@id":"https:\/\/ppdegalicia.com\/es\/#\/schema\/person\/d0f013b8388c980665d44009ab762960"},"headline":"Tellado apunta que o Goberno de Pedro S\u00e1nchez foi un \u201cinimigo para o emprego\u201d de Galicia","datePublished":"2019-03-23T12:45:07+00:00","mainEntityOfPage":{"@id":"https:\/\/ppdegalicia.com\/es\/tellado-apunta-que-o-goberno-de-pedro-sanchez-foi-un-inimigo-para-o-emprego-de-galicia\/"},"wordCount":544,"commentCount":0,"publisher":{"@id":"https:\/\/ppdegalicia.com\/es\/#organization"},"articleSection":["PP de Galicia"],"inLanguage":"es","potentialAction":[{"@type":"CommentAction","name":"Comment","target":["https:\/\/ppdegalicia.com\/es\/tellado-apunta-que-o-goberno-de-pedro-sanchez-foi-un-inimigo-para-o-emprego-de-galicia\/#respond"]}]},{"@type":"WebPage","@id":"https:\/\/ppdegalicia.com\/es\/tellado-apunta-que-o-goberno-de-pedro-sanchez-foi-un-inimigo-para-o-emprego-de-galicia\/","url":"https:\/\/ppdegalicia.com\/es\/tellado-apunta-que-o-goberno-de-pedro-sanchez-foi-un-inimigo-para-o-emprego-de-galicia\/","name":"Tellado apunta que o Goberno de Pedro S\u00e1nchez foi un \u201cinimigo para o emprego\u201d de Galicia - PP de Galicia","isPartOf":{"@id":"https:\/\/ppdegalicia.com\/es\/#website"},"datePublished":"2019-03-23T12:45:07+00:00","breadcrumb":{"@id":"https:\/\/ppdegalicia.com\/es\/tellado-apunta-que-o-goberno-de-pedro-sanchez-foi-un-inimigo-para-o-emprego-de-galicia\/#breadcrumb"},"inLanguage":"es","potentialAction":[{"@type":"ReadAction","target":["https:\/\/ppdegalicia.com\/es\/tellado-apunta-que-o-goberno-de-pedro-sanchez-foi-un-inimigo-para-o-emprego-de-galicia\/"]}]},{"@type":"BreadcrumbList","@id":"https:\/\/ppdegalicia.com\/es\/tellado-apunta-que-o-goberno-de-pedro-sanchez-foi-un-inimigo-para-o-emprego-de-galicia\/#breadcrumb","itemListElement":[{"@type":"ListItem","position":1,"name":"Portada","item":"https:\/\/ppdegalicia.com\/es\/"},{"@type":"ListItem","position":2,"name":"Tellado apunta que o Goberno de Pedro S\u00e1nchez foi un \u201cinimigo para o emprego\u201d de Galicia"}]},{"@type":"WebSite","@id":"https:\/\/ppdegalicia.com\/es\/#website","url":"https:\/\/ppdegalicia.com\/es\/","name":"Partido Popular de Galicia","description":"Partido Popular de Galicia","publisher":{"@id":"https:\/\/ppdegalicia.com\/es\/#organization"},"alternateName":"PP de Galicia","potentialAction":[{"@type":"SearchAction","target":{"@type":"EntryPoint","urlTemplate":"https:\/\/ppdegalicia.com\/es\/?s={search_term_string}"},"query-input":{"@type":"PropertyValueSpecification","valueRequired":true,"valueName":"search_term_string"}}],"inLanguage":"es"},{"@type":"Organization","@id":"https:\/\/ppdegalicia.com\/es\/#organization","name":"Partido Popular de Galicia","alternateName":"PP de Galicia","url":"https:\/\/ppdegalicia.com\/es\/","logo":{"@type":"ImageObject","inLanguage":"es","@id":"https:\/\/ppdegalicia.com\/es\/#\/schema\/logo\/image\/","url":"https:\/\/ppdegalicia.com\/wp-content\/uploads\/2023\/04\/logoPP512.png","contentUrl":"https:\/\/ppdegalicia.com\/wp-content\/uploads\/2023\/04\/logoPP512.png","width":512,"height":512,"caption":"Partido Popular de Galicia"},"image":{"@id":"https:\/\/ppdegalicia.com\/es\/#\/schema\/logo\/image\/"},"sameAs":["https:\/\/www.instagram.com\/ppdegalicia\/","https:\/\/x.com\/ppdegalicia","https:\/\/www.tiktok.com\/@ppdegalicia","https:\/\/www.youtube.com\/user\/ppdegalicia"]},{"@type":"Person","@id":"https:\/\/ppdegalicia.com\/es\/#\/schema\/person\/d0f013b8388c980665d44009ab762960","name":"Super User","image":{"@type":"ImageObject","inLanguage":"es","@id":"https:\/\/secure.gravatar.com\/avatar\/1db852625ef4948f58d2739bfbc51e4b9bd5c93b8fa340b59fdb594ca0845645?s=96&d=mm&r=g","url":"https:\/\/secure.gravatar.com\/avatar\/1db852625ef4948f58d2739bfbc51e4b9bd5c93b8fa340b59fdb594ca0845645?s=96&d=mm&r=g","contentUrl":"https:\/\/secure.gravatar.com\/avatar\/1db852625ef4948f58d2739bfbc51e4b9bd5c93b8fa340b59fdb594ca0845645?s=96&d=mm&r=g","caption":"Super User"},"url":"https:\/\/ppdegalicia.com\/es\/author\/ppdegaliciagestion\/"}]}},"_links":{"self":[{"href":"https:\/\/ppdegalicia.com\/es\/wp-json\/wp\/v2\/posts\/52610","targetHints":{"allow":["GET"]}}],"collection":[{"href":"https:\/\/ppdegalicia.com\/es\/wp-json\/wp\/v2\/posts"}],"about":[{"href":"https:\/\/ppdegalicia.com\/es\/wp-json\/wp\/v2\/types\/post"}],"author":[{"embeddable":true,"href":"https:\/\/ppdegalicia.com\/es\/wp-json\/wp\/v2\/users\/37"}],"replies":[{"embeddable":true,"href":"https:\/\/ppdegalicia.com\/es\/wp-json\/wp\/v2\/comments?post=52610"}],"version-history":[{"count":0,"href":"https:\/\/ppdegalicia.com\/es\/wp-json\/wp\/v2\/posts\/52610\/revisions"}],"wp:attachment":[{"href":"https:\/\/ppdegalicia.com\/es\/wp-json\/wp\/v2\/media?parent=52610"}],"wp:term":[{"taxonomy":"category","embeddable":true,"href":"https:\/\/ppdegalicia.com\/es\/wp-json\/wp\/v2\/categories?post=52610"},{"taxonomy":"post_tag","embeddable":true,"href":"https:\/\/ppdegalicia.com\/es\/wp-json\/wp\/v2\/tags?post=52610"}],"curies":[{"name":"wp","href":"https:\/\/api.w.org\/{rel}","templated":true}]}}